{"id":21494,"date":"2021-12-07T18:48:55","date_gmt":"2021-12-07T21:48:55","guid":{"rendered":"https:\/\/verdadeon.com.br\/portal\/?p=21494"},"modified":"2021-12-07T18:48:55","modified_gmt":"2021-12-07T21:48:55","slug":"invicto-e-lider-do-nbb-franca-basquete-entra-em-quadra-neste-feriado","status":"publish","type":"post","link":"https:\/\/verdadeon.com.br\/portal\/2021\/12\/07\/invicto-e-lider-do-nbb-franca-basquete-entra-em-quadra-neste-feriado\/","title":{"rendered":"Invicto e l\u00edder do NBB, Franca Basquete entra em quadra neste feriado"},"content":{"rendered":"<h2>Partida vai contar com presen\u00e7a de p\u00fablico, francanos jogam em casa nas pr\u00f3ximas tr\u00eas rodadas<\/h2>\n<p>O Sesi Franca Basquete entra em quadra nesta quarta-feira (8), feriado da padroeira de Franca, contra o Rio Claro. O time do t\u00e9cnico Helinho vem de 10 vit\u00f3rias em 10 jogos, inclusive vencendo com folga o cl\u00e1ssico contra o Flamengo na semana passada. A partida acontece no Gin\u00e1sio do Pedroc\u00e3o. &#8220;Tr\u00eas jogos no Pedroc\u00e3o, jogos importantes que podem nos manter nesse primeiro lugar, o que para n\u00f3s \u00e9 fundamental. Eu queria at\u00e9 aproveitar e chamar o nosso torcedor para que ele possa estar juntamente com a equipe, nessa energia boa, buscando essa vit\u00f3ria, nos empurrando do come\u00e7o ao fim das partidas, para que a gente possa manter o primeiro lugar, ganhar os jogos e obviamente, ter a energia do torcedor junto com a gente&#8221;, afirmou Helinho.<\/p>\n<p>O t\u00e9cnico ressaltou ainda a campanha que vem sendo feita pela equipe francana, a \u00fanica que se mant\u00e9m invicta no campeonato.\u00a0&#8220;Tivemos duas vit\u00f3rias importantes contra o Minas e o Flamengo, que nos mantiveram no primeiro lugar do NBB, isso nos d\u00e1 uma moral grande, confian\u00e7a, e que a gente possa nos pr\u00f3ximos jogos continuar este trabalho, crescimento da equipe em busca de novas vit\u00f3rias e dos objetivos que a gente vai ter no curto e m\u00e9dio prazo&#8221;, finalizou.<\/p>\n<p>Georginho destacou que o time tem feito um trabalho de excel\u00eancia na defesa e no ataque, o que tem garantido as vit\u00f3rias e consequentemente, a lideran\u00e7a do campeonato. &#8220;A gente sabia que nessa viagem a gente podia terminar em primeiro ou terceiro, a gente estava com foco muito grande para vencer.,Fizemos excelentes jogos tanto ofensivamente quanto defensivamente, principalmente no segundo jogo. Reta final do ano a gente tem a chance de terminar antes do per\u00edodo da pausa do natal com 13 zero, o que \u00e9 nosso objetivo maior, porque temos que trazer esse super 8 para casa, conquistar junto com a torcida&#8221;, disse.<\/p>\n<h4>Cl\u00e1ssico<\/h4>\n<p>Um dos maiores cl\u00e1ssicos contempor\u00e2neos do Novo Basquete Brasil, acontece quando Franca e Flamengo se enfrentam, as duas equipes j\u00e1 protagonizaram duelos memor\u00e1veis e finais emocionantes. Na partida realizada na semana passada, na casa do advers\u00e1rio, os francanos fizeram bonito e arrancaram a vit\u00f3ria, mantendo a invencibilidade no NBB, s\u00e3o 10 vit\u00f3rias em 10 jogos.<\/p>\n<p>Nos quatro quartos o Franca terminou na frente, 16 x 19, novamente 16 x 19,\u00a0 e nos dois \u00faltimos tempos a vantagem foi ligeiramente maior, 16 x 21 e 17 x 21, terminando em 65 para o Flamengo a 80 para o Franca.\u00a0Georginho foi o cestinha com 16 pontos, oito rebotes e duas assist\u00eancias. Lucas Dias anotou 14 pontos, nove rebotes e deu tr\u00eas assist\u00eancias. Scala marcou 13 pontos e deu quatro assist\u00eancias.<\/p>\n","protected":false},"excerpt":{"rendered":"<p>Partida vai contar com presen\u00e7a de p\u00fablico, francanos jogam em casa nas pr\u00f3ximas tr\u00eas rodadas O Sesi Franca Basquete entra em quadra nesta quarta-feira (8), feriado<span class=\"excerpt-hellip\"> [\u2026]<\/span><\/p>\n","protected":false},"author":7,"featured_media":21495,"comment_status":"open","ping_status":"open","sticky":false,"template":"","format":"standard","meta":{"_jetpack_memberships_contains_paid_content":false,"footnotes":"","jetpack_publicize_message":"","jetpack_publicize_feature_enabled":true,"jetpack_social_post_already_shared":false,"jetpack_social_options":{"image_generator_settings":{"template":"highway","default_image_id":0,"enabled":false},"version":2}},"categories":[28,81],"tags":[],"class_list":["post-21494","post","type-post","status-publish","format-standard","has-post-thumbnail","hentry","category-cotidiano","category-manchete"],"yoast_head":"<!-- This site is optimized with the Yoast SEO plugin v25.6 - https:\/\/yoast.com\/wordpress\/plugins\/seo\/ -->\n<title>Invicto e l\u00edder do NBB, Franca Basquete entra em quadra neste feriado - VerdadeOn<\/title>\n<meta name=\"robots\" content=\"index, follow, max-snippet:-1, max-image-preview:large, max-video-preview:-1\" \/>\n<link rel=\"canonical\" href=\"https:\/\/verdadeon.com.br\/portal\/2021\/12\/07\/invicto-e-lider-do-nbb-franca-basquete-entra-em-quadra-neste-feriado\/\" \/>\n<meta property=\"og:locale\" content=\"pt_BR\" \/>\n<meta property=\"og:type\" content=\"article\" \/>\n<meta property=\"og:title\" content=\"Invicto e l\u00edder do NBB, Franca Basquete entra em quadra neste feriado - VerdadeOn\" \/>\n<meta property=\"og:description\" content=\"Partida vai contar com presen\u00e7a de p\u00fablico, francanos jogam em casa nas pr\u00f3ximas tr\u00eas rodadas O Sesi Franca Basquete entra em quadra nesta quarta-feira (8), feriado [\u2026]\" \/>\n<meta property=\"og:url\" content=\"https:\/\/verdadeon.com.br\/portal\/2021\/12\/07\/invicto-e-lider-do-nbb-franca-basquete-entra-em-quadra-neste-feriado\/\" \/>\n<meta property=\"og:site_name\" content=\"VerdadeOn\" \/>\n<meta property=\"article:published_time\" content=\"2021-12-07T21:48:55+00:00\" \/>\n<meta property=\"og:image\" content=\"https:\/\/verdadeon.com.br\/portal\/wp-content\/uploads\/2021\/12\/WhatsApp-Image-2021-12-07-at-18.46.11.jpeg\" \/>\n\t<meta property=\"og:image:width\" content=\"1000\" \/>\n\t<meta property=\"og:image:height\" content=\"670\" \/>\n\t<meta property=\"og:image:type\" content=\"image\/jpeg\" \/>\n<meta name=\"author\" content=\"Fernando Lima\" \/>\n<meta name=\"twitter:card\" content=\"summary_large_image\" \/>\n<meta name=\"twitter:label1\" content=\"Escrito por\" \/>\n\t<meta name=\"twitter:data1\" content=\"Fernando Lima\" \/>\n\t<meta name=\"twitter:label2\" content=\"Est. tempo de leitura\" \/>\n\t<meta name=\"twitter:data2\" content=\"2 minutos\" \/>\n<script type=\"application\/ld+json\" class=\"yoast-schema-graph\">{\"@context\":\"https:\/\/schema.org\",\"@graph\":[{\"@type\":\"WebPage\",\"@id\":\"https:\/\/verdadeon.com.br\/portal\/2021\/12\/07\/invicto-e-lider-do-nbb-franca-basquete-entra-em-quadra-neste-feriado\/\",\"url\":\"https:\/\/verdadeon.com.br\/portal\/2021\/12\/07\/invicto-e-lider-do-nbb-franca-basquete-entra-em-quadra-neste-feriado\/\",\"name\":\"Invicto e l\u00edder do NBB, Franca Basquete entra em quadra neste feriado - VerdadeOn\",\"isPartOf\":{\"@id\":\"https:\/\/verdadeon.com.br\/portal\/#website\"},\"primaryImageOfPage\":{\"@id\":\"https:\/\/verdadeon.com.br\/portal\/2021\/12\/07\/invicto-e-lider-do-nbb-franca-basquete-entra-em-quadra-neste-feriado\/#primaryimage\"},\"image\":{\"@id\":\"https:\/\/verdadeon.com.br\/portal\/2021\/12\/07\/invicto-e-lider-do-nbb-franca-basquete-entra-em-quadra-neste-feriado\/#primaryimage\"},\"thumbnailUrl\":\"https:\/\/i0.wp.com\/verdadeon.com.br\/portal\/wp-content\/uploads\/2021\/12\/WhatsApp-Image-2021-12-07-at-18.46.11.jpeg?fit=1000%2C670&ssl=1\",\"datePublished\":\"2021-12-07T21:48:55+00:00\",\"author\":{\"@id\":\"https:\/\/verdadeon.com.br\/portal\/#\/schema\/person\/cc32be22b8e8599387c480bc83e1d11a\"},\"breadcrumb\":{\"@id\":\"https:\/\/verdadeon.com.br\/portal\/2021\/12\/07\/invicto-e-lider-do-nbb-franca-basquete-entra-em-quadra-neste-feriado\/#breadcrumb\"},\"inLanguage\":\"pt-BR\",\"potentialAction\":[{\"@type\":\"ReadAction\",\"target\":[\"https:\/\/verdadeon.com.br\/portal\/2021\/12\/07\/invicto-e-lider-do-nbb-franca-basquete-entra-em-quadra-neste-feriado\/\"]}]},{\"@type\":\"ImageObject\",\"inLanguage\":\"pt-BR\",\"@id\":\"https:\/\/verdadeon.com.br\/portal\/2021\/12\/07\/invicto-e-lider-do-nbb-franca-basquete-entra-em-quadra-neste-feriado\/#primaryimage\",\"url\":\"https:\/\/i0.wp.com\/verdadeon.com.br\/portal\/wp-content\/uploads\/2021\/12\/WhatsApp-Image-2021-12-07-at-18.46.11.jpeg?fit=1000%2C670&ssl=1\",\"contentUrl\":\"https:\/\/i0.wp.com\/verdadeon.com.br\/portal\/wp-content\/uploads\/2021\/12\/WhatsApp-Image-2021-12-07-at-18.46.11.jpeg?fit=1000%2C670&ssl=1\",\"width\":1000,\"height\":670,\"caption\":\"T\u00e9cnico Helinho Garcia foi quem anunciou que Franca sediar\u00e1 a BCLA\"},{\"@type\":\"BreadcrumbList\",\"@id\":\"https:\/\/verdadeon.com.br\/portal\/2021\/12\/07\/invicto-e-lider-do-nbb-franca-basquete-entra-em-quadra-neste-feriado\/#breadcrumb\",\"itemListElement\":[{\"@type\":\"ListItem\",\"position\":1,\"name\":\"In\u00edcio\",\"item\":\"https:\/\/verdadeon.com.br\/portal\/\"},{\"@type\":\"ListItem\",\"position\":2,\"name\":\"Invicto e l\u00edder do NBB, Franca Basquete entra em quadra neste feriado\"}]},{\"@type\":\"WebSite\",\"@id\":\"https:\/\/verdadeon.com.br\/portal\/#website\",\"url\":\"https:\/\/verdadeon.com.br\/portal\/\",\"name\":\"VerdadeOn\",\"description\":\"Not\u00edcias di\u00e1rias sobre Franca, Regi\u00e3o, Esporte, Cultura, Cotidiano, Colunas. Cobertura nos principais eventos da cidade \u00e9 aqui - Verdadeon Franca\",\"potentialAction\":[{\"@type\":\"SearchAction\",\"target\":{\"@type\":\"EntryPoint\",\"urlTemplate\":\"https:\/\/verdadeon.com.br\/portal\/?s={search_term_string}\"},\"query-input\":{\"@type\":\"PropertyValueSpecification\",\"valueRequired\":true,\"valueName\":\"search_term_string\"}}],\"inLanguage\":\"pt-BR\"},{\"@type\":\"Person\",\"@id\":\"https:\/\/verdadeon.com.br\/portal\/#\/schema\/person\/cc32be22b8e8599387c480bc83e1d11a\",\"name\":\"Fernando Lima\",\"image\":{\"@type\":\"ImageObject\",\"inLanguage\":\"pt-BR\",\"@id\":\"https:\/\/verdadeon.com.br\/portal\/#\/schema\/person\/image\/\",\"url\":\"https:\/\/secure.gravatar.com\/avatar\/df4c8e132080d2b3a4841d5d232045464e0eed11a1d6e43115ca0843d48768d3?s=96&d=mm&r=g\",\"contentUrl\":\"https:\/\/secure.gravatar.com\/avatar\/df4c8e132080d2b3a4841d5d232045464e0eed11a1d6e43115ca0843d48768d3?s=96&d=mm&r=g\",\"caption\":\"Fernando Lima\"},\"sameAs\":[\"http:\/\/verdadeon.com.br\/\"],\"url\":\"https:\/\/verdadeon.com.br\/portal\/author\/fernando-lima\/\"}]}<\/script>\n<!-- \/ Yoast SEO plugin. -->","yoast_head_json":{"title":"Invicto e l\u00edder do NBB, Franca Basquete entra em quadra neste feriado - VerdadeOn","robots":{"index":"index","follow":"follow","max-snippet":"max-snippet:-1","max-image-preview":"max-image-preview:large","max-video-preview":"max-video-preview:-1"},"canonical":"https:\/\/verdadeon.com.br\/portal\/2021\/12\/07\/invicto-e-lider-do-nbb-franca-basquete-entra-em-quadra-neste-feriado\/","og_locale":"pt_BR","og_type":"article","og_title":"Invicto e l\u00edder do NBB, Franca Basquete entra em quadra neste feriado - VerdadeOn","og_description":"Partida vai contar com presen\u00e7a de p\u00fablico, francanos jogam em casa nas pr\u00f3ximas tr\u00eas rodadas O Sesi Franca Basquete entra em quadra nesta quarta-feira (8), feriado [\u2026]","og_url":"https:\/\/verdadeon.com.br\/portal\/2021\/12\/07\/invicto-e-lider-do-nbb-franca-basquete-entra-em-quadra-neste-feriado\/","og_site_name":"VerdadeOn","article_published_time":"2021-12-07T21:48:55+00:00","og_image":[{"width":1000,"height":670,"url":"https:\/\/verdadeon.com.br\/portal\/wp-content\/uploads\/2021\/12\/WhatsApp-Image-2021-12-07-at-18.46.11.jpeg","type":"image\/jpeg"}],"author":"Fernando Lima","twitter_card":"summary_large_image","twitter_misc":{"Escrito por":"Fernando Lima","Est. tempo de leitura":"2 minutos"},"schema":{"@context":"https:\/\/schema.org","@graph":[{"@type":"WebPage","@id":"https:\/\/verdadeon.com.br\/portal\/2021\/12\/07\/invicto-e-lider-do-nbb-franca-basquete-entra-em-quadra-neste-feriado\/","url":"https:\/\/verdadeon.com.br\/portal\/2021\/12\/07\/invicto-e-lider-do-nbb-franca-basquete-entra-em-quadra-neste-feriado\/","name":"Invicto e l\u00edder do NBB, Franca Basquete entra em quadra neste feriado - VerdadeOn","isPartOf":{"@id":"https:\/\/verdadeon.com.br\/portal\/#website"},"primaryImageOfPage":{"@id":"https:\/\/verdadeon.com.br\/portal\/2021\/12\/07\/invicto-e-lider-do-nbb-franca-basquete-entra-em-quadra-neste-feriado\/#primaryimage"},"image":{"@id":"https:\/\/verdadeon.com.br\/portal\/2021\/12\/07\/invicto-e-lider-do-nbb-franca-basquete-entra-em-quadra-neste-feriado\/#primaryimage"},"thumbnailUrl":"https:\/\/i0.wp.com\/verdadeon.com.br\/portal\/wp-content\/uploads\/2021\/12\/WhatsApp-Image-2021-12-07-at-18.46.11.jpeg?fit=1000%2C670&ssl=1","datePublished":"2021-12-07T21:48:55+00:00","author":{"@id":"https:\/\/verdadeon.com.br\/portal\/#\/schema\/person\/cc32be22b8e8599387c480bc83e1d11a"},"breadcrumb":{"@id":"https:\/\/verdadeon.com.br\/portal\/2021\/12\/07\/invicto-e-lider-do-nbb-franca-basquete-entra-em-quadra-neste-feriado\/#breadcrumb"},"inLanguage":"pt-BR","potentialAction":[{"@type":"ReadAction","target":["https:\/\/verdadeon.com.br\/portal\/2021\/12\/07\/invicto-e-lider-do-nbb-franca-basquete-entra-em-quadra-neste-feriado\/"]}]},{"@type":"ImageObject","inLanguage":"pt-BR","@id":"https:\/\/verdadeon.com.br\/portal\/2021\/12\/07\/invicto-e-lider-do-nbb-franca-basquete-entra-em-quadra-neste-feriado\/#primaryimage","url":"https:\/\/i0.wp.com\/verdadeon.com.br\/portal\/wp-content\/uploads\/2021\/12\/WhatsApp-Image-2021-12-07-at-18.46.11.jpeg?fit=1000%2C670&ssl=1","contentUrl":"https:\/\/i0.wp.com\/verdadeon.com.br\/portal\/wp-content\/uploads\/2021\/12\/WhatsApp-Image-2021-12-07-at-18.46.11.jpeg?fit=1000%2C670&ssl=1","width":1000,"height":670,"caption":"T\u00e9cnico Helinho Garcia foi quem anunciou que Franca sediar\u00e1 a BCLA"},{"@type":"BreadcrumbList","@id":"https:\/\/verdadeon.com.br\/portal\/2021\/12\/07\/invicto-e-lider-do-nbb-franca-basquete-entra-em-quadra-neste-feriado\/#breadcrumb","itemListElement":[{"@type":"ListItem","position":1,"name":"In\u00edcio","item":"https:\/\/verdadeon.com.br\/portal\/"},{"@type":"ListItem","position":2,"name":"Invicto e l\u00edder do NBB, Franca Basquete entra em quadra neste feriado"}]},{"@type":"WebSite","@id":"https:\/\/verdadeon.com.br\/portal\/#website","url":"https:\/\/verdadeon.com.br\/portal\/","name":"VerdadeOn","description":"Not\u00edcias di\u00e1rias sobre Franca, Regi\u00e3o, Esporte, Cultura, Cotidiano, Colunas. Cobertura nos principais eventos da cidade \u00e9 aqui - Verdadeon Franca","potentialAction":[{"@type":"SearchAction","target":{"@type":"EntryPoint","urlTemplate":"https:\/\/verdadeon.com.br\/portal\/?s={search_term_string}"},"query-input":{"@type":"PropertyValueSpecification","valueRequired":true,"valueName":"search_term_string"}}],"inLanguage":"pt-BR"},{"@type":"Person","@id":"https:\/\/verdadeon.com.br\/portal\/#\/schema\/person\/cc32be22b8e8599387c480bc83e1d11a","name":"Fernando Lima","image":{"@type":"ImageObject","inLanguage":"pt-BR","@id":"https:\/\/verdadeon.com.br\/portal\/#\/schema\/person\/image\/","url":"https:\/\/secure.gravatar.com\/avatar\/df4c8e132080d2b3a4841d5d232045464e0eed11a1d6e43115ca0843d48768d3?s=96&d=mm&r=g","contentUrl":"https:\/\/secure.gravatar.com\/avatar\/df4c8e132080d2b3a4841d5d232045464e0eed11a1d6e43115ca0843d48768d3?s=96&d=mm&r=g","caption":"Fernando Lima"},"sameAs":["http:\/\/verdadeon.com.br\/"],"url":"https:\/\/verdadeon.com.br\/portal\/author\/fernando-lima\/"}]}},"jetpack_publicize_connections":[],"jetpack_featured_media_url":"https:\/\/i0.wp.com\/verdadeon.com.br\/portal\/wp-content\/uploads\/2021\/12\/WhatsApp-Image-2021-12-07-at-18.46.11.jpeg?fit=1000%2C670&ssl=1","jetpack_sharing_enabled":true,"_links":{"self":[{"href":"https:\/\/verdadeon.com.br\/portal\/wp-json\/wp\/v2\/posts\/21494","targetHints":{"allow":["GET"]}}],"collection":[{"href":"https:\/\/verdadeon.com.br\/portal\/wp-json\/wp\/v2\/posts"}],"about":[{"href":"https:\/\/verdadeon.com.br\/portal\/wp-json\/wp\/v2\/types\/post"}],"author":[{"embeddable":true,"href":"https:\/\/verdadeon.com.br\/portal\/wp-json\/wp\/v2\/users\/7"}],"replies":[{"embeddable":true,"href":"https:\/\/verdadeon.com.br\/portal\/wp-json\/wp\/v2\/comments?post=21494"}],"version-history":[{"count":0,"href":"https:\/\/verdadeon.com.br\/portal\/wp-json\/wp\/v2\/posts\/21494\/revisions"}],"wp:featuredmedia":[{"embeddable":true,"href":"https:\/\/verdadeon.com.br\/portal\/wp-json\/wp\/v2\/media\/21495"}],"wp:attachment":[{"href":"https:\/\/verdadeon.com.br\/portal\/wp-json\/wp\/v2\/media?parent=21494"}],"wp:term":[{"taxonomy":"category","embeddable":true,"href":"https:\/\/verdadeon.com.br\/portal\/wp-json\/wp\/v2\/categories?post=21494"},{"taxonomy":"post_tag","embeddable":true,"href":"https:\/\/verdadeon.com.br\/portal\/wp-json\/wp\/v2\/tags?post=21494"}],"curies":[{"name":"wp","href":"https:\/\/api.w.org\/{rel}","templated":true}]}}