{"id":21454,"date":"2021-12-06T18:24:00","date_gmt":"2021-12-06T21:24:00","guid":{"rendered":"https:\/\/verdadeon.com.br\/portal\/?p=21454"},"modified":"2021-12-06T18:36:05","modified_gmt":"2021-12-06T21:36:05","slug":"mato-alto-atormenta-moradores-nos-quatro-cantos-da-cidade","status":"publish","type":"post","link":"https:\/\/verdadeon.com.br\/portal\/2021\/12\/06\/mato-alto-atormenta-moradores-nos-quatro-cantos-da-cidade\/","title":{"rendered":"Mato alto atormenta moradores nos quatro cantos da cidade"},"content":{"rendered":"<h2><span style=\"font-weight: 400;\">Matagais proliferam em terrenos, pra\u00e7as e rotat\u00f3rias. Moradores sofrem com sujeira e apari\u00e7\u00e3o de animais pe\u00e7onhentos<\/span><\/h2>\n<p>&nbsp;<\/p>\n<p><span style=\"font-weight: 400;\">O mato alto em terrenos baldios, pra\u00e7as, canteiros centrais e at\u00e9 cal\u00e7adas tem atormentado moradores em todas as regi\u00f5es da cidade. A frequ\u00eancia de chuva e calor intenso se tornam a combina\u00e7\u00e3o perfeita para que cres\u00e7a de forma acelerada. Para complicar, os locais tomados por matagais acabam usados para descarte de lixo, esconderijo para criminosos e abrigo para bichos pe\u00e7onhentos.<\/span><\/p>\n<p><span style=\"font-weight: 400;\">A psic\u00f3loga Maria Paula de Carvalho, moradora do Residencial Zanetti, enfrenta muitos problemas com o terreno baldio ao lado da sua casa. Al\u00e9m do mato alto, as pessoas jogam lixo &#8211; at\u00e9 colch\u00f5es &#8211; no local e bichos pe\u00e7onhentos, como aranhas, e at\u00e9 r\u00e3s j\u00e1 apareceram na resid\u00eancia dela. \u201cEsses animais saem deste terreno mesmo. Enfrentamos um problema muito s\u00e9rio, n\u00e3o aguento mais. Agora, por causa do mato, as paredes da minha casa est\u00e3o com infiltra\u00e7\u00e3o\u201d.<\/span><\/p>\n<p><span style=\"font-weight: 400;\">Maria Paula disse que j\u00e1 acionou a Prefeitura para denunciar os problemas, mas esperou seis meses at\u00e9 a limpeza ser efetuada. Desta vez, pretende pagar pelo corte e retirada do lixo por conta pr\u00f3pria. \u201cEu vou pagar porque n\u00e3o d\u00e1 mais para continuar nessa situa\u00e7\u00e3o, o mato j\u00e1 est\u00e1 invadindo a garagem da minha casa\u201d.<\/span><\/p>\n<p><span style=\"font-weight: 400;\">Na rotat\u00f3ria no cruzamento das Ruas Carlos de Vilhena, Capit\u00e3o Urias Batista de Avelar e Jos\u00e9 Pedro de Carvalho, o mato tamb\u00e9m est\u00e1 alto. Para Marcelo Cardoso, comerciante naquela regi\u00e3o, \u00e9 preciso intensificar a manuten\u00e7\u00e3o desses espa\u00e7os. \u201cFica muito feito e, para piorar, as pessoas passam e jogam coisas. Eu e alguns vizinhos costumamos catar o lixo para amenizar um pouco a sujeira. Quando era o outro prefeito, limpavam com mais frequ\u00eancia. Eu j\u00e1 tentei adotar esta rotat\u00f3ria para poder tomar conta, mas a Prefeitura n\u00e3o autorizou, como faz com as pra\u00e7as, sabe?\u201d, afirmou Marcelo.<\/span><\/p>\n<p><img data-recalc-dims=\"1\" loading=\"lazy\" decoding=\"async\" class=\"alignnone size-medium wp-image-21457\" src=\"https:\/\/i0.wp.com\/verdadeon.com.br\/portal\/wp-content\/uploads\/2021\/12\/Mato-alto-em-Franca-dezembro-de-2021-4.jpeg?resize=300%2C146&#038;ssl=1\" alt=\"\" width=\"300\" height=\"146\" srcset=\"https:\/\/i0.wp.com\/verdadeon.com.br\/portal\/wp-content\/uploads\/2021\/12\/Mato-alto-em-Franca-dezembro-de-2021-4.jpeg?resize=300%2C146&amp;ssl=1 300w, https:\/\/i0.wp.com\/verdadeon.com.br\/portal\/wp-content\/uploads\/2021\/12\/Mato-alto-em-Franca-dezembro-de-2021-4.jpeg?resize=1024%2C498&amp;ssl=1 1024w, https:\/\/i0.wp.com\/verdadeon.com.br\/portal\/wp-content\/uploads\/2021\/12\/Mato-alto-em-Franca-dezembro-de-2021-4.jpeg?resize=768%2C373&amp;ssl=1 768w, https:\/\/i0.wp.com\/verdadeon.com.br\/portal\/wp-content\/uploads\/2021\/12\/Mato-alto-em-Franca-dezembro-de-2021-4.jpeg?resize=260%2C126&amp;ssl=1 260w, https:\/\/i0.wp.com\/verdadeon.com.br\/portal\/wp-content\/uploads\/2021\/12\/Mato-alto-em-Franca-dezembro-de-2021-4.jpeg?resize=50%2C24&amp;ssl=1 50w, https:\/\/i0.wp.com\/verdadeon.com.br\/portal\/wp-content\/uploads\/2021\/12\/Mato-alto-em-Franca-dezembro-de-2021-4.jpeg?resize=150%2C73&amp;ssl=1 150w, https:\/\/i0.wp.com\/verdadeon.com.br\/portal\/wp-content\/uploads\/2021\/12\/Mato-alto-em-Franca-dezembro-de-2021-4.jpeg?w=1280&amp;ssl=1 1280w\" sizes=\"auto, (max-width: 300px) 100vw, 300px\" \/><\/p>\n<p><span style=\"font-weight: 400;\">O cen\u00e1rio se repete em outros bairros. No Parque Moema, uma ampla \u00e1rea verde, que tem balan\u00e7os de pneu e madeira e \u00e9 frequentada por v\u00e1rias crian\u00e7as do bairro, come\u00e7a a se tornar um local de dif\u00edcil acesso devido ao matagal que toma conta dela. O espa\u00e7o fica na esquina das Ruas Homero Barbosa Sandoval e D\u00e9cio Piola.\u00a0<\/span><\/p>\n<p><img data-recalc-dims=\"1\" loading=\"lazy\" decoding=\"async\" class=\"alignnone size-medium wp-image-21456\" src=\"https:\/\/i0.wp.com\/verdadeon.com.br\/portal\/wp-content\/uploads\/2021\/12\/Mato-alto-em-Franca-dezembro-de-2021-3.jpeg?resize=300%2C146&#038;ssl=1\" alt=\"\" width=\"300\" height=\"146\" srcset=\"https:\/\/i0.wp.com\/verdadeon.com.br\/portal\/wp-content\/uploads\/2021\/12\/Mato-alto-em-Franca-dezembro-de-2021-3.jpeg?resize=300%2C146&amp;ssl=1 300w, https:\/\/i0.wp.com\/verdadeon.com.br\/portal\/wp-content\/uploads\/2021\/12\/Mato-alto-em-Franca-dezembro-de-2021-3.jpeg?resize=1024%2C498&amp;ssl=1 1024w, https:\/\/i0.wp.com\/verdadeon.com.br\/portal\/wp-content\/uploads\/2021\/12\/Mato-alto-em-Franca-dezembro-de-2021-3.jpeg?resize=768%2C373&amp;ssl=1 768w, https:\/\/i0.wp.com\/verdadeon.com.br\/portal\/wp-content\/uploads\/2021\/12\/Mato-alto-em-Franca-dezembro-de-2021-3.jpeg?resize=260%2C126&amp;ssl=1 260w, https:\/\/i0.wp.com\/verdadeon.com.br\/portal\/wp-content\/uploads\/2021\/12\/Mato-alto-em-Franca-dezembro-de-2021-3.jpeg?resize=50%2C24&amp;ssl=1 50w, https:\/\/i0.wp.com\/verdadeon.com.br\/portal\/wp-content\/uploads\/2021\/12\/Mato-alto-em-Franca-dezembro-de-2021-3.jpeg?resize=150%2C73&amp;ssl=1 150w, https:\/\/i0.wp.com\/verdadeon.com.br\/portal\/wp-content\/uploads\/2021\/12\/Mato-alto-em-Franca-dezembro-de-2021-3.jpeg?w=1280&amp;ssl=1 1280w\" sizes=\"auto, (max-width: 300px) 100vw, 300px\" \/><\/p>\n<p><span style=\"font-weight: 400;\">Na Vila Nic\u00e1cio, o marcador de ponto de \u00f4nibus na Rua Evangelista de Lima praticamente some no meio do mato.<\/span><\/p>\n<p><img data-recalc-dims=\"1\" loading=\"lazy\" decoding=\"async\" class=\"alignnone size-medium wp-image-21459\" src=\"https:\/\/i0.wp.com\/verdadeon.com.br\/portal\/wp-content\/uploads\/2021\/12\/Mato-alto-em-Franca-dezembro-de-2021-1.jpeg?resize=300%2C146&#038;ssl=1\" alt=\"\" width=\"300\" height=\"146\" srcset=\"https:\/\/i0.wp.com\/verdadeon.com.br\/portal\/wp-content\/uploads\/2021\/12\/Mato-alto-em-Franca-dezembro-de-2021-1.jpeg?resize=300%2C146&amp;ssl=1 300w, https:\/\/i0.wp.com\/verdadeon.com.br\/portal\/wp-content\/uploads\/2021\/12\/Mato-alto-em-Franca-dezembro-de-2021-1.jpeg?resize=1024%2C498&amp;ssl=1 1024w, https:\/\/i0.wp.com\/verdadeon.com.br\/portal\/wp-content\/uploads\/2021\/12\/Mato-alto-em-Franca-dezembro-de-2021-1.jpeg?resize=768%2C373&amp;ssl=1 768w, https:\/\/i0.wp.com\/verdadeon.com.br\/portal\/wp-content\/uploads\/2021\/12\/Mato-alto-em-Franca-dezembro-de-2021-1.jpeg?resize=260%2C126&amp;ssl=1 260w, https:\/\/i0.wp.com\/verdadeon.com.br\/portal\/wp-content\/uploads\/2021\/12\/Mato-alto-em-Franca-dezembro-de-2021-1.jpeg?resize=50%2C24&amp;ssl=1 50w, https:\/\/i0.wp.com\/verdadeon.com.br\/portal\/wp-content\/uploads\/2021\/12\/Mato-alto-em-Franca-dezembro-de-2021-1.jpeg?resize=150%2C73&amp;ssl=1 150w, https:\/\/i0.wp.com\/verdadeon.com.br\/portal\/wp-content\/uploads\/2021\/12\/Mato-alto-em-Franca-dezembro-de-2021-1.jpeg?w=1280&amp;ssl=1 1280w\" sizes=\"auto, (max-width: 300px) 100vw, 300px\" \/><\/p>\n<p><span style=\"font-weight: 400;\">A reportagem do Jornal Verdade acionou a Prefeitura para informar como \u00e9 estabelecido o cronograma de corte de mato e limpeza de \u00e1reas p\u00fablicas e tamb\u00e9m as provid\u00eancias adotadas pelo munic\u00edpio em casos de terrenos particulares. Veja as orienta\u00e7\u00f5es dadas pelo munic\u00edpio:<\/span><\/p>\n<p>&#8220;A Secretaria de Meio Ambiente coordena os servi\u00e7os de limpeza de \u00e1reas p\u00fablicas, como pra\u00e7as, canteiros centrais e APPs (\u00c1rea de Preserva\u00e7\u00e3o Permanente), realizados pela empresa contratada &#8211; Seleta, que conta com tr\u00eas equipes de ro\u00e7ada, tr\u00eas equipes da raspagem e uma equipe de limpeza de APP. As equipes seguem uma programa\u00e7\u00e3o definida pelo Departamento de Fiscaliza\u00e7\u00e3o e Limpeza P\u00fablica, da Secretaria de Meio Ambiente. A programa\u00e7\u00e3o est\u00e1 dispon\u00edvel no site da Prefeitura, no \u00edcone Meio Ambiente &#8211; Limpeza Urbana.<\/p>\n<p>As \u00e1reas adotadas, atrav\u00e9s do Programa Adote uma Pra\u00e7a, s\u00e3o de responsabilidade dos adotantes. A Secretaria de Meio Ambiente fiscaliza essas \u00e1reas e, caso verifique que o adotante n\u00e3o est\u00e1 efetuando a devida manuten\u00e7\u00e3o, a pessoa \u00e9 notificada e pode ter o contrato rescindido.<\/p>\n<p>Com rela\u00e7\u00e3o a terrenos particulares, a fiscaliza\u00e7\u00e3o \u00e9 feita pela Vigil\u00e2ncia Ambiental que, ap\u00f3s vistoria, notifica o propriet\u00e1rio para que, providencie a limpeza. Caso n\u00e3o o fa\u00e7a, ap\u00f3s constatar o descumprimento da notifica\u00e7\u00e3o, de acordo com os prazos previstos na legisla\u00e7\u00e3o municipal, a Vigil\u00e2ncia Ambiental encaminha a solicita\u00e7\u00e3o de limpeza para a Secretaria de Infraestrutura e a conta \u00e9 lan\u00e7ada para o propriet\u00e1rio. Caso n\u00e3o pague, a d\u00edvida \u00e9 inscrita na D\u00edvida Ativa.<\/p>\n<p>As reclama\u00e7\u00f5es de terrenos baldios poder\u00e3o ser feitas pela Central On-line, no portal da Prefeitura &#8211; https:\/\/www.franca.sp.gov.br\/centralonline\/login&#8221;.<\/p>\n","protected":false},"excerpt":{"rendered":"<p>Matagais proliferam em terrenos, pra\u00e7as e rotat\u00f3rias. Moradores sofrem com sujeira e apari\u00e7\u00e3o de animais pe\u00e7onhentos &nbsp; O mato alto em terrenos baldios, pra\u00e7as, canteiros centrais<span class=\"excerpt-hellip\"> [\u2026]<\/span><\/p>\n","protected":false},"author":12,"featured_media":21460,"comment_status":"open","ping_status":"open","sticky":false,"template":"","format":"standard","meta":{"_jetpack_memberships_contains_paid_content":false,"footnotes":"","jetpack_publicize_message":"","jetpack_publicize_feature_enabled":true,"jetpack_social_post_already_shared":false,"jetpack_social_options":{"image_generator_settings":{"template":"highway","default_image_id":0,"enabled":false},"version":2}},"categories":[28,81],"tags":[],"class_list":["post-21454","post","type-post","status-publish","format-standard","has-post-thumbnail","hentry","category-cotidiano","category-manchete"],"yoast_head":"<!-- This site is optimized with the Yoast SEO plugin v25.6 - https:\/\/yoast.com\/wordpress\/plugins\/seo\/ -->\n<title>Mato alto atormenta moradores nos quatro cantos da cidade - VerdadeOn<\/title>\n<meta name=\"robots\" content=\"index, follow, max-snippet:-1, max-image-preview:large, max-video-preview:-1\" \/>\n<link rel=\"canonical\" href=\"https:\/\/verdadeon.com.br\/portal\/2021\/12\/06\/mato-alto-atormenta-moradores-nos-quatro-cantos-da-cidade\/\" \/>\n<meta property=\"og:locale\" content=\"pt_BR\" \/>\n<meta property=\"og:type\" content=\"article\" \/>\n<meta property=\"og:title\" content=\"Mato alto atormenta moradores nos quatro cantos da cidade - VerdadeOn\" \/>\n<meta property=\"og:description\" content=\"Matagais proliferam em terrenos, pra\u00e7as e rotat\u00f3rias. Moradores sofrem com sujeira e apari\u00e7\u00e3o de animais pe\u00e7onhentos &nbsp; O mato alto em terrenos baldios, pra\u00e7as, canteiros centrais [\u2026]\" \/>\n<meta property=\"og:url\" content=\"https:\/\/verdadeon.com.br\/portal\/2021\/12\/06\/mato-alto-atormenta-moradores-nos-quatro-cantos-da-cidade\/\" \/>\n<meta property=\"og:site_name\" content=\"VerdadeOn\" \/>\n<meta property=\"article:published_time\" content=\"2021-12-06T21:24:00+00:00\" \/>\n<meta property=\"article:modified_time\" content=\"2021-12-06T21:36:05+00:00\" \/>\n<meta property=\"og:image\" content=\"https:\/\/verdadeon.com.br\/portal\/wp-content\/uploads\/2021\/12\/Mato-alto-em-Franca-dezembro-de-2021-5.jpeg\" \/>\n\t<meta property=\"og:image:width\" content=\"1000\" \/>\n\t<meta property=\"og:image:height\" content=\"670\" \/>\n\t<meta property=\"og:image:type\" content=\"image\/jpeg\" \/>\n<meta name=\"author\" content=\"Nelise Luques\" \/>\n<meta name=\"twitter:card\" content=\"summary_large_image\" \/>\n<meta name=\"twitter:label1\" content=\"Escrito por\" \/>\n\t<meta name=\"twitter:data1\" content=\"Nelise Luques\" \/>\n\t<meta name=\"twitter:label2\" content=\"Est. tempo de leitura\" \/>\n\t<meta name=\"twitter:data2\" content=\"4 minutos\" \/>\n<script type=\"application\/ld+json\" class=\"yoast-schema-graph\">{\"@context\":\"https:\/\/schema.org\",\"@graph\":[{\"@type\":\"WebPage\",\"@id\":\"https:\/\/verdadeon.com.br\/portal\/2021\/12\/06\/mato-alto-atormenta-moradores-nos-quatro-cantos-da-cidade\/\",\"url\":\"https:\/\/verdadeon.com.br\/portal\/2021\/12\/06\/mato-alto-atormenta-moradores-nos-quatro-cantos-da-cidade\/\",\"name\":\"Mato alto atormenta moradores nos quatro cantos da cidade - VerdadeOn\",\"isPartOf\":{\"@id\":\"https:\/\/verdadeon.com.br\/portal\/#website\"},\"primaryImageOfPage\":{\"@id\":\"https:\/\/verdadeon.com.br\/portal\/2021\/12\/06\/mato-alto-atormenta-moradores-nos-quatro-cantos-da-cidade\/#primaryimage\"},\"image\":{\"@id\":\"https:\/\/verdadeon.com.br\/portal\/2021\/12\/06\/mato-alto-atormenta-moradores-nos-quatro-cantos-da-cidade\/#primaryimage\"},\"thumbnailUrl\":\"https:\/\/i0.wp.com\/verdadeon.com.br\/portal\/wp-content\/uploads\/2021\/12\/Mato-alto-em-Franca-dezembro-de-2021-5.jpeg?fit=1000%2C670&ssl=1\",\"datePublished\":\"2021-12-06T21:24:00+00:00\",\"dateModified\":\"2021-12-06T21:36:05+00:00\",\"author\":{\"@id\":\"https:\/\/verdadeon.com.br\/portal\/#\/schema\/person\/8248726d36015c1916636fabb175d972\"},\"breadcrumb\":{\"@id\":\"https:\/\/verdadeon.com.br\/portal\/2021\/12\/06\/mato-alto-atormenta-moradores-nos-quatro-cantos-da-cidade\/#breadcrumb\"},\"inLanguage\":\"pt-BR\",\"potentialAction\":[{\"@type\":\"ReadAction\",\"target\":[\"https:\/\/verdadeon.com.br\/portal\/2021\/12\/06\/mato-alto-atormenta-moradores-nos-quatro-cantos-da-cidade\/\"]}]},{\"@type\":\"ImageObject\",\"inLanguage\":\"pt-BR\",\"@id\":\"https:\/\/verdadeon.com.br\/portal\/2021\/12\/06\/mato-alto-atormenta-moradores-nos-quatro-cantos-da-cidade\/#primaryimage\",\"url\":\"https:\/\/i0.wp.com\/verdadeon.com.br\/portal\/wp-content\/uploads\/2021\/12\/Mato-alto-em-Franca-dezembro-de-2021-5.jpeg?fit=1000%2C670&ssl=1\",\"contentUrl\":\"https:\/\/i0.wp.com\/verdadeon.com.br\/portal\/wp-content\/uploads\/2021\/12\/Mato-alto-em-Franca-dezembro-de-2021-5.jpeg?fit=1000%2C670&ssl=1\",\"width\":1000,\"height\":670,\"caption\":\"Terreno baldio no Residencial Zanetti tem sido alvo de problemas para vizinhos, com mato alto, presen\u00e7a de bichos pe\u00e7onhentos e descarte de lixos\"},{\"@type\":\"BreadcrumbList\",\"@id\":\"https:\/\/verdadeon.com.br\/portal\/2021\/12\/06\/mato-alto-atormenta-moradores-nos-quatro-cantos-da-cidade\/#breadcrumb\",\"itemListElement\":[{\"@type\":\"ListItem\",\"position\":1,\"name\":\"In\u00edcio\",\"item\":\"https:\/\/verdadeon.com.br\/portal\/\"},{\"@type\":\"ListItem\",\"position\":2,\"name\":\"Mato alto atormenta moradores nos quatro cantos da cidade\"}]},{\"@type\":\"WebSite\",\"@id\":\"https:\/\/verdadeon.com.br\/portal\/#website\",\"url\":\"https:\/\/verdadeon.com.br\/portal\/\",\"name\":\"VerdadeOn\",\"description\":\"Not\u00edcias di\u00e1rias sobre Franca, Regi\u00e3o, Esporte, Cultura, Cotidiano, Colunas. Cobertura nos principais eventos da cidade \u00e9 aqui - Verdadeon Franca\",\"potentialAction\":[{\"@type\":\"SearchAction\",\"target\":{\"@type\":\"EntryPoint\",\"urlTemplate\":\"https:\/\/verdadeon.com.br\/portal\/?s={search_term_string}\"},\"query-input\":{\"@type\":\"PropertyValueSpecification\",\"valueRequired\":true,\"valueName\":\"search_term_string\"}}],\"inLanguage\":\"pt-BR\"},{\"@type\":\"Person\",\"@id\":\"https:\/\/verdadeon.com.br\/portal\/#\/schema\/person\/8248726d36015c1916636fabb175d972\",\"name\":\"Nelise Luques\",\"image\":{\"@type\":\"ImageObject\",\"inLanguage\":\"pt-BR\",\"@id\":\"https:\/\/verdadeon.com.br\/portal\/#\/schema\/person\/image\/\",\"url\":\"https:\/\/secure.gravatar.com\/avatar\/29b2a17f5bcadeb827411b66f48ac13c3e0ecaf5906c0f5745ecc5d41c24eada?s=96&d=mm&r=g\",\"contentUrl\":\"https:\/\/secure.gravatar.com\/avatar\/29b2a17f5bcadeb827411b66f48ac13c3e0ecaf5906c0f5745ecc5d41c24eada?s=96&d=mm&r=g\",\"caption\":\"Nelise Luques\"},\"url\":\"https:\/\/verdadeon.com.br\/portal\/author\/verdade\/\"}]}<\/script>\n<!-- \/ Yoast SEO plugin. -->","yoast_head_json":{"title":"Mato alto atormenta moradores nos quatro cantos da cidade - VerdadeOn","robots":{"index":"index","follow":"follow","max-snippet":"max-snippet:-1","max-image-preview":"max-image-preview:large","max-video-preview":"max-video-preview:-1"},"canonical":"https:\/\/verdadeon.com.br\/portal\/2021\/12\/06\/mato-alto-atormenta-moradores-nos-quatro-cantos-da-cidade\/","og_locale":"pt_BR","og_type":"article","og_title":"Mato alto atormenta moradores nos quatro cantos da cidade - VerdadeOn","og_description":"Matagais proliferam em terrenos, pra\u00e7as e rotat\u00f3rias. Moradores sofrem com sujeira e apari\u00e7\u00e3o de animais pe\u00e7onhentos &nbsp; O mato alto em terrenos baldios, pra\u00e7as, canteiros centrais [\u2026]","og_url":"https:\/\/verdadeon.com.br\/portal\/2021\/12\/06\/mato-alto-atormenta-moradores-nos-quatro-cantos-da-cidade\/","og_site_name":"VerdadeOn","article_published_time":"2021-12-06T21:24:00+00:00","article_modified_time":"2021-12-06T21:36:05+00:00","og_image":[{"width":1000,"height":670,"url":"https:\/\/verdadeon.com.br\/portal\/wp-content\/uploads\/2021\/12\/Mato-alto-em-Franca-dezembro-de-2021-5.jpeg","type":"image\/jpeg"}],"author":"Nelise Luques","twitter_card":"summary_large_image","twitter_misc":{"Escrito por":"Nelise Luques","Est. tempo de leitura":"4 minutos"},"schema":{"@context":"https:\/\/schema.org","@graph":[{"@type":"WebPage","@id":"https:\/\/verdadeon.com.br\/portal\/2021\/12\/06\/mato-alto-atormenta-moradores-nos-quatro-cantos-da-cidade\/","url":"https:\/\/verdadeon.com.br\/portal\/2021\/12\/06\/mato-alto-atormenta-moradores-nos-quatro-cantos-da-cidade\/","name":"Mato alto atormenta moradores nos quatro cantos da cidade - VerdadeOn","isPartOf":{"@id":"https:\/\/verdadeon.com.br\/portal\/#website"},"primaryImageOfPage":{"@id":"https:\/\/verdadeon.com.br\/portal\/2021\/12\/06\/mato-alto-atormenta-moradores-nos-quatro-cantos-da-cidade\/#primaryimage"},"image":{"@id":"https:\/\/verdadeon.com.br\/portal\/2021\/12\/06\/mato-alto-atormenta-moradores-nos-quatro-cantos-da-cidade\/#primaryimage"},"thumbnailUrl":"https:\/\/i0.wp.com\/verdadeon.com.br\/portal\/wp-content\/uploads\/2021\/12\/Mato-alto-em-Franca-dezembro-de-2021-5.jpeg?fit=1000%2C670&ssl=1","datePublished":"2021-12-06T21:24:00+00:00","dateModified":"2021-12-06T21:36:05+00:00","author":{"@id":"https:\/\/verdadeon.com.br\/portal\/#\/schema\/person\/8248726d36015c1916636fabb175d972"},"breadcrumb":{"@id":"https:\/\/verdadeon.com.br\/portal\/2021\/12\/06\/mato-alto-atormenta-moradores-nos-quatro-cantos-da-cidade\/#breadcrumb"},"inLanguage":"pt-BR","potentialAction":[{"@type":"ReadAction","target":["https:\/\/verdadeon.com.br\/portal\/2021\/12\/06\/mato-alto-atormenta-moradores-nos-quatro-cantos-da-cidade\/"]}]},{"@type":"ImageObject","inLanguage":"pt-BR","@id":"https:\/\/verdadeon.com.br\/portal\/2021\/12\/06\/mato-alto-atormenta-moradores-nos-quatro-cantos-da-cidade\/#primaryimage","url":"https:\/\/i0.wp.com\/verdadeon.com.br\/portal\/wp-content\/uploads\/2021\/12\/Mato-alto-em-Franca-dezembro-de-2021-5.jpeg?fit=1000%2C670&ssl=1","contentUrl":"https:\/\/i0.wp.com\/verdadeon.com.br\/portal\/wp-content\/uploads\/2021\/12\/Mato-alto-em-Franca-dezembro-de-2021-5.jpeg?fit=1000%2C670&ssl=1","width":1000,"height":670,"caption":"Terreno baldio no Residencial Zanetti tem sido alvo de problemas para vizinhos, com mato alto, presen\u00e7a de bichos pe\u00e7onhentos e descarte de lixos"},{"@type":"BreadcrumbList","@id":"https:\/\/verdadeon.com.br\/portal\/2021\/12\/06\/mato-alto-atormenta-moradores-nos-quatro-cantos-da-cidade\/#breadcrumb","itemListElement":[{"@type":"ListItem","position":1,"name":"In\u00edcio","item":"https:\/\/verdadeon.com.br\/portal\/"},{"@type":"ListItem","position":2,"name":"Mato alto atormenta moradores nos quatro cantos da cidade"}]},{"@type":"WebSite","@id":"https:\/\/verdadeon.com.br\/portal\/#website","url":"https:\/\/verdadeon.com.br\/portal\/","name":"VerdadeOn","description":"Not\u00edcias di\u00e1rias sobre Franca, Regi\u00e3o, Esporte, Cultura, Cotidiano, Colunas. Cobertura nos principais eventos da cidade \u00e9 aqui - Verdadeon Franca","potentialAction":[{"@type":"SearchAction","target":{"@type":"EntryPoint","urlTemplate":"https:\/\/verdadeon.com.br\/portal\/?s={search_term_string}"},"query-input":{"@type":"PropertyValueSpecification","valueRequired":true,"valueName":"search_term_string"}}],"inLanguage":"pt-BR"},{"@type":"Person","@id":"https:\/\/verdadeon.com.br\/portal\/#\/schema\/person\/8248726d36015c1916636fabb175d972","name":"Nelise Luques","image":{"@type":"ImageObject","inLanguage":"pt-BR","@id":"https:\/\/verdadeon.com.br\/portal\/#\/schema\/person\/image\/","url":"https:\/\/secure.gravatar.com\/avatar\/29b2a17f5bcadeb827411b66f48ac13c3e0ecaf5906c0f5745ecc5d41c24eada?s=96&d=mm&r=g","contentUrl":"https:\/\/secure.gravatar.com\/avatar\/29b2a17f5bcadeb827411b66f48ac13c3e0ecaf5906c0f5745ecc5d41c24eada?s=96&d=mm&r=g","caption":"Nelise Luques"},"url":"https:\/\/verdadeon.com.br\/portal\/author\/verdade\/"}]}},"jetpack_publicize_connections":[],"jetpack_featured_media_url":"https:\/\/i0.wp.com\/verdadeon.com.br\/portal\/wp-content\/uploads\/2021\/12\/Mato-alto-em-Franca-dezembro-de-2021-5.jpeg?fit=1000%2C670&ssl=1","jetpack_sharing_enabled":true,"_links":{"self":[{"href":"https:\/\/verdadeon.com.br\/portal\/wp-json\/wp\/v2\/posts\/21454","targetHints":{"allow":["GET"]}}],"collection":[{"href":"https:\/\/verdadeon.com.br\/portal\/wp-json\/wp\/v2\/posts"}],"about":[{"href":"https:\/\/verdadeon.com.br\/portal\/wp-json\/wp\/v2\/types\/post"}],"author":[{"embeddable":true,"href":"https:\/\/verdadeon.com.br\/portal\/wp-json\/wp\/v2\/users\/12"}],"replies":[{"embeddable":true,"href":"https:\/\/verdadeon.com.br\/portal\/wp-json\/wp\/v2\/comments?post=21454"}],"version-history":[{"count":0,"href":"https:\/\/verdadeon.com.br\/portal\/wp-json\/wp\/v2\/posts\/21454\/revisions"}],"wp:featuredmedia":[{"embeddable":true,"href":"https:\/\/verdadeon.com.br\/portal\/wp-json\/wp\/v2\/media\/21460"}],"wp:attachment":[{"href":"https:\/\/verdadeon.com.br\/portal\/wp-json\/wp\/v2\/media?parent=21454"}],"wp:term":[{"taxonomy":"category","embeddable":true,"href":"https:\/\/verdadeon.com.br\/portal\/wp-json\/wp\/v2\/categories?post=21454"},{"taxonomy":"post_tag","embeddable":true,"href":"https:\/\/verdadeon.com.br\/portal\/wp-json\/wp\/v2\/tags?post=21454"}],"curies":[{"name":"wp","href":"https:\/\/api.w.org\/{rel}","templated":true}]}}