{"id":21448,"date":"2021-12-06T17:38:37","date_gmt":"2021-12-06T20:38:37","guid":{"rendered":"https:\/\/verdadeon.com.br\/portal\/?p=21448"},"modified":"2021-12-06T17:38:37","modified_gmt":"2021-12-06T20:38:37","slug":"policia-ambiental-multa-homem-por-manter-passaros-em-cativeiro-em-franca","status":"publish","type":"post","link":"https:\/\/verdadeon.com.br\/portal\/2021\/12\/06\/policia-ambiental-multa-homem-por-manter-passaros-em-cativeiro-em-franca\/","title":{"rendered":"Pol\u00edcia Ambiental multa homem por manter p\u00e1ssaros em cativeiro em Franca"},"content":{"rendered":"<h2>Multa foi aplicada no \u00e2mbito da opera\u00e7\u00e3o Abate, que est\u00e1 sendo realizada em todo o estado de S\u00e3o Paulo<\/h2>\n<p>Um morador de Franca foi multado em R$ 1.000 por manter p\u00e1ssaros silvestres em cativeiro sem autoriza\u00e7\u00e3o legal, na zona sul de Franca nesta segunda-feira. A apreens\u00e3o aconteceu no \u00e2mbito da Opera\u00e7\u00e3o Abate, da Pol\u00edcia Ambiental.<\/p>\n<p>De acordo com a pol\u00edcia, durante uma fiscaliza\u00e7\u00e3o, a ambiental identificou duas aves da esp\u00e9cie azul\u00e3o, que estavam com as anilhas de identifica\u00e7\u00e3o com sinais de adultera\u00e7\u00e3o. As irregularidades foram confirmadas e diante isso, foi lacrado um auto de infra\u00e7\u00e3o ambiental por ter aves silvestres em cativeiro em desacordo com a autoriza\u00e7\u00e3o, com san\u00e7\u00e3o aplicada em multa simples de R$ 1 mil.<\/p>\n<p>Ainda na opera\u00e7\u00e3o, em cumprimento de um mandado judicial de busca e apreens\u00e3o no distrito de S\u00e3o Benedito da Cachoeirinha, que pertence a Ituverava, a equipe encontrou um coleirinho em cativeiro ilegal.\u00a0A ave estava presa em uma gaiola e pr\u00f3ximo a ela, tamb\u00e9m havia um al\u00e7ap\u00e3o desarmado. O al\u00e7ap\u00e3o foi localizado em baixo do tanque de lavar roupas.<\/p>\n<p>Trata-se de uma infra\u00e7\u00e3o ambiental ao \u00a73\u00ba inc. III do art. 25 da Res. SIMA-05\/21, que, em tese, tamb\u00e9m \u00e9 um crime ambiental.<\/p>\n<p>O averiguado foi autuado, a ave e os materiais foram apreendidos. A ave recebeu parecer veterin\u00e1rio favor\u00e1vel \u00e0 liberta\u00e7\u00e3o, o que foi feito na mata ciliar do Rio do Carmo, em Ituverava. A gaiola e o al\u00e7ap\u00e3o foram destru\u00eddos.<\/p>\n<p>A ocorr\u00eancia foi apresentada\u00a0 para autoridade civil por via digital, com c\u00f3pia dos procedimentos administrativos adotados.<\/p>\n<h4>A opera\u00e7\u00e3o<\/h4>\n<p>A &#8220;Opera\u00e7\u00e3o Abate&#8221; \u00e9 em conjunto entre a Pol\u00edcia Militar Ambiental e o Minist\u00e9rio P\u00fablico Estadual. Ela foi deflagrada na manh\u00e3 desta segunda-feira (6) e se estender\u00e1 at\u00e9 ter\u00e7a-feira (7), com a finalidade de combater a ca\u00e7a ilegal no territ\u00f3rio paulista, garantir o equil\u00edbrio e a biodiversidade da fauna nativa e impedir que animais silvestres sejam alvo de maus-tratos por parte de ca\u00e7adores criminosos.<br \/>\nA opera\u00e7\u00e3o teve in\u00edcio com o cumprimento de 50 mandados de busca e apreens\u00e3o expedidos pela Justi\u00e7a paulista distribu\u00eddos por todo o Estado, al\u00e9m da intensifica\u00e7\u00e3o do policiamento preventivo em locais identificados pela incid\u00eancia de pr\u00e1ticas relacionadas \u00e0 ca\u00e7a, al\u00e9m de opera\u00e7\u00f5es bloqueios nas rodovias de fronteiras com os Estados do Mato Grosso do Sul, Paran\u00e1 e Minas Gerais. O principal objetivo \u00e9 combater o transporte irregular que fomentam o tr\u00e1fico de animais.<br \/>\nAo todo, 800 policiais militares ambientais dos Batalh\u00f5es de Pol\u00edcia Ambiental ser\u00e3o empregados em 135 viaturas nos dois dias. A opera\u00e7\u00e3o contar\u00e1 com promotores de Justi\u00e7a, que estar\u00e3o presentes nos locais prestando a assist\u00eancia necess\u00e1ria.<br \/>\nA opera\u00e7\u00e3o visa ainda combater o crime de porte ilegal de arma e a apreens\u00e3o de materiais e petrechos de uso de ca\u00e7adores ilegais, al\u00e9m do trabalho de educa\u00e7\u00e3o e conscientiza\u00e7\u00e3o da popula\u00e7\u00e3o para a prote\u00e7\u00e3o da fauna, dos habitats dos animais e consequentemente do meio ambiente.<\/p>\n","protected":false},"excerpt":{"rendered":"<p>Multa foi aplicada no \u00e2mbito da opera\u00e7\u00e3o Abate, que est\u00e1 sendo realizada em todo o estado de S\u00e3o Paulo Um morador de Franca foi multado em<span class=\"excerpt-hellip\"> [\u2026]<\/span><\/p>\n","protected":false},"author":7,"featured_media":21450,"comment_status":"open","ping_status":"open","sticky":false,"template":"","format":"standard","meta":{"_jetpack_memberships_contains_paid_content":false,"footnotes":"","jetpack_publicize_message":"","jetpack_publicize_feature_enabled":true,"jetpack_social_post_already_shared":false,"jetpack_social_options":{"image_generator_settings":{"template":"highway","default_image_id":0,"enabled":false},"version":2}},"categories":[28,81],"tags":[],"class_list":["post-21448","post","type-post","status-publish","format-standard","has-post-thumbnail","hentry","category-cotidiano","category-manchete"],"yoast_head":"<!-- This site is optimized with the Yoast SEO plugin v25.6 - https:\/\/yoast.com\/wordpress\/plugins\/seo\/ -->\n<title>Pol\u00edcia Ambiental multa homem por manter p\u00e1ssaros em cativeiro em Franca - VerdadeOn<\/title>\n<meta name=\"robots\" content=\"index, follow, max-snippet:-1, max-image-preview:large, max-video-preview:-1\" \/>\n<link rel=\"canonical\" href=\"https:\/\/verdadeon.com.br\/portal\/2021\/12\/06\/policia-ambiental-multa-homem-por-manter-passaros-em-cativeiro-em-franca\/\" \/>\n<meta property=\"og:locale\" content=\"pt_BR\" \/>\n<meta property=\"og:type\" content=\"article\" \/>\n<meta property=\"og:title\" content=\"Pol\u00edcia Ambiental multa homem por manter p\u00e1ssaros em cativeiro em Franca - VerdadeOn\" \/>\n<meta property=\"og:description\" content=\"Multa foi aplicada no \u00e2mbito da opera\u00e7\u00e3o Abate, que est\u00e1 sendo realizada em todo o estado de S\u00e3o Paulo Um morador de Franca foi multado em [\u2026]\" \/>\n<meta property=\"og:url\" content=\"https:\/\/verdadeon.com.br\/portal\/2021\/12\/06\/policia-ambiental-multa-homem-por-manter-passaros-em-cativeiro-em-franca\/\" \/>\n<meta property=\"og:site_name\" content=\"VerdadeOn\" \/>\n<meta property=\"article:published_time\" content=\"2021-12-06T20:38:37+00:00\" \/>\n<meta property=\"og:image\" content=\"https:\/\/verdadeon.com.br\/portal\/wp-content\/uploads\/2021\/12\/WhatsApp-Image-2021-12-06-at-17.36.14.jpeg\" \/>\n\t<meta property=\"og:image:width\" content=\"1000\" \/>\n\t<meta property=\"og:image:height\" content=\"670\" \/>\n\t<meta property=\"og:image:type\" content=\"image\/jpeg\" \/>\n<meta name=\"author\" content=\"Fernando Lima\" \/>\n<meta name=\"twitter:card\" content=\"summary_large_image\" \/>\n<meta name=\"twitter:label1\" content=\"Escrito por\" \/>\n\t<meta name=\"twitter:data1\" content=\"Fernando Lima\" \/>\n\t<meta name=\"twitter:label2\" content=\"Est. tempo de leitura\" \/>\n\t<meta name=\"twitter:data2\" content=\"3 minutos\" \/>\n<script type=\"application\/ld+json\" class=\"yoast-schema-graph\">{\"@context\":\"https:\/\/schema.org\",\"@graph\":[{\"@type\":\"WebPage\",\"@id\":\"https:\/\/verdadeon.com.br\/portal\/2021\/12\/06\/policia-ambiental-multa-homem-por-manter-passaros-em-cativeiro-em-franca\/\",\"url\":\"https:\/\/verdadeon.com.br\/portal\/2021\/12\/06\/policia-ambiental-multa-homem-por-manter-passaros-em-cativeiro-em-franca\/\",\"name\":\"Pol\u00edcia Ambiental multa homem por manter p\u00e1ssaros em cativeiro em Franca - VerdadeOn\",\"isPartOf\":{\"@id\":\"https:\/\/verdadeon.com.br\/portal\/#website\"},\"primaryImageOfPage\":{\"@id\":\"https:\/\/verdadeon.com.br\/portal\/2021\/12\/06\/policia-ambiental-multa-homem-por-manter-passaros-em-cativeiro-em-franca\/#primaryimage\"},\"image\":{\"@id\":\"https:\/\/verdadeon.com.br\/portal\/2021\/12\/06\/policia-ambiental-multa-homem-por-manter-passaros-em-cativeiro-em-franca\/#primaryimage\"},\"thumbnailUrl\":\"https:\/\/i0.wp.com\/verdadeon.com.br\/portal\/wp-content\/uploads\/2021\/12\/WhatsApp-Image-2021-12-06-at-17.36.14.jpeg?fit=1000%2C670&ssl=1\",\"datePublished\":\"2021-12-06T20:38:37+00:00\",\"author\":{\"@id\":\"https:\/\/verdadeon.com.br\/portal\/#\/schema\/person\/cc32be22b8e8599387c480bc83e1d11a\"},\"breadcrumb\":{\"@id\":\"https:\/\/verdadeon.com.br\/portal\/2021\/12\/06\/policia-ambiental-multa-homem-por-manter-passaros-em-cativeiro-em-franca\/#breadcrumb\"},\"inLanguage\":\"pt-BR\",\"potentialAction\":[{\"@type\":\"ReadAction\",\"target\":[\"https:\/\/verdadeon.com.br\/portal\/2021\/12\/06\/policia-ambiental-multa-homem-por-manter-passaros-em-cativeiro-em-franca\/\"]}]},{\"@type\":\"ImageObject\",\"inLanguage\":\"pt-BR\",\"@id\":\"https:\/\/verdadeon.com.br\/portal\/2021\/12\/06\/policia-ambiental-multa-homem-por-manter-passaros-em-cativeiro-em-franca\/#primaryimage\",\"url\":\"https:\/\/i0.wp.com\/verdadeon.com.br\/portal\/wp-content\/uploads\/2021\/12\/WhatsApp-Image-2021-12-06-at-17.36.14.jpeg?fit=1000%2C670&ssl=1\",\"contentUrl\":\"https:\/\/i0.wp.com\/verdadeon.com.br\/portal\/wp-content\/uploads\/2021\/12\/WhatsApp-Image-2021-12-06-at-17.36.14.jpeg?fit=1000%2C670&ssl=1\",\"width\":1000,\"height\":670,\"caption\":\"Homem mantinha p\u00e1ssaros presos sem autoriza\u00e7\u00e3o. Ele foi autuado e multado em R$1.000 | Foto: Divulga\u00e7\u00e3o\"},{\"@type\":\"BreadcrumbList\",\"@id\":\"https:\/\/verdadeon.com.br\/portal\/2021\/12\/06\/policia-ambiental-multa-homem-por-manter-passaros-em-cativeiro-em-franca\/#breadcrumb\",\"itemListElement\":[{\"@type\":\"ListItem\",\"position\":1,\"name\":\"In\u00edcio\",\"item\":\"https:\/\/verdadeon.com.br\/portal\/\"},{\"@type\":\"ListItem\",\"position\":2,\"name\":\"Pol\u00edcia Ambiental multa homem por manter p\u00e1ssaros em cativeiro em Franca\"}]},{\"@type\":\"WebSite\",\"@id\":\"https:\/\/verdadeon.com.br\/portal\/#website\",\"url\":\"https:\/\/verdadeon.com.br\/portal\/\",\"name\":\"VerdadeOn\",\"description\":\"Not\u00edcias di\u00e1rias sobre Franca, Regi\u00e3o, Esporte, Cultura, Cotidiano, Colunas. Cobertura nos principais eventos da cidade \u00e9 aqui - Verdadeon Franca\",\"potentialAction\":[{\"@type\":\"SearchAction\",\"target\":{\"@type\":\"EntryPoint\",\"urlTemplate\":\"https:\/\/verdadeon.com.br\/portal\/?s={search_term_string}\"},\"query-input\":{\"@type\":\"PropertyValueSpecification\",\"valueRequired\":true,\"valueName\":\"search_term_string\"}}],\"inLanguage\":\"pt-BR\"},{\"@type\":\"Person\",\"@id\":\"https:\/\/verdadeon.com.br\/portal\/#\/schema\/person\/cc32be22b8e8599387c480bc83e1d11a\",\"name\":\"Fernando Lima\",\"image\":{\"@type\":\"ImageObject\",\"inLanguage\":\"pt-BR\",\"@id\":\"https:\/\/verdadeon.com.br\/portal\/#\/schema\/person\/image\/\",\"url\":\"https:\/\/secure.gravatar.com\/avatar\/df4c8e132080d2b3a4841d5d232045464e0eed11a1d6e43115ca0843d48768d3?s=96&d=mm&r=g\",\"contentUrl\":\"https:\/\/secure.gravatar.com\/avatar\/df4c8e132080d2b3a4841d5d232045464e0eed11a1d6e43115ca0843d48768d3?s=96&d=mm&r=g\",\"caption\":\"Fernando Lima\"},\"sameAs\":[\"http:\/\/verdadeon.com.br\/\"],\"url\":\"https:\/\/verdadeon.com.br\/portal\/author\/fernando-lima\/\"}]}<\/script>\n<!-- \/ Yoast SEO plugin. -->","yoast_head_json":{"title":"Pol\u00edcia Ambiental multa homem por manter p\u00e1ssaros em cativeiro em Franca - VerdadeOn","robots":{"index":"index","follow":"follow","max-snippet":"max-snippet:-1","max-image-preview":"max-image-preview:large","max-video-preview":"max-video-preview:-1"},"canonical":"https:\/\/verdadeon.com.br\/portal\/2021\/12\/06\/policia-ambiental-multa-homem-por-manter-passaros-em-cativeiro-em-franca\/","og_locale":"pt_BR","og_type":"article","og_title":"Pol\u00edcia Ambiental multa homem por manter p\u00e1ssaros em cativeiro em Franca - VerdadeOn","og_description":"Multa foi aplicada no \u00e2mbito da opera\u00e7\u00e3o Abate, que est\u00e1 sendo realizada em todo o estado de S\u00e3o Paulo Um morador de Franca foi multado em [\u2026]","og_url":"https:\/\/verdadeon.com.br\/portal\/2021\/12\/06\/policia-ambiental-multa-homem-por-manter-passaros-em-cativeiro-em-franca\/","og_site_name":"VerdadeOn","article_published_time":"2021-12-06T20:38:37+00:00","og_image":[{"width":1000,"height":670,"url":"https:\/\/verdadeon.com.br\/portal\/wp-content\/uploads\/2021\/12\/WhatsApp-Image-2021-12-06-at-17.36.14.jpeg","type":"image\/jpeg"}],"author":"Fernando Lima","twitter_card":"summary_large_image","twitter_misc":{"Escrito por":"Fernando Lima","Est. tempo de leitura":"3 minutos"},"schema":{"@context":"https:\/\/schema.org","@graph":[{"@type":"WebPage","@id":"https:\/\/verdadeon.com.br\/portal\/2021\/12\/06\/policia-ambiental-multa-homem-por-manter-passaros-em-cativeiro-em-franca\/","url":"https:\/\/verdadeon.com.br\/portal\/2021\/12\/06\/policia-ambiental-multa-homem-por-manter-passaros-em-cativeiro-em-franca\/","name":"Pol\u00edcia Ambiental multa homem por manter p\u00e1ssaros em cativeiro em Franca - VerdadeOn","isPartOf":{"@id":"https:\/\/verdadeon.com.br\/portal\/#website"},"primaryImageOfPage":{"@id":"https:\/\/verdadeon.com.br\/portal\/2021\/12\/06\/policia-ambiental-multa-homem-por-manter-passaros-em-cativeiro-em-franca\/#primaryimage"},"image":{"@id":"https:\/\/verdadeon.com.br\/portal\/2021\/12\/06\/policia-ambiental-multa-homem-por-manter-passaros-em-cativeiro-em-franca\/#primaryimage"},"thumbnailUrl":"https:\/\/i0.wp.com\/verdadeon.com.br\/portal\/wp-content\/uploads\/2021\/12\/WhatsApp-Image-2021-12-06-at-17.36.14.jpeg?fit=1000%2C670&ssl=1","datePublished":"2021-12-06T20:38:37+00:00","author":{"@id":"https:\/\/verdadeon.com.br\/portal\/#\/schema\/person\/cc32be22b8e8599387c480bc83e1d11a"},"breadcrumb":{"@id":"https:\/\/verdadeon.com.br\/portal\/2021\/12\/06\/policia-ambiental-multa-homem-por-manter-passaros-em-cativeiro-em-franca\/#breadcrumb"},"inLanguage":"pt-BR","potentialAction":[{"@type":"ReadAction","target":["https:\/\/verdadeon.com.br\/portal\/2021\/12\/06\/policia-ambiental-multa-homem-por-manter-passaros-em-cativeiro-em-franca\/"]}]},{"@type":"ImageObject","inLanguage":"pt-BR","@id":"https:\/\/verdadeon.com.br\/portal\/2021\/12\/06\/policia-ambiental-multa-homem-por-manter-passaros-em-cativeiro-em-franca\/#primaryimage","url":"https:\/\/i0.wp.com\/verdadeon.com.br\/portal\/wp-content\/uploads\/2021\/12\/WhatsApp-Image-2021-12-06-at-17.36.14.jpeg?fit=1000%2C670&ssl=1","contentUrl":"https:\/\/i0.wp.com\/verdadeon.com.br\/portal\/wp-content\/uploads\/2021\/12\/WhatsApp-Image-2021-12-06-at-17.36.14.jpeg?fit=1000%2C670&ssl=1","width":1000,"height":670,"caption":"Homem mantinha p\u00e1ssaros presos sem autoriza\u00e7\u00e3o. Ele foi autuado e multado em R$1.000 | Foto: Divulga\u00e7\u00e3o"},{"@type":"BreadcrumbList","@id":"https:\/\/verdadeon.com.br\/portal\/2021\/12\/06\/policia-ambiental-multa-homem-por-manter-passaros-em-cativeiro-em-franca\/#breadcrumb","itemListElement":[{"@type":"ListItem","position":1,"name":"In\u00edcio","item":"https:\/\/verdadeon.com.br\/portal\/"},{"@type":"ListItem","position":2,"name":"Pol\u00edcia Ambiental multa homem por manter p\u00e1ssaros em cativeiro em Franca"}]},{"@type":"WebSite","@id":"https:\/\/verdadeon.com.br\/portal\/#website","url":"https:\/\/verdadeon.com.br\/portal\/","name":"VerdadeOn","description":"Not\u00edcias di\u00e1rias sobre Franca, Regi\u00e3o, Esporte, Cultura, Cotidiano, Colunas. Cobertura nos principais eventos da cidade \u00e9 aqui - Verdadeon Franca","potentialAction":[{"@type":"SearchAction","target":{"@type":"EntryPoint","urlTemplate":"https:\/\/verdadeon.com.br\/portal\/?s={search_term_string}"},"query-input":{"@type":"PropertyValueSpecification","valueRequired":true,"valueName":"search_term_string"}}],"inLanguage":"pt-BR"},{"@type":"Person","@id":"https:\/\/verdadeon.com.br\/portal\/#\/schema\/person\/cc32be22b8e8599387c480bc83e1d11a","name":"Fernando Lima","image":{"@type":"ImageObject","inLanguage":"pt-BR","@id":"https:\/\/verdadeon.com.br\/portal\/#\/schema\/person\/image\/","url":"https:\/\/secure.gravatar.com\/avatar\/df4c8e132080d2b3a4841d5d232045464e0eed11a1d6e43115ca0843d48768d3?s=96&d=mm&r=g","contentUrl":"https:\/\/secure.gravatar.com\/avatar\/df4c8e132080d2b3a4841d5d232045464e0eed11a1d6e43115ca0843d48768d3?s=96&d=mm&r=g","caption":"Fernando Lima"},"sameAs":["http:\/\/verdadeon.com.br\/"],"url":"https:\/\/verdadeon.com.br\/portal\/author\/fernando-lima\/"}]}},"jetpack_publicize_connections":[],"jetpack_featured_media_url":"https:\/\/i0.wp.com\/verdadeon.com.br\/portal\/wp-content\/uploads\/2021\/12\/WhatsApp-Image-2021-12-06-at-17.36.14.jpeg?fit=1000%2C670&ssl=1","jetpack_sharing_enabled":true,"_links":{"self":[{"href":"https:\/\/verdadeon.com.br\/portal\/wp-json\/wp\/v2\/posts\/21448","targetHints":{"allow":["GET"]}}],"collection":[{"href":"https:\/\/verdadeon.com.br\/portal\/wp-json\/wp\/v2\/posts"}],"about":[{"href":"https:\/\/verdadeon.com.br\/portal\/wp-json\/wp\/v2\/types\/post"}],"author":[{"embeddable":true,"href":"https:\/\/verdadeon.com.br\/portal\/wp-json\/wp\/v2\/users\/7"}],"replies":[{"embeddable":true,"href":"https:\/\/verdadeon.com.br\/portal\/wp-json\/wp\/v2\/comments?post=21448"}],"version-history":[{"count":0,"href":"https:\/\/verdadeon.com.br\/portal\/wp-json\/wp\/v2\/posts\/21448\/revisions"}],"wp:featuredmedia":[{"embeddable":true,"href":"https:\/\/verdadeon.com.br\/portal\/wp-json\/wp\/v2\/media\/21450"}],"wp:attachment":[{"href":"https:\/\/verdadeon.com.br\/portal\/wp-json\/wp\/v2\/media?parent=21448"}],"wp:term":[{"taxonomy":"category","embeddable":true,"href":"https:\/\/verdadeon.com.br\/portal\/wp-json\/wp\/v2\/categories?post=21448"},{"taxonomy":"post_tag","embeddable":true,"href":"https:\/\/verdadeon.com.br\/portal\/wp-json\/wp\/v2\/tags?post=21448"}],"curies":[{"name":"wp","href":"https:\/\/api.w.org\/{rel}","templated":true}]}}