{"id":21444,"date":"2021-12-06T14:59:29","date_gmt":"2021-12-06T17:59:29","guid":{"rendered":"https:\/\/verdadeon.com.br\/portal\/?p=21444"},"modified":"2021-12-06T14:59:29","modified_gmt":"2021-12-06T17:59:29","slug":"caminhao-com-mudanca-tomba-na-rodovia-anhanguera-na-regiao-de-franca","status":"publish","type":"post","link":"https:\/\/verdadeon.com.br\/portal\/2021\/12\/06\/caminhao-com-mudanca-tomba-na-rodovia-anhanguera-na-regiao-de-franca\/","title":{"rendered":"Caminh\u00e3o com mudan\u00e7a tomba na rodovia Anhanguera na regi\u00e3o de Franca"},"content":{"rendered":"<h2>Por sorte motorista n\u00e3o ficou ferido, ele afirmou que perdeu o controle do ve\u00edculo<\/h2>\n<p>Um caminh\u00e3o ba\u00fa de pequeno porte tombou na manh\u00e3 desta segunda-feira (6), na rodovia Anhanguera, no munic\u00edpio de Aramina. Segundo as informa\u00e7\u00f5es, o condutor seguia sentido Aramina quando por motivos a serem esclarecidos, perdeu o controle e tombou no canteiro central.<\/p>\n<p>Ele fazia uma mudan\u00e7a, e a parte de cima do ba\u00fa foi danificada e deixou os m\u00f3veis expostos.<\/p>\n<p>Por sorte ningu\u00e9m se feriu.<\/p>\n<p>No domingo um acidente parecido foi registrado na rodovia que liga Itirapu\u00e3 \u00e0 cidade de S\u00e3o Tom\u00e1s de Aquino, j\u00e1 em Minas Gerais. Um caminh\u00e3o que transportava produtos de supermercados tombou no acostamento ap\u00f3s perder o controle ao desviar de um ve\u00edculo que cruzou a pista.<\/p>\n<p>O condutor por sorte n\u00e3o se feriu. A carga de doces e salgadinhos ficou espalhada no local, e alguns populares chegaram a saquear os produtos, mas foram alertados pelos policiais.<\/p>\n<h4>Tr\u00e1fico<\/h4>\n<p>J\u00e1 em Franca um homem de 31 anos foi preso por tr\u00e1fico de drogas na rodovia C\u00e2ndido Portinari no domingo (5). Os policiais chegaram at\u00e9 ele ap\u00f3s uma den\u00fancia an\u00f4nima.<\/p>\n<p>Com o suspeito foram encontradas por\u00e7\u00f5es de coca\u00edna, al\u00e9m de dinheiro do tr\u00e1fico. O homem foi levado para a Central de Pol\u00edcia Judici\u00e1ria (CPJ), onde foi ouvido e ap\u00f3s recolhido ao sistema prisional de Franca.<\/p>\n","protected":false},"excerpt":{"rendered":"<p>Por sorte motorista n\u00e3o ficou ferido, ele afirmou que perdeu o controle do ve\u00edculo Um caminh\u00e3o ba\u00fa de pequeno porte tombou na manh\u00e3 desta segunda-feira (6),<span class=\"excerpt-hellip\"> [\u2026]<\/span><\/p>\n","protected":false},"author":7,"featured_media":21446,"comment_status":"open","ping_status":"open","sticky":false,"template":"","format":"standard","meta":{"_jetpack_memberships_contains_paid_content":false,"footnotes":"","jetpack_publicize_message":"","jetpack_publicize_feature_enabled":true,"jetpack_social_post_already_shared":false,"jetpack_social_options":{"image_generator_settings":{"template":"highway","default_image_id":0,"enabled":false},"version":2}},"categories":[28,81],"tags":[],"class_list":["post-21444","post","type-post","status-publish","format-standard","has-post-thumbnail","hentry","category-cotidiano","category-manchete"],"yoast_head":"<!-- This site is optimized with the Yoast SEO plugin v25.6 - https:\/\/yoast.com\/wordpress\/plugins\/seo\/ -->\n<title>Caminh\u00e3o com mudan\u00e7a tomba na rodovia Anhanguera na regi\u00e3o de Franca - VerdadeOn<\/title>\n<meta name=\"robots\" content=\"index, follow, max-snippet:-1, max-image-preview:large, max-video-preview:-1\" \/>\n<link rel=\"canonical\" href=\"https:\/\/verdadeon.com.br\/portal\/2021\/12\/06\/caminhao-com-mudanca-tomba-na-rodovia-anhanguera-na-regiao-de-franca\/\" \/>\n<meta property=\"og:locale\" content=\"pt_BR\" \/>\n<meta property=\"og:type\" content=\"article\" \/>\n<meta property=\"og:title\" content=\"Caminh\u00e3o com mudan\u00e7a tomba na rodovia Anhanguera na regi\u00e3o de Franca - VerdadeOn\" \/>\n<meta property=\"og:description\" content=\"Por sorte motorista n\u00e3o ficou ferido, ele afirmou que perdeu o controle do ve\u00edculo Um caminh\u00e3o ba\u00fa de pequeno porte tombou na manh\u00e3 desta segunda-feira (6), [\u2026]\" \/>\n<meta property=\"og:url\" content=\"https:\/\/verdadeon.com.br\/portal\/2021\/12\/06\/caminhao-com-mudanca-tomba-na-rodovia-anhanguera-na-regiao-de-franca\/\" \/>\n<meta property=\"og:site_name\" content=\"VerdadeOn\" \/>\n<meta property=\"article:published_time\" content=\"2021-12-06T17:59:29+00:00\" \/>\n<meta property=\"og:image\" content=\"https:\/\/verdadeon.com.br\/portal\/wp-content\/uploads\/2021\/12\/ACIDENTE-PRONTO-e1638813435527.png\" \/>\n\t<meta property=\"og:image:width\" content=\"998\" \/>\n\t<meta property=\"og:image:height\" content=\"668\" \/>\n\t<meta property=\"og:image:type\" content=\"image\/png\" \/>\n<meta name=\"author\" content=\"Fernando Lima\" \/>\n<meta name=\"twitter:card\" content=\"summary_large_image\" \/>\n<meta name=\"twitter:label1\" content=\"Escrito por\" \/>\n\t<meta name=\"twitter:data1\" content=\"Fernando Lima\" \/>\n\t<meta name=\"twitter:label2\" content=\"Est. tempo de leitura\" \/>\n\t<meta name=\"twitter:data2\" content=\"1 minuto\" \/>\n<script type=\"application\/ld+json\" class=\"yoast-schema-graph\">{\"@context\":\"https:\/\/schema.org\",\"@graph\":[{\"@type\":\"WebPage\",\"@id\":\"https:\/\/verdadeon.com.br\/portal\/2021\/12\/06\/caminhao-com-mudanca-tomba-na-rodovia-anhanguera-na-regiao-de-franca\/\",\"url\":\"https:\/\/verdadeon.com.br\/portal\/2021\/12\/06\/caminhao-com-mudanca-tomba-na-rodovia-anhanguera-na-regiao-de-franca\/\",\"name\":\"Caminh\u00e3o com mudan\u00e7a tomba na rodovia Anhanguera na regi\u00e3o de Franca - VerdadeOn\",\"isPartOf\":{\"@id\":\"https:\/\/verdadeon.com.br\/portal\/#website\"},\"primaryImageOfPage\":{\"@id\":\"https:\/\/verdadeon.com.br\/portal\/2021\/12\/06\/caminhao-com-mudanca-tomba-na-rodovia-anhanguera-na-regiao-de-franca\/#primaryimage\"},\"image\":{\"@id\":\"https:\/\/verdadeon.com.br\/portal\/2021\/12\/06\/caminhao-com-mudanca-tomba-na-rodovia-anhanguera-na-regiao-de-franca\/#primaryimage\"},\"thumbnailUrl\":\"https:\/\/i0.wp.com\/verdadeon.com.br\/portal\/wp-content\/uploads\/2021\/12\/ACIDENTE-PRONTO-e1638813435527.png?fit=998%2C668&ssl=1\",\"datePublished\":\"2021-12-06T17:59:29+00:00\",\"author\":{\"@id\":\"https:\/\/verdadeon.com.br\/portal\/#\/schema\/person\/cc32be22b8e8599387c480bc83e1d11a\"},\"breadcrumb\":{\"@id\":\"https:\/\/verdadeon.com.br\/portal\/2021\/12\/06\/caminhao-com-mudanca-tomba-na-rodovia-anhanguera-na-regiao-de-franca\/#breadcrumb\"},\"inLanguage\":\"pt-BR\",\"potentialAction\":[{\"@type\":\"ReadAction\",\"target\":[\"https:\/\/verdadeon.com.br\/portal\/2021\/12\/06\/caminhao-com-mudanca-tomba-na-rodovia-anhanguera-na-regiao-de-franca\/\"]}]},{\"@type\":\"ImageObject\",\"inLanguage\":\"pt-BR\",\"@id\":\"https:\/\/verdadeon.com.br\/portal\/2021\/12\/06\/caminhao-com-mudanca-tomba-na-rodovia-anhanguera-na-regiao-de-franca\/#primaryimage\",\"url\":\"https:\/\/i0.wp.com\/verdadeon.com.br\/portal\/wp-content\/uploads\/2021\/12\/ACIDENTE-PRONTO-e1638813435527.png?fit=998%2C668&ssl=1\",\"contentUrl\":\"https:\/\/i0.wp.com\/verdadeon.com.br\/portal\/wp-content\/uploads\/2021\/12\/ACIDENTE-PRONTO-e1638813435527.png?fit=998%2C668&ssl=1\",\"width\":998,\"height\":668,\"caption\":\"Caminh\u00e3o ficou tombado no canteiro central da rodovia Anhanguera na manh\u00e3 desta segunda-feira | Foto: F\u00e1bio Reis\"},{\"@type\":\"BreadcrumbList\",\"@id\":\"https:\/\/verdadeon.com.br\/portal\/2021\/12\/06\/caminhao-com-mudanca-tomba-na-rodovia-anhanguera-na-regiao-de-franca\/#breadcrumb\",\"itemListElement\":[{\"@type\":\"ListItem\",\"position\":1,\"name\":\"In\u00edcio\",\"item\":\"https:\/\/verdadeon.com.br\/portal\/\"},{\"@type\":\"ListItem\",\"position\":2,\"name\":\"Caminh\u00e3o com mudan\u00e7a tomba na rodovia Anhanguera na regi\u00e3o de Franca\"}]},{\"@type\":\"WebSite\",\"@id\":\"https:\/\/verdadeon.com.br\/portal\/#website\",\"url\":\"https:\/\/verdadeon.com.br\/portal\/\",\"name\":\"VerdadeOn\",\"description\":\"Not\u00edcias di\u00e1rias sobre Franca, Regi\u00e3o, Esporte, Cultura, Cotidiano, Colunas. Cobertura nos principais eventos da cidade \u00e9 aqui - Verdadeon Franca\",\"potentialAction\":[{\"@type\":\"SearchAction\",\"target\":{\"@type\":\"EntryPoint\",\"urlTemplate\":\"https:\/\/verdadeon.com.br\/portal\/?s={search_term_string}\"},\"query-input\":{\"@type\":\"PropertyValueSpecification\",\"valueRequired\":true,\"valueName\":\"search_term_string\"}}],\"inLanguage\":\"pt-BR\"},{\"@type\":\"Person\",\"@id\":\"https:\/\/verdadeon.com.br\/portal\/#\/schema\/person\/cc32be22b8e8599387c480bc83e1d11a\",\"name\":\"Fernando Lima\",\"image\":{\"@type\":\"ImageObject\",\"inLanguage\":\"pt-BR\",\"@id\":\"https:\/\/verdadeon.com.br\/portal\/#\/schema\/person\/image\/\",\"url\":\"https:\/\/secure.gravatar.com\/avatar\/df4c8e132080d2b3a4841d5d232045464e0eed11a1d6e43115ca0843d48768d3?s=96&d=mm&r=g\",\"contentUrl\":\"https:\/\/secure.gravatar.com\/avatar\/df4c8e132080d2b3a4841d5d232045464e0eed11a1d6e43115ca0843d48768d3?s=96&d=mm&r=g\",\"caption\":\"Fernando Lima\"},\"sameAs\":[\"http:\/\/verdadeon.com.br\/\"],\"url\":\"https:\/\/verdadeon.com.br\/portal\/author\/fernando-lima\/\"}]}<\/script>\n<!-- \/ Yoast SEO plugin. -->","yoast_head_json":{"title":"Caminh\u00e3o com mudan\u00e7a tomba na rodovia Anhanguera na regi\u00e3o de Franca - VerdadeOn","robots":{"index":"index","follow":"follow","max-snippet":"max-snippet:-1","max-image-preview":"max-image-preview:large","max-video-preview":"max-video-preview:-1"},"canonical":"https:\/\/verdadeon.com.br\/portal\/2021\/12\/06\/caminhao-com-mudanca-tomba-na-rodovia-anhanguera-na-regiao-de-franca\/","og_locale":"pt_BR","og_type":"article","og_title":"Caminh\u00e3o com mudan\u00e7a tomba na rodovia Anhanguera na regi\u00e3o de Franca - VerdadeOn","og_description":"Por sorte motorista n\u00e3o ficou ferido, ele afirmou que perdeu o controle do ve\u00edculo Um caminh\u00e3o ba\u00fa de pequeno porte tombou na manh\u00e3 desta segunda-feira (6), [\u2026]","og_url":"https:\/\/verdadeon.com.br\/portal\/2021\/12\/06\/caminhao-com-mudanca-tomba-na-rodovia-anhanguera-na-regiao-de-franca\/","og_site_name":"VerdadeOn","article_published_time":"2021-12-06T17:59:29+00:00","og_image":[{"width":998,"height":668,"url":"https:\/\/verdadeon.com.br\/portal\/wp-content\/uploads\/2021\/12\/ACIDENTE-PRONTO-e1638813435527.png","type":"image\/png"}],"author":"Fernando Lima","twitter_card":"summary_large_image","twitter_misc":{"Escrito por":"Fernando Lima","Est. tempo de leitura":"1 minuto"},"schema":{"@context":"https:\/\/schema.org","@graph":[{"@type":"WebPage","@id":"https:\/\/verdadeon.com.br\/portal\/2021\/12\/06\/caminhao-com-mudanca-tomba-na-rodovia-anhanguera-na-regiao-de-franca\/","url":"https:\/\/verdadeon.com.br\/portal\/2021\/12\/06\/caminhao-com-mudanca-tomba-na-rodovia-anhanguera-na-regiao-de-franca\/","name":"Caminh\u00e3o com mudan\u00e7a tomba na rodovia Anhanguera na regi\u00e3o de Franca - VerdadeOn","isPartOf":{"@id":"https:\/\/verdadeon.com.br\/portal\/#website"},"primaryImageOfPage":{"@id":"https:\/\/verdadeon.com.br\/portal\/2021\/12\/06\/caminhao-com-mudanca-tomba-na-rodovia-anhanguera-na-regiao-de-franca\/#primaryimage"},"image":{"@id":"https:\/\/verdadeon.com.br\/portal\/2021\/12\/06\/caminhao-com-mudanca-tomba-na-rodovia-anhanguera-na-regiao-de-franca\/#primaryimage"},"thumbnailUrl":"https:\/\/i0.wp.com\/verdadeon.com.br\/portal\/wp-content\/uploads\/2021\/12\/ACIDENTE-PRONTO-e1638813435527.png?fit=998%2C668&ssl=1","datePublished":"2021-12-06T17:59:29+00:00","author":{"@id":"https:\/\/verdadeon.com.br\/portal\/#\/schema\/person\/cc32be22b8e8599387c480bc83e1d11a"},"breadcrumb":{"@id":"https:\/\/verdadeon.com.br\/portal\/2021\/12\/06\/caminhao-com-mudanca-tomba-na-rodovia-anhanguera-na-regiao-de-franca\/#breadcrumb"},"inLanguage":"pt-BR","potentialAction":[{"@type":"ReadAction","target":["https:\/\/verdadeon.com.br\/portal\/2021\/12\/06\/caminhao-com-mudanca-tomba-na-rodovia-anhanguera-na-regiao-de-franca\/"]}]},{"@type":"ImageObject","inLanguage":"pt-BR","@id":"https:\/\/verdadeon.com.br\/portal\/2021\/12\/06\/caminhao-com-mudanca-tomba-na-rodovia-anhanguera-na-regiao-de-franca\/#primaryimage","url":"https:\/\/i0.wp.com\/verdadeon.com.br\/portal\/wp-content\/uploads\/2021\/12\/ACIDENTE-PRONTO-e1638813435527.png?fit=998%2C668&ssl=1","contentUrl":"https:\/\/i0.wp.com\/verdadeon.com.br\/portal\/wp-content\/uploads\/2021\/12\/ACIDENTE-PRONTO-e1638813435527.png?fit=998%2C668&ssl=1","width":998,"height":668,"caption":"Caminh\u00e3o ficou tombado no canteiro central da rodovia Anhanguera na manh\u00e3 desta segunda-feira | Foto: F\u00e1bio Reis"},{"@type":"BreadcrumbList","@id":"https:\/\/verdadeon.com.br\/portal\/2021\/12\/06\/caminhao-com-mudanca-tomba-na-rodovia-anhanguera-na-regiao-de-franca\/#breadcrumb","itemListElement":[{"@type":"ListItem","position":1,"name":"In\u00edcio","item":"https:\/\/verdadeon.com.br\/portal\/"},{"@type":"ListItem","position":2,"name":"Caminh\u00e3o com mudan\u00e7a tomba na rodovia Anhanguera na regi\u00e3o de Franca"}]},{"@type":"WebSite","@id":"https:\/\/verdadeon.com.br\/portal\/#website","url":"https:\/\/verdadeon.com.br\/portal\/","name":"VerdadeOn","description":"Not\u00edcias di\u00e1rias sobre Franca, Regi\u00e3o, Esporte, Cultura, Cotidiano, Colunas. Cobertura nos principais eventos da cidade \u00e9 aqui - Verdadeon Franca","potentialAction":[{"@type":"SearchAction","target":{"@type":"EntryPoint","urlTemplate":"https:\/\/verdadeon.com.br\/portal\/?s={search_term_string}"},"query-input":{"@type":"PropertyValueSpecification","valueRequired":true,"valueName":"search_term_string"}}],"inLanguage":"pt-BR"},{"@type":"Person","@id":"https:\/\/verdadeon.com.br\/portal\/#\/schema\/person\/cc32be22b8e8599387c480bc83e1d11a","name":"Fernando Lima","image":{"@type":"ImageObject","inLanguage":"pt-BR","@id":"https:\/\/verdadeon.com.br\/portal\/#\/schema\/person\/image\/","url":"https:\/\/secure.gravatar.com\/avatar\/df4c8e132080d2b3a4841d5d232045464e0eed11a1d6e43115ca0843d48768d3?s=96&d=mm&r=g","contentUrl":"https:\/\/secure.gravatar.com\/avatar\/df4c8e132080d2b3a4841d5d232045464e0eed11a1d6e43115ca0843d48768d3?s=96&d=mm&r=g","caption":"Fernando Lima"},"sameAs":["http:\/\/verdadeon.com.br\/"],"url":"https:\/\/verdadeon.com.br\/portal\/author\/fernando-lima\/"}]}},"jetpack_publicize_connections":[],"jetpack_featured_media_url":"https:\/\/i0.wp.com\/verdadeon.com.br\/portal\/wp-content\/uploads\/2021\/12\/ACIDENTE-PRONTO-e1638813435527.png?fit=998%2C668&ssl=1","jetpack_sharing_enabled":true,"_links":{"self":[{"href":"https:\/\/verdadeon.com.br\/portal\/wp-json\/wp\/v2\/posts\/21444","targetHints":{"allow":["GET"]}}],"collection":[{"href":"https:\/\/verdadeon.com.br\/portal\/wp-json\/wp\/v2\/posts"}],"about":[{"href":"https:\/\/verdadeon.com.br\/portal\/wp-json\/wp\/v2\/types\/post"}],"author":[{"embeddable":true,"href":"https:\/\/verdadeon.com.br\/portal\/wp-json\/wp\/v2\/users\/7"}],"replies":[{"embeddable":true,"href":"https:\/\/verdadeon.com.br\/portal\/wp-json\/wp\/v2\/comments?post=21444"}],"version-history":[{"count":0,"href":"https:\/\/verdadeon.com.br\/portal\/wp-json\/wp\/v2\/posts\/21444\/revisions"}],"wp:featuredmedia":[{"embeddable":true,"href":"https:\/\/verdadeon.com.br\/portal\/wp-json\/wp\/v2\/media\/21446"}],"wp:attachment":[{"href":"https:\/\/verdadeon.com.br\/portal\/wp-json\/wp\/v2\/media?parent=21444"}],"wp:term":[{"taxonomy":"category","embeddable":true,"href":"https:\/\/verdadeon.com.br\/portal\/wp-json\/wp\/v2\/categories?post=21444"},{"taxonomy":"post_tag","embeddable":true,"href":"https:\/\/verdadeon.com.br\/portal\/wp-json\/wp\/v2\/tags?post=21444"}],"curies":[{"name":"wp","href":"https:\/\/api.w.org\/{rel}","templated":true}]}}