{"id":21425,"date":"2021-12-04T15:00:13","date_gmt":"2021-12-04T18:00:13","guid":{"rendered":"https:\/\/verdadeon.com.br\/portal\/?p=21425"},"modified":"2021-12-04T14:23:07","modified_gmt":"2021-12-04T17:23:07","slug":"horario-ampliado-decoracao-de-natal-e-ate-sorteio-de-carro-0km-sao-apostas-para-alavancar-vendas","status":"publish","type":"post","link":"https:\/\/verdadeon.com.br\/portal\/2021\/12\/04\/horario-ampliado-decoracao-de-natal-e-ate-sorteio-de-carro-0km-sao-apostas-para-alavancar-vendas\/","title":{"rendered":"Hor\u00e1rio ampliado, decora\u00e7\u00e3o de Natal e at\u00e9 sorteio de carro 0KM s\u00e3o apostas para alavancar vendas"},"content":{"rendered":"<h2>A partir desta semana, lojas abrir\u00e3o at\u00e9 as 22h, de segunda a sexta. Shoppings come\u00e7am hor\u00e1rio especial no dia 17<\/h2>\n<p><span style=\"font-weight: 400;\">O com\u00e9rcio de Franca inicia esta semana com expectativa de alavancar as vendas de fim de ano. As a\u00e7\u00f5es que prometem favorecer o aquecimento no setor incluem hor\u00e1rio ampliado das lojas de rua a partir desta segunda-feira, 6, decora\u00e7\u00e3o de Natal para atrair maior p\u00fablico e campanhas promocionais que presenteiam os clientes com copos colecion\u00e1veis e at\u00e9 sorteio de um carro 0KM. O Franca Shopping sortear\u00e1 um Jeep Renegade 2021.<\/span><\/p>\n<p><span style=\"font-weight: 400;\">A desacelera\u00e7\u00e3o da pandemia e avan\u00e7o da vacina\u00e7\u00e3o em Franca, cen\u00e1rio bem diferente do enfrentado em 2020, al\u00e9m da previs\u00e3o do pagamento do 13\u00ba sal\u00e1rio injetar R$ 216 milh\u00f5es na economia local, aumentam o otimismo dos comerciantes.<\/span><\/p>\n<p><span style=\"font-weight: 400;\">Para quem precisa ir \u00e0s compras, vale se atentar ao calend\u00e1rio de hor\u00e1rio especial at\u00e9 a v\u00e9spera do Natal, dia 24 de dezembro. A partir desta segunda-feira, 6, as lojas ficar\u00e3o abertas das 9h \u00e0s 22h, de segunda a sexta-feira; das 9h \u00e0s 18h, aos s\u00e1bados; das 10h \u00e0s 16h no domingo do dia 12 e das 10h \u00e0s 18h no seguinte, dia 19, quando se inicia a semana do dia 25 de dezembro.\u00a0<\/span><\/p>\n<p><span style=\"font-weight: 400;\">A exce\u00e7\u00e3o fica para o dia 8 de dezembro, quarta-feira, feriado pelo Dia da Padroeira de Franca, quando as lojas funcionar\u00e3o das 9h \u00e0s 15h, e para a sexta-feira do dia 24, v\u00e9spera de Natal, quando o expediente ser\u00e1 das 9h \u00e0s 18h. No s\u00e1bado, dia 25 de dezembro, o com\u00e9rcio ser\u00e1 fechado.<\/span><\/p>\n<p><span style=\"font-weight: 400;\">Para quem fizer as compras em lojas associadas \u00e0 Acif (Associa\u00e7\u00e3o do Com\u00e9rcio e da Ind\u00fastria de Franca), h\u00e1 chances de participar da campanha \u201cA Arte de Ganhar\u201d, que oferece copos colecion\u00e1veis com estampas de \u00edcones francanos, como o Col\u00e9gio Champagnat, Rel\u00f3gio do Sol, Esta\u00e7\u00e3o Mogiana, Parque \u201cFernando Costa\u201d, Catedral Fonte da Careta, e est\u00e1dio \u201cLanch\u00e3o\u201d, al\u00e9m de canecas de chopp que ilustram os s\u00edmbolos do Franca Basquete e da Francana.<\/span><\/p>\n<p><span style=\"font-weight: 400;\">Cada lojista p\u00f4de escolher a maneira como os clientes ser\u00e3o presenteados com os copos e canecas, atrav\u00e9s de raspadinhas da sorte, valores m\u00ednimos de compras que d\u00e3o direito ao brinde e troca de cupons.<\/span><\/p>\n<h4>Shoppings<\/h4>\n<p><span style=\"font-weight: 400;\">O Franca Shopping ter\u00e1 hor\u00e1rios diferenciados de atendimento a partir de 17 de dezembro. Desta data at\u00e9 23 de dezembro, as lojas, quiosques e pra\u00e7a de alimenta\u00e7\u00e3o abrir\u00e3o das 10h \u00e0s 13h de segunda a s\u00e1bado, e das 10h \u00e0s 22h aos domingos. No dia 24, v\u00e9spera de Natal, o hor\u00e1rio ser\u00e1 das 9h \u00e0s 18h.<\/span><\/p>\n<p><span style=\"font-weight: 400;\">O Shopping do Cal\u00e7ado funcionar\u00e1, tamb\u00e9m a partir do dia 17, das 10h \u00e0s 20h durante a semana e s\u00e1bado e das 12h \u00e0s 17h no domingo. No dia 24, a abertura ser\u00e1 das 10h \u00e0s 18h.<\/span><\/p>\n<h4>Premia\u00e7\u00f5es<\/h4>\n<p><span style=\"font-weight: 400;\">O Franca Shopping iniciou no dia 1\u00ba a campanha promocional Natal Muito Mais Natal que presentear\u00e1 os consumidores com um chocotone da Casa Su\u00ed\u00e7a e sortear\u00e1 um Jeep Renegade 2021.<\/span><\/p>\n<p><span style=\"font-weight: 400;\">Para participar da a\u00e7\u00e3o, os clientes devem cadastrar no site do Franca Shopping (<\/span><a href=\"http:\/\/www.francashopping.com.br\/promocoes\"><span style=\"font-weight: 400;\">www.francashopping.com.br\/promocoes<\/span><\/a><span style=\"font-weight: 400;\">) as notas fiscais das compras realizadas nas lojas participantes durante o per\u00edodo da promo\u00e7\u00e3o. A cada R$ 350 ser\u00e1 gerado um voucher para retirar o chocotone e, tamb\u00e9m, um n\u00famero da sorte para concorrer ao carro zero km. A campanha e a inscri\u00e7\u00e3o dos cupons fiscais ser\u00e3o v\u00e1lidas at\u00e9 30 de dezembro de 2021.<\/span><\/p>\n<p><span style=\"font-weight: 400;\">A apura\u00e7\u00e3o do n\u00famero da sorte, que contemplar\u00e1 o ganhador do carro zero km, ocorrer\u00e1 em 12 de janeiro de 2022 pela Loteria Federal. Ap\u00f3s essa etapa, o shopping divulgar\u00e1 o nome do vencedor pelo site e pelas redes sociais.<\/span><\/p>\n<p><span style=\"font-weight: 400;\">\u201c\u00c9 uma alegria ter a decora\u00e7\u00e3o de Natal no centro de compras, voltar a receber o Papai Noel e, tamb\u00e9m, promover uma grande promo\u00e7\u00e3o para os nossos clientes. Essa a\u00e7\u00e3o \u00e9 para retribuir todo carinho e fidelidade que eles tiveram conosco e com os lojistas nesse per\u00edodo pand\u00eamico e comemorar a retomada\u201d, diz a Ana Carolina Lima, coordenadora de marketing do Franca Shopping.<\/span><\/p>\n<p><span style=\"font-weight: 400;\">A coordenadora de marketing informa que todos os processos continuar\u00e3o seguindo as normas de sa\u00fade e sanit\u00e1rias: \u201cEstamos preparados e vigilantes para oferecer o melhor atendimento aos clientes. Todo o centro de compras est\u00e1 dentro dos princ\u00edpios recomendados para proporcionar seguran\u00e7a e tranquilidade aos clientes durante as compras e as trocas da promo\u00e7\u00e3o\u201d.<\/span><\/p>\n<p><span style=\"font-weight: 400;\">\u00a0<\/span><\/p>\n<p>&nbsp;<\/p>\n<p>&nbsp;<\/p>\n","protected":false},"excerpt":{"rendered":"<p>A partir desta semana, lojas abrir\u00e3o at\u00e9 as 22h, de segunda a sexta. Shoppings come\u00e7am hor\u00e1rio especial no dia 17 O com\u00e9rcio de Franca inicia esta<span class=\"excerpt-hellip\"> [\u2026]<\/span><\/p>\n","protected":false},"author":12,"featured_media":21426,"comment_status":"open","ping_status":"open","sticky":false,"template":"","format":"standard","meta":{"_jetpack_memberships_contains_paid_content":false,"footnotes":"","jetpack_publicize_message":"","jetpack_publicize_feature_enabled":true,"jetpack_social_post_already_shared":false,"jetpack_social_options":{"image_generator_settings":{"template":"highway","default_image_id":0,"enabled":false},"version":2}},"categories":[28,81],"tags":[],"class_list":["post-21425","post","type-post","status-publish","format-standard","has-post-thumbnail","hentry","category-cotidiano","category-manchete"],"yoast_head":"<!-- This site is optimized with the Yoast SEO plugin v25.6 - https:\/\/yoast.com\/wordpress\/plugins\/seo\/ -->\n<title>Hor\u00e1rio ampliado, decora\u00e7\u00e3o de Natal e at\u00e9 sorteio de carro 0KM s\u00e3o apostas para alavancar vendas - VerdadeOn<\/title>\n<meta name=\"robots\" content=\"index, follow, max-snippet:-1, max-image-preview:large, max-video-preview:-1\" \/>\n<link rel=\"canonical\" href=\"https:\/\/verdadeon.com.br\/portal\/2021\/12\/04\/horario-ampliado-decoracao-de-natal-e-ate-sorteio-de-carro-0km-sao-apostas-para-alavancar-vendas\/\" \/>\n<meta property=\"og:locale\" content=\"pt_BR\" \/>\n<meta property=\"og:type\" content=\"article\" \/>\n<meta property=\"og:title\" content=\"Hor\u00e1rio ampliado, decora\u00e7\u00e3o de Natal e at\u00e9 sorteio de carro 0KM s\u00e3o apostas para alavancar vendas - VerdadeOn\" \/>\n<meta property=\"og:description\" content=\"A partir desta semana, lojas abrir\u00e3o at\u00e9 as 22h, de segunda a sexta. Shoppings come\u00e7am hor\u00e1rio especial no dia 17 O com\u00e9rcio de Franca inicia esta [\u2026]\" \/>\n<meta property=\"og:url\" content=\"https:\/\/verdadeon.com.br\/portal\/2021\/12\/04\/horario-ampliado-decoracao-de-natal-e-ate-sorteio-de-carro-0km-sao-apostas-para-alavancar-vendas\/\" \/>\n<meta property=\"og:site_name\" content=\"VerdadeOn\" \/>\n<meta property=\"article:published_time\" content=\"2021-12-04T18:00:13+00:00\" \/>\n<meta property=\"og:image\" content=\"https:\/\/verdadeon.com.br\/portal\/wp-content\/uploads\/2021\/12\/movimento-comercial-no-calcadao-do-Centro.jpeg\" \/>\n\t<meta property=\"og:image:width\" content=\"1599\" \/>\n\t<meta property=\"og:image:height\" content=\"899\" \/>\n\t<meta property=\"og:image:type\" content=\"image\/jpeg\" \/>\n<meta name=\"author\" content=\"Nelise Luques\" \/>\n<meta name=\"twitter:card\" content=\"summary_large_image\" \/>\n<meta name=\"twitter:label1\" content=\"Escrito por\" \/>\n\t<meta name=\"twitter:data1\" content=\"Nelise Luques\" \/>\n\t<meta name=\"twitter:label2\" content=\"Est. tempo de leitura\" \/>\n\t<meta name=\"twitter:data2\" content=\"4 minutos\" \/>\n<script type=\"application\/ld+json\" class=\"yoast-schema-graph\">{\"@context\":\"https:\/\/schema.org\",\"@graph\":[{\"@type\":\"WebPage\",\"@id\":\"https:\/\/verdadeon.com.br\/portal\/2021\/12\/04\/horario-ampliado-decoracao-de-natal-e-ate-sorteio-de-carro-0km-sao-apostas-para-alavancar-vendas\/\",\"url\":\"https:\/\/verdadeon.com.br\/portal\/2021\/12\/04\/horario-ampliado-decoracao-de-natal-e-ate-sorteio-de-carro-0km-sao-apostas-para-alavancar-vendas\/\",\"name\":\"Hor\u00e1rio ampliado, decora\u00e7\u00e3o de Natal e at\u00e9 sorteio de carro 0KM s\u00e3o apostas para alavancar vendas - VerdadeOn\",\"isPartOf\":{\"@id\":\"https:\/\/verdadeon.com.br\/portal\/#website\"},\"primaryImageOfPage\":{\"@id\":\"https:\/\/verdadeon.com.br\/portal\/2021\/12\/04\/horario-ampliado-decoracao-de-natal-e-ate-sorteio-de-carro-0km-sao-apostas-para-alavancar-vendas\/#primaryimage\"},\"image\":{\"@id\":\"https:\/\/verdadeon.com.br\/portal\/2021\/12\/04\/horario-ampliado-decoracao-de-natal-e-ate-sorteio-de-carro-0km-sao-apostas-para-alavancar-vendas\/#primaryimage\"},\"thumbnailUrl\":\"https:\/\/i0.wp.com\/verdadeon.com.br\/portal\/wp-content\/uploads\/2021\/12\/movimento-comercial-no-calcadao-do-Centro.jpeg?fit=1599%2C899&ssl=1\",\"datePublished\":\"2021-12-04T18:00:13+00:00\",\"author\":{\"@id\":\"https:\/\/verdadeon.com.br\/portal\/#\/schema\/person\/8248726d36015c1916636fabb175d972\"},\"breadcrumb\":{\"@id\":\"https:\/\/verdadeon.com.br\/portal\/2021\/12\/04\/horario-ampliado-decoracao-de-natal-e-ate-sorteio-de-carro-0km-sao-apostas-para-alavancar-vendas\/#breadcrumb\"},\"inLanguage\":\"pt-BR\",\"potentialAction\":[{\"@type\":\"ReadAction\",\"target\":[\"https:\/\/verdadeon.com.br\/portal\/2021\/12\/04\/horario-ampliado-decoracao-de-natal-e-ate-sorteio-de-carro-0km-sao-apostas-para-alavancar-vendas\/\"]}]},{\"@type\":\"ImageObject\",\"inLanguage\":\"pt-BR\",\"@id\":\"https:\/\/verdadeon.com.br\/portal\/2021\/12\/04\/horario-ampliado-decoracao-de-natal-e-ate-sorteio-de-carro-0km-sao-apostas-para-alavancar-vendas\/#primaryimage\",\"url\":\"https:\/\/i0.wp.com\/verdadeon.com.br\/portal\/wp-content\/uploads\/2021\/12\/movimento-comercial-no-calcadao-do-Centro.jpeg?fit=1599%2C899&ssl=1\",\"contentUrl\":\"https:\/\/i0.wp.com\/verdadeon.com.br\/portal\/wp-content\/uploads\/2021\/12\/movimento-comercial-no-calcadao-do-Centro.jpeg?fit=1599%2C899&ssl=1\",\"width\":1599,\"height\":899,\"caption\":\"Segundo estudo, o francano recebe, em m\u00e9dia, R$1457,11 ao m\u00eas.\"},{\"@type\":\"BreadcrumbList\",\"@id\":\"https:\/\/verdadeon.com.br\/portal\/2021\/12\/04\/horario-ampliado-decoracao-de-natal-e-ate-sorteio-de-carro-0km-sao-apostas-para-alavancar-vendas\/#breadcrumb\",\"itemListElement\":[{\"@type\":\"ListItem\",\"position\":1,\"name\":\"In\u00edcio\",\"item\":\"https:\/\/verdadeon.com.br\/portal\/\"},{\"@type\":\"ListItem\",\"position\":2,\"name\":\"Hor\u00e1rio ampliado, decora\u00e7\u00e3o de Natal e at\u00e9 sorteio de carro 0KM s\u00e3o apostas para alavancar vendas\"}]},{\"@type\":\"WebSite\",\"@id\":\"https:\/\/verdadeon.com.br\/portal\/#website\",\"url\":\"https:\/\/verdadeon.com.br\/portal\/\",\"name\":\"VerdadeOn\",\"description\":\"Not\u00edcias di\u00e1rias sobre Franca, Regi\u00e3o, Esporte, Cultura, Cotidiano, Colunas. Cobertura nos principais eventos da cidade \u00e9 aqui - Verdadeon Franca\",\"potentialAction\":[{\"@type\":\"SearchAction\",\"target\":{\"@type\":\"EntryPoint\",\"urlTemplate\":\"https:\/\/verdadeon.com.br\/portal\/?s={search_term_string}\"},\"query-input\":{\"@type\":\"PropertyValueSpecification\",\"valueRequired\":true,\"valueName\":\"search_term_string\"}}],\"inLanguage\":\"pt-BR\"},{\"@type\":\"Person\",\"@id\":\"https:\/\/verdadeon.com.br\/portal\/#\/schema\/person\/8248726d36015c1916636fabb175d972\",\"name\":\"Nelise Luques\",\"image\":{\"@type\":\"ImageObject\",\"inLanguage\":\"pt-BR\",\"@id\":\"https:\/\/verdadeon.com.br\/portal\/#\/schema\/person\/image\/\",\"url\":\"https:\/\/secure.gravatar.com\/avatar\/29b2a17f5bcadeb827411b66f48ac13c3e0ecaf5906c0f5745ecc5d41c24eada?s=96&d=mm&r=g\",\"contentUrl\":\"https:\/\/secure.gravatar.com\/avatar\/29b2a17f5bcadeb827411b66f48ac13c3e0ecaf5906c0f5745ecc5d41c24eada?s=96&d=mm&r=g\",\"caption\":\"Nelise Luques\"},\"url\":\"https:\/\/verdadeon.com.br\/portal\/author\/verdade\/\"}]}<\/script>\n<!-- \/ Yoast SEO plugin. -->","yoast_head_json":{"title":"Hor\u00e1rio ampliado, decora\u00e7\u00e3o de Natal e at\u00e9 sorteio de carro 0KM s\u00e3o apostas para alavancar vendas - VerdadeOn","robots":{"index":"index","follow":"follow","max-snippet":"max-snippet:-1","max-image-preview":"max-image-preview:large","max-video-preview":"max-video-preview:-1"},"canonical":"https:\/\/verdadeon.com.br\/portal\/2021\/12\/04\/horario-ampliado-decoracao-de-natal-e-ate-sorteio-de-carro-0km-sao-apostas-para-alavancar-vendas\/","og_locale":"pt_BR","og_type":"article","og_title":"Hor\u00e1rio ampliado, decora\u00e7\u00e3o de Natal e at\u00e9 sorteio de carro 0KM s\u00e3o apostas para alavancar vendas - VerdadeOn","og_description":"A partir desta semana, lojas abrir\u00e3o at\u00e9 as 22h, de segunda a sexta. Shoppings come\u00e7am hor\u00e1rio especial no dia 17 O com\u00e9rcio de Franca inicia esta [\u2026]","og_url":"https:\/\/verdadeon.com.br\/portal\/2021\/12\/04\/horario-ampliado-decoracao-de-natal-e-ate-sorteio-de-carro-0km-sao-apostas-para-alavancar-vendas\/","og_site_name":"VerdadeOn","article_published_time":"2021-12-04T18:00:13+00:00","og_image":[{"width":1599,"height":899,"url":"https:\/\/verdadeon.com.br\/portal\/wp-content\/uploads\/2021\/12\/movimento-comercial-no-calcadao-do-Centro.jpeg","type":"image\/jpeg"}],"author":"Nelise Luques","twitter_card":"summary_large_image","twitter_misc":{"Escrito por":"Nelise Luques","Est. tempo de leitura":"4 minutos"},"schema":{"@context":"https:\/\/schema.org","@graph":[{"@type":"WebPage","@id":"https:\/\/verdadeon.com.br\/portal\/2021\/12\/04\/horario-ampliado-decoracao-de-natal-e-ate-sorteio-de-carro-0km-sao-apostas-para-alavancar-vendas\/","url":"https:\/\/verdadeon.com.br\/portal\/2021\/12\/04\/horario-ampliado-decoracao-de-natal-e-ate-sorteio-de-carro-0km-sao-apostas-para-alavancar-vendas\/","name":"Hor\u00e1rio ampliado, decora\u00e7\u00e3o de Natal e at\u00e9 sorteio de carro 0KM s\u00e3o apostas para alavancar vendas - VerdadeOn","isPartOf":{"@id":"https:\/\/verdadeon.com.br\/portal\/#website"},"primaryImageOfPage":{"@id":"https:\/\/verdadeon.com.br\/portal\/2021\/12\/04\/horario-ampliado-decoracao-de-natal-e-ate-sorteio-de-carro-0km-sao-apostas-para-alavancar-vendas\/#primaryimage"},"image":{"@id":"https:\/\/verdadeon.com.br\/portal\/2021\/12\/04\/horario-ampliado-decoracao-de-natal-e-ate-sorteio-de-carro-0km-sao-apostas-para-alavancar-vendas\/#primaryimage"},"thumbnailUrl":"https:\/\/i0.wp.com\/verdadeon.com.br\/portal\/wp-content\/uploads\/2021\/12\/movimento-comercial-no-calcadao-do-Centro.jpeg?fit=1599%2C899&ssl=1","datePublished":"2021-12-04T18:00:13+00:00","author":{"@id":"https:\/\/verdadeon.com.br\/portal\/#\/schema\/person\/8248726d36015c1916636fabb175d972"},"breadcrumb":{"@id":"https:\/\/verdadeon.com.br\/portal\/2021\/12\/04\/horario-ampliado-decoracao-de-natal-e-ate-sorteio-de-carro-0km-sao-apostas-para-alavancar-vendas\/#breadcrumb"},"inLanguage":"pt-BR","potentialAction":[{"@type":"ReadAction","target":["https:\/\/verdadeon.com.br\/portal\/2021\/12\/04\/horario-ampliado-decoracao-de-natal-e-ate-sorteio-de-carro-0km-sao-apostas-para-alavancar-vendas\/"]}]},{"@type":"ImageObject","inLanguage":"pt-BR","@id":"https:\/\/verdadeon.com.br\/portal\/2021\/12\/04\/horario-ampliado-decoracao-de-natal-e-ate-sorteio-de-carro-0km-sao-apostas-para-alavancar-vendas\/#primaryimage","url":"https:\/\/i0.wp.com\/verdadeon.com.br\/portal\/wp-content\/uploads\/2021\/12\/movimento-comercial-no-calcadao-do-Centro.jpeg?fit=1599%2C899&ssl=1","contentUrl":"https:\/\/i0.wp.com\/verdadeon.com.br\/portal\/wp-content\/uploads\/2021\/12\/movimento-comercial-no-calcadao-do-Centro.jpeg?fit=1599%2C899&ssl=1","width":1599,"height":899,"caption":"Segundo estudo, o francano recebe, em m\u00e9dia, R$1457,11 ao m\u00eas."},{"@type":"BreadcrumbList","@id":"https:\/\/verdadeon.com.br\/portal\/2021\/12\/04\/horario-ampliado-decoracao-de-natal-e-ate-sorteio-de-carro-0km-sao-apostas-para-alavancar-vendas\/#breadcrumb","itemListElement":[{"@type":"ListItem","position":1,"name":"In\u00edcio","item":"https:\/\/verdadeon.com.br\/portal\/"},{"@type":"ListItem","position":2,"name":"Hor\u00e1rio ampliado, decora\u00e7\u00e3o de Natal e at\u00e9 sorteio de carro 0KM s\u00e3o apostas para alavancar vendas"}]},{"@type":"WebSite","@id":"https:\/\/verdadeon.com.br\/portal\/#website","url":"https:\/\/verdadeon.com.br\/portal\/","name":"VerdadeOn","description":"Not\u00edcias di\u00e1rias sobre Franca, Regi\u00e3o, Esporte, Cultura, Cotidiano, Colunas. Cobertura nos principais eventos da cidade \u00e9 aqui - Verdadeon Franca","potentialAction":[{"@type":"SearchAction","target":{"@type":"EntryPoint","urlTemplate":"https:\/\/verdadeon.com.br\/portal\/?s={search_term_string}"},"query-input":{"@type":"PropertyValueSpecification","valueRequired":true,"valueName":"search_term_string"}}],"inLanguage":"pt-BR"},{"@type":"Person","@id":"https:\/\/verdadeon.com.br\/portal\/#\/schema\/person\/8248726d36015c1916636fabb175d972","name":"Nelise Luques","image":{"@type":"ImageObject","inLanguage":"pt-BR","@id":"https:\/\/verdadeon.com.br\/portal\/#\/schema\/person\/image\/","url":"https:\/\/secure.gravatar.com\/avatar\/29b2a17f5bcadeb827411b66f48ac13c3e0ecaf5906c0f5745ecc5d41c24eada?s=96&d=mm&r=g","contentUrl":"https:\/\/secure.gravatar.com\/avatar\/29b2a17f5bcadeb827411b66f48ac13c3e0ecaf5906c0f5745ecc5d41c24eada?s=96&d=mm&r=g","caption":"Nelise Luques"},"url":"https:\/\/verdadeon.com.br\/portal\/author\/verdade\/"}]}},"jetpack_publicize_connections":[],"jetpack_featured_media_url":"https:\/\/i0.wp.com\/verdadeon.com.br\/portal\/wp-content\/uploads\/2021\/12\/movimento-comercial-no-calcadao-do-Centro.jpeg?fit=1599%2C899&ssl=1","jetpack_sharing_enabled":true,"_links":{"self":[{"href":"https:\/\/verdadeon.com.br\/portal\/wp-json\/wp\/v2\/posts\/21425","targetHints":{"allow":["GET"]}}],"collection":[{"href":"https:\/\/verdadeon.com.br\/portal\/wp-json\/wp\/v2\/posts"}],"about":[{"href":"https:\/\/verdadeon.com.br\/portal\/wp-json\/wp\/v2\/types\/post"}],"author":[{"embeddable":true,"href":"https:\/\/verdadeon.com.br\/portal\/wp-json\/wp\/v2\/users\/12"}],"replies":[{"embeddable":true,"href":"https:\/\/verdadeon.com.br\/portal\/wp-json\/wp\/v2\/comments?post=21425"}],"version-history":[{"count":0,"href":"https:\/\/verdadeon.com.br\/portal\/wp-json\/wp\/v2\/posts\/21425\/revisions"}],"wp:featuredmedia":[{"embeddable":true,"href":"https:\/\/verdadeon.com.br\/portal\/wp-json\/wp\/v2\/media\/21426"}],"wp:attachment":[{"href":"https:\/\/verdadeon.com.br\/portal\/wp-json\/wp\/v2\/media?parent=21425"}],"wp:term":[{"taxonomy":"category","embeddable":true,"href":"https:\/\/verdadeon.com.br\/portal\/wp-json\/wp\/v2\/categories?post=21425"},{"taxonomy":"post_tag","embeddable":true,"href":"https:\/\/verdadeon.com.br\/portal\/wp-json\/wp\/v2\/tags?post=21425"}],"curies":[{"name":"wp","href":"https:\/\/api.w.org\/{rel}","templated":true}]}}