{"id":21421,"date":"2021-12-04T16:00:21","date_gmt":"2021-12-04T19:00:21","guid":{"rendered":"https:\/\/verdadeon.com.br\/portal\/?p=21421"},"modified":"2021-12-04T11:43:24","modified_gmt":"2021-12-04T14:43:24","slug":"tudo-indica-que-2022-sera-um-ano-para-impulsionarmos-nossa-economia-apesar-dos-desafios","status":"publish","type":"post","link":"https:\/\/verdadeon.com.br\/portal\/2021\/12\/04\/tudo-indica-que-2022-sera-um-ano-para-impulsionarmos-nossa-economia-apesar-dos-desafios\/","title":{"rendered":"\u2018Tudo indica que 2022 ser\u00e1 um ano para impulsionarmos nossa economia, apesar dos desafios\u2019"},"content":{"rendered":"<h2><span style=\"font-weight: 400;\">Tarciso B\u00f4tto, presidente da Acif, anuncia a\u00e7\u00f5es para auxiliar o com\u00e9rcio no momento de retomada p\u00f3s-pandemia<\/span><\/h2>\n<p><span style=\"font-weight: 400;\">\u00a0<\/span><\/p>\n<p><b>Nelise Luques<\/b><\/p>\n<p><span style=\"font-weight: 400;\">A rela\u00e7\u00e3o do empres\u00e1rio Tarciso B\u00f4tto com a Acif (Associa\u00e7\u00e3o do Com\u00e9rcio e Ind\u00fastria de Franca) \u00e9 de longa data. De associado e membro da diretoria, ele passou a presidente da Acif, cargo assumido em abril de 2019.\u00a0<\/span><\/p>\n<p><span style=\"font-weight: 400;\">Em mar\u00e7o de 2020, prestes a completar um ano de gest\u00e3o, B\u00f4tto se viu diante de um enorme desafio: enfrentar a pandemia da Covid-19 e todos os impactos que ela gerou, com acontecimentos muito incertos e sem a exata dimens\u00e3o do que o coronav\u00edrus representava.\u00a0<\/span><\/p>\n<p><span style=\"font-weight: 400;\">Os planos de grandes eventos e implanta\u00e7\u00e3o de novos projetos precisaram ser adiados e deram lugar \u00e0 miss\u00e3o de encontrar caminhos para reduzir os preju\u00edzos com o fechamento do com\u00e9rcio por conta da crise sanit\u00e1ria e criar ferramentas de suporte aos associados. S\u00e3o mais de tr\u00eas mil atualmente.<\/span><\/p>\n<p><span style=\"font-weight: 400;\">Agora, um ano e nove meses ap\u00f3s a chegada da pandemia a Franca, Tarciso B\u00f4tto trabalha com novo plano de a\u00e7\u00f5es, focado na retomada do setor comercial p\u00f3s-pandemia. Para ele, o avan\u00e7o na vacina\u00e7\u00e3o contra a Covid-19 e estabiliza\u00e7\u00e3o da abertura do com\u00e9rcio geram otimismo e plantam esperan\u00e7a para um 2022 mais promissor.<\/span><\/p>\n<p><span style=\"font-weight: 400;\">Nesta entrevista ao Jornal Verdade, B\u00f4tto destaca os programas criados para dar suporte aos associados, as expectativas com a abertura em hor\u00e1rio ampliado do com\u00e9rcio a partir de segunda-feira, dia 6, a pol\u00eamica envolvendo quase R$ 1 milh\u00e3o investido na ilumina\u00e7\u00e3o de Natal em Franca neste ano, e outros temas que impactam o setor comercial francano e a popula\u00e7\u00e3o. \u201c<\/span><span style=\"font-weight: 400;\">Somos uma entidade s\u00e9ria, que h\u00e1 77 anos tem trabalhado pelo desenvolvimento empresarial da cidade e que dar\u00e1 publicidade de seus atos n\u00e3o s\u00f3 ao Poder P\u00fablico, mas \u00e0 pr\u00f3pria comunidade com a divulga\u00e7\u00e3o da presta\u00e7\u00e3o de contas do projeto em quest\u00e3o\u201d, afirmou.<\/span><\/p>\n<p><b>Desde 2019 o senhor preside a Acif, entidade com quase 80 anos de hist\u00f3ria e forte representatividade. Como surgiu a oportunidade de assumir este cargo?<\/b><\/p>\n<p><span style=\"font-weight: 400;\">Minha rela\u00e7\u00e3o com a Acif come\u00e7a enquanto associado. A empresa da fam\u00edlia, a LC B\u00f4tto \u2013 \u00d3tica Melani, \u00e9 uma associada Acif h\u00e1 mais de 40 anos. Sempre acompanhei o trabalho da associa\u00e7\u00e3o por esta perspectiva e, al\u00e9m disso, meu pai, seo Luciano B\u00f4tto, teve a oportunidade de presidir a Acif e a associa\u00e7\u00e3o era tema de muitas conversas em casa. Em 2007, fui convidado a integrar a diretoria administrativa, ainda na gest\u00e3o de Jo\u00e3o Cheade, e permaneci como diretor comercial pelas gest\u00f5es seguintes: Jos\u00e9 Alexandre e Dorival Mour\u00e3o, at\u00e9 que me foi feita a provoca\u00e7\u00e3o de montar chapa pr\u00f3pria para a elei\u00e7\u00e3o de 2019. Entendi que eu podia aceitar este desafio, j\u00e1 conhecia a entidade pela \u00f3tica do associado e da diretoria, e quis contribuir com o meu trabalho.<\/span><\/p>\n<p><b>Quais t\u00eam sido os principais desafios da gest\u00e3o?<\/b><\/p>\n<p><span style=\"font-weight: 400;\">O principal desafio foi, sem d\u00favida, a pandemia. Assumi em abril de 2019, com projetos em andamento e bons planejamentos para 2020 &#8211; como a realiza\u00e7\u00e3o da 1\u00aa Rodada de Neg\u00f3cios e o F\u00f3rum da Mulher Empreendedora, que tradicionalmente re\u00fane 500 empres\u00e1rias ou mais &#8211; que precisaram ser interrompidos prestes \u00e0s suas realiza\u00e7\u00f5es. Al\u00e9m disso, n\u00e3o t\u00ednhamos a dimens\u00e3o do desenrolar da pandemia e, de repente, em vez de promo\u00e7\u00e3o de a\u00e7\u00f5es, est\u00e1vamos lidando com severas restri\u00e7\u00f5es ao com\u00e9rcio, algo nunca visto nesta gera\u00e7\u00e3o e em propor\u00e7\u00e3o global. Reorganizamos toda a nossa estrutura para atender remotamente nossos associados e montamos um plano de a\u00e7\u00e3o para que consegu\u00edssemos ampar\u00e1-los em todas as suas novas e urgentes necessidades. Agora, neste momento, nosso desafio \u00e9 continuar dando suporte \u00e0 classe empresarial em a\u00e7\u00f5es de fomento \u00e0 retomada econ\u00f4mica, como, por exemplo, a mais recente, o Natal da Esperan\u00e7a. Esta parceria com a Prefeitura de Franca, poss\u00edvel atrav\u00e9s da aprova\u00e7\u00e3o da C\u00e2mara Municipal, \u00e9 muito importante. A pandemia ainda inspira cuidados, n\u00e3o \u00e9 hora de abandonar os cuidados b\u00e1sicos de preven\u00e7\u00e3o ao cont\u00e1gio, mas vivemos uma situa\u00e7\u00e3o sanit\u00e1ria que nos permite proporcionar \u00e0 popula\u00e7\u00e3o um momento de lazer e, ao mesmo tempo, levar as fam\u00edlias a visitarem o com\u00e9rcio, algo que impulsiona as contrata\u00e7\u00f5es, ou seja, a gera\u00e7\u00e3o do emprego e renda na nossa cidade. Para se ter uma ideia, sabemos que, tradicionalmente, 30% das vagas tempor\u00e1rias criadas no fim de ano se efetivam. Com base em anos interiores e an\u00e1lises internas da Acif, esperamos que 3 mil oportunidades se abram neste fim de ano, para o com\u00e9rcio local.\u00a0\u00a0<\/span><\/p>\n<p><b>Que projetos importantes j\u00e1 foi poss\u00edvel implantar desde que assumiu a presid\u00eancia?<\/b><\/p>\n<p><span style=\"font-weight: 400;\">Nesta gest\u00e3o, tivemos, antes da pandemia, a oportunidade de remodelar o espa\u00e7o f\u00edsico da entidade colocando a maioria dos colaboradores em um mesmo ambiente a fim de aumentar a intera\u00e7\u00e3o entre os setores e favorecer o interc\u00e2mbio de ideias. Tamb\u00e9m investimos em Recursos Humanos e ampliamos os projetos voltados \u00e0 qualifica\u00e7\u00e3o dos colaboradores e seu bem-estar. A pr\u00f3pria Rodada de Neg\u00f3cios Internacionais &#8211; que realizamos pelo setor cal\u00e7adista em parceria com a Prefeitura de Franca, Invest-SP e Sebrae-SP &#8211; \u00e9 um projeto que nasceu durante a atual gest\u00e3o. Tamb\u00e9m iniciamos um trabalho de regionaliza\u00e7\u00e3o da Acif, quando, antes da pandemia, passamos a levar cursos e qualifica\u00e7\u00e3o para os empres\u00e1rios nos bairros. O trabalho foi suspenso em raz\u00e3o da pandemia, mas ser\u00e1 retomado. Tamb\u00e9m posso citar a campanha \u2018Liquida Tudo Franca\u2019, que tem o objetivo de dar competitividade aos pequenos nos mega sald\u00f5es do in\u00edcio do ano. Por meio da Acif, eles participam da a\u00e7\u00e3o que ganha outdoors, propaganda na TV, r\u00e1dio e demais meios de comunica\u00e7\u00e3o, numa uni\u00e3o de for\u00e7as, j\u00e1 que as grandes redes conseguem, individualmente, investir neste marketing. No primeiro ano, tivemos o apresentador Rodrigo Faro \u00e0 frente da campanha.<\/span><\/p>\n<p><b>E quais as ideias futuras?<\/b><\/p>\n<p><span style=\"font-weight: 400;\">Dentre tantas, queremos alavancar as atividades do nosso Departamento de Neg\u00f3cios Internacionais (DNI-Acif). Atrav\u00e9s dele, estamos trabalhando pelo programa \u201cInternacionaliza\u00e7\u00e3o de Empresas Acif \u2013 Caf\u00e9 China\u201d que vai qualificar micro, pequenos e m\u00e9dios produtores de caf\u00e9 da regi\u00e3o de Franca para operarem na China por meio de uma base comercial que a Acif pretende instalar no pa\u00eds, junto a outros parceiros. Tamb\u00e9m daremos incentivo \u00e0 cria\u00e7\u00e3o de novos n\u00facleos de desenvolvimento empresarial pelo Programa Empreender e daremos continuidade \u00e0 manuten\u00e7\u00e3o do Projeto Guri na cidade de Franca, bem como aos apoios administrativo e institucional dado \u00e0 Orquestra Sinf\u00f4nica de Franca e Projeto pr\u00f3-Crian\u00e7a. O Acif M\u00f3vel \u2013 que possui estrutura de atendimento ao p\u00fablico em uma van com wi-fi, caf\u00e9, telas, som, etc. &#8211; vai passar a levar palestras e qualifica\u00e7\u00e3o aos empres\u00e1rios nos bairros de Franca. Tamb\u00e9m estamos criando uma ag\u00eancia de publicidade para atender nossos associados e o site oficial da Acif, o<\/span><a href=\"http:\/\/www.acifranca.com.br\/\"> <span style=\"font-weight: 400;\">www.acifranca.com.br<\/span><\/a><span style=\"font-weight: 400;\">, acaba de ser repaginado e tem trabalhado com not\u00edcias do universo empresarial, para al\u00e9m das institucionais. Enfim: as equipes da Acif est\u00e3o a todo vapor para 2022.<\/span><\/p>\n<p><b>Os \u00faltimos meses foram desafiadores para v\u00e1rios segmentos por conta da pandemia da Covid-19. Que impactos ela teve no setor comercial?<\/b><\/p>\n<p><span style=\"font-weight: 400;\">A cidade de Franca, assim como o Brasil, o mundo, sofreu muito com o avan\u00e7o da pandemia. Os impactos da crise sanit\u00e1ria foram grandes e a perda das vidas, o maior deles, \u00e9 algo imposs\u00edvel de se mensurar. Na \u00e1rea econ\u00f4mica, os empregos tiveram um grande baque: segundo dados do Novo Caged (Cadastro Geral de Empregados e Desempregados) do Minist\u00e9rio da Fazenda, no in\u00edcio da pandemia, em mar\u00e7o de 2020, Franca tinha 89.450 pessoas com carteira de trabalho registrada. Em julho desse mesmo ano, ou seja, quatro meses depois, a quantidade caiu para 78.623 postos de trabalho, uma queda de 12%. Essa grande queda no n\u00famero de empregados aconteceu principalmente pelas demiss\u00f5es advindas da ind\u00fastria cal\u00e7adista que sofreu com a paralisa\u00e7\u00e3o do com\u00e9rcio mundial e, hoje, tem retomado suas contrata\u00e7\u00f5es de maneira gradual. Para se ter uma ideia, no cen\u00e1rio pr\u00e9-pandemia, at\u00e9 mar\u00e7o de 2020, Franca exportava mensalmente cerca de US$ 140 milh\u00f5es e, no auge do cont\u00e1gio da Covid-19, que aconteceu em junho de 2020, Franca exportou US$ 50 milh\u00f5es, sofrendo uma queda de 65%. A boa not\u00edcia \u00e9 que j\u00e1 podemos observar sinais claros de que a cidade tem retomado seu eixo. S\u00f3 neste ano, Franca abriu 10.515 postos de trabalho, voltando ao patamar anterior \u00e0 Covid-19, com mais de 89 mil carteiras assinadas.<\/span><\/p>\n<p><b>Neste momento, quais foram os maiores desafios da Acif e do pr\u00f3prio setor comercial, na opini\u00e3o do senhor?<\/b><\/p>\n<p><span style=\"font-weight: 400;\">Acredito que a reestrutura\u00e7\u00e3o imediata das empresas para o trabalho e atendimento remoto, a migra\u00e7\u00e3o compuls\u00f3ria para o mercado online que muitos tiveram que fazer, do dia para a noite, e a instabilidade na abertura do com\u00e9rcio. A situa\u00e7\u00e3o foi in\u00e9dita para todos, inclusive para o governo, vidas precisavam ser preservadas, mas as mudan\u00e7as abruptas nos sistemas de atendimento e impossibilidade de atuar deixava o comerciante confuso em rela\u00e7\u00e3o ao gerenciamento do seu estoque, equipe e demais atribui\u00e7\u00f5es do seu neg\u00f3cio. O cen\u00e1rio sanit\u00e1rio se alterava de uma semana para outra e foi desafiador lidar com essa instabilidade e tamb\u00e9m com as quest\u00f5es pessoais. Tivemos muitas perdas e havia o medo da contamina\u00e7\u00e3o, preocupa\u00e7\u00e3o com a quantidade de leitos. Atualmente, ainda estamos em meio \u00e0 pandemia e n\u00e3o podemos nos esquecer das recomenda\u00e7\u00f5es sanit\u00e1rias, mas j\u00e1 temos 70% da popula\u00e7\u00e3o vacinada, a log\u00edstica da Sa\u00fade est\u00e1 em dia e os setores econ\u00f4micos voltaram a atuar, inclusive, o de entretenimento, um dos maiores afetados no processo. \u00c9 preciso que o Poder P\u00fablico, em todas as esferas, incentive fortemente a classe empresarial e esse tem sido o prop\u00f3sito da Acif.<\/span><\/p>\n<p><b>A Acif promoveu v\u00e1rias a\u00e7\u00f5es e criou programas para auxiliar os comerciantes neste per\u00edodo, como o apoio na busca de linhas de cr\u00e9dito dispon\u00edveis no mercado e programas sobre e-commerce. Quais a\u00e7\u00f5es o senhor destaca e que resultados importantes geraram para enfrentar as restri\u00e7\u00f5es e retra\u00e7\u00e3o na economia durante essa crise sanit\u00e1ria?<\/b><\/p>\n<p><span style=\"font-weight: 400;\">Em meio a tantas mudan\u00e7as na legisla\u00e7\u00e3o e nas rela\u00e7\u00f5es de trabalho em raz\u00e3o da pandemia, criamos um plant\u00e3o de d\u00favidas gratuito em nosso setor jur\u00eddico. Al\u00e9m de, individualmente, esclarecermos quest\u00f5es in\u00e9ditas aos nossos associados, o setor de marketing ampliou esse alcance com o Acif\u00a0 Responde. Reun\u00edamos as d\u00favidas mais frequentes que chegavam ao jur\u00eddico e via redes sociais e criamos conte\u00fados de esclarecimento, acess\u00edvel a toda a comunidade: empresas n\u00e3o associadas, trabalhadores e demais interessados. A fim de dar assist\u00eancia aos pequenos empres\u00e1rios que ainda n\u00e3o possu\u00edam canal de venda online e n\u00e3o tinham pr\u00e1tica nesta \u00e1rea, criamos a Vitrine Virtual Acif: uma interface simples de ser acessada que colocava em evid\u00eancia produtos e servi\u00e7os locais de forma gratuita e com o suporte t\u00e9cnico da Acif para oper\u00e1-la. Levamos nossas equipes aos estabelecimentos, com estrutura de capta\u00e7\u00e3o de \u00e1udio e v\u00eddeo, ilumina\u00e7\u00e3o e todo o suporte t\u00e9cnico para realizar Lives de Vendas. Vimos oportunidades no mercado financeiro surgirem e as d\u00favidas sobre qual linha de cr\u00e9dito acessar e como fazer isso surgir. Criamos, ent\u00e3o, o Caminho Para Cr\u00e9dito, que oferecia consultoria gratuita para os empres\u00e1rios que buscavam nesta op\u00e7\u00e3o um meio de evitar demiss\u00f5es, equalizar contas e demais demandas da empresa. Pelo Mentorias, prestamos atendimento individualizado com profissionais de ponta em \u00e1reas como TI, Marketing, Vendas e muito mais. Esses foram apenas alguns dos projetos criados, neste sentido.<\/span><\/p>\n<p><b>Estamos em um per\u00edodo, espera-se, de retomada p\u00f3s-pandemia. Qual a principal preocupa\u00e7\u00e3o e cuidados para este momento?<\/b><\/p>\n<p><span style=\"font-weight: 400;\">Em rela\u00e7\u00e3o \u00e0 economia, as principais preocupa\u00e7\u00f5es ficam por conta do cen\u00e1rio macroecon\u00f4mico do Brasil. O aumento constante da taxa b\u00e1sica de juros (SELIC), a desvaloriza\u00e7\u00e3o cambial e infla\u00e7\u00e3o podem ser empecilhos que impactariam a retomada p\u00f3s-pandemia. Um exemplo disso s\u00e3o os aumentos constantes nos combust\u00edveis \u2013 que t\u00eam influ\u00eancia direta no or\u00e7amento das fam\u00edlias, transporte p\u00fablico e, tamb\u00e9m, nos pre\u00e7os nas g\u00f4ndolas, j\u00e1 que o principal modal de transporte brasileiro \u00e9 o rodovi\u00e1rio.<\/span><\/p>\n<p><b>Como est\u00e3o as expectativas para este momento?<\/b><\/p>\n<p><span style=\"font-weight: 400;\">Os \u00faltimos indicadores demonstram um otimismo do comerciante, que voltou a recontratar e, tamb\u00e9m, dos consumidores que est\u00e3o demonstrando &#8211; atrav\u00e9s das pesquisas de inten\u00e7\u00e3o de compra que realizamos &#8211; uma inclina\u00e7\u00e3o ao consumo. Vemos no avan\u00e7o da vacina\u00e7\u00e3o e da estabiliza\u00e7\u00e3o da abertura do com\u00e9rcio dois dos principais motivos para este otimismo. Tudo indica que o ano de 2022 ser\u00e1 um ano para impulsionarmos nossa economia, apesar dos desafios.<\/span><\/p>\n<p><b>Como a Acif tem auxiliado os comerciantes para esta fase e o que tem sido feito para ajudar a estimular as vendas?<\/b><\/p>\n<p><span style=\"font-weight: 400;\">Ainda continuamos com os incentivos \u00e0s vendas online, com cursos b\u00e1sicos para quem quer se lan\u00e7ar no e-commerce, com as lives de vendas, bem como com qualifica\u00e7\u00e3o em atendimento e gest\u00e3o; temos no ar a campanha \u2018A Arte de Ganhar\u2019 que tem incentivado o consumo no ponto de venda com a oferta dos copos colecion\u00e1veis \u00cdcones Francanos. Ali\u00e1s, sobre essa campanha, vimos o desejo do p\u00fablico por esses copos que retratam as voca\u00e7\u00f5es e monumentos da cidade, como o Rel\u00f3gio do Sol, o Col\u00e9gio Champagnat, o Parque \u201cFernando Costa\u201d, o Cal\u00e7ado, o Caf\u00e9 e o esporte, por exemplo. Desta vez, a gest\u00e3o da distribui\u00e7\u00e3o dos itens est\u00e1 por conta de cada estabelecimento participante, que decide a melhor forma de distribuir: ac\u00famulo de cupons, raspadinhas ou at\u00e9 mesmo por valor de compra.<\/span><\/p>\n<p><b>Recentemente, a Acif divulgou dados surpreendentes do seu Instituto de Economia sobre as proje\u00e7\u00f5es de vendas, gera\u00e7\u00e3o de empregos tempor\u00e1rios e fluxo de clientes para o fim de ano em Franca. Segundo o IE, devem ser injetados mais de R$ 44 milh\u00f5es na economia, gerados 3 mil empregos entre novembro e dezembro e 170 mil pessoas devem passar pelas lojas da cidade. Gostaria que o senhor comentasse os n\u00fameros e expectativas para o primeiro Natal ap\u00f3s um dos momentos mais cr\u00edticos da pandemia, como foi no fim de 2020.<\/b><\/p>\n<p><span style=\"font-weight: 400;\">As proje\u00e7\u00f5es apresentadas pelo IE-Acif s\u00e3o baseadas em micro dados coletados em pesquisas de campo \u2013 como as que divulgamos com a inten\u00e7\u00e3o de consumo nas datas comerciais: Dia das M\u00e3es, Pais, Natal e etc, &#8211; e tamb\u00e9m estimativas com base no Minist\u00e9rio da Fazenda. A expectativa para o Natal \u00e9 animadora, tendo em vista as contrata\u00e7\u00f5es dos \u00faltimos meses, a predisposi\u00e7\u00e3o da popula\u00e7\u00e3o ao consumo e que o pagamento do 13\u00ba sal\u00e1rio ir\u00e1 injetar na economia local mais de R$ 216 milh\u00f5es. Conforme voc\u00ea mencionou, a expectativa \u00e9 que, no com\u00e9rcio local, R$ 44 milh\u00f5es sejam movimentados no m\u00eas de dezembro. Tudo indica que esse Natal, de fato, ser\u00e1 o Natal de Esperan\u00e7a. Para o Natal, a expectativa \u00e9 de que 170 mil pessoas saiam \u00e0s compras, ou seja, uma excelente oportunidade para o com\u00e9rcio se alavancar.<\/span><\/p>\n<p><b>Franca contar\u00e1 neste ano com a decora\u00e7\u00e3o de Natal em espa\u00e7os p\u00fablicos, com ilumina\u00e7\u00e3o no Centro e corredores comerciais em outras regi\u00f5es da cidade. Qual a import\u00e2ncia de contar com esse incentivo para atrair o p\u00fablico?<\/b><\/p>\n<p><span style=\"font-weight: 400;\">Essa \u00e9 uma quest\u00e3o importante que a Acif j\u00e1 teve a oportunidade de investigar. Em pesquisas passadas, perguntamos sobre a import\u00e2ncia da ilumina\u00e7\u00e3o de Natal aos consumidores, junto ao nosso question\u00e1rio de Natal, e 79% responderam que a ilumina\u00e7\u00e3o era um fator atrativo e importante para elas. Baseados nisso e tamb\u00e9m na percep\u00e7\u00e3o do comerciante, v\u00ednhamos buscando parcerias com a Prefeitura de Franca para que a ilumina\u00e7\u00e3o fosse poss\u00edvel e, neste ano, ela se concretizou e pudemos estender a iniciativa a outros corredores da cidade, chegando \u00e0s cinco regi\u00f5es: Norte Sul, Leste, Oeste e Centro.<\/span><\/p>\n<p><b>Como o senhor comentou, a ilumina\u00e7\u00e3o de Natal gera grande expectativa entre lojistas e popula\u00e7\u00e3o. Neste ano, ela tem um investimento de quase R$ 1 milh\u00e3o em parceria com a Prefeitura, mas tem gerado pol\u00eamica. H\u00e1 quem questione o valor investido ou os materiais utilizados e, nesta sexta-feira, o prefeito Alexandre Ferreira comunicou, atrav\u00e9s de sua Assessoria de Comunica\u00e7\u00e3o, que a Controladoria Interna da Prefeitura instaurou procedimento para verificar a conformidade entre a aplica\u00e7\u00e3o dos itens e valores descritos no Plano de Trabalho apresentado para a Decora\u00e7\u00e3o Natalina e a execu\u00e7\u00e3o dos servi\u00e7os pela Acif. Como o senhor avalia as cr\u00edticas e a auditoria aberta pela Prefeitura?<\/b><\/p>\n<p><span style=\"font-weight: 400;\">Nos pronunciamos publicamente sobre esse assunto e eu refor\u00e7o o que foi dito: A Acif se coloca \u00e0 disposi\u00e7\u00e3o das autoridades competentes para prestar todos os esclarecimentos a respeito do projeto Natal da Esperan\u00e7a. A Acif \u00e9 a favor do rigor no acompanhamento da aplica\u00e7\u00e3o do dinheiro p\u00fablico e da transpar\u00eancia, ciente de que a a\u00e7\u00e3o da Controladoria Interna da Prefeitura na apura\u00e7\u00e3o do processo concorrer\u00e1 para este fim. Somos uma entidade s\u00e9ria, que h\u00e1 77 anos tem trabalhado pelo desenvolvimento empresarial da cidade e que dar\u00e1 publicidade de seus atos n\u00e3o s\u00f3 ao Poder P\u00fablico, mas \u00e0 pr\u00f3pria comunidade com a divulga\u00e7\u00e3o da presta\u00e7\u00e3o de contas do projeto em quest\u00e3o.<\/span><\/p>\n<p><b>Tradicionalmente o com\u00e9rcio atende em hor\u00e1rio ampliado no fim do ano, que come\u00e7a nesta segunda-feira, dia 6. Quais as expectativas com essa oportunidade de maior circula\u00e7\u00e3o de clientes nas lojas?<\/b><\/p>\n<p><span style=\"font-weight: 400;\">O hor\u00e1rio especial de atendimento no m\u00eas de dezembro \u00e9, realmente, uma tradi\u00e7\u00e3o e busca impulsionar a economia durante a principal data do calend\u00e1rio comercial. \u00c9 uma forma de permitir \u00e0 popula\u00e7\u00e3o, ap\u00f3s o trabalho, visitar com calma o com\u00e9rcio local, fazer suas pesquisas de pre\u00e7o para os presentes de fim de ano, conferir as novidades nas vitrines, as promo\u00e7\u00f5es. Al\u00e9m disso, os passeios noturnos podem se estender nos bares e restaurantes da cidade, girando outros segmentos, por exemplo.<\/span><\/p>\n<p><b>E como o senhor avalia as a\u00e7\u00f5es com o Papai Noel Itinerante e atendimentos na casinha instalada na Acif?<\/b><\/p>\n<p><span style=\"font-weight: 400;\">Neste ano, o Papai Noel est\u00e1 no Centro e passa pelos bairros, em centros comunit\u00e1rios, associa\u00e7\u00f5es de moradores, \u00e1reas anexas a UBSs, pra\u00e7as, Parque Fernando Costa, quadras e outros espa\u00e7os p\u00fablicos. A visita\u00e7\u00e3o \u00e9 gratuita e a comunidade pode estar pr\u00f3xima do Papai Noel, em um ambiente decorado, preservando a proposta do Natal da Esperan\u00e7a, l\u00fadico e leve. S\u00f3 pedimos para que os respons\u00e1veis e as crian\u00e7as compare\u00e7am fazendo o uso da m\u00e1scara e sigam as orienta\u00e7\u00f5es da nossa equipe quando chegar a vez de receb\u00ea-lo. Vamos oferecer a higieniza\u00e7\u00e3o das m\u00e3os e manter o distanciamento social na \u00e1rea da \u2018casinha\u2019.<\/span><\/p>\n<p><b>O senhor gostaria de acrescentar mais alguma informa\u00e7\u00e3o?<\/b><\/p>\n<p><span style=\"font-weight: 400;\">Gostaria de deixar uma mensagem de otimismo. Quando olhamos para o cen\u00e1rio, reunindo os dados que abordamos ao longo da entrevista, percebemos que 170 mil pessoas devem ir \u00e0s compras pelo Natal, que em 2021 recuperamos mais de 10 mil vagas de emprego, voltando \u00e0s mais de 89 mil carteiras de trabalho assinadas, que teremos um f\u00f4lego extra com a inje\u00e7\u00e3o de R$ 216 milh\u00f5es com o pagamento dos 13\u00ba dos trabalhadores \u2013 sem mencionar o dos aposentados e pensionistas &#8211; que h\u00e1 incentivos ao com\u00e9rcio para este fim de ano, como as a\u00e7\u00f5es do Natal da Esperan\u00e7a, e que vamos progredir na dose de refor\u00e7o da vacina\u00e7\u00e3o. Esses fatores ser\u00e3o um excelente combust\u00edvel para que 2022 seja um ano de paz e prosperidade, desejo que, tradicionalmente, nos alcan\u00e7a nessa \u00e9poca do ano.<\/span><\/p>\n<p>&nbsp;<\/p>\n","protected":false},"excerpt":{"rendered":"<p>Tarciso B\u00f4tto, presidente da Acif, anuncia a\u00e7\u00f5es para auxiliar o com\u00e9rcio no momento de retomada p\u00f3s-pandemia \u00a0 Nelise Luques A rela\u00e7\u00e3o do empres\u00e1rio Tarciso B\u00f4tto com<span class=\"excerpt-hellip\"> [\u2026]<\/span><\/p>\n","protected":false},"author":12,"featured_media":21422,"comment_status":"open","ping_status":"open","sticky":false,"template":"","format":"standard","meta":{"_jetpack_memberships_contains_paid_content":false,"footnotes":"","jetpack_publicize_message":"","jetpack_publicize_feature_enabled":true,"jetpack_social_post_already_shared":false,"jetpack_social_options":{"image_generator_settings":{"template":"highway","default_image_id":0,"enabled":false},"version":2}},"categories":[28,81],"tags":[],"class_list":["post-21421","post","type-post","status-publish","format-standard","has-post-thumbnail","hentry","category-cotidiano","category-manchete"],"yoast_head":"<!-- This site is optimized with the Yoast SEO plugin v25.6 - https:\/\/yoast.com\/wordpress\/plugins\/seo\/ -->\n<title>\u2018Tudo indica que 2022 ser\u00e1 um ano para impulsionarmos nossa economia, apesar dos desafios\u2019 - VerdadeOn<\/title>\n<meta name=\"robots\" content=\"index, follow, max-snippet:-1, max-image-preview:large, max-video-preview:-1\" \/>\n<link rel=\"canonical\" href=\"https:\/\/verdadeon.com.br\/portal\/2021\/12\/04\/tudo-indica-que-2022-sera-um-ano-para-impulsionarmos-nossa-economia-apesar-dos-desafios\/\" \/>\n<meta property=\"og:locale\" content=\"pt_BR\" \/>\n<meta property=\"og:type\" content=\"article\" \/>\n<meta property=\"og:title\" content=\"\u2018Tudo indica que 2022 ser\u00e1 um ano para impulsionarmos nossa economia, apesar dos desafios\u2019 - VerdadeOn\" \/>\n<meta property=\"og:description\" content=\"Tarciso B\u00f4tto, presidente da Acif, anuncia a\u00e7\u00f5es para auxiliar o com\u00e9rcio no momento de retomada p\u00f3s-pandemia \u00a0 Nelise Luques A rela\u00e7\u00e3o do empres\u00e1rio Tarciso B\u00f4tto com [\u2026]\" \/>\n<meta property=\"og:url\" content=\"https:\/\/verdadeon.com.br\/portal\/2021\/12\/04\/tudo-indica-que-2022-sera-um-ano-para-impulsionarmos-nossa-economia-apesar-dos-desafios\/\" \/>\n<meta property=\"og:site_name\" content=\"VerdadeOn\" \/>\n<meta property=\"article:published_time\" content=\"2021-12-04T19:00:21+00:00\" \/>\n<meta property=\"og:image\" content=\"https:\/\/verdadeon.com.br\/portal\/wp-content\/uploads\/2021\/12\/20-08-2019-wil-Revista-ACIF-Banco-de-Imagens-Tarciso-Botto-2771-scaled.jpg\" \/>\n\t<meta property=\"og:image:width\" content=\"2560\" \/>\n\t<meta property=\"og:image:height\" content=\"1707\" \/>\n\t<meta property=\"og:image:type\" content=\"image\/jpeg\" \/>\n<meta name=\"author\" content=\"Nelise Luques\" \/>\n<meta name=\"twitter:card\" content=\"summary_large_image\" \/>\n<meta name=\"twitter:label1\" content=\"Escrito por\" \/>\n\t<meta name=\"twitter:data1\" content=\"Nelise Luques\" \/>\n\t<meta name=\"twitter:label2\" content=\"Est. tempo de leitura\" \/>\n\t<meta name=\"twitter:data2\" content=\"14 minutos\" \/>\n<script type=\"application\/ld+json\" class=\"yoast-schema-graph\">{\"@context\":\"https:\/\/schema.org\",\"@graph\":[{\"@type\":\"WebPage\",\"@id\":\"https:\/\/verdadeon.com.br\/portal\/2021\/12\/04\/tudo-indica-que-2022-sera-um-ano-para-impulsionarmos-nossa-economia-apesar-dos-desafios\/\",\"url\":\"https:\/\/verdadeon.com.br\/portal\/2021\/12\/04\/tudo-indica-que-2022-sera-um-ano-para-impulsionarmos-nossa-economia-apesar-dos-desafios\/\",\"name\":\"\u2018Tudo indica que 2022 ser\u00e1 um ano para impulsionarmos nossa economia, apesar dos desafios\u2019 - VerdadeOn\",\"isPartOf\":{\"@id\":\"https:\/\/verdadeon.com.br\/portal\/#website\"},\"primaryImageOfPage\":{\"@id\":\"https:\/\/verdadeon.com.br\/portal\/2021\/12\/04\/tudo-indica-que-2022-sera-um-ano-para-impulsionarmos-nossa-economia-apesar-dos-desafios\/#primaryimage\"},\"image\":{\"@id\":\"https:\/\/verdadeon.com.br\/portal\/2021\/12\/04\/tudo-indica-que-2022-sera-um-ano-para-impulsionarmos-nossa-economia-apesar-dos-desafios\/#primaryimage\"},\"thumbnailUrl\":\"https:\/\/i0.wp.com\/verdadeon.com.br\/portal\/wp-content\/uploads\/2021\/12\/20-08-2019-wil-Revista-ACIF-Banco-de-Imagens-Tarciso-Botto-2771-scaled.jpg?fit=2560%2C1707&ssl=1\",\"datePublished\":\"2021-12-04T19:00:21+00:00\",\"author\":{\"@id\":\"https:\/\/verdadeon.com.br\/portal\/#\/schema\/person\/8248726d36015c1916636fabb175d972\"},\"breadcrumb\":{\"@id\":\"https:\/\/verdadeon.com.br\/portal\/2021\/12\/04\/tudo-indica-que-2022-sera-um-ano-para-impulsionarmos-nossa-economia-apesar-dos-desafios\/#breadcrumb\"},\"inLanguage\":\"pt-BR\",\"potentialAction\":[{\"@type\":\"ReadAction\",\"target\":[\"https:\/\/verdadeon.com.br\/portal\/2021\/12\/04\/tudo-indica-que-2022-sera-um-ano-para-impulsionarmos-nossa-economia-apesar-dos-desafios\/\"]}]},{\"@type\":\"ImageObject\",\"inLanguage\":\"pt-BR\",\"@id\":\"https:\/\/verdadeon.com.br\/portal\/2021\/12\/04\/tudo-indica-que-2022-sera-um-ano-para-impulsionarmos-nossa-economia-apesar-dos-desafios\/#primaryimage\",\"url\":\"https:\/\/i0.wp.com\/verdadeon.com.br\/portal\/wp-content\/uploads\/2021\/12\/20-08-2019-wil-Revista-ACIF-Banco-de-Imagens-Tarciso-Botto-2771-scaled.jpg?fit=2560%2C1707&ssl=1\",\"contentUrl\":\"https:\/\/i0.wp.com\/verdadeon.com.br\/portal\/wp-content\/uploads\/2021\/12\/20-08-2019-wil-Revista-ACIF-Banco-de-Imagens-Tarciso-Botto-2771-scaled.jpg?fit=2560%2C1707&ssl=1\",\"width\":2560,\"height\":1707,\"caption\":\"O empres\u00e1rio Tarciso B\u00f4tto preside a Acif, que possui mais de tr\u00eas mil associados: \\\"Neste momento, nosso desafio \u00e9 continuar dando suporte \u00e0 classe empresarial em a\u00e7\u00f5es de fomento \u00e0 retomada econ\u00f4mica\\\" | Foto: Wilker Maia\/Acif\"},{\"@type\":\"BreadcrumbList\",\"@id\":\"https:\/\/verdadeon.com.br\/portal\/2021\/12\/04\/tudo-indica-que-2022-sera-um-ano-para-impulsionarmos-nossa-economia-apesar-dos-desafios\/#breadcrumb\",\"itemListElement\":[{\"@type\":\"ListItem\",\"position\":1,\"name\":\"In\u00edcio\",\"item\":\"https:\/\/verdadeon.com.br\/portal\/\"},{\"@type\":\"ListItem\",\"position\":2,\"name\":\"\u2018Tudo indica que 2022 ser\u00e1 um ano para impulsionarmos nossa economia, apesar dos desafios\u2019\"}]},{\"@type\":\"WebSite\",\"@id\":\"https:\/\/verdadeon.com.br\/portal\/#website\",\"url\":\"https:\/\/verdadeon.com.br\/portal\/\",\"name\":\"VerdadeOn\",\"description\":\"Not\u00edcias di\u00e1rias sobre Franca, Regi\u00e3o, Esporte, Cultura, Cotidiano, Colunas. Cobertura nos principais eventos da cidade \u00e9 aqui - Verdadeon Franca\",\"potentialAction\":[{\"@type\":\"SearchAction\",\"target\":{\"@type\":\"EntryPoint\",\"urlTemplate\":\"https:\/\/verdadeon.com.br\/portal\/?s={search_term_string}\"},\"query-input\":{\"@type\":\"PropertyValueSpecification\",\"valueRequired\":true,\"valueName\":\"search_term_string\"}}],\"inLanguage\":\"pt-BR\"},{\"@type\":\"Person\",\"@id\":\"https:\/\/verdadeon.com.br\/portal\/#\/schema\/person\/8248726d36015c1916636fabb175d972\",\"name\":\"Nelise Luques\",\"image\":{\"@type\":\"ImageObject\",\"inLanguage\":\"pt-BR\",\"@id\":\"https:\/\/verdadeon.com.br\/portal\/#\/schema\/person\/image\/\",\"url\":\"https:\/\/secure.gravatar.com\/avatar\/29b2a17f5bcadeb827411b66f48ac13c3e0ecaf5906c0f5745ecc5d41c24eada?s=96&d=mm&r=g\",\"contentUrl\":\"https:\/\/secure.gravatar.com\/avatar\/29b2a17f5bcadeb827411b66f48ac13c3e0ecaf5906c0f5745ecc5d41c24eada?s=96&d=mm&r=g\",\"caption\":\"Nelise Luques\"},\"url\":\"https:\/\/verdadeon.com.br\/portal\/author\/verdade\/\"}]}<\/script>\n<!-- \/ Yoast SEO plugin. -->","yoast_head_json":{"title":"\u2018Tudo indica que 2022 ser\u00e1 um ano para impulsionarmos nossa economia, apesar dos desafios\u2019 - VerdadeOn","robots":{"index":"index","follow":"follow","max-snippet":"max-snippet:-1","max-image-preview":"max-image-preview:large","max-video-preview":"max-video-preview:-1"},"canonical":"https:\/\/verdadeon.com.br\/portal\/2021\/12\/04\/tudo-indica-que-2022-sera-um-ano-para-impulsionarmos-nossa-economia-apesar-dos-desafios\/","og_locale":"pt_BR","og_type":"article","og_title":"\u2018Tudo indica que 2022 ser\u00e1 um ano para impulsionarmos nossa economia, apesar dos desafios\u2019 - VerdadeOn","og_description":"Tarciso B\u00f4tto, presidente da Acif, anuncia a\u00e7\u00f5es para auxiliar o com\u00e9rcio no momento de retomada p\u00f3s-pandemia \u00a0 Nelise Luques A rela\u00e7\u00e3o do empres\u00e1rio Tarciso B\u00f4tto com [\u2026]","og_url":"https:\/\/verdadeon.com.br\/portal\/2021\/12\/04\/tudo-indica-que-2022-sera-um-ano-para-impulsionarmos-nossa-economia-apesar-dos-desafios\/","og_site_name":"VerdadeOn","article_published_time":"2021-12-04T19:00:21+00:00","og_image":[{"width":2560,"height":1707,"url":"https:\/\/verdadeon.com.br\/portal\/wp-content\/uploads\/2021\/12\/20-08-2019-wil-Revista-ACIF-Banco-de-Imagens-Tarciso-Botto-2771-scaled.jpg","type":"image\/jpeg"}],"author":"Nelise Luques","twitter_card":"summary_large_image","twitter_misc":{"Escrito por":"Nelise Luques","Est. tempo de leitura":"14 minutos"},"schema":{"@context":"https:\/\/schema.org","@graph":[{"@type":"WebPage","@id":"https:\/\/verdadeon.com.br\/portal\/2021\/12\/04\/tudo-indica-que-2022-sera-um-ano-para-impulsionarmos-nossa-economia-apesar-dos-desafios\/","url":"https:\/\/verdadeon.com.br\/portal\/2021\/12\/04\/tudo-indica-que-2022-sera-um-ano-para-impulsionarmos-nossa-economia-apesar-dos-desafios\/","name":"\u2018Tudo indica que 2022 ser\u00e1 um ano para impulsionarmos nossa economia, apesar dos desafios\u2019 - VerdadeOn","isPartOf":{"@id":"https:\/\/verdadeon.com.br\/portal\/#website"},"primaryImageOfPage":{"@id":"https:\/\/verdadeon.com.br\/portal\/2021\/12\/04\/tudo-indica-que-2022-sera-um-ano-para-impulsionarmos-nossa-economia-apesar-dos-desafios\/#primaryimage"},"image":{"@id":"https:\/\/verdadeon.com.br\/portal\/2021\/12\/04\/tudo-indica-que-2022-sera-um-ano-para-impulsionarmos-nossa-economia-apesar-dos-desafios\/#primaryimage"},"thumbnailUrl":"https:\/\/i0.wp.com\/verdadeon.com.br\/portal\/wp-content\/uploads\/2021\/12\/20-08-2019-wil-Revista-ACIF-Banco-de-Imagens-Tarciso-Botto-2771-scaled.jpg?fit=2560%2C1707&ssl=1","datePublished":"2021-12-04T19:00:21+00:00","author":{"@id":"https:\/\/verdadeon.com.br\/portal\/#\/schema\/person\/8248726d36015c1916636fabb175d972"},"breadcrumb":{"@id":"https:\/\/verdadeon.com.br\/portal\/2021\/12\/04\/tudo-indica-que-2022-sera-um-ano-para-impulsionarmos-nossa-economia-apesar-dos-desafios\/#breadcrumb"},"inLanguage":"pt-BR","potentialAction":[{"@type":"ReadAction","target":["https:\/\/verdadeon.com.br\/portal\/2021\/12\/04\/tudo-indica-que-2022-sera-um-ano-para-impulsionarmos-nossa-economia-apesar-dos-desafios\/"]}]},{"@type":"ImageObject","inLanguage":"pt-BR","@id":"https:\/\/verdadeon.com.br\/portal\/2021\/12\/04\/tudo-indica-que-2022-sera-um-ano-para-impulsionarmos-nossa-economia-apesar-dos-desafios\/#primaryimage","url":"https:\/\/i0.wp.com\/verdadeon.com.br\/portal\/wp-content\/uploads\/2021\/12\/20-08-2019-wil-Revista-ACIF-Banco-de-Imagens-Tarciso-Botto-2771-scaled.jpg?fit=2560%2C1707&ssl=1","contentUrl":"https:\/\/i0.wp.com\/verdadeon.com.br\/portal\/wp-content\/uploads\/2021\/12\/20-08-2019-wil-Revista-ACIF-Banco-de-Imagens-Tarciso-Botto-2771-scaled.jpg?fit=2560%2C1707&ssl=1","width":2560,"height":1707,"caption":"O empres\u00e1rio Tarciso B\u00f4tto preside a Acif, que possui mais de tr\u00eas mil associados: \"Neste momento, nosso desafio \u00e9 continuar dando suporte \u00e0 classe empresarial em a\u00e7\u00f5es de fomento \u00e0 retomada econ\u00f4mica\" | Foto: Wilker Maia\/Acif"},{"@type":"BreadcrumbList","@id":"https:\/\/verdadeon.com.br\/portal\/2021\/12\/04\/tudo-indica-que-2022-sera-um-ano-para-impulsionarmos-nossa-economia-apesar-dos-desafios\/#breadcrumb","itemListElement":[{"@type":"ListItem","position":1,"name":"In\u00edcio","item":"https:\/\/verdadeon.com.br\/portal\/"},{"@type":"ListItem","position":2,"name":"\u2018Tudo indica que 2022 ser\u00e1 um ano para impulsionarmos nossa economia, apesar dos desafios\u2019"}]},{"@type":"WebSite","@id":"https:\/\/verdadeon.com.br\/portal\/#website","url":"https:\/\/verdadeon.com.br\/portal\/","name":"VerdadeOn","description":"Not\u00edcias di\u00e1rias sobre Franca, Regi\u00e3o, Esporte, Cultura, Cotidiano, Colunas. Cobertura nos principais eventos da cidade \u00e9 aqui - Verdadeon Franca","potentialAction":[{"@type":"SearchAction","target":{"@type":"EntryPoint","urlTemplate":"https:\/\/verdadeon.com.br\/portal\/?s={search_term_string}"},"query-input":{"@type":"PropertyValueSpecification","valueRequired":true,"valueName":"search_term_string"}}],"inLanguage":"pt-BR"},{"@type":"Person","@id":"https:\/\/verdadeon.com.br\/portal\/#\/schema\/person\/8248726d36015c1916636fabb175d972","name":"Nelise Luques","image":{"@type":"ImageObject","inLanguage":"pt-BR","@id":"https:\/\/verdadeon.com.br\/portal\/#\/schema\/person\/image\/","url":"https:\/\/secure.gravatar.com\/avatar\/29b2a17f5bcadeb827411b66f48ac13c3e0ecaf5906c0f5745ecc5d41c24eada?s=96&d=mm&r=g","contentUrl":"https:\/\/secure.gravatar.com\/avatar\/29b2a17f5bcadeb827411b66f48ac13c3e0ecaf5906c0f5745ecc5d41c24eada?s=96&d=mm&r=g","caption":"Nelise Luques"},"url":"https:\/\/verdadeon.com.br\/portal\/author\/verdade\/"}]}},"jetpack_publicize_connections":[],"jetpack_featured_media_url":"https:\/\/i0.wp.com\/verdadeon.com.br\/portal\/wp-content\/uploads\/2021\/12\/20-08-2019-wil-Revista-ACIF-Banco-de-Imagens-Tarciso-Botto-2771-scaled.jpg?fit=2560%2C1707&ssl=1","jetpack_sharing_enabled":true,"_links":{"self":[{"href":"https:\/\/verdadeon.com.br\/portal\/wp-json\/wp\/v2\/posts\/21421","targetHints":{"allow":["GET"]}}],"collection":[{"href":"https:\/\/verdadeon.com.br\/portal\/wp-json\/wp\/v2\/posts"}],"about":[{"href":"https:\/\/verdadeon.com.br\/portal\/wp-json\/wp\/v2\/types\/post"}],"author":[{"embeddable":true,"href":"https:\/\/verdadeon.com.br\/portal\/wp-json\/wp\/v2\/users\/12"}],"replies":[{"embeddable":true,"href":"https:\/\/verdadeon.com.br\/portal\/wp-json\/wp\/v2\/comments?post=21421"}],"version-history":[{"count":0,"href":"https:\/\/verdadeon.com.br\/portal\/wp-json\/wp\/v2\/posts\/21421\/revisions"}],"wp:featuredmedia":[{"embeddable":true,"href":"https:\/\/verdadeon.com.br\/portal\/wp-json\/wp\/v2\/media\/21422"}],"wp:attachment":[{"href":"https:\/\/verdadeon.com.br\/portal\/wp-json\/wp\/v2\/media?parent=21421"}],"wp:term":[{"taxonomy":"category","embeddable":true,"href":"https:\/\/verdadeon.com.br\/portal\/wp-json\/wp\/v2\/categories?post=21421"},{"taxonomy":"post_tag","embeddable":true,"href":"https:\/\/verdadeon.com.br\/portal\/wp-json\/wp\/v2\/tags?post=21421"}],"curies":[{"name":"wp","href":"https:\/\/api.w.org\/{rel}","templated":true}]}}