{"id":21405,"date":"2021-12-03T11:00:27","date_gmt":"2021-12-03T14:00:27","guid":{"rendered":"https:\/\/verdadeon.com.br\/portal\/?p=21405"},"modified":"2021-12-03T23:34:10","modified_gmt":"2021-12-04T02:34:10","slug":"radio-e-tv-imperador","status":"publish","type":"post","link":"https:\/\/verdadeon.com.br\/portal\/2021\/12\/03\/radio-e-tv-imperador\/","title":{"rendered":"R\u00c1DIO E TV IMPERADOR"},"content":{"rendered":"<h2 class=\"p1\">H\u00e1 50 anos o empres\u00e1rio Agostinho Galgani Silva montou a R\u00e1dio Imperador e depois a tv com o mesmo nome<\/h2>\n<p class=\"p1\">Era o in\u00edcio de uma transforma\u00e7\u00e3o nos meios de comunica\u00e7\u00e3o de Franca. Agostinho Galgani (foto) contratou os melhores rep\u00f3rteres e locutores da \u00e9poca. Sucesso total, da emissora que semana passada comemorou meio s\u00e9culo de atividades.<\/p>\n<p class=\"p1\">Mas interessante mesmo foi a hist\u00f3ria da TV. Franca sempre teve algumas pessoas muito inteligentes e empreendedoras.<span class=\"Apple-converted-space\">\u00a0 <\/span>Era o caso de Dem\u00e9trio Soares, Adalgiso, Matheus e Paulinho, t\u00e9cnicos em Eletr\u00f4nica. Como se fora uma aposta, cada um dizia que conseguiria montar um transmissor e c\u00e2mera de tv. Dito e feito. Logo o equipamento estava pronto para testes. Este jornalista e o locutor Paulo Jorge fomos convidados para a primeira transmiss\u00e3o de tv. Era 7 de setembro. Foi transmitido o desfile das Escolas, com tomadas a partir do primeiro andar do edif\u00edcio Franca do Imperador, mostrando desde a antiga Matriz, hoje Catedral, de um lado e a AEC do outro. Sucesso, foi a primeira transmiss\u00e3o. Mas n\u00e3o era poss\u00edvel parar por a\u00ed se tudo dera t\u00e3o certo. Convidados dr. Willian Salom\u00e3o e o radialista Valdes Rodrigues, foram programadas entrevistas diariamente, a partir das 20 hs. Um m\u00eas depois a surpresa, Uma equipe do Ex\u00e9rcito e Pol\u00edcia Federal, uniformes verde oliva, chegava a Franca. Este jornalista foi chamado a prestar depoimento sobre &#8220;a tv clandestina de Franca&#8221;. Suspensas as transmiss\u00f5es, com a possibilidade de ir a Bras\u00edlia, pois<\/p>\n<p class=\"p1\">havia um canal de tv autorizado para Franca. Ao saber disso, Agostinho Galgani imediatamente se dirigiu \u00e0 capital federal, conseguiu autoriza\u00e7\u00e3o e montou a TV Imperador de Franca.<\/p>\n<p class=\"p1\">Passados pouco mais de 2 anos outra surpresa. Galgani recebeu a ilustre visita e Silvio Santos e Paulo Machado de Carvalho, da TV Record, interessados na tv local. Galgani concordou com a proposta. E mudou de atividade, comprou fazendas no Mato Grosso e Tocantins, onde trabalha at\u00e9 hoje, mantendo em Franca somente a r\u00e1dio Imperador.<\/p>\n","protected":false},"excerpt":{"rendered":"<p>H\u00e1 50 anos o empres\u00e1rio Agostinho Galgani Silva montou a R\u00e1dio Imperador e depois a tv com o mesmo nome Era o in\u00edcio de uma transforma\u00e7\u00e3o<span class=\"excerpt-hellip\"> [\u2026]<\/span><\/p>\n","protected":false},"author":4,"featured_media":21406,"comment_status":"open","ping_status":"open","sticky":false,"template":"","format":"standard","meta":{"_jetpack_memberships_contains_paid_content":false,"footnotes":"","jetpack_publicize_message":"","jetpack_publicize_feature_enabled":true,"jetpack_social_post_already_shared":false,"jetpack_social_options":{"image_generator_settings":{"template":"highway","default_image_id":0,"enabled":false},"version":2}},"categories":[28,81],"tags":[],"class_list":["post-21405","post","type-post","status-publish","format-standard","has-post-thumbnail","hentry","category-cotidiano","category-manchete"],"yoast_head":"<!-- This site is optimized with the Yoast SEO plugin v25.6 - https:\/\/yoast.com\/wordpress\/plugins\/seo\/ -->\n<title>R\u00c1DIO E TV IMPERADOR - VerdadeOn<\/title>\n<meta name=\"robots\" content=\"index, follow, max-snippet:-1, max-image-preview:large, max-video-preview:-1\" \/>\n<link rel=\"canonical\" href=\"https:\/\/verdadeon.com.br\/portal\/2021\/12\/03\/radio-e-tv-imperador\/\" \/>\n<meta property=\"og:locale\" content=\"pt_BR\" \/>\n<meta property=\"og:type\" content=\"article\" \/>\n<meta property=\"og:title\" content=\"R\u00c1DIO E TV IMPERADOR - VerdadeOn\" \/>\n<meta property=\"og:description\" content=\"H\u00e1 50 anos o empres\u00e1rio Agostinho Galgani Silva montou a R\u00e1dio Imperador e depois a tv com o mesmo nome Era o in\u00edcio de uma transforma\u00e7\u00e3o [\u2026]\" \/>\n<meta property=\"og:url\" content=\"https:\/\/verdadeon.com.br\/portal\/2021\/12\/03\/radio-e-tv-imperador\/\" \/>\n<meta property=\"og:site_name\" content=\"VerdadeOn\" \/>\n<meta property=\"article:published_time\" content=\"2021-12-03T14:00:27+00:00\" \/>\n<meta property=\"article:modified_time\" content=\"2021-12-04T02:34:10+00:00\" \/>\n<meta property=\"og:image\" content=\"https:\/\/verdadeon.com.br\/portal\/wp-content\/uploads\/2021\/12\/WhatsApp-Image-2021-12-03-at-07.24.04.jpeg\" \/>\n\t<meta property=\"og:image:width\" content=\"1000\" \/>\n\t<meta property=\"og:image:height\" content=\"670\" \/>\n\t<meta property=\"og:image:type\" content=\"image\/jpeg\" \/>\n<meta name=\"author\" content=\"Fernando Calixto\" \/>\n<meta name=\"twitter:card\" content=\"summary_large_image\" \/>\n<meta name=\"twitter:label1\" content=\"Escrito por\" \/>\n\t<meta name=\"twitter:data1\" content=\"Fernando Calixto\" \/>\n\t<meta name=\"twitter:label2\" content=\"Est. tempo de leitura\" \/>\n\t<meta name=\"twitter:data2\" content=\"2 minutos\" \/>\n<script type=\"application\/ld+json\" class=\"yoast-schema-graph\">{\"@context\":\"https:\/\/schema.org\",\"@graph\":[{\"@type\":\"WebPage\",\"@id\":\"https:\/\/verdadeon.com.br\/portal\/2021\/12\/03\/radio-e-tv-imperador\/\",\"url\":\"https:\/\/verdadeon.com.br\/portal\/2021\/12\/03\/radio-e-tv-imperador\/\",\"name\":\"R\u00c1DIO E TV IMPERADOR - VerdadeOn\",\"isPartOf\":{\"@id\":\"https:\/\/verdadeon.com.br\/portal\/#website\"},\"primaryImageOfPage\":{\"@id\":\"https:\/\/verdadeon.com.br\/portal\/2021\/12\/03\/radio-e-tv-imperador\/#primaryimage\"},\"image\":{\"@id\":\"https:\/\/verdadeon.com.br\/portal\/2021\/12\/03\/radio-e-tv-imperador\/#primaryimage\"},\"thumbnailUrl\":\"https:\/\/i0.wp.com\/verdadeon.com.br\/portal\/wp-content\/uploads\/2021\/12\/WhatsApp-Image-2021-12-03-at-07.24.04.jpeg?fit=1000%2C670&ssl=1\",\"datePublished\":\"2021-12-03T14:00:27+00:00\",\"dateModified\":\"2021-12-04T02:34:10+00:00\",\"author\":{\"@id\":\"https:\/\/verdadeon.com.br\/portal\/#\/schema\/person\/8994718f49ee62ba5610471e29ca1f62\"},\"breadcrumb\":{\"@id\":\"https:\/\/verdadeon.com.br\/portal\/2021\/12\/03\/radio-e-tv-imperador\/#breadcrumb\"},\"inLanguage\":\"pt-BR\",\"potentialAction\":[{\"@type\":\"ReadAction\",\"target\":[\"https:\/\/verdadeon.com.br\/portal\/2021\/12\/03\/radio-e-tv-imperador\/\"]}]},{\"@type\":\"ImageObject\",\"inLanguage\":\"pt-BR\",\"@id\":\"https:\/\/verdadeon.com.br\/portal\/2021\/12\/03\/radio-e-tv-imperador\/#primaryimage\",\"url\":\"https:\/\/i0.wp.com\/verdadeon.com.br\/portal\/wp-content\/uploads\/2021\/12\/WhatsApp-Image-2021-12-03-at-07.24.04.jpeg?fit=1000%2C670&ssl=1\",\"contentUrl\":\"https:\/\/i0.wp.com\/verdadeon.com.br\/portal\/wp-content\/uploads\/2021\/12\/WhatsApp-Image-2021-12-03-at-07.24.04.jpeg?fit=1000%2C670&ssl=1\",\"width\":1000,\"height\":670,\"caption\":\"Agostinho Galgani\"},{\"@type\":\"BreadcrumbList\",\"@id\":\"https:\/\/verdadeon.com.br\/portal\/2021\/12\/03\/radio-e-tv-imperador\/#breadcrumb\",\"itemListElement\":[{\"@type\":\"ListItem\",\"position\":1,\"name\":\"In\u00edcio\",\"item\":\"https:\/\/verdadeon.com.br\/portal\/\"},{\"@type\":\"ListItem\",\"position\":2,\"name\":\"R\u00c1DIO E TV IMPERADOR\"}]},{\"@type\":\"WebSite\",\"@id\":\"https:\/\/verdadeon.com.br\/portal\/#website\",\"url\":\"https:\/\/verdadeon.com.br\/portal\/\",\"name\":\"VerdadeOn\",\"description\":\"Not\u00edcias di\u00e1rias sobre Franca, Regi\u00e3o, Esporte, Cultura, Cotidiano, Colunas. Cobertura nos principais eventos da cidade \u00e9 aqui - Verdadeon Franca\",\"potentialAction\":[{\"@type\":\"SearchAction\",\"target\":{\"@type\":\"EntryPoint\",\"urlTemplate\":\"https:\/\/verdadeon.com.br\/portal\/?s={search_term_string}\"},\"query-input\":{\"@type\":\"PropertyValueSpecification\",\"valueRequired\":true,\"valueName\":\"search_term_string\"}}],\"inLanguage\":\"pt-BR\"},{\"@type\":\"Person\",\"@id\":\"https:\/\/verdadeon.com.br\/portal\/#\/schema\/person\/8994718f49ee62ba5610471e29ca1f62\",\"name\":\"Fernando Calixto\",\"image\":{\"@type\":\"ImageObject\",\"inLanguage\":\"pt-BR\",\"@id\":\"https:\/\/verdadeon.com.br\/portal\/#\/schema\/person\/image\/\",\"url\":\"https:\/\/secure.gravatar.com\/avatar\/7578910c24966c0316c340f9dbd601e93ee9f9212e1033968b367af9306bd9fb?s=96&d=mm&r=g\",\"contentUrl\":\"https:\/\/secure.gravatar.com\/avatar\/7578910c24966c0316c340f9dbd601e93ee9f9212e1033968b367af9306bd9fb?s=96&d=mm&r=g\",\"caption\":\"Fernando Calixto\"},\"url\":\"https:\/\/verdadeon.com.br\/portal\/author\/fernando-calixto\/\"}]}<\/script>\n<!-- \/ Yoast SEO plugin. -->","yoast_head_json":{"title":"R\u00c1DIO E TV IMPERADOR - VerdadeOn","robots":{"index":"index","follow":"follow","max-snippet":"max-snippet:-1","max-image-preview":"max-image-preview:large","max-video-preview":"max-video-preview:-1"},"canonical":"https:\/\/verdadeon.com.br\/portal\/2021\/12\/03\/radio-e-tv-imperador\/","og_locale":"pt_BR","og_type":"article","og_title":"R\u00c1DIO E TV IMPERADOR - VerdadeOn","og_description":"H\u00e1 50 anos o empres\u00e1rio Agostinho Galgani Silva montou a R\u00e1dio Imperador e depois a tv com o mesmo nome Era o in\u00edcio de uma transforma\u00e7\u00e3o [\u2026]","og_url":"https:\/\/verdadeon.com.br\/portal\/2021\/12\/03\/radio-e-tv-imperador\/","og_site_name":"VerdadeOn","article_published_time":"2021-12-03T14:00:27+00:00","article_modified_time":"2021-12-04T02:34:10+00:00","og_image":[{"width":1000,"height":670,"url":"https:\/\/verdadeon.com.br\/portal\/wp-content\/uploads\/2021\/12\/WhatsApp-Image-2021-12-03-at-07.24.04.jpeg","type":"image\/jpeg"}],"author":"Fernando Calixto","twitter_card":"summary_large_image","twitter_misc":{"Escrito por":"Fernando Calixto","Est. tempo de leitura":"2 minutos"},"schema":{"@context":"https:\/\/schema.org","@graph":[{"@type":"WebPage","@id":"https:\/\/verdadeon.com.br\/portal\/2021\/12\/03\/radio-e-tv-imperador\/","url":"https:\/\/verdadeon.com.br\/portal\/2021\/12\/03\/radio-e-tv-imperador\/","name":"R\u00c1DIO E TV IMPERADOR - VerdadeOn","isPartOf":{"@id":"https:\/\/verdadeon.com.br\/portal\/#website"},"primaryImageOfPage":{"@id":"https:\/\/verdadeon.com.br\/portal\/2021\/12\/03\/radio-e-tv-imperador\/#primaryimage"},"image":{"@id":"https:\/\/verdadeon.com.br\/portal\/2021\/12\/03\/radio-e-tv-imperador\/#primaryimage"},"thumbnailUrl":"https:\/\/i0.wp.com\/verdadeon.com.br\/portal\/wp-content\/uploads\/2021\/12\/WhatsApp-Image-2021-12-03-at-07.24.04.jpeg?fit=1000%2C670&ssl=1","datePublished":"2021-12-03T14:00:27+00:00","dateModified":"2021-12-04T02:34:10+00:00","author":{"@id":"https:\/\/verdadeon.com.br\/portal\/#\/schema\/person\/8994718f49ee62ba5610471e29ca1f62"},"breadcrumb":{"@id":"https:\/\/verdadeon.com.br\/portal\/2021\/12\/03\/radio-e-tv-imperador\/#breadcrumb"},"inLanguage":"pt-BR","potentialAction":[{"@type":"ReadAction","target":["https:\/\/verdadeon.com.br\/portal\/2021\/12\/03\/radio-e-tv-imperador\/"]}]},{"@type":"ImageObject","inLanguage":"pt-BR","@id":"https:\/\/verdadeon.com.br\/portal\/2021\/12\/03\/radio-e-tv-imperador\/#primaryimage","url":"https:\/\/i0.wp.com\/verdadeon.com.br\/portal\/wp-content\/uploads\/2021\/12\/WhatsApp-Image-2021-12-03-at-07.24.04.jpeg?fit=1000%2C670&ssl=1","contentUrl":"https:\/\/i0.wp.com\/verdadeon.com.br\/portal\/wp-content\/uploads\/2021\/12\/WhatsApp-Image-2021-12-03-at-07.24.04.jpeg?fit=1000%2C670&ssl=1","width":1000,"height":670,"caption":"Agostinho Galgani"},{"@type":"BreadcrumbList","@id":"https:\/\/verdadeon.com.br\/portal\/2021\/12\/03\/radio-e-tv-imperador\/#breadcrumb","itemListElement":[{"@type":"ListItem","position":1,"name":"In\u00edcio","item":"https:\/\/verdadeon.com.br\/portal\/"},{"@type":"ListItem","position":2,"name":"R\u00c1DIO E TV IMPERADOR"}]},{"@type":"WebSite","@id":"https:\/\/verdadeon.com.br\/portal\/#website","url":"https:\/\/verdadeon.com.br\/portal\/","name":"VerdadeOn","description":"Not\u00edcias di\u00e1rias sobre Franca, Regi\u00e3o, Esporte, Cultura, Cotidiano, Colunas. Cobertura nos principais eventos da cidade \u00e9 aqui - Verdadeon Franca","potentialAction":[{"@type":"SearchAction","target":{"@type":"EntryPoint","urlTemplate":"https:\/\/verdadeon.com.br\/portal\/?s={search_term_string}"},"query-input":{"@type":"PropertyValueSpecification","valueRequired":true,"valueName":"search_term_string"}}],"inLanguage":"pt-BR"},{"@type":"Person","@id":"https:\/\/verdadeon.com.br\/portal\/#\/schema\/person\/8994718f49ee62ba5610471e29ca1f62","name":"Fernando Calixto","image":{"@type":"ImageObject","inLanguage":"pt-BR","@id":"https:\/\/verdadeon.com.br\/portal\/#\/schema\/person\/image\/","url":"https:\/\/secure.gravatar.com\/avatar\/7578910c24966c0316c340f9dbd601e93ee9f9212e1033968b367af9306bd9fb?s=96&d=mm&r=g","contentUrl":"https:\/\/secure.gravatar.com\/avatar\/7578910c24966c0316c340f9dbd601e93ee9f9212e1033968b367af9306bd9fb?s=96&d=mm&r=g","caption":"Fernando Calixto"},"url":"https:\/\/verdadeon.com.br\/portal\/author\/fernando-calixto\/"}]}},"jetpack_publicize_connections":[],"jetpack_featured_media_url":"https:\/\/i0.wp.com\/verdadeon.com.br\/portal\/wp-content\/uploads\/2021\/12\/WhatsApp-Image-2021-12-03-at-07.24.04.jpeg?fit=1000%2C670&ssl=1","jetpack_sharing_enabled":true,"_links":{"self":[{"href":"https:\/\/verdadeon.com.br\/portal\/wp-json\/wp\/v2\/posts\/21405","targetHints":{"allow":["GET"]}}],"collection":[{"href":"https:\/\/verdadeon.com.br\/portal\/wp-json\/wp\/v2\/posts"}],"about":[{"href":"https:\/\/verdadeon.com.br\/portal\/wp-json\/wp\/v2\/types\/post"}],"author":[{"embeddable":true,"href":"https:\/\/verdadeon.com.br\/portal\/wp-json\/wp\/v2\/users\/4"}],"replies":[{"embeddable":true,"href":"https:\/\/verdadeon.com.br\/portal\/wp-json\/wp\/v2\/comments?post=21405"}],"version-history":[{"count":0,"href":"https:\/\/verdadeon.com.br\/portal\/wp-json\/wp\/v2\/posts\/21405\/revisions"}],"wp:featuredmedia":[{"embeddable":true,"href":"https:\/\/verdadeon.com.br\/portal\/wp-json\/wp\/v2\/media\/21406"}],"wp:attachment":[{"href":"https:\/\/verdadeon.com.br\/portal\/wp-json\/wp\/v2\/media?parent=21405"}],"wp:term":[{"taxonomy":"category","embeddable":true,"href":"https:\/\/verdadeon.com.br\/portal\/wp-json\/wp\/v2\/categories?post=21405"},{"taxonomy":"post_tag","embeddable":true,"href":"https:\/\/verdadeon.com.br\/portal\/wp-json\/wp\/v2\/tags?post=21405"}],"curies":[{"name":"wp","href":"https:\/\/api.w.org\/{rel}","templated":true}]}}