{"id":21403,"date":"2021-12-03T23:07:37","date_gmt":"2021-12-04T02:07:37","guid":{"rendered":"https:\/\/verdadeon.com.br\/portal\/?p=21403"},"modified":"2021-12-03T23:07:37","modified_gmt":"2021-12-04T02:07:37","slug":"entao-e-natal","status":"publish","type":"post","link":"https:\/\/verdadeon.com.br\/portal\/2021\/12\/03\/entao-e-natal\/","title":{"rendered":"Ent\u00e3o, \u00e9 Natal"},"content":{"rendered":"<p class=\"p1\"><span class=\"s1\">O ano de 2021 veio cheio de expectativas: seria o ano da retomada ou seria mais um ano de apreens\u00e3o? Entre altos e baixos, alegrias e tristezas, comemora\u00e7\u00f5es e frustra\u00e7\u00f5es, riscos e oportunidades, 2021 vai se encerrando.<\/span><\/p>\n<p class=\"p1\"><span class=\"s1\">N\u00f3s, enquanto consumidores, estamos mais atentos, informados e menos suscet\u00edveis \u00e0s compras por impulso. Aprendemos nos dois \u00faltimos anos a refletir sobre as necessidades e desejos de compra, nos importamos mais em \u201cser\u201d do que em \u201cter\u201d e falamos em sustentabilidade, consumo consciente e estilo de vida minimalista.<\/span><\/p>\n<p class=\"p1\"><span class=\"s1\">J\u00e1 escrevi em outras oportunidades sobre a \u201cera da experi\u00eancia\u201d e quanto as marcas precisam se tornar mais interessantes para o ecossistema, n\u00e3o apenas para seus clientes, mas sim para todos que, de alguma forma, s\u00e3o impactados por ela. \u00c9 poss\u00edvel a marca ter f\u00e3s, mesmo sem a efetiva\u00e7\u00e3o de uma rela\u00e7\u00e3o comercial. O que antes era intr\u00ednseco para as grandes marcas, se torna poss\u00edvel para o mercado de maneira geral: as marcas precisam oferecer o \u201cn\u00e3o \u00f3bvio\u201d, inspirar.<\/span><\/p>\n<p class=\"p1\"><span class=\"s1\">Em um cen\u00e1rio de retomada econ\u00f4mica, oportunidades e desafios aparecem a todo momento e, para n\u00f3s empreendedores, um dos maiores desafios \u00e9 o de ressignificar nossos produtos, servi\u00e7os, solu\u00e7\u00f5es e marcas para um p\u00fablico que busca conex\u00f5es atrav\u00e9s das experi\u00eancias.<\/span><\/p>\n<p class=\"p1\"><span class=\"s1\">O momento inspira reflex\u00e3o. \u00c9 hora de avaliar qual a relev\u00e2ncia da sua oferta, e como est\u00e1 a rela\u00e7\u00e3o do seu p\u00fablico com sua marca, diante de tantas mudan\u00e7as. \u00c9 importante dizer que voc\u00ea vai continuar vendendo, por\u00e9m a motiva\u00e7\u00e3o pela compra e a rela\u00e7\u00e3o de consumo j\u00e1 s\u00e3o diferentes.<\/span><\/p>\n<p class=\"p1\"><span class=\"s1\">Agora no final do ano, 83 milh\u00f5es de brasileiros recebem seu 13\u00ba sal\u00e1rio, que representa uma inje\u00e7\u00e3o de aproximadamente R$ 232 bilh\u00f5es na economia, segundo estimativa do Dieese (Departamento Intersindical de Estat\u00edstica e Estudos Socioecon\u00f4micos). Sabemos que boa parte deste montante ser\u00e1 gasta com compras de final de ano, presentes, viagens de f\u00e9rias, entre outros itens que fogem da rotina cotidiana dos trabalhadores, aposentados e pensionistas eleg\u00edveis ao benef\u00edcio.<\/span><\/p>\n<p class=\"p1\"><span class=\"s1\">S\u00e3o consumidores com dinheiro na m\u00e3o e que buscam, atrav\u00e9s de suas compras, vivenciar experi\u00eancias sustentadas pela emo\u00e7\u00e3o e intera\u00e7\u00e3o: quanto mais sensorial e customizada for a conex\u00e3o entre sua marca e o cliente, maior o valor percebido.<\/span><\/p>\n<p class=\"p1\"><span class=\"s1\">O mercado do turismo representou, em 2019, aproximadamente 10% do PIB global, quase US$ 9 trilh\u00f5es e, de acordo com uma pesquisa da McKinsey &amp; Company, devemos retomar este patamar at\u00e9 2024. J\u00e1 uma outra pesquisa global, Passenger Confidence Tracker, da Inmarsat, revela que, oito em cada 10 passageiros a\u00e9reos repensaram seus h\u00e1bitos de viagem, planejando viajar com menos frequ\u00eancia. Entre os mais ansiosos, 26% dos brit\u00e2nicos e h\u00fangaros entrevistados disseram que \u201cembarcariam num voo hoje\u201d. <\/span><\/p>\n<p class=\"p1\"><span class=\"s1\">No Brasil, o cen\u00e1rio \u00e9 de otimismo. A IPC Maps, que avalia o potencial de consumo dos brasileiros, indica que o turismo deve movimentar algo em torno de R$ 60,6 bilh\u00f5es at\u00e9 o final deste ano, valor expressivamente maior que o alcan\u00e7ado em 2020, que foi de R$ 53 bilh\u00f5es. Ainda de acordo com os especialistas da IPC Maps, se o consumo se mantiver em franca recupera\u00e7\u00e3o o mercado do turismo tende a acompanhar este movimento.<\/span><\/p>\n<p class=\"p1\"><span class=\"s1\">Em Franca temos indicadores positivos da retomada do mercado. De acordo com o Instituto de Economia da ACIF (Associa\u00e7\u00e3o do Com\u00e9rcio e Ind\u00fastria de Franca), somente na cidade esperamos que R$ 216 milh\u00f5es sejam injetados na economia e, desse valor, cerca de R$ 44 milh\u00f5es ser\u00e3o destinados ao com\u00e9rcio.<\/span><\/p>\n<p class=\"p1\"><span class=\"s1\">Como vimos, existe esperan\u00e7a e motivos para acreditarmos em um final de ano com bons neg\u00f3cios, mas com desafios inerentes \u00e0s mudan\u00e7as no comportamento dos consumidores e aos ajustes do mercado. Sai na frente quem usar a criatividade e tecnologia para construir conex\u00f5es genu\u00ednas com seu p\u00fablico.<\/span><\/p>\n<p>&nbsp;<\/p>\n<p class=\"p1\">Jean Dunkl<\/p>\n<p class=\"p2\">@jeandunkl<\/p>\n<p class=\"p2\">CEO da CPD Consultoria e da Espacio de Color, mentor em Gest\u00e3o Estrat\u00e9gica de Neg\u00f3cios, gestor da Impera e volunt\u00e1rio da Singularity University<\/p>\n","protected":false},"excerpt":{"rendered":"<p>O ano de 2021 veio cheio de expectativas: seria o ano da retomada ou seria mais um ano de apreens\u00e3o? Entre altos e baixos, alegrias e<span class=\"excerpt-hellip\"> [\u2026]<\/span><\/p>\n","protected":false},"author":4,"featured_media":0,"comment_status":"open","ping_status":"open","sticky":false,"template":"","format":"standard","meta":{"_jetpack_memberships_contains_paid_content":false,"footnotes":"","jetpack_publicize_message":"","jetpack_publicize_feature_enabled":true,"jetpack_social_post_already_shared":false,"jetpack_social_options":{"image_generator_settings":{"template":"highway","default_image_id":0,"enabled":false},"version":2}},"categories":[132],"tags":[],"class_list":["post-21403","post","type-post","status-publish","format-standard","hentry","category-artigos"],"yoast_head":"<!-- This site is optimized with the Yoast SEO plugin v25.6 - https:\/\/yoast.com\/wordpress\/plugins\/seo\/ -->\n<title>Ent\u00e3o, \u00e9 Natal - VerdadeOn<\/title>\n<meta name=\"robots\" content=\"index, follow, max-snippet:-1, max-image-preview:large, max-video-preview:-1\" \/>\n<link rel=\"canonical\" href=\"https:\/\/verdadeon.com.br\/portal\/2021\/12\/03\/entao-e-natal\/\" \/>\n<meta property=\"og:locale\" content=\"pt_BR\" \/>\n<meta property=\"og:type\" content=\"article\" \/>\n<meta property=\"og:title\" content=\"Ent\u00e3o, \u00e9 Natal - VerdadeOn\" \/>\n<meta property=\"og:description\" content=\"O ano de 2021 veio cheio de expectativas: seria o ano da retomada ou seria mais um ano de apreens\u00e3o? Entre altos e baixos, alegrias e [\u2026]\" \/>\n<meta property=\"og:url\" content=\"https:\/\/verdadeon.com.br\/portal\/2021\/12\/03\/entao-e-natal\/\" \/>\n<meta property=\"og:site_name\" content=\"VerdadeOn\" \/>\n<meta property=\"article:published_time\" content=\"2021-12-04T02:07:37+00:00\" \/>\n<meta name=\"author\" content=\"Fernando Calixto\" \/>\n<meta name=\"twitter:card\" content=\"summary_large_image\" \/>\n<meta name=\"twitter:label1\" content=\"Escrito por\" \/>\n\t<meta name=\"twitter:data1\" content=\"Fernando Calixto\" \/>\n\t<meta name=\"twitter:label2\" content=\"Est. tempo de leitura\" \/>\n\t<meta name=\"twitter:data2\" content=\"3 minutos\" \/>\n<script type=\"application\/ld+json\" class=\"yoast-schema-graph\">{\"@context\":\"https:\/\/schema.org\",\"@graph\":[{\"@type\":\"WebPage\",\"@id\":\"https:\/\/verdadeon.com.br\/portal\/2021\/12\/03\/entao-e-natal\/\",\"url\":\"https:\/\/verdadeon.com.br\/portal\/2021\/12\/03\/entao-e-natal\/\",\"name\":\"Ent\u00e3o, \u00e9 Natal - VerdadeOn\",\"isPartOf\":{\"@id\":\"https:\/\/verdadeon.com.br\/portal\/#website\"},\"datePublished\":\"2021-12-04T02:07:37+00:00\",\"author\":{\"@id\":\"https:\/\/verdadeon.com.br\/portal\/#\/schema\/person\/8994718f49ee62ba5610471e29ca1f62\"},\"breadcrumb\":{\"@id\":\"https:\/\/verdadeon.com.br\/portal\/2021\/12\/03\/entao-e-natal\/#breadcrumb\"},\"inLanguage\":\"pt-BR\",\"potentialAction\":[{\"@type\":\"ReadAction\",\"target\":[\"https:\/\/verdadeon.com.br\/portal\/2021\/12\/03\/entao-e-natal\/\"]}]},{\"@type\":\"BreadcrumbList\",\"@id\":\"https:\/\/verdadeon.com.br\/portal\/2021\/12\/03\/entao-e-natal\/#breadcrumb\",\"itemListElement\":[{\"@type\":\"ListItem\",\"position\":1,\"name\":\"In\u00edcio\",\"item\":\"https:\/\/verdadeon.com.br\/portal\/\"},{\"@type\":\"ListItem\",\"position\":2,\"name\":\"Ent\u00e3o, \u00e9 Natal\"}]},{\"@type\":\"WebSite\",\"@id\":\"https:\/\/verdadeon.com.br\/portal\/#website\",\"url\":\"https:\/\/verdadeon.com.br\/portal\/\",\"name\":\"VerdadeOn\",\"description\":\"Not\u00edcias di\u00e1rias sobre Franca, Regi\u00e3o, Esporte, Cultura, Cotidiano, Colunas. Cobertura nos principais eventos da cidade \u00e9 aqui - Verdadeon Franca\",\"potentialAction\":[{\"@type\":\"SearchAction\",\"target\":{\"@type\":\"EntryPoint\",\"urlTemplate\":\"https:\/\/verdadeon.com.br\/portal\/?s={search_term_string}\"},\"query-input\":{\"@type\":\"PropertyValueSpecification\",\"valueRequired\":true,\"valueName\":\"search_term_string\"}}],\"inLanguage\":\"pt-BR\"},{\"@type\":\"Person\",\"@id\":\"https:\/\/verdadeon.com.br\/portal\/#\/schema\/person\/8994718f49ee62ba5610471e29ca1f62\",\"name\":\"Fernando Calixto\",\"image\":{\"@type\":\"ImageObject\",\"inLanguage\":\"pt-BR\",\"@id\":\"https:\/\/verdadeon.com.br\/portal\/#\/schema\/person\/image\/\",\"url\":\"https:\/\/secure.gravatar.com\/avatar\/7578910c24966c0316c340f9dbd601e93ee9f9212e1033968b367af9306bd9fb?s=96&d=mm&r=g\",\"contentUrl\":\"https:\/\/secure.gravatar.com\/avatar\/7578910c24966c0316c340f9dbd601e93ee9f9212e1033968b367af9306bd9fb?s=96&d=mm&r=g\",\"caption\":\"Fernando Calixto\"},\"url\":\"https:\/\/verdadeon.com.br\/portal\/author\/fernando-calixto\/\"}]}<\/script>\n<!-- \/ Yoast SEO plugin. -->","yoast_head_json":{"title":"Ent\u00e3o, \u00e9 Natal - VerdadeOn","robots":{"index":"index","follow":"follow","max-snippet":"max-snippet:-1","max-image-preview":"max-image-preview:large","max-video-preview":"max-video-preview:-1"},"canonical":"https:\/\/verdadeon.com.br\/portal\/2021\/12\/03\/entao-e-natal\/","og_locale":"pt_BR","og_type":"article","og_title":"Ent\u00e3o, \u00e9 Natal - VerdadeOn","og_description":"O ano de 2021 veio cheio de expectativas: seria o ano da retomada ou seria mais um ano de apreens\u00e3o? Entre altos e baixos, alegrias e [\u2026]","og_url":"https:\/\/verdadeon.com.br\/portal\/2021\/12\/03\/entao-e-natal\/","og_site_name":"VerdadeOn","article_published_time":"2021-12-04T02:07:37+00:00","author":"Fernando Calixto","twitter_card":"summary_large_image","twitter_misc":{"Escrito por":"Fernando Calixto","Est. tempo de leitura":"3 minutos"},"schema":{"@context":"https:\/\/schema.org","@graph":[{"@type":"WebPage","@id":"https:\/\/verdadeon.com.br\/portal\/2021\/12\/03\/entao-e-natal\/","url":"https:\/\/verdadeon.com.br\/portal\/2021\/12\/03\/entao-e-natal\/","name":"Ent\u00e3o, \u00e9 Natal - VerdadeOn","isPartOf":{"@id":"https:\/\/verdadeon.com.br\/portal\/#website"},"datePublished":"2021-12-04T02:07:37+00:00","author":{"@id":"https:\/\/verdadeon.com.br\/portal\/#\/schema\/person\/8994718f49ee62ba5610471e29ca1f62"},"breadcrumb":{"@id":"https:\/\/verdadeon.com.br\/portal\/2021\/12\/03\/entao-e-natal\/#breadcrumb"},"inLanguage":"pt-BR","potentialAction":[{"@type":"ReadAction","target":["https:\/\/verdadeon.com.br\/portal\/2021\/12\/03\/entao-e-natal\/"]}]},{"@type":"BreadcrumbList","@id":"https:\/\/verdadeon.com.br\/portal\/2021\/12\/03\/entao-e-natal\/#breadcrumb","itemListElement":[{"@type":"ListItem","position":1,"name":"In\u00edcio","item":"https:\/\/verdadeon.com.br\/portal\/"},{"@type":"ListItem","position":2,"name":"Ent\u00e3o, \u00e9 Natal"}]},{"@type":"WebSite","@id":"https:\/\/verdadeon.com.br\/portal\/#website","url":"https:\/\/verdadeon.com.br\/portal\/","name":"VerdadeOn","description":"Not\u00edcias di\u00e1rias sobre Franca, Regi\u00e3o, Esporte, Cultura, Cotidiano, Colunas. Cobertura nos principais eventos da cidade \u00e9 aqui - Verdadeon Franca","potentialAction":[{"@type":"SearchAction","target":{"@type":"EntryPoint","urlTemplate":"https:\/\/verdadeon.com.br\/portal\/?s={search_term_string}"},"query-input":{"@type":"PropertyValueSpecification","valueRequired":true,"valueName":"search_term_string"}}],"inLanguage":"pt-BR"},{"@type":"Person","@id":"https:\/\/verdadeon.com.br\/portal\/#\/schema\/person\/8994718f49ee62ba5610471e29ca1f62","name":"Fernando Calixto","image":{"@type":"ImageObject","inLanguage":"pt-BR","@id":"https:\/\/verdadeon.com.br\/portal\/#\/schema\/person\/image\/","url":"https:\/\/secure.gravatar.com\/avatar\/7578910c24966c0316c340f9dbd601e93ee9f9212e1033968b367af9306bd9fb?s=96&d=mm&r=g","contentUrl":"https:\/\/secure.gravatar.com\/avatar\/7578910c24966c0316c340f9dbd601e93ee9f9212e1033968b367af9306bd9fb?s=96&d=mm&r=g","caption":"Fernando Calixto"},"url":"https:\/\/verdadeon.com.br\/portal\/author\/fernando-calixto\/"}]}},"jetpack_publicize_connections":[],"jetpack_featured_media_url":"","jetpack_sharing_enabled":true,"_links":{"self":[{"href":"https:\/\/verdadeon.com.br\/portal\/wp-json\/wp\/v2\/posts\/21403","targetHints":{"allow":["GET"]}}],"collection":[{"href":"https:\/\/verdadeon.com.br\/portal\/wp-json\/wp\/v2\/posts"}],"about":[{"href":"https:\/\/verdadeon.com.br\/portal\/wp-json\/wp\/v2\/types\/post"}],"author":[{"embeddable":true,"href":"https:\/\/verdadeon.com.br\/portal\/wp-json\/wp\/v2\/users\/4"}],"replies":[{"embeddable":true,"href":"https:\/\/verdadeon.com.br\/portal\/wp-json\/wp\/v2\/comments?post=21403"}],"version-history":[{"count":0,"href":"https:\/\/verdadeon.com.br\/portal\/wp-json\/wp\/v2\/posts\/21403\/revisions"}],"wp:attachment":[{"href":"https:\/\/verdadeon.com.br\/portal\/wp-json\/wp\/v2\/media?parent=21403"}],"wp:term":[{"taxonomy":"category","embeddable":true,"href":"https:\/\/verdadeon.com.br\/portal\/wp-json\/wp\/v2\/categories?post=21403"},{"taxonomy":"post_tag","embeddable":true,"href":"https:\/\/verdadeon.com.br\/portal\/wp-json\/wp\/v2\/tags?post=21403"}],"curies":[{"name":"wp","href":"https:\/\/api.w.org\/{rel}","templated":true}]}}