{"id":21360,"date":"2021-12-02T15:00:23","date_gmt":"2021-12-02T18:00:23","guid":{"rendered":"https:\/\/verdadeon.com.br\/portal\/?p=21360"},"modified":"2021-12-02T17:33:58","modified_gmt":"2021-12-02T20:33:58","slug":"campanhas-de-natal-arrecadam-de-balas-a-chocotones-para-presentear-criancas","status":"publish","type":"post","link":"https:\/\/verdadeon.com.br\/portal\/2021\/12\/02\/campanhas-de-natal-arrecadam-de-balas-a-chocotones-para-presentear-criancas\/","title":{"rendered":"Campanhas de Natal arrecadam de balas a chocotones para presentear crian\u00e7as"},"content":{"rendered":"<h2>ONGs e volunt\u00e1rios querem alegrar Natal de fam\u00edlias carentes. At\u00e9 drive-thru auxiliar\u00e1 na entrega das doa\u00e7\u00f5es<\/h2>\n<p>&nbsp;<\/p>\n<p><span style=\"font-weight: 400;\">A\u00e7\u00f5es volunt\u00e1rias se intensificam pela cidade mobilizando as pessoas para promover um Natal diferente para fam\u00edlias, em especial as crian\u00e7as. As campanhas arrecadam desde balas, pirulitos, brinquedos, chocotones at\u00e9 refrigerantes. As doa\u00e7\u00f5es normalmente podem ser feitas presencialmente, por transfer\u00eancia banc\u00e1ria via PIX ou durante o Drive-Thru que um dos grupos ir\u00e1 promover.<\/span><\/p>\n<p><span style=\"font-weight: 400;\">Com o prop\u00f3sito de distribuir sorrisos no Natal, o Grupo Mulheres do Brasil se organiza para arrecadar doa\u00e7\u00f5es suficientes para montar 500 kits com brinquedos, chocotones e refrigerantes e doar para as fam\u00edlias em vulnerabilidade social atendidas durante todo o ano pelo grupo Corrente do Bem.<\/span><\/p>\n<p><span style=\"font-weight: 400;\">A entrega acontecer\u00e1 nos dias 19, 20 e 21 de dezembro e para ajudar a atingir o total de kits que necessitam, o Grupo promover\u00e1 o Drive-Thru Solid\u00e1rio no dia 18, das 9h \u00e0s 14h, na Avenida Alonso Y Alonso, n\u00ba 710 (na Lute M\u00f3veis), com Papai Noel e outros personagens para recepcionar quem for levar os chocotones, refrigerantes e brinquedos. \u201cO objetivo da campanha \u00e9 amenizar a dor das crian\u00e7as que n\u00e3o t\u00eam nada, lhes falta tudo. Faremos elas sorrirem e passarem um Natal feliz. No ano passado foi um momento maravilhoso, tivemos uma experi\u00eancia \u00fanica e levamos alegria a 500 crian\u00e7as. As crian\u00e7as abra\u00e7avam o Papai Noel e n\u00e3o soltavam\u201d, disse a comerciante Dircelia Rabelo Andrade, coordenadora do Corrente do Bem.<\/span><\/p>\n<p><span style=\"font-weight: 400;\">Quem n\u00e3o puder participar do Drive-Thru, pode levar doa\u00e7\u00f5es na Rua Of\u00e9lia Soares Russo, 1011, Jardim Planalto, na Lute M\u00f3veis ou pedir para que os volunt\u00e1rios busquem, pelo telefone\u00a0 (16) 99312-8373.<\/span><\/p>\n<h4><span style=\"font-weight: 400;\">ONGs<\/span><\/h4>\n<p><span style=\"font-weight: 400;\">A Campanha de Natal M\u00e3os do Bem vai distribuir balas, chicletes, bombons e pirulitos no pr\u00f3ximo dia 18 e pede ajuda da comunidade com doa\u00e7\u00f5es dos doces. As pessoas que puderem contribuir podem fazer doa\u00e7\u00f5es via Pix, para <\/span><a href=\"mailto:leonardodelgadolima5@gmail.com\"><span style=\"font-weight: 400;\">leonardodelgadolima5@gmail.com,<\/span><\/a><span style=\"font-weight: 400;\"> at\u00e9 o dia 16.<\/span><\/p>\n<p><span style=\"font-weight: 400;\">\u201c\u00c9 muito recompensador participar de iniciativas como essa porque v\u00e3o muito al\u00e9m da doa\u00e7\u00e3o! Ver o brilho nos olhos das pessoas \u00e9 muito gratificante. \u00c9 uma troca de amor e afeto na qual ambas as partes compartilham bons sentimentos\u201d, disse a empreendedora Tha\u00eds Azzuz, que tamb\u00e9m participa de outra a\u00e7\u00e3o volunt\u00e1ria junto aos amigos. \u00c9 o Natal Solid\u00e1rio, em Ribeir\u00e3o Corrente, que acontecer\u00e1 pelo terceiro ano.<\/span><\/p>\n<h4>Festa no Paraty<\/h4>\n<p><span style=\"font-weight: 400;\">Festas nas comunidades tamb\u00e9m prometem tornar o per\u00edodo de Natal mais alegre nos bairros de Franca. A \u201cA\u00e7\u00e3o Volunt\u00e1ria de Natal\u201d espera receber de 200 a 300 crian\u00e7as no dia 19 de dezembro, a partir das 13h, na quadra dos predinhos da CDHU do Jardim Paraty. Vai ter pula-pula, escorregador gigante, pipoca, algod\u00e3o doce, cortes de cabelo, manicure e entrega de saquinhos surpresa.<\/span><\/p>\n<p><span style=\"font-weight: 400;\">Quem quiser, pode contribuir doando balas e pirulitos para serem entregues no dia da festa. \u201cSou da Igreja Evangelho Quadrangular e estamos acostumados a realizar miss\u00f5es na Bol\u00edvia e na \u00c1frica, eu sempre apoiei esse trabalho. Tamb\u00e9m participei recentemente de festa do Dia das Crian\u00e7as em Franca e no Natal vamos oferecer um momento de ora\u00e7\u00e3o, di\u00e1logo, falar do Evangelho e levar divers\u00e3o para a crian\u00e7ada\u201d, disse Jhonatan Alan, organizador do evento. As doa\u00e7\u00f5es podem ser feitas para ele, pelo contato (16)99106-0830.<\/span><\/p>\n<p>&nbsp;<\/p>\n","protected":false},"excerpt":{"rendered":"<p>ONGs e volunt\u00e1rios querem alegrar Natal de fam\u00edlias carentes. At\u00e9 drive-thru auxiliar\u00e1 na entrega das doa\u00e7\u00f5es &nbsp; A\u00e7\u00f5es volunt\u00e1rias se intensificam pela cidade mobilizando as pessoas<span class=\"excerpt-hellip\"> [\u2026]<\/span><\/p>\n","protected":false},"author":12,"featured_media":21361,"comment_status":"open","ping_status":"open","sticky":false,"template":"","format":"standard","meta":{"_jetpack_memberships_contains_paid_content":false,"footnotes":"","jetpack_publicize_message":"","jetpack_publicize_feature_enabled":true,"jetpack_social_post_already_shared":false,"jetpack_social_options":{"image_generator_settings":{"template":"highway","default_image_id":0,"enabled":false},"version":2}},"categories":[28,81],"tags":[],"class_list":["post-21360","post","type-post","status-publish","format-standard","has-post-thumbnail","hentry","category-cotidiano","category-manchete"],"yoast_head":"<!-- This site is optimized with the Yoast SEO plugin v25.6 - https:\/\/yoast.com\/wordpress\/plugins\/seo\/ -->\n<title>Campanhas de Natal arrecadam de balas a chocotones para presentear crian\u00e7as - VerdadeOn<\/title>\n<meta name=\"robots\" content=\"index, follow, max-snippet:-1, max-image-preview:large, max-video-preview:-1\" \/>\n<link rel=\"canonical\" href=\"https:\/\/verdadeon.com.br\/portal\/2021\/12\/02\/campanhas-de-natal-arrecadam-de-balas-a-chocotones-para-presentear-criancas\/\" \/>\n<meta property=\"og:locale\" content=\"pt_BR\" \/>\n<meta property=\"og:type\" content=\"article\" \/>\n<meta property=\"og:title\" content=\"Campanhas de Natal arrecadam de balas a chocotones para presentear crian\u00e7as - VerdadeOn\" \/>\n<meta property=\"og:description\" content=\"ONGs e volunt\u00e1rios querem alegrar Natal de fam\u00edlias carentes. At\u00e9 drive-thru auxiliar\u00e1 na entrega das doa\u00e7\u00f5es &nbsp; A\u00e7\u00f5es volunt\u00e1rias se intensificam pela cidade mobilizando as pessoas [\u2026]\" \/>\n<meta property=\"og:url\" content=\"https:\/\/verdadeon.com.br\/portal\/2021\/12\/02\/campanhas-de-natal-arrecadam-de-balas-a-chocotones-para-presentear-criancas\/\" \/>\n<meta property=\"og:site_name\" content=\"VerdadeOn\" \/>\n<meta property=\"article:published_time\" content=\"2021-12-02T18:00:23+00:00\" \/>\n<meta property=\"article:modified_time\" content=\"2021-12-02T20:33:58+00:00\" \/>\n<meta property=\"og:image\" content=\"https:\/\/verdadeon.com.br\/portal\/wp-content\/uploads\/2021\/12\/CAMPANHA-DE-NATAL-SOLIDARIO-EM-RIBEIRAO-CORRENTE-FOTO-ARQUIVO-PESSOAL-e1638477079893.jpeg\" \/>\n\t<meta property=\"og:image:width\" content=\"999\" \/>\n\t<meta property=\"og:image:height\" content=\"670\" \/>\n\t<meta property=\"og:image:type\" content=\"image\/jpeg\" \/>\n<meta name=\"author\" content=\"Nelise Luques\" \/>\n<meta name=\"twitter:card\" content=\"summary_large_image\" \/>\n<meta name=\"twitter:label1\" content=\"Escrito por\" \/>\n\t<meta name=\"twitter:data1\" content=\"Nelise Luques\" \/>\n\t<meta name=\"twitter:label2\" content=\"Est. tempo de leitura\" \/>\n\t<meta name=\"twitter:data2\" content=\"3 minutos\" \/>\n<script type=\"application\/ld+json\" class=\"yoast-schema-graph\">{\"@context\":\"https:\/\/schema.org\",\"@graph\":[{\"@type\":\"WebPage\",\"@id\":\"https:\/\/verdadeon.com.br\/portal\/2021\/12\/02\/campanhas-de-natal-arrecadam-de-balas-a-chocotones-para-presentear-criancas\/\",\"url\":\"https:\/\/verdadeon.com.br\/portal\/2021\/12\/02\/campanhas-de-natal-arrecadam-de-balas-a-chocotones-para-presentear-criancas\/\",\"name\":\"Campanhas de Natal arrecadam de balas a chocotones para presentear crian\u00e7as - VerdadeOn\",\"isPartOf\":{\"@id\":\"https:\/\/verdadeon.com.br\/portal\/#website\"},\"primaryImageOfPage\":{\"@id\":\"https:\/\/verdadeon.com.br\/portal\/2021\/12\/02\/campanhas-de-natal-arrecadam-de-balas-a-chocotones-para-presentear-criancas\/#primaryimage\"},\"image\":{\"@id\":\"https:\/\/verdadeon.com.br\/portal\/2021\/12\/02\/campanhas-de-natal-arrecadam-de-balas-a-chocotones-para-presentear-criancas\/#primaryimage\"},\"thumbnailUrl\":\"https:\/\/i0.wp.com\/verdadeon.com.br\/portal\/wp-content\/uploads\/2021\/12\/CAMPANHA-DE-NATAL-SOLIDARIO-EM-RIBEIRAO-CORRENTE-FOTO-ARQUIVO-PESSOAL-e1638477079893.jpeg?fit=999%2C670&ssl=1\",\"datePublished\":\"2021-12-02T18:00:23+00:00\",\"dateModified\":\"2021-12-02T20:33:58+00:00\",\"author\":{\"@id\":\"https:\/\/verdadeon.com.br\/portal\/#\/schema\/person\/8248726d36015c1916636fabb175d972\"},\"breadcrumb\":{\"@id\":\"https:\/\/verdadeon.com.br\/portal\/2021\/12\/02\/campanhas-de-natal-arrecadam-de-balas-a-chocotones-para-presentear-criancas\/#breadcrumb\"},\"inLanguage\":\"pt-BR\",\"potentialAction\":[{\"@type\":\"ReadAction\",\"target\":[\"https:\/\/verdadeon.com.br\/portal\/2021\/12\/02\/campanhas-de-natal-arrecadam-de-balas-a-chocotones-para-presentear-criancas\/\"]}]},{\"@type\":\"ImageObject\",\"inLanguage\":\"pt-BR\",\"@id\":\"https:\/\/verdadeon.com.br\/portal\/2021\/12\/02\/campanhas-de-natal-arrecadam-de-balas-a-chocotones-para-presentear-criancas\/#primaryimage\",\"url\":\"https:\/\/i0.wp.com\/verdadeon.com.br\/portal\/wp-content\/uploads\/2021\/12\/CAMPANHA-DE-NATAL-SOLIDARIO-EM-RIBEIRAO-CORRENTE-FOTO-ARQUIVO-PESSOAL-e1638477079893.jpeg?fit=999%2C670&ssl=1\",\"contentUrl\":\"https:\/\/i0.wp.com\/verdadeon.com.br\/portal\/wp-content\/uploads\/2021\/12\/CAMPANHA-DE-NATAL-SOLIDARIO-EM-RIBEIRAO-CORRENTE-FOTO-ARQUIVO-PESSOAL-e1638477079893.jpeg?fit=999%2C670&ssl=1\",\"width\":999,\"height\":670,\"caption\":\"Amigos organizam, pelo terceiro ano, o Natal Solid\u00e1rio para distribuir brinquedos e doces em Ribeir\u00e3o Corrente | Foto: Arquivo Pessoal\"},{\"@type\":\"BreadcrumbList\",\"@id\":\"https:\/\/verdadeon.com.br\/portal\/2021\/12\/02\/campanhas-de-natal-arrecadam-de-balas-a-chocotones-para-presentear-criancas\/#breadcrumb\",\"itemListElement\":[{\"@type\":\"ListItem\",\"position\":1,\"name\":\"In\u00edcio\",\"item\":\"https:\/\/verdadeon.com.br\/portal\/\"},{\"@type\":\"ListItem\",\"position\":2,\"name\":\"Campanhas de Natal arrecadam de balas a chocotones para presentear crian\u00e7as\"}]},{\"@type\":\"WebSite\",\"@id\":\"https:\/\/verdadeon.com.br\/portal\/#website\",\"url\":\"https:\/\/verdadeon.com.br\/portal\/\",\"name\":\"VerdadeOn\",\"description\":\"Not\u00edcias di\u00e1rias sobre Franca, Regi\u00e3o, Esporte, Cultura, Cotidiano, Colunas. Cobertura nos principais eventos da cidade \u00e9 aqui - Verdadeon Franca\",\"potentialAction\":[{\"@type\":\"SearchAction\",\"target\":{\"@type\":\"EntryPoint\",\"urlTemplate\":\"https:\/\/verdadeon.com.br\/portal\/?s={search_term_string}\"},\"query-input\":{\"@type\":\"PropertyValueSpecification\",\"valueRequired\":true,\"valueName\":\"search_term_string\"}}],\"inLanguage\":\"pt-BR\"},{\"@type\":\"Person\",\"@id\":\"https:\/\/verdadeon.com.br\/portal\/#\/schema\/person\/8248726d36015c1916636fabb175d972\",\"name\":\"Nelise Luques\",\"image\":{\"@type\":\"ImageObject\",\"inLanguage\":\"pt-BR\",\"@id\":\"https:\/\/verdadeon.com.br\/portal\/#\/schema\/person\/image\/\",\"url\":\"https:\/\/secure.gravatar.com\/avatar\/29b2a17f5bcadeb827411b66f48ac13c3e0ecaf5906c0f5745ecc5d41c24eada?s=96&d=mm&r=g\",\"contentUrl\":\"https:\/\/secure.gravatar.com\/avatar\/29b2a17f5bcadeb827411b66f48ac13c3e0ecaf5906c0f5745ecc5d41c24eada?s=96&d=mm&r=g\",\"caption\":\"Nelise Luques\"},\"url\":\"https:\/\/verdadeon.com.br\/portal\/author\/verdade\/\"}]}<\/script>\n<!-- \/ Yoast SEO plugin. -->","yoast_head_json":{"title":"Campanhas de Natal arrecadam de balas a chocotones para presentear crian\u00e7as - VerdadeOn","robots":{"index":"index","follow":"follow","max-snippet":"max-snippet:-1","max-image-preview":"max-image-preview:large","max-video-preview":"max-video-preview:-1"},"canonical":"https:\/\/verdadeon.com.br\/portal\/2021\/12\/02\/campanhas-de-natal-arrecadam-de-balas-a-chocotones-para-presentear-criancas\/","og_locale":"pt_BR","og_type":"article","og_title":"Campanhas de Natal arrecadam de balas a chocotones para presentear crian\u00e7as - VerdadeOn","og_description":"ONGs e volunt\u00e1rios querem alegrar Natal de fam\u00edlias carentes. At\u00e9 drive-thru auxiliar\u00e1 na entrega das doa\u00e7\u00f5es &nbsp; A\u00e7\u00f5es volunt\u00e1rias se intensificam pela cidade mobilizando as pessoas [\u2026]","og_url":"https:\/\/verdadeon.com.br\/portal\/2021\/12\/02\/campanhas-de-natal-arrecadam-de-balas-a-chocotones-para-presentear-criancas\/","og_site_name":"VerdadeOn","article_published_time":"2021-12-02T18:00:23+00:00","article_modified_time":"2021-12-02T20:33:58+00:00","og_image":[{"width":999,"height":670,"url":"https:\/\/verdadeon.com.br\/portal\/wp-content\/uploads\/2021\/12\/CAMPANHA-DE-NATAL-SOLIDARIO-EM-RIBEIRAO-CORRENTE-FOTO-ARQUIVO-PESSOAL-e1638477079893.jpeg","type":"image\/jpeg"}],"author":"Nelise Luques","twitter_card":"summary_large_image","twitter_misc":{"Escrito por":"Nelise Luques","Est. tempo de leitura":"3 minutos"},"schema":{"@context":"https:\/\/schema.org","@graph":[{"@type":"WebPage","@id":"https:\/\/verdadeon.com.br\/portal\/2021\/12\/02\/campanhas-de-natal-arrecadam-de-balas-a-chocotones-para-presentear-criancas\/","url":"https:\/\/verdadeon.com.br\/portal\/2021\/12\/02\/campanhas-de-natal-arrecadam-de-balas-a-chocotones-para-presentear-criancas\/","name":"Campanhas de Natal arrecadam de balas a chocotones para presentear crian\u00e7as - VerdadeOn","isPartOf":{"@id":"https:\/\/verdadeon.com.br\/portal\/#website"},"primaryImageOfPage":{"@id":"https:\/\/verdadeon.com.br\/portal\/2021\/12\/02\/campanhas-de-natal-arrecadam-de-balas-a-chocotones-para-presentear-criancas\/#primaryimage"},"image":{"@id":"https:\/\/verdadeon.com.br\/portal\/2021\/12\/02\/campanhas-de-natal-arrecadam-de-balas-a-chocotones-para-presentear-criancas\/#primaryimage"},"thumbnailUrl":"https:\/\/i0.wp.com\/verdadeon.com.br\/portal\/wp-content\/uploads\/2021\/12\/CAMPANHA-DE-NATAL-SOLIDARIO-EM-RIBEIRAO-CORRENTE-FOTO-ARQUIVO-PESSOAL-e1638477079893.jpeg?fit=999%2C670&ssl=1","datePublished":"2021-12-02T18:00:23+00:00","dateModified":"2021-12-02T20:33:58+00:00","author":{"@id":"https:\/\/verdadeon.com.br\/portal\/#\/schema\/person\/8248726d36015c1916636fabb175d972"},"breadcrumb":{"@id":"https:\/\/verdadeon.com.br\/portal\/2021\/12\/02\/campanhas-de-natal-arrecadam-de-balas-a-chocotones-para-presentear-criancas\/#breadcrumb"},"inLanguage":"pt-BR","potentialAction":[{"@type":"ReadAction","target":["https:\/\/verdadeon.com.br\/portal\/2021\/12\/02\/campanhas-de-natal-arrecadam-de-balas-a-chocotones-para-presentear-criancas\/"]}]},{"@type":"ImageObject","inLanguage":"pt-BR","@id":"https:\/\/verdadeon.com.br\/portal\/2021\/12\/02\/campanhas-de-natal-arrecadam-de-balas-a-chocotones-para-presentear-criancas\/#primaryimage","url":"https:\/\/i0.wp.com\/verdadeon.com.br\/portal\/wp-content\/uploads\/2021\/12\/CAMPANHA-DE-NATAL-SOLIDARIO-EM-RIBEIRAO-CORRENTE-FOTO-ARQUIVO-PESSOAL-e1638477079893.jpeg?fit=999%2C670&ssl=1","contentUrl":"https:\/\/i0.wp.com\/verdadeon.com.br\/portal\/wp-content\/uploads\/2021\/12\/CAMPANHA-DE-NATAL-SOLIDARIO-EM-RIBEIRAO-CORRENTE-FOTO-ARQUIVO-PESSOAL-e1638477079893.jpeg?fit=999%2C670&ssl=1","width":999,"height":670,"caption":"Amigos organizam, pelo terceiro ano, o Natal Solid\u00e1rio para distribuir brinquedos e doces em Ribeir\u00e3o Corrente | Foto: Arquivo Pessoal"},{"@type":"BreadcrumbList","@id":"https:\/\/verdadeon.com.br\/portal\/2021\/12\/02\/campanhas-de-natal-arrecadam-de-balas-a-chocotones-para-presentear-criancas\/#breadcrumb","itemListElement":[{"@type":"ListItem","position":1,"name":"In\u00edcio","item":"https:\/\/verdadeon.com.br\/portal\/"},{"@type":"ListItem","position":2,"name":"Campanhas de Natal arrecadam de balas a chocotones para presentear crian\u00e7as"}]},{"@type":"WebSite","@id":"https:\/\/verdadeon.com.br\/portal\/#website","url":"https:\/\/verdadeon.com.br\/portal\/","name":"VerdadeOn","description":"Not\u00edcias di\u00e1rias sobre Franca, Regi\u00e3o, Esporte, Cultura, Cotidiano, Colunas. Cobertura nos principais eventos da cidade \u00e9 aqui - Verdadeon Franca","potentialAction":[{"@type":"SearchAction","target":{"@type":"EntryPoint","urlTemplate":"https:\/\/verdadeon.com.br\/portal\/?s={search_term_string}"},"query-input":{"@type":"PropertyValueSpecification","valueRequired":true,"valueName":"search_term_string"}}],"inLanguage":"pt-BR"},{"@type":"Person","@id":"https:\/\/verdadeon.com.br\/portal\/#\/schema\/person\/8248726d36015c1916636fabb175d972","name":"Nelise Luques","image":{"@type":"ImageObject","inLanguage":"pt-BR","@id":"https:\/\/verdadeon.com.br\/portal\/#\/schema\/person\/image\/","url":"https:\/\/secure.gravatar.com\/avatar\/29b2a17f5bcadeb827411b66f48ac13c3e0ecaf5906c0f5745ecc5d41c24eada?s=96&d=mm&r=g","contentUrl":"https:\/\/secure.gravatar.com\/avatar\/29b2a17f5bcadeb827411b66f48ac13c3e0ecaf5906c0f5745ecc5d41c24eada?s=96&d=mm&r=g","caption":"Nelise Luques"},"url":"https:\/\/verdadeon.com.br\/portal\/author\/verdade\/"}]}},"jetpack_publicize_connections":[],"jetpack_featured_media_url":"https:\/\/i0.wp.com\/verdadeon.com.br\/portal\/wp-content\/uploads\/2021\/12\/CAMPANHA-DE-NATAL-SOLIDARIO-EM-RIBEIRAO-CORRENTE-FOTO-ARQUIVO-PESSOAL-e1638477079893.jpeg?fit=999%2C670&ssl=1","jetpack_sharing_enabled":true,"_links":{"self":[{"href":"https:\/\/verdadeon.com.br\/portal\/wp-json\/wp\/v2\/posts\/21360","targetHints":{"allow":["GET"]}}],"collection":[{"href":"https:\/\/verdadeon.com.br\/portal\/wp-json\/wp\/v2\/posts"}],"about":[{"href":"https:\/\/verdadeon.com.br\/portal\/wp-json\/wp\/v2\/types\/post"}],"author":[{"embeddable":true,"href":"https:\/\/verdadeon.com.br\/portal\/wp-json\/wp\/v2\/users\/12"}],"replies":[{"embeddable":true,"href":"https:\/\/verdadeon.com.br\/portal\/wp-json\/wp\/v2\/comments?post=21360"}],"version-history":[{"count":0,"href":"https:\/\/verdadeon.com.br\/portal\/wp-json\/wp\/v2\/posts\/21360\/revisions"}],"wp:featuredmedia":[{"embeddable":true,"href":"https:\/\/verdadeon.com.br\/portal\/wp-json\/wp\/v2\/media\/21361"}],"wp:attachment":[{"href":"https:\/\/verdadeon.com.br\/portal\/wp-json\/wp\/v2\/media?parent=21360"}],"wp:term":[{"taxonomy":"category","embeddable":true,"href":"https:\/\/verdadeon.com.br\/portal\/wp-json\/wp\/v2\/categories?post=21360"},{"taxonomy":"post_tag","embeddable":true,"href":"https:\/\/verdadeon.com.br\/portal\/wp-json\/wp\/v2\/tags?post=21360"}],"curies":[{"name":"wp","href":"https:\/\/api.w.org\/{rel}","templated":true}]}}