{"id":21359,"date":"2021-12-02T17:37:36","date_gmt":"2021-12-02T20:37:36","guid":{"rendered":"https:\/\/verdadeon.com.br\/portal\/?p=21359"},"modified":"2021-12-02T17:37:36","modified_gmt":"2021-12-02T20:37:36","slug":"comercio-de-franca-registra-alta-nas-vendas-da-black-friday","status":"publish","type":"post","link":"https:\/\/verdadeon.com.br\/portal\/2021\/12\/02\/comercio-de-franca-registra-alta-nas-vendas-da-black-friday\/","title":{"rendered":"Com\u00e9rcio de Franca registra alta nas vendas da Black Friday"},"content":{"rendered":"<h2>Levantamento do Instituto de Economia da Acif, mostra otimismo da retomada da economia na cidade<\/h2>\n<p>Uma pesquisa do IE-ACIF (Instituto de Economia da Associa\u00e7\u00e3o do Com\u00e9rcio e Ind\u00fastria de Franca) apontou que 45% dos comerciantes da cidade tiveram alta nas vendas na Black Friday em 2021, em compara\u00e7\u00e3o com o resultado do ano passado. Os outros 55% afirmaram que n\u00e3o perceberam altera\u00e7\u00e3o em rela\u00e7\u00e3o 2020.<\/p>\n<p>Ainda de acordo com o levantamento, dos que responderam de forma positiva, 30% disseram que a m\u00e9dia de compra dos consumidores em sua loja foi alta (excelente); 45% afirmaram que foi m\u00e9dia (boa) e 25% baixa (regular).<\/p>\n<p>Entre os que responderam que houve um crescimento, 67% afirmaram que este foi maior que 20%; 17% tiveram o crescimento\u00a0 estabelecido entre 10% e 20% e os outros 16% dos respondentes disseram que houve um crescimento de at\u00e9 5%.<\/p>\n<p>Para o economista da Acif, Adnan Jebailey, o resultado mostra que a data tem ganhado for\u00e7a ao longo dos \u00faltimos anos e, sobretudo, isso mostra que existe uma consolida\u00e7\u00e3o do otimismo para as compras de natal, tendo em vista que a Black Friday \u00e9 o term\u00f4metro que reflete como ser\u00e1 o m\u00eas de dezembro. &#8220;Outro fator importante que demonstra a efic\u00e1cia da vacina\u00e7\u00e3o e estabiliza\u00e7\u00e3o do com\u00e9rcio \u00e9 que 67% destes comerciantes apontaram que a venda deste ano, 2021, foi 20% maior do que no ano anterior, o que demonstra o otimismo do consumo local&#8221;.<\/p>\n<p>A pesquisa tem amostragem n\u00e3o probabil\u00edstica. Ao todo foram entrevistados 50 estabelecimentos da cidade, nos dias 30 de novembro e 1 de dezembro de 2021. Todas as entrevistas foram realizadas via telefone, por entrevistadores capacitados pelo Instituto de Economia da ACIF.<\/p>\n<p>Em novembro o Jornal Verdade j\u00e1 havia noticiado que o IE-ACIF, apontou que 52% dos consumidores pretendiam adquirir produtos na Black Friday, que aconteceu na sexta-feira, dia 26 de novembro. A data se tornou uma das principais do ano para o com\u00e9rcio, e inicia a temporada de compras de fim de ano com promo\u00e7\u00f5es e descontos atrativos.<\/p>\n<p>Juntos os eletr\u00f4nicos e os eletrodom\u00e9sticos foram os mais cobi\u00e7ados, com 42% das respostas dos consumidores. J\u00e1 as roupas, acess\u00f3rios e brinquedos apareceram na sequ\u00eancia, estando os dois \u00faltimos empatados nas inten\u00e7\u00f5es 28% e 7%. O pagamento \u00e0 vista dominou a inten\u00e7\u00e3o de pagamento do p\u00fablico, era a op\u00e7\u00e3o de 74% dos entrevistados, quer seja em dinheiro, cart\u00e3o de d\u00e9bito ou PIX.<\/p>\n","protected":false},"excerpt":{"rendered":"<p>Levantamento do Instituto de Economia da Acif, mostra otimismo da retomada da economia na cidade Uma pesquisa do IE-ACIF (Instituto de Economia da Associa\u00e7\u00e3o do Com\u00e9rcio<span class=\"excerpt-hellip\"> [\u2026]<\/span><\/p>\n","protected":false},"author":7,"featured_media":14013,"comment_status":"open","ping_status":"open","sticky":false,"template":"","format":"standard","meta":{"_jetpack_memberships_contains_paid_content":false,"footnotes":"","jetpack_publicize_message":"","jetpack_publicize_feature_enabled":true,"jetpack_social_post_already_shared":false,"jetpack_social_options":{"image_generator_settings":{"template":"highway","default_image_id":0,"enabled":false},"version":2}},"categories":[28,81],"tags":[],"class_list":["post-21359","post","type-post","status-publish","format-standard","has-post-thumbnail","hentry","category-cotidiano","category-manchete"],"yoast_head":"<!-- This site is optimized with the Yoast SEO plugin v25.6 - https:\/\/yoast.com\/wordpress\/plugins\/seo\/ -->\n<title>Com\u00e9rcio de Franca registra alta nas vendas da Black Friday - VerdadeOn<\/title>\n<meta name=\"robots\" content=\"index, follow, max-snippet:-1, max-image-preview:large, max-video-preview:-1\" \/>\n<link rel=\"canonical\" href=\"https:\/\/verdadeon.com.br\/portal\/2021\/12\/02\/comercio-de-franca-registra-alta-nas-vendas-da-black-friday\/\" \/>\n<meta property=\"og:locale\" content=\"pt_BR\" \/>\n<meta property=\"og:type\" content=\"article\" \/>\n<meta property=\"og:title\" content=\"Com\u00e9rcio de Franca registra alta nas vendas da Black Friday - VerdadeOn\" \/>\n<meta property=\"og:description\" content=\"Levantamento do Instituto de Economia da Acif, mostra otimismo da retomada da economia na cidade Uma pesquisa do IE-ACIF (Instituto de Economia da Associa\u00e7\u00e3o do Com\u00e9rcio [\u2026]\" \/>\n<meta property=\"og:url\" content=\"https:\/\/verdadeon.com.br\/portal\/2021\/12\/02\/comercio-de-franca-registra-alta-nas-vendas-da-black-friday\/\" \/>\n<meta property=\"og:site_name\" content=\"VerdadeOn\" \/>\n<meta property=\"article:published_time\" content=\"2021-12-02T20:37:36+00:00\" \/>\n<meta property=\"og:image\" content=\"https:\/\/verdadeon.com.br\/portal\/wp-content\/uploads\/2021\/02\/WhatsApp-Image-2021-02-06-at-14.10.26.jpeg\" \/>\n\t<meta property=\"og:image:width\" content=\"1000\" \/>\n\t<meta property=\"og:image:height\" content=\"670\" \/>\n\t<meta property=\"og:image:type\" content=\"image\/jpeg\" \/>\n<meta name=\"author\" content=\"Fernando Lima\" \/>\n<meta name=\"twitter:card\" content=\"summary_large_image\" \/>\n<meta name=\"twitter:label1\" content=\"Escrito por\" \/>\n\t<meta name=\"twitter:data1\" content=\"Fernando Lima\" \/>\n\t<meta name=\"twitter:label2\" content=\"Est. tempo de leitura\" \/>\n\t<meta name=\"twitter:data2\" content=\"2 minutos\" \/>\n<script type=\"application\/ld+json\" class=\"yoast-schema-graph\">{\"@context\":\"https:\/\/schema.org\",\"@graph\":[{\"@type\":\"WebPage\",\"@id\":\"https:\/\/verdadeon.com.br\/portal\/2021\/12\/02\/comercio-de-franca-registra-alta-nas-vendas-da-black-friday\/\",\"url\":\"https:\/\/verdadeon.com.br\/portal\/2021\/12\/02\/comercio-de-franca-registra-alta-nas-vendas-da-black-friday\/\",\"name\":\"Com\u00e9rcio de Franca registra alta nas vendas da Black Friday - VerdadeOn\",\"isPartOf\":{\"@id\":\"https:\/\/verdadeon.com.br\/portal\/#website\"},\"primaryImageOfPage\":{\"@id\":\"https:\/\/verdadeon.com.br\/portal\/2021\/12\/02\/comercio-de-franca-registra-alta-nas-vendas-da-black-friday\/#primaryimage\"},\"image\":{\"@id\":\"https:\/\/verdadeon.com.br\/portal\/2021\/12\/02\/comercio-de-franca-registra-alta-nas-vendas-da-black-friday\/#primaryimage\"},\"thumbnailUrl\":\"https:\/\/i0.wp.com\/verdadeon.com.br\/portal\/wp-content\/uploads\/2021\/02\/WhatsApp-Image-2021-02-06-at-14.10.26.jpeg?fit=1000%2C670&ssl=1\",\"datePublished\":\"2021-12-02T20:37:36+00:00\",\"author\":{\"@id\":\"https:\/\/verdadeon.com.br\/portal\/#\/schema\/person\/cc32be22b8e8599387c480bc83e1d11a\"},\"breadcrumb\":{\"@id\":\"https:\/\/verdadeon.com.br\/portal\/2021\/12\/02\/comercio-de-franca-registra-alta-nas-vendas-da-black-friday\/#breadcrumb\"},\"inLanguage\":\"pt-BR\",\"potentialAction\":[{\"@type\":\"ReadAction\",\"target\":[\"https:\/\/verdadeon.com.br\/portal\/2021\/12\/02\/comercio-de-franca-registra-alta-nas-vendas-da-black-friday\/\"]}]},{\"@type\":\"ImageObject\",\"inLanguage\":\"pt-BR\",\"@id\":\"https:\/\/verdadeon.com.br\/portal\/2021\/12\/02\/comercio-de-franca-registra-alta-nas-vendas-da-black-friday\/#primaryimage\",\"url\":\"https:\/\/i0.wp.com\/verdadeon.com.br\/portal\/wp-content\/uploads\/2021\/02\/WhatsApp-Image-2021-02-06-at-14.10.26.jpeg?fit=1000%2C670&ssl=1\",\"contentUrl\":\"https:\/\/i0.wp.com\/verdadeon.com.br\/portal\/wp-content\/uploads\/2021\/02\/WhatsApp-Image-2021-02-06-at-14.10.26.jpeg?fit=1000%2C670&ssl=1\",\"width\":1000,\"height\":670,\"caption\":\"Desde agosto deste ano o com\u00e9rcio da cidade pode atender sem qualquer tipo de restri\u00e7\u00e3o, vacina\u00e7\u00e3o em massa traz confian\u00e7a para comerciantes e tamb\u00e9m para a popula\u00e7\u00e3o | Foto: Jornal Verdade\"},{\"@type\":\"BreadcrumbList\",\"@id\":\"https:\/\/verdadeon.com.br\/portal\/2021\/12\/02\/comercio-de-franca-registra-alta-nas-vendas-da-black-friday\/#breadcrumb\",\"itemListElement\":[{\"@type\":\"ListItem\",\"position\":1,\"name\":\"In\u00edcio\",\"item\":\"https:\/\/verdadeon.com.br\/portal\/\"},{\"@type\":\"ListItem\",\"position\":2,\"name\":\"Com\u00e9rcio de Franca registra alta nas vendas da Black Friday\"}]},{\"@type\":\"WebSite\",\"@id\":\"https:\/\/verdadeon.com.br\/portal\/#website\",\"url\":\"https:\/\/verdadeon.com.br\/portal\/\",\"name\":\"VerdadeOn\",\"description\":\"Not\u00edcias di\u00e1rias sobre Franca, Regi\u00e3o, Esporte, Cultura, Cotidiano, Colunas. Cobertura nos principais eventos da cidade \u00e9 aqui - Verdadeon Franca\",\"potentialAction\":[{\"@type\":\"SearchAction\",\"target\":{\"@type\":\"EntryPoint\",\"urlTemplate\":\"https:\/\/verdadeon.com.br\/portal\/?s={search_term_string}\"},\"query-input\":{\"@type\":\"PropertyValueSpecification\",\"valueRequired\":true,\"valueName\":\"search_term_string\"}}],\"inLanguage\":\"pt-BR\"},{\"@type\":\"Person\",\"@id\":\"https:\/\/verdadeon.com.br\/portal\/#\/schema\/person\/cc32be22b8e8599387c480bc83e1d11a\",\"name\":\"Fernando Lima\",\"image\":{\"@type\":\"ImageObject\",\"inLanguage\":\"pt-BR\",\"@id\":\"https:\/\/verdadeon.com.br\/portal\/#\/schema\/person\/image\/\",\"url\":\"https:\/\/secure.gravatar.com\/avatar\/df4c8e132080d2b3a4841d5d232045464e0eed11a1d6e43115ca0843d48768d3?s=96&d=mm&r=g\",\"contentUrl\":\"https:\/\/secure.gravatar.com\/avatar\/df4c8e132080d2b3a4841d5d232045464e0eed11a1d6e43115ca0843d48768d3?s=96&d=mm&r=g\",\"caption\":\"Fernando Lima\"},\"sameAs\":[\"http:\/\/verdadeon.com.br\/\"],\"url\":\"https:\/\/verdadeon.com.br\/portal\/author\/fernando-lima\/\"}]}<\/script>\n<!-- \/ Yoast SEO plugin. -->","yoast_head_json":{"title":"Com\u00e9rcio de Franca registra alta nas vendas da Black Friday - VerdadeOn","robots":{"index":"index","follow":"follow","max-snippet":"max-snippet:-1","max-image-preview":"max-image-preview:large","max-video-preview":"max-video-preview:-1"},"canonical":"https:\/\/verdadeon.com.br\/portal\/2021\/12\/02\/comercio-de-franca-registra-alta-nas-vendas-da-black-friday\/","og_locale":"pt_BR","og_type":"article","og_title":"Com\u00e9rcio de Franca registra alta nas vendas da Black Friday - VerdadeOn","og_description":"Levantamento do Instituto de Economia da Acif, mostra otimismo da retomada da economia na cidade Uma pesquisa do IE-ACIF (Instituto de Economia da Associa\u00e7\u00e3o do Com\u00e9rcio [\u2026]","og_url":"https:\/\/verdadeon.com.br\/portal\/2021\/12\/02\/comercio-de-franca-registra-alta-nas-vendas-da-black-friday\/","og_site_name":"VerdadeOn","article_published_time":"2021-12-02T20:37:36+00:00","og_image":[{"width":1000,"height":670,"url":"https:\/\/verdadeon.com.br\/portal\/wp-content\/uploads\/2021\/02\/WhatsApp-Image-2021-02-06-at-14.10.26.jpeg","type":"image\/jpeg"}],"author":"Fernando Lima","twitter_card":"summary_large_image","twitter_misc":{"Escrito por":"Fernando Lima","Est. tempo de leitura":"2 minutos"},"schema":{"@context":"https:\/\/schema.org","@graph":[{"@type":"WebPage","@id":"https:\/\/verdadeon.com.br\/portal\/2021\/12\/02\/comercio-de-franca-registra-alta-nas-vendas-da-black-friday\/","url":"https:\/\/verdadeon.com.br\/portal\/2021\/12\/02\/comercio-de-franca-registra-alta-nas-vendas-da-black-friday\/","name":"Com\u00e9rcio de Franca registra alta nas vendas da Black Friday - VerdadeOn","isPartOf":{"@id":"https:\/\/verdadeon.com.br\/portal\/#website"},"primaryImageOfPage":{"@id":"https:\/\/verdadeon.com.br\/portal\/2021\/12\/02\/comercio-de-franca-registra-alta-nas-vendas-da-black-friday\/#primaryimage"},"image":{"@id":"https:\/\/verdadeon.com.br\/portal\/2021\/12\/02\/comercio-de-franca-registra-alta-nas-vendas-da-black-friday\/#primaryimage"},"thumbnailUrl":"https:\/\/i0.wp.com\/verdadeon.com.br\/portal\/wp-content\/uploads\/2021\/02\/WhatsApp-Image-2021-02-06-at-14.10.26.jpeg?fit=1000%2C670&ssl=1","datePublished":"2021-12-02T20:37:36+00:00","author":{"@id":"https:\/\/verdadeon.com.br\/portal\/#\/schema\/person\/cc32be22b8e8599387c480bc83e1d11a"},"breadcrumb":{"@id":"https:\/\/verdadeon.com.br\/portal\/2021\/12\/02\/comercio-de-franca-registra-alta-nas-vendas-da-black-friday\/#breadcrumb"},"inLanguage":"pt-BR","potentialAction":[{"@type":"ReadAction","target":["https:\/\/verdadeon.com.br\/portal\/2021\/12\/02\/comercio-de-franca-registra-alta-nas-vendas-da-black-friday\/"]}]},{"@type":"ImageObject","inLanguage":"pt-BR","@id":"https:\/\/verdadeon.com.br\/portal\/2021\/12\/02\/comercio-de-franca-registra-alta-nas-vendas-da-black-friday\/#primaryimage","url":"https:\/\/i0.wp.com\/verdadeon.com.br\/portal\/wp-content\/uploads\/2021\/02\/WhatsApp-Image-2021-02-06-at-14.10.26.jpeg?fit=1000%2C670&ssl=1","contentUrl":"https:\/\/i0.wp.com\/verdadeon.com.br\/portal\/wp-content\/uploads\/2021\/02\/WhatsApp-Image-2021-02-06-at-14.10.26.jpeg?fit=1000%2C670&ssl=1","width":1000,"height":670,"caption":"Desde agosto deste ano o com\u00e9rcio da cidade pode atender sem qualquer tipo de restri\u00e7\u00e3o, vacina\u00e7\u00e3o em massa traz confian\u00e7a para comerciantes e tamb\u00e9m para a popula\u00e7\u00e3o | Foto: Jornal Verdade"},{"@type":"BreadcrumbList","@id":"https:\/\/verdadeon.com.br\/portal\/2021\/12\/02\/comercio-de-franca-registra-alta-nas-vendas-da-black-friday\/#breadcrumb","itemListElement":[{"@type":"ListItem","position":1,"name":"In\u00edcio","item":"https:\/\/verdadeon.com.br\/portal\/"},{"@type":"ListItem","position":2,"name":"Com\u00e9rcio de Franca registra alta nas vendas da Black Friday"}]},{"@type":"WebSite","@id":"https:\/\/verdadeon.com.br\/portal\/#website","url":"https:\/\/verdadeon.com.br\/portal\/","name":"VerdadeOn","description":"Not\u00edcias di\u00e1rias sobre Franca, Regi\u00e3o, Esporte, Cultura, Cotidiano, Colunas. Cobertura nos principais eventos da cidade \u00e9 aqui - Verdadeon Franca","potentialAction":[{"@type":"SearchAction","target":{"@type":"EntryPoint","urlTemplate":"https:\/\/verdadeon.com.br\/portal\/?s={search_term_string}"},"query-input":{"@type":"PropertyValueSpecification","valueRequired":true,"valueName":"search_term_string"}}],"inLanguage":"pt-BR"},{"@type":"Person","@id":"https:\/\/verdadeon.com.br\/portal\/#\/schema\/person\/cc32be22b8e8599387c480bc83e1d11a","name":"Fernando Lima","image":{"@type":"ImageObject","inLanguage":"pt-BR","@id":"https:\/\/verdadeon.com.br\/portal\/#\/schema\/person\/image\/","url":"https:\/\/secure.gravatar.com\/avatar\/df4c8e132080d2b3a4841d5d232045464e0eed11a1d6e43115ca0843d48768d3?s=96&d=mm&r=g","contentUrl":"https:\/\/secure.gravatar.com\/avatar\/df4c8e132080d2b3a4841d5d232045464e0eed11a1d6e43115ca0843d48768d3?s=96&d=mm&r=g","caption":"Fernando Lima"},"sameAs":["http:\/\/verdadeon.com.br\/"],"url":"https:\/\/verdadeon.com.br\/portal\/author\/fernando-lima\/"}]}},"jetpack_publicize_connections":[],"jetpack_featured_media_url":"https:\/\/i0.wp.com\/verdadeon.com.br\/portal\/wp-content\/uploads\/2021\/02\/WhatsApp-Image-2021-02-06-at-14.10.26.jpeg?fit=1000%2C670&ssl=1","jetpack_sharing_enabled":true,"_links":{"self":[{"href":"https:\/\/verdadeon.com.br\/portal\/wp-json\/wp\/v2\/posts\/21359","targetHints":{"allow":["GET"]}}],"collection":[{"href":"https:\/\/verdadeon.com.br\/portal\/wp-json\/wp\/v2\/posts"}],"about":[{"href":"https:\/\/verdadeon.com.br\/portal\/wp-json\/wp\/v2\/types\/post"}],"author":[{"embeddable":true,"href":"https:\/\/verdadeon.com.br\/portal\/wp-json\/wp\/v2\/users\/7"}],"replies":[{"embeddable":true,"href":"https:\/\/verdadeon.com.br\/portal\/wp-json\/wp\/v2\/comments?post=21359"}],"version-history":[{"count":0,"href":"https:\/\/verdadeon.com.br\/portal\/wp-json\/wp\/v2\/posts\/21359\/revisions"}],"wp:featuredmedia":[{"embeddable":true,"href":"https:\/\/verdadeon.com.br\/portal\/wp-json\/wp\/v2\/media\/14013"}],"wp:attachment":[{"href":"https:\/\/verdadeon.com.br\/portal\/wp-json\/wp\/v2\/media?parent=21359"}],"wp:term":[{"taxonomy":"category","embeddable":true,"href":"https:\/\/verdadeon.com.br\/portal\/wp-json\/wp\/v2\/categories?post=21359"},{"taxonomy":"post_tag","embeddable":true,"href":"https:\/\/verdadeon.com.br\/portal\/wp-json\/wp\/v2\/tags?post=21359"}],"curies":[{"name":"wp","href":"https:\/\/api.w.org\/{rel}","templated":true}]}}