{"id":21282,"date":"2021-11-29T18:46:00","date_gmt":"2021-11-29T21:46:00","guid":{"rendered":"https:\/\/verdadeon.com.br\/portal\/?p=21282"},"modified":"2021-11-29T18:46:00","modified_gmt":"2021-11-29T21:46:00","slug":"prorrogadas-inscricoes-para-etecs-e-fatecs-no-primeiro-semestre-de-2022","status":"publish","type":"post","link":"https:\/\/verdadeon.com.br\/portal\/2021\/11\/29\/prorrogadas-inscricoes-para-etecs-e-fatecs-no-primeiro-semestre-de-2022\/","title":{"rendered":"Prorrogadas inscri\u00e7\u00f5es para Etecs e Fatecs no primeiro semestre de 2022"},"content":{"rendered":"<h2>Prazo do Vestibulinho vai at\u00e9 6 de dezembro e o do Vestibular termina no dia 8 de dezembro<\/h2>\n<p>O prazo para inscri\u00e7\u00e3o no Vestibulinho das Escolas T\u00e9cnicas Estaduais (Etecs) e no Vestibular das Faculdades de Tecnologia do Estado (Fatecs), para o primeiro semestre de 2022, foi prorrogado. Interessados em estudar nas Etecs poder\u00e3o se inscrever at\u00e9 as 15 horas da pr\u00f3xima segunda-feira, 6 de dezembro, exclusivamente pelo\u00a0<a href=\"https:\/\/urldefense.com\/v3\/__http:\/\/www.vestibulinhoetec.com.br\/__;!!HhhKMSGjjQV-!oyxF4iEUxxkdeO9AYc0YC5LLh6PkPEzyVBKcP1w-N0P6jrte-1TmIEY2qqT3Pdzyk_ij$\" target=\"_blank\" rel=\"noopener noreferrer\" data-auth=\"NotApplicable\" data-linkindex=\"1\">site<\/a>. J\u00e1 o prazo de inscri\u00e7\u00e3o para as Fatecs termina no dia 8 de dezembro, tamb\u00e9m \u00e0s 15 horas, somente pela\u00a0<b><a href=\"https:\/\/urldefense.com\/v3\/__https:\/\/www.vestibularfatec.com.br\/home\/__;!!HhhKMSGjjQV-!oyxF4iEUxxkdeO9AYc0YC5LLh6PkPEzyVBKcP1w-N0P6jrte-1TmIEY2qqT3PdHaKHBO$\" target=\"_blank\" rel=\"noopener noreferrer\" data-auth=\"NotApplicable\" data-linkindex=\"2\">internet<\/a><\/b>.<\/p>\n<p>O crit\u00e9rio de sele\u00e7\u00e3o para os dois processos seletivos ser\u00e1 por an\u00e1lise do hist\u00f3rico escolar. Para as Etecs, ser\u00e3o consideradas as notas das disciplinas de L\u00edngua Portuguesa e Matem\u00e1tica, referentes ao s\u00e9timo ou oitavo ano do Ensino Fundamental, conclu\u00eddo at\u00e9 2019 ou 2020. Os candidatos que v\u00e3o concorrer a uma vaga nas Fatecs ter\u00e3o que apresentar as notas referentes \u00e0 primeira ou segunda s\u00e9rie do Ensino M\u00e9dio, conclu\u00edda at\u00e9 2019 ou 2020.<\/p>\n<p>As Etecs e Fatecs disponibilizam computadores e acesso \u00e0 internet a quem tiver dificuldade para fazer a inscri\u00e7\u00e3o. Os interessados devem verificar data e hor\u00e1rio de atendimento nas unidades. Para utilizar os equipamentos, ser\u00e1 obrigat\u00f3rio o uso de m\u00e1scara de prote\u00e7\u00e3o facial e tamb\u00e9m respeitar as demais medidas de prote\u00e7\u00e3o do\u00a0<a href=\"https:\/\/urldefense.com\/v3\/__https:\/\/www.cps.sp.gov.br\/protocolo-sanitario-institucional-do-cps\/__;!!HhhKMSGjjQV-!oyxF4iEUxxkdeO9AYc0YC5LLh6PkPEzyVBKcP1w-N0P6jrte-1TmIEY2qqT3PcdEP-ow$\" target=\"_blank\" rel=\"noopener noreferrer\" data-auth=\"NotApplicable\" data-linkindex=\"3\"><b>Protocolo Sanit\u00e1rio Institucional<\/b>\u00a0do CPS<\/a>.<\/p>\n<h4>Como se inscrever no Vestibulinho<\/h4>\n<p>O candidato precisa acessar o\u00a0<b><a href=\"https:\/\/urldefense.com\/v3\/__http:\/\/www.vestibulinhoetec.com.br\/__;!!HhhKMSGjjQV-!oyxF4iEUxxkdeO9AYc0YC5LLh6PkPEzyVBKcP1w-N0P6jrte-1TmIEY2qqT3Pdzyk_ij$\" target=\"_blank\" rel=\"noopener noreferrer\" data-auth=\"NotApplicable\" data-linkindex=\"6\">site<\/a><\/b>, cadastrar o CPF (Cadastro de Pessoa F\u00edsica) para gerar uma senha de seguran\u00e7a e acesso \u00e0 ficha eletr\u00f4nica de inscri\u00e7\u00e3o. Ap\u00f3s o preenchimento dos dados, \u00e9 necess\u00e1rio definir o curso e a escola onde pretende estudar. Para o Ensino T\u00e9cnico, \u00e9 poss\u00edvel escolher outro curso ou per\u00edodo como segunda op\u00e7\u00e3o, desde que oferecido na mesma unidade em que o candidato vai se inscrever.<\/p>\n<p>Ao t\u00e9rmino do preenchimento do formul\u00e1rio eletr\u00f4nico, \u00e9 necess\u00e1rio enviar os documentos por meio de upload. S\u00e3o aceitos como documento de identifica\u00e7\u00e3o o RG ou a Carteira de Registro Nacional Migrat\u00f3rio \u2013 CRNM (CIE\/RNM\/RNE).<\/p>\n<p>A taxa de inscri\u00e7\u00e3o do Vestibulinho de R$ 19 deve ser paga em dinheiro, at\u00e9 o fim do expediente banc\u00e1rio do dia 6 de dezembro, em qualquer ag\u00eancia banc\u00e1ria, mediante a apresenta\u00e7\u00e3o do boleto impresso no momento da inscri\u00e7\u00e3o eletr\u00f4nica, ou via internet, no banco do candidato ou ainda pela ferramenta Getnet (pagamento com cart\u00e3o de cr\u00e9dito) dispon\u00edvel na\u00a0<b><a href=\"https:\/\/urldefense.com\/v3\/__http:\/\/www.vestibulinhoetec.com.br\/__;!!HhhKMSGjjQV-!oyxF4iEUxxkdeO9AYc0YC5LLh6PkPEzyVBKcP1w-N0P6jrte-1TmIEY2qqT3Pdzyk_ij$\" target=\"_blank\" rel=\"noopener noreferrer\" data-auth=\"NotApplicable\" data-linkindex=\"7\">internet<\/a><\/b>.<\/p>\n<p>Mais informa\u00e7\u00f5es pelos telefones (11) 3471- 4071 (Capital e Grande S\u00e3o Paulo) e 0800 772 2829 (demais localidades) ou pelo\u00a0<b><a href=\"https:\/\/urldefense.com\/v3\/__http:\/\/www.vestibulinhoetec.com.br__;!!HhhKMSGjjQV-!oyxF4iEUxxkdeO9AYc0YC5LLh6PkPEzyVBKcP1w-N0P6jrte-1TmIEY2qqT3PbL5eAc7$\" target=\"_blank\" rel=\"noopener noreferrer\" data-auth=\"NotApplicable\" data-linkindex=\"8\">www.vestibulinhoetec.com.br<\/a><\/b>.<\/p>\n<h4>Como se inscrever no Vestibular<\/h4>\n<p>\u00c9 necess\u00e1rio preencher a ficha de inscri\u00e7\u00e3o e o question\u00e1rio socioecon\u00f4mico, imprimir o boleto e pagar a taxa no valor de R$ 39, em dinheiro, at\u00e9 o dia 8 de dezembro, em qualquer ag\u00eancia banc\u00e1ria, mediante a apresenta\u00e7\u00e3o do boleto impresso no momento da inscri\u00e7\u00e3o eletr\u00f4nica, ou pagar, via internet, no banco do candidato ou ainda pela ferramenta Getnet (pagamento com cart\u00e3o de cr\u00e9dito) dispon\u00edvel na\u00a0<b><a href=\"https:\/\/urldefense.com\/v3\/__http:\/\/www.vestibularfatec.com.br\/__;!!HhhKMSGjjQV-!oyxF4iEUxxkdeO9AYc0YC5LLh6PkPEzyVBKcP1w-N0P6jrte-1TmIEY2qqT3PZQcG1tj$\" target=\"_blank\" rel=\"noopener noreferrer\" data-auth=\"NotApplicable\" data-linkindex=\"9\">internet<\/a><\/b>.<\/p>\n<p>Ser\u00e3o aceitos como documento de identifica\u00e7\u00e3o pessoal o RG, a carteira de Registro Nacional Migrat\u00f3rio \u2013 CRNM (CIE\/RNM\/RNE) ou a Carteira Nacional de Habilita\u00e7\u00e3o (CNH). A CNH s\u00f3 ser\u00e1 aceita na etapa de inscri\u00e7\u00e3o e, em caso de classifica\u00e7\u00e3o, o candidato dever\u00e1 apresentar o RG ou a CRNM no ato da matr\u00edcula.<\/p>\n<h4>Lan\u00e7amento de notas<\/h4>\n<p>Para se inscrever no processo seletivo das Fatecs, os candidatos que conclu\u00edram ou concluir\u00e3o em 2021 o Ensino M\u00e9dio regular devem inserir a nota final de Portugu\u00eas e Matem\u00e1tica, obtidas na segunda s\u00e9rie do Ensino M\u00e9dio referente ao ano escolar de 2020. Outra op\u00e7\u00e3o \u00e9 inserir a nota final da disciplina de L\u00edngua Portuguesa e de Matem\u00e1tica, da primeira s\u00e9rie do Ensino M\u00e9dio conclu\u00edda at\u00e9 2019.<\/p>\n<p>Outras informa\u00e7\u00f5es pelos telefones (11) 3471-4103 (Capital e Grande S\u00e3o Paulo) e 0800-596 9696 (demais localidades) ou pelo site\u00a0<b><a href=\"https:\/\/urldefense.com\/v3\/__http:\/\/www.vestibularfatec.com.br__;!!HhhKMSGjjQV-!oyxF4iEUxxkdeO9AYc0YC5LLh6PkPEzyVBKcP1w-N0P6jrte-1TmIEY2qqT3PSQLN_Hb$\" target=\"_blank\" rel=\"noopener noreferrer\" data-auth=\"NotApplicable\" data-linkindex=\"10\">www.vestibularfatec.com.br<\/a><\/b>.<\/p>\n","protected":false},"excerpt":{"rendered":"<p>Prazo do Vestibulinho vai at\u00e9 6 de dezembro e o do Vestibular termina no dia 8 de dezembro O prazo para inscri\u00e7\u00e3o no Vestibulinho das Escolas<span class=\"excerpt-hellip\"> [\u2026]<\/span><\/p>\n","protected":false},"author":7,"featured_media":2766,"comment_status":"open","ping_status":"open","sticky":false,"template":"","format":"standard","meta":{"_jetpack_memberships_contains_paid_content":false,"footnotes":"","jetpack_publicize_message":"","jetpack_publicize_feature_enabled":true,"jetpack_social_post_already_shared":false,"jetpack_social_options":{"image_generator_settings":{"template":"highway","default_image_id":0,"enabled":false},"version":2}},"categories":[28,44],"tags":[],"class_list":["post-21282","post","type-post","status-publish","format-standard","has-post-thumbnail","hentry","category-cotidiano","category-noticias"],"yoast_head":"<!-- This site is optimized with the Yoast SEO plugin v25.6 - https:\/\/yoast.com\/wordpress\/plugins\/seo\/ -->\n<title>Prorrogadas inscri\u00e7\u00f5es para Etecs e Fatecs no primeiro semestre de 2022 - VerdadeOn<\/title>\n<meta name=\"robots\" content=\"index, follow, max-snippet:-1, max-image-preview:large, max-video-preview:-1\" \/>\n<link rel=\"canonical\" href=\"https:\/\/verdadeon.com.br\/portal\/2021\/11\/29\/prorrogadas-inscricoes-para-etecs-e-fatecs-no-primeiro-semestre-de-2022\/\" \/>\n<meta property=\"og:locale\" content=\"pt_BR\" \/>\n<meta property=\"og:type\" content=\"article\" \/>\n<meta property=\"og:title\" content=\"Prorrogadas inscri\u00e7\u00f5es para Etecs e Fatecs no primeiro semestre de 2022 - VerdadeOn\" \/>\n<meta property=\"og:description\" content=\"Prazo do Vestibulinho vai at\u00e9 6 de dezembro e o do Vestibular termina no dia 8 de dezembro O prazo para inscri\u00e7\u00e3o no Vestibulinho das Escolas [\u2026]\" \/>\n<meta property=\"og:url\" content=\"https:\/\/verdadeon.com.br\/portal\/2021\/11\/29\/prorrogadas-inscricoes-para-etecs-e-fatecs-no-primeiro-semestre-de-2022\/\" \/>\n<meta property=\"og:site_name\" content=\"VerdadeOn\" \/>\n<meta property=\"article:published_time\" content=\"2021-11-29T21:46:00+00:00\" \/>\n<meta property=\"og:image\" content=\"https:\/\/verdadeon.com.br\/portal\/wp-content\/uploads\/2020\/01\/fatec.jpg\" \/>\n\t<meta property=\"og:image:width\" content=\"1000\" \/>\n\t<meta property=\"og:image:height\" content=\"670\" \/>\n\t<meta property=\"og:image:type\" content=\"image\/jpeg\" \/>\n<meta name=\"author\" content=\"Fernando Lima\" \/>\n<meta name=\"twitter:card\" content=\"summary_large_image\" \/>\n<meta name=\"twitter:label1\" content=\"Escrito por\" \/>\n\t<meta name=\"twitter:data1\" content=\"Fernando Lima\" \/>\n\t<meta name=\"twitter:label2\" content=\"Est. tempo de leitura\" \/>\n\t<meta name=\"twitter:data2\" content=\"3 minutos\" \/>\n<script type=\"application\/ld+json\" class=\"yoast-schema-graph\">{\"@context\":\"https:\/\/schema.org\",\"@graph\":[{\"@type\":\"WebPage\",\"@id\":\"https:\/\/verdadeon.com.br\/portal\/2021\/11\/29\/prorrogadas-inscricoes-para-etecs-e-fatecs-no-primeiro-semestre-de-2022\/\",\"url\":\"https:\/\/verdadeon.com.br\/portal\/2021\/11\/29\/prorrogadas-inscricoes-para-etecs-e-fatecs-no-primeiro-semestre-de-2022\/\",\"name\":\"Prorrogadas inscri\u00e7\u00f5es para Etecs e Fatecs no primeiro semestre de 2022 - VerdadeOn\",\"isPartOf\":{\"@id\":\"https:\/\/verdadeon.com.br\/portal\/#website\"},\"primaryImageOfPage\":{\"@id\":\"https:\/\/verdadeon.com.br\/portal\/2021\/11\/29\/prorrogadas-inscricoes-para-etecs-e-fatecs-no-primeiro-semestre-de-2022\/#primaryimage\"},\"image\":{\"@id\":\"https:\/\/verdadeon.com.br\/portal\/2021\/11\/29\/prorrogadas-inscricoes-para-etecs-e-fatecs-no-primeiro-semestre-de-2022\/#primaryimage\"},\"thumbnailUrl\":\"https:\/\/i0.wp.com\/verdadeon.com.br\/portal\/wp-content\/uploads\/2020\/01\/fatec.jpg?fit=1000%2C670&ssl=1\",\"datePublished\":\"2021-11-29T21:46:00+00:00\",\"author\":{\"@id\":\"https:\/\/verdadeon.com.br\/portal\/#\/schema\/person\/cc32be22b8e8599387c480bc83e1d11a\"},\"breadcrumb\":{\"@id\":\"https:\/\/verdadeon.com.br\/portal\/2021\/11\/29\/prorrogadas-inscricoes-para-etecs-e-fatecs-no-primeiro-semestre-de-2022\/#breadcrumb\"},\"inLanguage\":\"pt-BR\",\"potentialAction\":[{\"@type\":\"ReadAction\",\"target\":[\"https:\/\/verdadeon.com.br\/portal\/2021\/11\/29\/prorrogadas-inscricoes-para-etecs-e-fatecs-no-primeiro-semestre-de-2022\/\"]}]},{\"@type\":\"ImageObject\",\"inLanguage\":\"pt-BR\",\"@id\":\"https:\/\/verdadeon.com.br\/portal\/2021\/11\/29\/prorrogadas-inscricoes-para-etecs-e-fatecs-no-primeiro-semestre-de-2022\/#primaryimage\",\"url\":\"https:\/\/i0.wp.com\/verdadeon.com.br\/portal\/wp-content\/uploads\/2020\/01\/fatec.jpg?fit=1000%2C670&ssl=1\",\"contentUrl\":\"https:\/\/i0.wp.com\/verdadeon.com.br\/portal\/wp-content\/uploads\/2020\/01\/fatec.jpg?fit=1000%2C670&ssl=1\",\"width\":1000,\"height\":670,\"caption\":\"O Centro Paula Souza (CPS) oferece seis mil isen\u00e7\u00f5es de pagamento. \u00c9 poss\u00edvel solicitar a isen\u00e7\u00e3o, a redu\u00e7\u00e3o ou as duas op\u00e7\u00f5es, por\u00e9m, neste caso, \u00e9 preciso fazer dois pedidos | Foto: Jornal Verdade\"},{\"@type\":\"BreadcrumbList\",\"@id\":\"https:\/\/verdadeon.com.br\/portal\/2021\/11\/29\/prorrogadas-inscricoes-para-etecs-e-fatecs-no-primeiro-semestre-de-2022\/#breadcrumb\",\"itemListElement\":[{\"@type\":\"ListItem\",\"position\":1,\"name\":\"In\u00edcio\",\"item\":\"https:\/\/verdadeon.com.br\/portal\/\"},{\"@type\":\"ListItem\",\"position\":2,\"name\":\"Prorrogadas inscri\u00e7\u00f5es para Etecs e Fatecs no primeiro semestre de 2022\"}]},{\"@type\":\"WebSite\",\"@id\":\"https:\/\/verdadeon.com.br\/portal\/#website\",\"url\":\"https:\/\/verdadeon.com.br\/portal\/\",\"name\":\"VerdadeOn\",\"description\":\"Not\u00edcias di\u00e1rias sobre Franca, Regi\u00e3o, Esporte, Cultura, Cotidiano, Colunas. Cobertura nos principais eventos da cidade \u00e9 aqui - Verdadeon Franca\",\"potentialAction\":[{\"@type\":\"SearchAction\",\"target\":{\"@type\":\"EntryPoint\",\"urlTemplate\":\"https:\/\/verdadeon.com.br\/portal\/?s={search_term_string}\"},\"query-input\":{\"@type\":\"PropertyValueSpecification\",\"valueRequired\":true,\"valueName\":\"search_term_string\"}}],\"inLanguage\":\"pt-BR\"},{\"@type\":\"Person\",\"@id\":\"https:\/\/verdadeon.com.br\/portal\/#\/schema\/person\/cc32be22b8e8599387c480bc83e1d11a\",\"name\":\"Fernando Lima\",\"image\":{\"@type\":\"ImageObject\",\"inLanguage\":\"pt-BR\",\"@id\":\"https:\/\/verdadeon.com.br\/portal\/#\/schema\/person\/image\/\",\"url\":\"https:\/\/secure.gravatar.com\/avatar\/df4c8e132080d2b3a4841d5d232045464e0eed11a1d6e43115ca0843d48768d3?s=96&d=mm&r=g\",\"contentUrl\":\"https:\/\/secure.gravatar.com\/avatar\/df4c8e132080d2b3a4841d5d232045464e0eed11a1d6e43115ca0843d48768d3?s=96&d=mm&r=g\",\"caption\":\"Fernando Lima\"},\"sameAs\":[\"http:\/\/verdadeon.com.br\/\"],\"url\":\"https:\/\/verdadeon.com.br\/portal\/author\/fernando-lima\/\"}]}<\/script>\n<!-- \/ Yoast SEO plugin. -->","yoast_head_json":{"title":"Prorrogadas inscri\u00e7\u00f5es para Etecs e Fatecs no primeiro semestre de 2022 - VerdadeOn","robots":{"index":"index","follow":"follow","max-snippet":"max-snippet:-1","max-image-preview":"max-image-preview:large","max-video-preview":"max-video-preview:-1"},"canonical":"https:\/\/verdadeon.com.br\/portal\/2021\/11\/29\/prorrogadas-inscricoes-para-etecs-e-fatecs-no-primeiro-semestre-de-2022\/","og_locale":"pt_BR","og_type":"article","og_title":"Prorrogadas inscri\u00e7\u00f5es para Etecs e Fatecs no primeiro semestre de 2022 - VerdadeOn","og_description":"Prazo do Vestibulinho vai at\u00e9 6 de dezembro e o do Vestibular termina no dia 8 de dezembro O prazo para inscri\u00e7\u00e3o no Vestibulinho das Escolas [\u2026]","og_url":"https:\/\/verdadeon.com.br\/portal\/2021\/11\/29\/prorrogadas-inscricoes-para-etecs-e-fatecs-no-primeiro-semestre-de-2022\/","og_site_name":"VerdadeOn","article_published_time":"2021-11-29T21:46:00+00:00","og_image":[{"width":1000,"height":670,"url":"https:\/\/verdadeon.com.br\/portal\/wp-content\/uploads\/2020\/01\/fatec.jpg","type":"image\/jpeg"}],"author":"Fernando Lima","twitter_card":"summary_large_image","twitter_misc":{"Escrito por":"Fernando Lima","Est. tempo de leitura":"3 minutos"},"schema":{"@context":"https:\/\/schema.org","@graph":[{"@type":"WebPage","@id":"https:\/\/verdadeon.com.br\/portal\/2021\/11\/29\/prorrogadas-inscricoes-para-etecs-e-fatecs-no-primeiro-semestre-de-2022\/","url":"https:\/\/verdadeon.com.br\/portal\/2021\/11\/29\/prorrogadas-inscricoes-para-etecs-e-fatecs-no-primeiro-semestre-de-2022\/","name":"Prorrogadas inscri\u00e7\u00f5es para Etecs e Fatecs no primeiro semestre de 2022 - VerdadeOn","isPartOf":{"@id":"https:\/\/verdadeon.com.br\/portal\/#website"},"primaryImageOfPage":{"@id":"https:\/\/verdadeon.com.br\/portal\/2021\/11\/29\/prorrogadas-inscricoes-para-etecs-e-fatecs-no-primeiro-semestre-de-2022\/#primaryimage"},"image":{"@id":"https:\/\/verdadeon.com.br\/portal\/2021\/11\/29\/prorrogadas-inscricoes-para-etecs-e-fatecs-no-primeiro-semestre-de-2022\/#primaryimage"},"thumbnailUrl":"https:\/\/i0.wp.com\/verdadeon.com.br\/portal\/wp-content\/uploads\/2020\/01\/fatec.jpg?fit=1000%2C670&ssl=1","datePublished":"2021-11-29T21:46:00+00:00","author":{"@id":"https:\/\/verdadeon.com.br\/portal\/#\/schema\/person\/cc32be22b8e8599387c480bc83e1d11a"},"breadcrumb":{"@id":"https:\/\/verdadeon.com.br\/portal\/2021\/11\/29\/prorrogadas-inscricoes-para-etecs-e-fatecs-no-primeiro-semestre-de-2022\/#breadcrumb"},"inLanguage":"pt-BR","potentialAction":[{"@type":"ReadAction","target":["https:\/\/verdadeon.com.br\/portal\/2021\/11\/29\/prorrogadas-inscricoes-para-etecs-e-fatecs-no-primeiro-semestre-de-2022\/"]}]},{"@type":"ImageObject","inLanguage":"pt-BR","@id":"https:\/\/verdadeon.com.br\/portal\/2021\/11\/29\/prorrogadas-inscricoes-para-etecs-e-fatecs-no-primeiro-semestre-de-2022\/#primaryimage","url":"https:\/\/i0.wp.com\/verdadeon.com.br\/portal\/wp-content\/uploads\/2020\/01\/fatec.jpg?fit=1000%2C670&ssl=1","contentUrl":"https:\/\/i0.wp.com\/verdadeon.com.br\/portal\/wp-content\/uploads\/2020\/01\/fatec.jpg?fit=1000%2C670&ssl=1","width":1000,"height":670,"caption":"O Centro Paula Souza (CPS) oferece seis mil isen\u00e7\u00f5es de pagamento. \u00c9 poss\u00edvel solicitar a isen\u00e7\u00e3o, a redu\u00e7\u00e3o ou as duas op\u00e7\u00f5es, por\u00e9m, neste caso, \u00e9 preciso fazer dois pedidos | Foto: Jornal Verdade"},{"@type":"BreadcrumbList","@id":"https:\/\/verdadeon.com.br\/portal\/2021\/11\/29\/prorrogadas-inscricoes-para-etecs-e-fatecs-no-primeiro-semestre-de-2022\/#breadcrumb","itemListElement":[{"@type":"ListItem","position":1,"name":"In\u00edcio","item":"https:\/\/verdadeon.com.br\/portal\/"},{"@type":"ListItem","position":2,"name":"Prorrogadas inscri\u00e7\u00f5es para Etecs e Fatecs no primeiro semestre de 2022"}]},{"@type":"WebSite","@id":"https:\/\/verdadeon.com.br\/portal\/#website","url":"https:\/\/verdadeon.com.br\/portal\/","name":"VerdadeOn","description":"Not\u00edcias di\u00e1rias sobre Franca, Regi\u00e3o, Esporte, Cultura, Cotidiano, Colunas. Cobertura nos principais eventos da cidade \u00e9 aqui - Verdadeon Franca","potentialAction":[{"@type":"SearchAction","target":{"@type":"EntryPoint","urlTemplate":"https:\/\/verdadeon.com.br\/portal\/?s={search_term_string}"},"query-input":{"@type":"PropertyValueSpecification","valueRequired":true,"valueName":"search_term_string"}}],"inLanguage":"pt-BR"},{"@type":"Person","@id":"https:\/\/verdadeon.com.br\/portal\/#\/schema\/person\/cc32be22b8e8599387c480bc83e1d11a","name":"Fernando Lima","image":{"@type":"ImageObject","inLanguage":"pt-BR","@id":"https:\/\/verdadeon.com.br\/portal\/#\/schema\/person\/image\/","url":"https:\/\/secure.gravatar.com\/avatar\/df4c8e132080d2b3a4841d5d232045464e0eed11a1d6e43115ca0843d48768d3?s=96&d=mm&r=g","contentUrl":"https:\/\/secure.gravatar.com\/avatar\/df4c8e132080d2b3a4841d5d232045464e0eed11a1d6e43115ca0843d48768d3?s=96&d=mm&r=g","caption":"Fernando Lima"},"sameAs":["http:\/\/verdadeon.com.br\/"],"url":"https:\/\/verdadeon.com.br\/portal\/author\/fernando-lima\/"}]}},"jetpack_publicize_connections":[],"jetpack_featured_media_url":"https:\/\/i0.wp.com\/verdadeon.com.br\/portal\/wp-content\/uploads\/2020\/01\/fatec.jpg?fit=1000%2C670&ssl=1","jetpack_sharing_enabled":true,"_links":{"self":[{"href":"https:\/\/verdadeon.com.br\/portal\/wp-json\/wp\/v2\/posts\/21282","targetHints":{"allow":["GET"]}}],"collection":[{"href":"https:\/\/verdadeon.com.br\/portal\/wp-json\/wp\/v2\/posts"}],"about":[{"href":"https:\/\/verdadeon.com.br\/portal\/wp-json\/wp\/v2\/types\/post"}],"author":[{"embeddable":true,"href":"https:\/\/verdadeon.com.br\/portal\/wp-json\/wp\/v2\/users\/7"}],"replies":[{"embeddable":true,"href":"https:\/\/verdadeon.com.br\/portal\/wp-json\/wp\/v2\/comments?post=21282"}],"version-history":[{"count":0,"href":"https:\/\/verdadeon.com.br\/portal\/wp-json\/wp\/v2\/posts\/21282\/revisions"}],"wp:featuredmedia":[{"embeddable":true,"href":"https:\/\/verdadeon.com.br\/portal\/wp-json\/wp\/v2\/media\/2766"}],"wp:attachment":[{"href":"https:\/\/verdadeon.com.br\/portal\/wp-json\/wp\/v2\/media?parent=21282"}],"wp:term":[{"taxonomy":"category","embeddable":true,"href":"https:\/\/verdadeon.com.br\/portal\/wp-json\/wp\/v2\/categories?post=21282"},{"taxonomy":"post_tag","embeddable":true,"href":"https:\/\/verdadeon.com.br\/portal\/wp-json\/wp\/v2\/tags?post=21282"}],"curies":[{"name":"wp","href":"https:\/\/api.w.org\/{rel}","templated":true}]}}