{"id":21269,"date":"2021-11-27T15:51:43","date_gmt":"2021-11-27T18:51:43","guid":{"rendered":"https:\/\/verdadeon.com.br\/portal\/?p=21269"},"modified":"2021-11-27T15:26:00","modified_gmt":"2021-11-27T18:26:00","slug":"populacao-tera-tradicional-bolo-gigante-e-concerto-sinfonico-nos-197-anos-de-franca","status":"publish","type":"post","link":"https:\/\/verdadeon.com.br\/portal\/2021\/11\/27\/populacao-tera-tradicional-bolo-gigante-e-concerto-sinfonico-nos-197-anos-de-franca\/","title":{"rendered":"Popula\u00e7\u00e3o ter\u00e1 tradicional bolo gigante e concerto sinf\u00f4nico nos 197 anos de Franca"},"content":{"rendered":"<h2>Com presen\u00e7a da Banda Musical de Franca, corte do bolo ser\u00e1 \u00e0s 9h30 no &#8216;Fernando Costa&#8217;; \u00e0 noite, Orquestra se apresenta na Catedral<\/h2>\n<p>&nbsp;<\/p>\n<p>&nbsp;<\/p>\n<p><span style=\"font-weight: 400;\">A programa\u00e7\u00e3o dos 197 anos de Franca ter\u00e1 neste domingo, dia 28, passeio cicl\u00edstico, corte do tradicional bolo gigante e encerramento com um concerto da Orquestra Sinf\u00f4nica da cidade com participa\u00e7\u00f5es especiais.<\/span><\/p>\n<p><span style=\"font-weight: 400;\">Pela manh\u00e3, o passeio cicl\u00edstico \u201cBike na Veia\u201d, em sua quarta edi\u00e7\u00e3o, abrir\u00e1 a programa\u00e7\u00e3o do anivers\u00e1rio de Franca. Os participantes v\u00e3o ter como ponto de partida, \u00e0s 8h, o Hemocentro, pr\u00f3ximo do NGA, na Avenida H\u00e9lio Palermo. O grupo seguir\u00e1 por um percurso por ruas e avenidas at\u00e9 o Complexo Poliesportivo.\u00a0<\/span><\/p>\n<p><span style=\"font-weight: 400;\">\u00c0s 9h30, no Parque Fernando Costa, est\u00e1 programado o corte do bolo comemorativo ao anivers\u00e1rio da cidade, confeccionado em parceria com o Sindicato da Ind\u00fastria de Panifica\u00e7\u00e3o e Confeitaria de Franca e regi\u00e3o, com apresenta\u00e7\u00e3o da Associa\u00e7\u00e3o da Banda Musical de Franca. Para ter acesso ao Parque, as pessoas dever\u00e3o usar a m\u00e1scara e manter o distanciamento f\u00edsico.<\/span><\/p>\n<p><span style=\"font-weight: 400;\">No per\u00edodo noturno, \u00e0s 20h, ocorrer\u00e1 o acionamento da decora\u00e7\u00e3o natalina na Pra\u00e7a Nossa Senhora da Concei\u00e7\u00e3o, seguido da apresenta\u00e7\u00e3o da Orquestra Sinf\u00f4nica de Franca, com participa\u00e7\u00e3o do Ensemble Vocal, do solista Diogo An\u00e9sio e das tr\u00eas estudantes ganhadoras do recente concurso A Mais Bela Voz Infantil, Ana Carolina Almeida, Eduarda Mesquita e Giani Vit\u00f3ria Pacheco, na Catedral.<\/span><\/p>\n<p>&nbsp;<\/p>\n","protected":false},"excerpt":{"rendered":"<p>Com presen\u00e7a da Banda Musical de Franca, corte do bolo ser\u00e1 \u00e0s 9h30 no &#8216;Fernando Costa&#8217;; \u00e0 noite, Orquestra se apresenta na Catedral &nbsp; &nbsp; A<span class=\"excerpt-hellip\"> [\u2026]<\/span><\/p>\n","protected":false},"author":10,"featured_media":12700,"comment_status":"open","ping_status":"open","sticky":false,"template":"","format":"standard","meta":{"_jetpack_memberships_contains_paid_content":false,"footnotes":"","jetpack_publicize_message":"","jetpack_publicize_feature_enabled":true,"jetpack_social_post_already_shared":false,"jetpack_social_options":{"image_generator_settings":{"template":"highway","default_image_id":0,"enabled":false},"version":2}},"categories":[28,44],"tags":[],"class_list":["post-21269","post","type-post","status-publish","format-standard","has-post-thumbnail","hentry","category-cotidiano","category-noticias"],"yoast_head":"<!-- This site is optimized with the Yoast SEO plugin v25.6 - https:\/\/yoast.com\/wordpress\/plugins\/seo\/ -->\n<title>Popula\u00e7\u00e3o ter\u00e1 tradicional bolo gigante e concerto sinf\u00f4nico nos 197 anos de Franca - VerdadeOn<\/title>\n<meta name=\"robots\" content=\"index, follow, max-snippet:-1, max-image-preview:large, max-video-preview:-1\" \/>\n<link rel=\"canonical\" href=\"https:\/\/verdadeon.com.br\/portal\/2021\/11\/27\/populacao-tera-tradicional-bolo-gigante-e-concerto-sinfonico-nos-197-anos-de-franca\/\" \/>\n<meta property=\"og:locale\" content=\"pt_BR\" \/>\n<meta property=\"og:type\" content=\"article\" \/>\n<meta property=\"og:title\" content=\"Popula\u00e7\u00e3o ter\u00e1 tradicional bolo gigante e concerto sinf\u00f4nico nos 197 anos de Franca - VerdadeOn\" \/>\n<meta property=\"og:description\" content=\"Com presen\u00e7a da Banda Musical de Franca, corte do bolo ser\u00e1 \u00e0s 9h30 no &#8216;Fernando Costa&#8217;; \u00e0 noite, Orquestra se apresenta na Catedral &nbsp; &nbsp; A [\u2026]\" \/>\n<meta property=\"og:url\" content=\"https:\/\/verdadeon.com.br\/portal\/2021\/11\/27\/populacao-tera-tradicional-bolo-gigante-e-concerto-sinfonico-nos-197-anos-de-franca\/\" \/>\n<meta property=\"og:site_name\" content=\"VerdadeOn\" \/>\n<meta property=\"article:published_time\" content=\"2021-11-27T18:51:43+00:00\" \/>\n<meta property=\"og:image\" content=\"https:\/\/verdadeon.com.br\/portal\/wp-content\/uploads\/2020\/12\/Orquestra-Sinfonica-de-Franca-1.jpeg\" \/>\n\t<meta property=\"og:image:width\" content=\"1000\" \/>\n\t<meta property=\"og:image:height\" content=\"670\" \/>\n\t<meta property=\"og:image:type\" content=\"image\/jpeg\" \/>\n<meta name=\"author\" content=\"Redacao VerdadeOn\" \/>\n<meta name=\"twitter:card\" content=\"summary_large_image\" \/>\n<meta name=\"twitter:label1\" content=\"Escrito por\" \/>\n\t<meta name=\"twitter:data1\" content=\"Redacao VerdadeOn\" \/>\n\t<meta name=\"twitter:label2\" content=\"Est. tempo de leitura\" \/>\n\t<meta name=\"twitter:data2\" content=\"1 minuto\" \/>\n<script type=\"application\/ld+json\" class=\"yoast-schema-graph\">{\"@context\":\"https:\/\/schema.org\",\"@graph\":[{\"@type\":\"WebPage\",\"@id\":\"https:\/\/verdadeon.com.br\/portal\/2021\/11\/27\/populacao-tera-tradicional-bolo-gigante-e-concerto-sinfonico-nos-197-anos-de-franca\/\",\"url\":\"https:\/\/verdadeon.com.br\/portal\/2021\/11\/27\/populacao-tera-tradicional-bolo-gigante-e-concerto-sinfonico-nos-197-anos-de-franca\/\",\"name\":\"Popula\u00e7\u00e3o ter\u00e1 tradicional bolo gigante e concerto sinf\u00f4nico nos 197 anos de Franca - VerdadeOn\",\"isPartOf\":{\"@id\":\"https:\/\/verdadeon.com.br\/portal\/#website\"},\"primaryImageOfPage\":{\"@id\":\"https:\/\/verdadeon.com.br\/portal\/2021\/11\/27\/populacao-tera-tradicional-bolo-gigante-e-concerto-sinfonico-nos-197-anos-de-franca\/#primaryimage\"},\"image\":{\"@id\":\"https:\/\/verdadeon.com.br\/portal\/2021\/11\/27\/populacao-tera-tradicional-bolo-gigante-e-concerto-sinfonico-nos-197-anos-de-franca\/#primaryimage\"},\"thumbnailUrl\":\"https:\/\/i0.wp.com\/verdadeon.com.br\/portal\/wp-content\/uploads\/2020\/12\/Orquestra-Sinfonica-de-Franca-1.jpeg?fit=1000%2C670&ssl=1\",\"datePublished\":\"2021-11-27T18:51:43+00:00\",\"author\":{\"@id\":\"https:\/\/verdadeon.com.br\/portal\/#\/schema\/person\/a5060ad1e9ea3df545188fc93ce43d2f\"},\"breadcrumb\":{\"@id\":\"https:\/\/verdadeon.com.br\/portal\/2021\/11\/27\/populacao-tera-tradicional-bolo-gigante-e-concerto-sinfonico-nos-197-anos-de-franca\/#breadcrumb\"},\"inLanguage\":\"pt-BR\",\"potentialAction\":[{\"@type\":\"ReadAction\",\"target\":[\"https:\/\/verdadeon.com.br\/portal\/2021\/11\/27\/populacao-tera-tradicional-bolo-gigante-e-concerto-sinfonico-nos-197-anos-de-franca\/\"]}]},{\"@type\":\"ImageObject\",\"inLanguage\":\"pt-BR\",\"@id\":\"https:\/\/verdadeon.com.br\/portal\/2021\/11\/27\/populacao-tera-tradicional-bolo-gigante-e-concerto-sinfonico-nos-197-anos-de-franca\/#primaryimage\",\"url\":\"https:\/\/i0.wp.com\/verdadeon.com.br\/portal\/wp-content\/uploads\/2020\/12\/Orquestra-Sinfonica-de-Franca-1.jpeg?fit=1000%2C670&ssl=1\",\"contentUrl\":\"https:\/\/i0.wp.com\/verdadeon.com.br\/portal\/wp-content\/uploads\/2020\/12\/Orquestra-Sinfonica-de-Franca-1.jpeg?fit=1000%2C670&ssl=1\",\"width\":1000,\"height\":670,\"caption\":\"Orquestra Sinf\u00f4nica de Franca far\u00e1 concerto na Catedral em comemora\u00e7\u00e3o aos 60 anos da Unesp-Franca | Foto:\u00a0Wilker Maia\/ACIF\"},{\"@type\":\"BreadcrumbList\",\"@id\":\"https:\/\/verdadeon.com.br\/portal\/2021\/11\/27\/populacao-tera-tradicional-bolo-gigante-e-concerto-sinfonico-nos-197-anos-de-franca\/#breadcrumb\",\"itemListElement\":[{\"@type\":\"ListItem\",\"position\":1,\"name\":\"In\u00edcio\",\"item\":\"https:\/\/verdadeon.com.br\/portal\/\"},{\"@type\":\"ListItem\",\"position\":2,\"name\":\"Popula\u00e7\u00e3o ter\u00e1 tradicional bolo gigante e concerto sinf\u00f4nico nos 197 anos de Franca\"}]},{\"@type\":\"WebSite\",\"@id\":\"https:\/\/verdadeon.com.br\/portal\/#website\",\"url\":\"https:\/\/verdadeon.com.br\/portal\/\",\"name\":\"VerdadeOn\",\"description\":\"Not\u00edcias di\u00e1rias sobre Franca, Regi\u00e3o, Esporte, Cultura, Cotidiano, Colunas. Cobertura nos principais eventos da cidade \u00e9 aqui - Verdadeon Franca\",\"potentialAction\":[{\"@type\":\"SearchAction\",\"target\":{\"@type\":\"EntryPoint\",\"urlTemplate\":\"https:\/\/verdadeon.com.br\/portal\/?s={search_term_string}\"},\"query-input\":{\"@type\":\"PropertyValueSpecification\",\"valueRequired\":true,\"valueName\":\"search_term_string\"}}],\"inLanguage\":\"pt-BR\"},{\"@type\":\"Person\",\"@id\":\"https:\/\/verdadeon.com.br\/portal\/#\/schema\/person\/a5060ad1e9ea3df545188fc93ce43d2f\",\"name\":\"Redacao VerdadeOn\",\"image\":{\"@type\":\"ImageObject\",\"inLanguage\":\"pt-BR\",\"@id\":\"https:\/\/verdadeon.com.br\/portal\/#\/schema\/person\/image\/\",\"url\":\"https:\/\/secure.gravatar.com\/avatar\/459a9613caaaf07f582c3d0841eea68bdd66f533e465e6ba8b9cb45619572cf4?s=96&d=mm&r=g\",\"contentUrl\":\"https:\/\/secure.gravatar.com\/avatar\/459a9613caaaf07f582c3d0841eea68bdd66f533e465e6ba8b9cb45619572cf4?s=96&d=mm&r=g\",\"caption\":\"Redacao VerdadeOn\"},\"url\":\"https:\/\/verdadeon.com.br\/portal\/author\/redacao\/\"}]}<\/script>\n<!-- \/ Yoast SEO plugin. -->","yoast_head_json":{"title":"Popula\u00e7\u00e3o ter\u00e1 tradicional bolo gigante e concerto sinf\u00f4nico nos 197 anos de Franca - VerdadeOn","robots":{"index":"index","follow":"follow","max-snippet":"max-snippet:-1","max-image-preview":"max-image-preview:large","max-video-preview":"max-video-preview:-1"},"canonical":"https:\/\/verdadeon.com.br\/portal\/2021\/11\/27\/populacao-tera-tradicional-bolo-gigante-e-concerto-sinfonico-nos-197-anos-de-franca\/","og_locale":"pt_BR","og_type":"article","og_title":"Popula\u00e7\u00e3o ter\u00e1 tradicional bolo gigante e concerto sinf\u00f4nico nos 197 anos de Franca - VerdadeOn","og_description":"Com presen\u00e7a da Banda Musical de Franca, corte do bolo ser\u00e1 \u00e0s 9h30 no &#8216;Fernando Costa&#8217;; \u00e0 noite, Orquestra se apresenta na Catedral &nbsp; &nbsp; A [\u2026]","og_url":"https:\/\/verdadeon.com.br\/portal\/2021\/11\/27\/populacao-tera-tradicional-bolo-gigante-e-concerto-sinfonico-nos-197-anos-de-franca\/","og_site_name":"VerdadeOn","article_published_time":"2021-11-27T18:51:43+00:00","og_image":[{"width":1000,"height":670,"url":"https:\/\/verdadeon.com.br\/portal\/wp-content\/uploads\/2020\/12\/Orquestra-Sinfonica-de-Franca-1.jpeg","type":"image\/jpeg"}],"author":"Redacao VerdadeOn","twitter_card":"summary_large_image","twitter_misc":{"Escrito por":"Redacao VerdadeOn","Est. tempo de leitura":"1 minuto"},"schema":{"@context":"https:\/\/schema.org","@graph":[{"@type":"WebPage","@id":"https:\/\/verdadeon.com.br\/portal\/2021\/11\/27\/populacao-tera-tradicional-bolo-gigante-e-concerto-sinfonico-nos-197-anos-de-franca\/","url":"https:\/\/verdadeon.com.br\/portal\/2021\/11\/27\/populacao-tera-tradicional-bolo-gigante-e-concerto-sinfonico-nos-197-anos-de-franca\/","name":"Popula\u00e7\u00e3o ter\u00e1 tradicional bolo gigante e concerto sinf\u00f4nico nos 197 anos de Franca - VerdadeOn","isPartOf":{"@id":"https:\/\/verdadeon.com.br\/portal\/#website"},"primaryImageOfPage":{"@id":"https:\/\/verdadeon.com.br\/portal\/2021\/11\/27\/populacao-tera-tradicional-bolo-gigante-e-concerto-sinfonico-nos-197-anos-de-franca\/#primaryimage"},"image":{"@id":"https:\/\/verdadeon.com.br\/portal\/2021\/11\/27\/populacao-tera-tradicional-bolo-gigante-e-concerto-sinfonico-nos-197-anos-de-franca\/#primaryimage"},"thumbnailUrl":"https:\/\/i0.wp.com\/verdadeon.com.br\/portal\/wp-content\/uploads\/2020\/12\/Orquestra-Sinfonica-de-Franca-1.jpeg?fit=1000%2C670&ssl=1","datePublished":"2021-11-27T18:51:43+00:00","author":{"@id":"https:\/\/verdadeon.com.br\/portal\/#\/schema\/person\/a5060ad1e9ea3df545188fc93ce43d2f"},"breadcrumb":{"@id":"https:\/\/verdadeon.com.br\/portal\/2021\/11\/27\/populacao-tera-tradicional-bolo-gigante-e-concerto-sinfonico-nos-197-anos-de-franca\/#breadcrumb"},"inLanguage":"pt-BR","potentialAction":[{"@type":"ReadAction","target":["https:\/\/verdadeon.com.br\/portal\/2021\/11\/27\/populacao-tera-tradicional-bolo-gigante-e-concerto-sinfonico-nos-197-anos-de-franca\/"]}]},{"@type":"ImageObject","inLanguage":"pt-BR","@id":"https:\/\/verdadeon.com.br\/portal\/2021\/11\/27\/populacao-tera-tradicional-bolo-gigante-e-concerto-sinfonico-nos-197-anos-de-franca\/#primaryimage","url":"https:\/\/i0.wp.com\/verdadeon.com.br\/portal\/wp-content\/uploads\/2020\/12\/Orquestra-Sinfonica-de-Franca-1.jpeg?fit=1000%2C670&ssl=1","contentUrl":"https:\/\/i0.wp.com\/verdadeon.com.br\/portal\/wp-content\/uploads\/2020\/12\/Orquestra-Sinfonica-de-Franca-1.jpeg?fit=1000%2C670&ssl=1","width":1000,"height":670,"caption":"Orquestra Sinf\u00f4nica de Franca far\u00e1 concerto na Catedral em comemora\u00e7\u00e3o aos 60 anos da Unesp-Franca | Foto:\u00a0Wilker Maia\/ACIF"},{"@type":"BreadcrumbList","@id":"https:\/\/verdadeon.com.br\/portal\/2021\/11\/27\/populacao-tera-tradicional-bolo-gigante-e-concerto-sinfonico-nos-197-anos-de-franca\/#breadcrumb","itemListElement":[{"@type":"ListItem","position":1,"name":"In\u00edcio","item":"https:\/\/verdadeon.com.br\/portal\/"},{"@type":"ListItem","position":2,"name":"Popula\u00e7\u00e3o ter\u00e1 tradicional bolo gigante e concerto sinf\u00f4nico nos 197 anos de Franca"}]},{"@type":"WebSite","@id":"https:\/\/verdadeon.com.br\/portal\/#website","url":"https:\/\/verdadeon.com.br\/portal\/","name":"VerdadeOn","description":"Not\u00edcias di\u00e1rias sobre Franca, Regi\u00e3o, Esporte, Cultura, Cotidiano, Colunas. Cobertura nos principais eventos da cidade \u00e9 aqui - Verdadeon Franca","potentialAction":[{"@type":"SearchAction","target":{"@type":"EntryPoint","urlTemplate":"https:\/\/verdadeon.com.br\/portal\/?s={search_term_string}"},"query-input":{"@type":"PropertyValueSpecification","valueRequired":true,"valueName":"search_term_string"}}],"inLanguage":"pt-BR"},{"@type":"Person","@id":"https:\/\/verdadeon.com.br\/portal\/#\/schema\/person\/a5060ad1e9ea3df545188fc93ce43d2f","name":"Redacao VerdadeOn","image":{"@type":"ImageObject","inLanguage":"pt-BR","@id":"https:\/\/verdadeon.com.br\/portal\/#\/schema\/person\/image\/","url":"https:\/\/secure.gravatar.com\/avatar\/459a9613caaaf07f582c3d0841eea68bdd66f533e465e6ba8b9cb45619572cf4?s=96&d=mm&r=g","contentUrl":"https:\/\/secure.gravatar.com\/avatar\/459a9613caaaf07f582c3d0841eea68bdd66f533e465e6ba8b9cb45619572cf4?s=96&d=mm&r=g","caption":"Redacao VerdadeOn"},"url":"https:\/\/verdadeon.com.br\/portal\/author\/redacao\/"}]}},"jetpack_publicize_connections":[],"jetpack_featured_media_url":"https:\/\/i0.wp.com\/verdadeon.com.br\/portal\/wp-content\/uploads\/2020\/12\/Orquestra-Sinfonica-de-Franca-1.jpeg?fit=1000%2C670&ssl=1","jetpack_sharing_enabled":true,"_links":{"self":[{"href":"https:\/\/verdadeon.com.br\/portal\/wp-json\/wp\/v2\/posts\/21269","targetHints":{"allow":["GET"]}}],"collection":[{"href":"https:\/\/verdadeon.com.br\/portal\/wp-json\/wp\/v2\/posts"}],"about":[{"href":"https:\/\/verdadeon.com.br\/portal\/wp-json\/wp\/v2\/types\/post"}],"author":[{"embeddable":true,"href":"https:\/\/verdadeon.com.br\/portal\/wp-json\/wp\/v2\/users\/10"}],"replies":[{"embeddable":true,"href":"https:\/\/verdadeon.com.br\/portal\/wp-json\/wp\/v2\/comments?post=21269"}],"version-history":[{"count":0,"href":"https:\/\/verdadeon.com.br\/portal\/wp-json\/wp\/v2\/posts\/21269\/revisions"}],"wp:featuredmedia":[{"embeddable":true,"href":"https:\/\/verdadeon.com.br\/portal\/wp-json\/wp\/v2\/media\/12700"}],"wp:attachment":[{"href":"https:\/\/verdadeon.com.br\/portal\/wp-json\/wp\/v2\/media?parent=21269"}],"wp:term":[{"taxonomy":"category","embeddable":true,"href":"https:\/\/verdadeon.com.br\/portal\/wp-json\/wp\/v2\/categories?post=21269"},{"taxonomy":"post_tag","embeddable":true,"href":"https:\/\/verdadeon.com.br\/portal\/wp-json\/wp\/v2\/tags?post=21269"}],"curies":[{"name":"wp","href":"https:\/\/api.w.org\/{rel}","templated":true}]}}