{"id":21259,"date":"2021-11-27T15:30:43","date_gmt":"2021-11-27T18:30:43","guid":{"rendered":"https:\/\/verdadeon.com.br\/portal\/?p=21259"},"modified":"2021-11-27T12:13:36","modified_gmt":"2021-11-27T15:13:36","slug":"luzes-de-natal-serao-acionadas-no-aniversario-de-franca-em-pracas-e-rotatorias","status":"publish","type":"post","link":"https:\/\/verdadeon.com.br\/portal\/2021\/11\/27\/luzes-de-natal-serao-acionadas-no-aniversario-de-franca-em-pracas-e-rotatorias\/","title":{"rendered":"Luzes de Natal ser\u00e3o acionadas no anivers\u00e1rio de Franca em pra\u00e7as e rotat\u00f3rias"},"content":{"rendered":"<h2>Neste ano, decora\u00e7\u00e3o natalina vai enfeitar v\u00e1rias regi\u00f5es. No Col\u00e9gio Champagnat, luzes se acender\u00e3o na ter\u00e7a-feira, dia 30<\/h2>\n<p>&nbsp;<\/p>\n<p><span style=\"font-weight: 400;\">As luzes de Natal instaladas em diferentes regi\u00f5es de Franca ser\u00e3o acionadas na noite deste domingo, 28, como parte das comemora\u00e7\u00f5es dos 197 anos da cidade.<\/span><\/p>\n<p><span style=\"font-weight: 400;\">A decora\u00e7\u00e3o faz parte do Natal da Esperan\u00e7a e ter\u00e1 as luzes acesas \u00e0s 20 horas na Caixa D\u2019\u00e1gua da Sabesp, na regi\u00e3o Norte; Pra\u00e7a Sabino Loureiro, na regi\u00e3o Oeste; Rotat\u00f3ria da Avenida Miguel S\u00e1bio de Melo, na regi\u00e3o Sul; Pra\u00e7a das Bandeiras, na regi\u00e3o Leste e as Pra\u00e7as Carlos Pacheco, Bar\u00e3o, Concha Ac\u00fastica e Catedral, no Centro. A decora\u00e7\u00e3o do Col\u00e9gio Champagnat ser\u00e1 acionada no dia 30, tamb\u00e9m \u00e0s 20h.<\/span><\/p>\n<p><span style=\"font-weight: 400;\">Na pra\u00e7a central e no Col\u00e9gio Champagnat, nos dias 28 e 30, respectivamente, o acendimento das luzes contar\u00e1 com a presen\u00e7a do Papai Noel e carro de som com can\u00e7\u00f5es natalinas. V\u00e1lido ressaltar que os port\u00f5es do Col\u00e9gio Champagnat estar\u00e3o abertos e ser\u00e1 permitido o acesso da popula\u00e7\u00e3o ao jardim, na ocasi\u00e3o. <\/span><span style=\"font-weight: 400;\">O projeto Natal da Esperan\u00e7a \u00e9 uma parceria da Acif com o munic\u00edpio.<\/span><\/p>\n<h4>Casa do Papai Noel<\/h4>\n<p><span style=\"font-weight: 400;\">A Acif recebe na Casa do Papai Noel do Centro (Rua Major Claudiano, 1907), em sua sede (Rua Monsenhor Rosa, 1940) e na Casa do Papai Noel Itinerante &#8211; que come\u00e7ou a percorrer os bairros de Franca desde a \u00faltima quinta-feira, 25, as tradicionais cartas com pedidos de Natal assinadas por crian\u00e7as e fam\u00edlias de Franca. Os interessados em entregar sua carta para \u201cado\u00e7\u00e3o\u201d devem lev\u00e1-la a qualquer ponto de coleta.<\/span><\/p>\n<p><span style=\"font-weight: 400;\">J\u00e1 para os \u201cpadrinhos\u201d, a orienta\u00e7\u00e3o \u00e9 para que se direcionem \u00e0 sede da Acif, na Monsenhor Rosa, para escolher a carta que pretendem atender. Pedidos como cestas b\u00e1sicas, brinquedos e material escolar s\u00e3o muito comuns. Importante ressaltar que, neste ano, a comunidade pode ajudar, tamb\u00e9m, com a doa\u00e7\u00e3o de brinquedos diretamente na Casa do Papai Noel, quer seja a fixa, do Centro, ou a Itinerante, que visitar\u00e1 as cinco regi\u00f5es da cidade, conforme o cronograma a seguir.<\/span><\/p>\n<p><span style=\"font-weight: 400;\">\u201cO volume de cartas de Natal costuma ser grande: cerca de 2,5 mil unidades, a cada fim de ano\u201d, conta a coordenadora de marketing da Acif,nLetusa Sartori. \u201cNossa equipe tem o cuidado de separ\u00e1-las por categorias, como alimenta\u00e7\u00e3o, brinquedos e vestu\u00e1rio, a fim de facilitar a escolha dos padrinhos. Muitos pedidos s\u00e3o simples de serem atendidos e comoventes. Tivemos, certa vez, uma crian\u00e7a que pediu por uma toalha de banho, pois era a mais nova de cinco irm\u00e3os e a \u00faltima a se secar com a \u00fanica toalha que dividiam\u201d, conta.<\/span><\/p>\n<h4>Hor\u00e1rios de funcionamento no Centro<\/h4>\n<p><b>Sede da Acif<\/b><span style=\"font-weight: 400;\">: 9h \u00e0s 18h &#8211; de segunda a sexta-feira (Rua Monsenhor Rosa, 1940)<\/span><\/p>\n<p><b>Casa do Papai Noel do Centro<\/b> <b>at\u00e9 30\/11<\/b><span style=\"font-weight: 400;\">: 9h \u00e0s 18h com intervalo das 12h \u00e0s 13h \u2013 de segunda a s\u00e1bado (Rua Major Claudiano, 1907).<\/span><\/p>\n<p><b>Casa do Papai Noel do Centro, a partir de 1\u00ba\/12<\/b><span style=\"font-weight: 400;\">: 13h \u00e0s 22h (intervalo das 17h \u00e0s 18h), de domingo a sexta-feira e, aos s\u00e1bados, das 9h \u00e0s 18h (intervalo das 12h \u00e0s 13h) (Rua Major Claudiano, 1907).<\/span><\/p>\n","protected":false},"excerpt":{"rendered":"<p>Neste ano, decora\u00e7\u00e3o natalina vai enfeitar v\u00e1rias regi\u00f5es. No Col\u00e9gio Champagnat, luzes se acender\u00e3o na ter\u00e7a-feira, dia 30 &nbsp; As luzes de Natal instaladas em diferentes<span class=\"excerpt-hellip\"> [\u2026]<\/span><\/p>\n","protected":false},"author":10,"featured_media":21260,"comment_status":"open","ping_status":"open","sticky":false,"template":"","format":"standard","meta":{"_jetpack_memberships_contains_paid_content":false,"footnotes":"","jetpack_publicize_message":"","jetpack_publicize_feature_enabled":true,"jetpack_social_post_already_shared":false,"jetpack_social_options":{"image_generator_settings":{"template":"highway","default_image_id":0,"enabled":false},"version":2}},"categories":[28,44],"tags":[],"class_list":["post-21259","post","type-post","status-publish","format-standard","has-post-thumbnail","hentry","category-cotidiano","category-noticias"],"yoast_head":"<!-- This site is optimized with the Yoast SEO plugin v25.6 - https:\/\/yoast.com\/wordpress\/plugins\/seo\/ -->\n<title>Luzes de Natal ser\u00e3o acionadas no anivers\u00e1rio de Franca em pra\u00e7as e rotat\u00f3rias - VerdadeOn<\/title>\n<meta name=\"robots\" content=\"index, follow, max-snippet:-1, max-image-preview:large, max-video-preview:-1\" \/>\n<link rel=\"canonical\" href=\"https:\/\/verdadeon.com.br\/portal\/2021\/11\/27\/luzes-de-natal-serao-acionadas-no-aniversario-de-franca-em-pracas-e-rotatorias\/\" \/>\n<meta property=\"og:locale\" content=\"pt_BR\" \/>\n<meta property=\"og:type\" content=\"article\" \/>\n<meta property=\"og:title\" content=\"Luzes de Natal ser\u00e3o acionadas no anivers\u00e1rio de Franca em pra\u00e7as e rotat\u00f3rias - VerdadeOn\" \/>\n<meta property=\"og:description\" content=\"Neste ano, decora\u00e7\u00e3o natalina vai enfeitar v\u00e1rias regi\u00f5es. No Col\u00e9gio Champagnat, luzes se acender\u00e3o na ter\u00e7a-feira, dia 30 &nbsp; As luzes de Natal instaladas em diferentes [\u2026]\" \/>\n<meta property=\"og:url\" content=\"https:\/\/verdadeon.com.br\/portal\/2021\/11\/27\/luzes-de-natal-serao-acionadas-no-aniversario-de-franca-em-pracas-e-rotatorias\/\" \/>\n<meta property=\"og:site_name\" content=\"VerdadeOn\" \/>\n<meta property=\"article:published_time\" content=\"2021-11-27T18:30:43+00:00\" \/>\n<meta property=\"og:image\" content=\"https:\/\/verdadeon.com.br\/portal\/wp-content\/uploads\/2021\/11\/CASINHA-DO-PAPAI-NOEL-NO-CENTRO-2021-e1638024718714.jpeg\" \/>\n\t<meta property=\"og:image:width\" content=\"1001\" \/>\n\t<meta property=\"og:image:height\" content=\"668\" \/>\n\t<meta property=\"og:image:type\" content=\"image\/jpeg\" \/>\n<meta name=\"author\" content=\"Redacao VerdadeOn\" \/>\n<meta name=\"twitter:card\" content=\"summary_large_image\" \/>\n<meta name=\"twitter:label1\" content=\"Escrito por\" \/>\n\t<meta name=\"twitter:data1\" content=\"Redacao VerdadeOn\" \/>\n\t<meta name=\"twitter:label2\" content=\"Est. tempo de leitura\" \/>\n\t<meta name=\"twitter:data2\" content=\"3 minutos\" \/>\n<script type=\"application\/ld+json\" class=\"yoast-schema-graph\">{\"@context\":\"https:\/\/schema.org\",\"@graph\":[{\"@type\":\"WebPage\",\"@id\":\"https:\/\/verdadeon.com.br\/portal\/2021\/11\/27\/luzes-de-natal-serao-acionadas-no-aniversario-de-franca-em-pracas-e-rotatorias\/\",\"url\":\"https:\/\/verdadeon.com.br\/portal\/2021\/11\/27\/luzes-de-natal-serao-acionadas-no-aniversario-de-franca-em-pracas-e-rotatorias\/\",\"name\":\"Luzes de Natal ser\u00e3o acionadas no anivers\u00e1rio de Franca em pra\u00e7as e rotat\u00f3rias - VerdadeOn\",\"isPartOf\":{\"@id\":\"https:\/\/verdadeon.com.br\/portal\/#website\"},\"primaryImageOfPage\":{\"@id\":\"https:\/\/verdadeon.com.br\/portal\/2021\/11\/27\/luzes-de-natal-serao-acionadas-no-aniversario-de-franca-em-pracas-e-rotatorias\/#primaryimage\"},\"image\":{\"@id\":\"https:\/\/verdadeon.com.br\/portal\/2021\/11\/27\/luzes-de-natal-serao-acionadas-no-aniversario-de-franca-em-pracas-e-rotatorias\/#primaryimage\"},\"thumbnailUrl\":\"https:\/\/i0.wp.com\/verdadeon.com.br\/portal\/wp-content\/uploads\/2021\/11\/CASINHA-DO-PAPAI-NOEL-NO-CENTRO-2021-e1638024718714.jpeg?fit=1001%2C668&ssl=1\",\"datePublished\":\"2021-11-27T18:30:43+00:00\",\"author\":{\"@id\":\"https:\/\/verdadeon.com.br\/portal\/#\/schema\/person\/a5060ad1e9ea3df545188fc93ce43d2f\"},\"breadcrumb\":{\"@id\":\"https:\/\/verdadeon.com.br\/portal\/2021\/11\/27\/luzes-de-natal-serao-acionadas-no-aniversario-de-franca-em-pracas-e-rotatorias\/#breadcrumb\"},\"inLanguage\":\"pt-BR\",\"potentialAction\":[{\"@type\":\"ReadAction\",\"target\":[\"https:\/\/verdadeon.com.br\/portal\/2021\/11\/27\/luzes-de-natal-serao-acionadas-no-aniversario-de-franca-em-pracas-e-rotatorias\/\"]}]},{\"@type\":\"ImageObject\",\"inLanguage\":\"pt-BR\",\"@id\":\"https:\/\/verdadeon.com.br\/portal\/2021\/11\/27\/luzes-de-natal-serao-acionadas-no-aniversario-de-franca-em-pracas-e-rotatorias\/#primaryimage\",\"url\":\"https:\/\/i0.wp.com\/verdadeon.com.br\/portal\/wp-content\/uploads\/2021\/11\/CASINHA-DO-PAPAI-NOEL-NO-CENTRO-2021-e1638024718714.jpeg?fit=1001%2C668&ssl=1\",\"contentUrl\":\"https:\/\/i0.wp.com\/verdadeon.com.br\/portal\/wp-content\/uploads\/2021\/11\/CASINHA-DO-PAPAI-NOEL-NO-CENTRO-2021-e1638024718714.jpeg?fit=1001%2C668&ssl=1\",\"width\":1001,\"height\":668,\"caption\":\"Papai Noel recebe crian\u00e7as na Acif, no Centro, de segunda a s\u00e1bado, em hor\u00e1rio comercial, at\u00e9 dia 30. A partir do dia 1\u00ba, atendimento ser\u00e1 ampliado, com recep\u00e7\u00e3o aos domingos tamb\u00e9m \\\\ Foto: Divulga\u00e7\u00e3o\"},{\"@type\":\"BreadcrumbList\",\"@id\":\"https:\/\/verdadeon.com.br\/portal\/2021\/11\/27\/luzes-de-natal-serao-acionadas-no-aniversario-de-franca-em-pracas-e-rotatorias\/#breadcrumb\",\"itemListElement\":[{\"@type\":\"ListItem\",\"position\":1,\"name\":\"In\u00edcio\",\"item\":\"https:\/\/verdadeon.com.br\/portal\/\"},{\"@type\":\"ListItem\",\"position\":2,\"name\":\"Luzes de Natal ser\u00e3o acionadas no anivers\u00e1rio de Franca em pra\u00e7as e rotat\u00f3rias\"}]},{\"@type\":\"WebSite\",\"@id\":\"https:\/\/verdadeon.com.br\/portal\/#website\",\"url\":\"https:\/\/verdadeon.com.br\/portal\/\",\"name\":\"VerdadeOn\",\"description\":\"Not\u00edcias di\u00e1rias sobre Franca, Regi\u00e3o, Esporte, Cultura, Cotidiano, Colunas. Cobertura nos principais eventos da cidade \u00e9 aqui - Verdadeon Franca\",\"potentialAction\":[{\"@type\":\"SearchAction\",\"target\":{\"@type\":\"EntryPoint\",\"urlTemplate\":\"https:\/\/verdadeon.com.br\/portal\/?s={search_term_string}\"},\"query-input\":{\"@type\":\"PropertyValueSpecification\",\"valueRequired\":true,\"valueName\":\"search_term_string\"}}],\"inLanguage\":\"pt-BR\"},{\"@type\":\"Person\",\"@id\":\"https:\/\/verdadeon.com.br\/portal\/#\/schema\/person\/a5060ad1e9ea3df545188fc93ce43d2f\",\"name\":\"Redacao VerdadeOn\",\"image\":{\"@type\":\"ImageObject\",\"inLanguage\":\"pt-BR\",\"@id\":\"https:\/\/verdadeon.com.br\/portal\/#\/schema\/person\/image\/\",\"url\":\"https:\/\/secure.gravatar.com\/avatar\/459a9613caaaf07f582c3d0841eea68bdd66f533e465e6ba8b9cb45619572cf4?s=96&d=mm&r=g\",\"contentUrl\":\"https:\/\/secure.gravatar.com\/avatar\/459a9613caaaf07f582c3d0841eea68bdd66f533e465e6ba8b9cb45619572cf4?s=96&d=mm&r=g\",\"caption\":\"Redacao VerdadeOn\"},\"url\":\"https:\/\/verdadeon.com.br\/portal\/author\/redacao\/\"}]}<\/script>\n<!-- \/ Yoast SEO plugin. -->","yoast_head_json":{"title":"Luzes de Natal ser\u00e3o acionadas no anivers\u00e1rio de Franca em pra\u00e7as e rotat\u00f3rias - VerdadeOn","robots":{"index":"index","follow":"follow","max-snippet":"max-snippet:-1","max-image-preview":"max-image-preview:large","max-video-preview":"max-video-preview:-1"},"canonical":"https:\/\/verdadeon.com.br\/portal\/2021\/11\/27\/luzes-de-natal-serao-acionadas-no-aniversario-de-franca-em-pracas-e-rotatorias\/","og_locale":"pt_BR","og_type":"article","og_title":"Luzes de Natal ser\u00e3o acionadas no anivers\u00e1rio de Franca em pra\u00e7as e rotat\u00f3rias - VerdadeOn","og_description":"Neste ano, decora\u00e7\u00e3o natalina vai enfeitar v\u00e1rias regi\u00f5es. No Col\u00e9gio Champagnat, luzes se acender\u00e3o na ter\u00e7a-feira, dia 30 &nbsp; As luzes de Natal instaladas em diferentes [\u2026]","og_url":"https:\/\/verdadeon.com.br\/portal\/2021\/11\/27\/luzes-de-natal-serao-acionadas-no-aniversario-de-franca-em-pracas-e-rotatorias\/","og_site_name":"VerdadeOn","article_published_time":"2021-11-27T18:30:43+00:00","og_image":[{"width":1001,"height":668,"url":"https:\/\/verdadeon.com.br\/portal\/wp-content\/uploads\/2021\/11\/CASINHA-DO-PAPAI-NOEL-NO-CENTRO-2021-e1638024718714.jpeg","type":"image\/jpeg"}],"author":"Redacao VerdadeOn","twitter_card":"summary_large_image","twitter_misc":{"Escrito por":"Redacao VerdadeOn","Est. tempo de leitura":"3 minutos"},"schema":{"@context":"https:\/\/schema.org","@graph":[{"@type":"WebPage","@id":"https:\/\/verdadeon.com.br\/portal\/2021\/11\/27\/luzes-de-natal-serao-acionadas-no-aniversario-de-franca-em-pracas-e-rotatorias\/","url":"https:\/\/verdadeon.com.br\/portal\/2021\/11\/27\/luzes-de-natal-serao-acionadas-no-aniversario-de-franca-em-pracas-e-rotatorias\/","name":"Luzes de Natal ser\u00e3o acionadas no anivers\u00e1rio de Franca em pra\u00e7as e rotat\u00f3rias - VerdadeOn","isPartOf":{"@id":"https:\/\/verdadeon.com.br\/portal\/#website"},"primaryImageOfPage":{"@id":"https:\/\/verdadeon.com.br\/portal\/2021\/11\/27\/luzes-de-natal-serao-acionadas-no-aniversario-de-franca-em-pracas-e-rotatorias\/#primaryimage"},"image":{"@id":"https:\/\/verdadeon.com.br\/portal\/2021\/11\/27\/luzes-de-natal-serao-acionadas-no-aniversario-de-franca-em-pracas-e-rotatorias\/#primaryimage"},"thumbnailUrl":"https:\/\/i0.wp.com\/verdadeon.com.br\/portal\/wp-content\/uploads\/2021\/11\/CASINHA-DO-PAPAI-NOEL-NO-CENTRO-2021-e1638024718714.jpeg?fit=1001%2C668&ssl=1","datePublished":"2021-11-27T18:30:43+00:00","author":{"@id":"https:\/\/verdadeon.com.br\/portal\/#\/schema\/person\/a5060ad1e9ea3df545188fc93ce43d2f"},"breadcrumb":{"@id":"https:\/\/verdadeon.com.br\/portal\/2021\/11\/27\/luzes-de-natal-serao-acionadas-no-aniversario-de-franca-em-pracas-e-rotatorias\/#breadcrumb"},"inLanguage":"pt-BR","potentialAction":[{"@type":"ReadAction","target":["https:\/\/verdadeon.com.br\/portal\/2021\/11\/27\/luzes-de-natal-serao-acionadas-no-aniversario-de-franca-em-pracas-e-rotatorias\/"]}]},{"@type":"ImageObject","inLanguage":"pt-BR","@id":"https:\/\/verdadeon.com.br\/portal\/2021\/11\/27\/luzes-de-natal-serao-acionadas-no-aniversario-de-franca-em-pracas-e-rotatorias\/#primaryimage","url":"https:\/\/i0.wp.com\/verdadeon.com.br\/portal\/wp-content\/uploads\/2021\/11\/CASINHA-DO-PAPAI-NOEL-NO-CENTRO-2021-e1638024718714.jpeg?fit=1001%2C668&ssl=1","contentUrl":"https:\/\/i0.wp.com\/verdadeon.com.br\/portal\/wp-content\/uploads\/2021\/11\/CASINHA-DO-PAPAI-NOEL-NO-CENTRO-2021-e1638024718714.jpeg?fit=1001%2C668&ssl=1","width":1001,"height":668,"caption":"Papai Noel recebe crian\u00e7as na Acif, no Centro, de segunda a s\u00e1bado, em hor\u00e1rio comercial, at\u00e9 dia 30. A partir do dia 1\u00ba, atendimento ser\u00e1 ampliado, com recep\u00e7\u00e3o aos domingos tamb\u00e9m \\ Foto: Divulga\u00e7\u00e3o"},{"@type":"BreadcrumbList","@id":"https:\/\/verdadeon.com.br\/portal\/2021\/11\/27\/luzes-de-natal-serao-acionadas-no-aniversario-de-franca-em-pracas-e-rotatorias\/#breadcrumb","itemListElement":[{"@type":"ListItem","position":1,"name":"In\u00edcio","item":"https:\/\/verdadeon.com.br\/portal\/"},{"@type":"ListItem","position":2,"name":"Luzes de Natal ser\u00e3o acionadas no anivers\u00e1rio de Franca em pra\u00e7as e rotat\u00f3rias"}]},{"@type":"WebSite","@id":"https:\/\/verdadeon.com.br\/portal\/#website","url":"https:\/\/verdadeon.com.br\/portal\/","name":"VerdadeOn","description":"Not\u00edcias di\u00e1rias sobre Franca, Regi\u00e3o, Esporte, Cultura, Cotidiano, Colunas. Cobertura nos principais eventos da cidade \u00e9 aqui - Verdadeon Franca","potentialAction":[{"@type":"SearchAction","target":{"@type":"EntryPoint","urlTemplate":"https:\/\/verdadeon.com.br\/portal\/?s={search_term_string}"},"query-input":{"@type":"PropertyValueSpecification","valueRequired":true,"valueName":"search_term_string"}}],"inLanguage":"pt-BR"},{"@type":"Person","@id":"https:\/\/verdadeon.com.br\/portal\/#\/schema\/person\/a5060ad1e9ea3df545188fc93ce43d2f","name":"Redacao VerdadeOn","image":{"@type":"ImageObject","inLanguage":"pt-BR","@id":"https:\/\/verdadeon.com.br\/portal\/#\/schema\/person\/image\/","url":"https:\/\/secure.gravatar.com\/avatar\/459a9613caaaf07f582c3d0841eea68bdd66f533e465e6ba8b9cb45619572cf4?s=96&d=mm&r=g","contentUrl":"https:\/\/secure.gravatar.com\/avatar\/459a9613caaaf07f582c3d0841eea68bdd66f533e465e6ba8b9cb45619572cf4?s=96&d=mm&r=g","caption":"Redacao VerdadeOn"},"url":"https:\/\/verdadeon.com.br\/portal\/author\/redacao\/"}]}},"jetpack_publicize_connections":[],"jetpack_featured_media_url":"https:\/\/i0.wp.com\/verdadeon.com.br\/portal\/wp-content\/uploads\/2021\/11\/CASINHA-DO-PAPAI-NOEL-NO-CENTRO-2021-e1638024718714.jpeg?fit=1001%2C668&ssl=1","jetpack_sharing_enabled":true,"_links":{"self":[{"href":"https:\/\/verdadeon.com.br\/portal\/wp-json\/wp\/v2\/posts\/21259","targetHints":{"allow":["GET"]}}],"collection":[{"href":"https:\/\/verdadeon.com.br\/portal\/wp-json\/wp\/v2\/posts"}],"about":[{"href":"https:\/\/verdadeon.com.br\/portal\/wp-json\/wp\/v2\/types\/post"}],"author":[{"embeddable":true,"href":"https:\/\/verdadeon.com.br\/portal\/wp-json\/wp\/v2\/users\/10"}],"replies":[{"embeddable":true,"href":"https:\/\/verdadeon.com.br\/portal\/wp-json\/wp\/v2\/comments?post=21259"}],"version-history":[{"count":0,"href":"https:\/\/verdadeon.com.br\/portal\/wp-json\/wp\/v2\/posts\/21259\/revisions"}],"wp:featuredmedia":[{"embeddable":true,"href":"https:\/\/verdadeon.com.br\/portal\/wp-json\/wp\/v2\/media\/21260"}],"wp:attachment":[{"href":"https:\/\/verdadeon.com.br\/portal\/wp-json\/wp\/v2\/media?parent=21259"}],"wp:term":[{"taxonomy":"category","embeddable":true,"href":"https:\/\/verdadeon.com.br\/portal\/wp-json\/wp\/v2\/categories?post=21259"},{"taxonomy":"post_tag","embeddable":true,"href":"https:\/\/verdadeon.com.br\/portal\/wp-json\/wp\/v2\/tags?post=21259"}],"curies":[{"name":"wp","href":"https:\/\/api.w.org\/{rel}","templated":true}]}}