{"id":21243,"date":"2021-11-26T18:33:38","date_gmt":"2021-11-26T21:33:38","guid":{"rendered":"https:\/\/verdadeon.com.br\/portal\/?p=21243"},"modified":"2021-11-27T00:33:05","modified_gmt":"2021-11-27T03:33:05","slug":"antes-de-terminar-chuva-em-novembro-ja-supera-media-historia-para-o-mes","status":"publish","type":"post","link":"https:\/\/verdadeon.com.br\/portal\/2021\/11\/26\/antes-de-terminar-chuva-em-novembro-ja-supera-media-historia-para-o-mes\/","title":{"rendered":"Antes de terminar, novembro j\u00e1 supera m\u00e9dia hist\u00f3rica de chuvas para o m\u00eas"},"content":{"rendered":"<h2>Dados da Somar registram 202 mm de chuva em Franca at\u00e9 o momento; fim de semana deve ter pancadas isoladas e trovoadas<\/h2>\n<p>&nbsp;<\/p>\n<p><span style=\"font-weight: 400;\">Ap\u00f3s dias com temperaturas altas, os francanos sentiram que o clima refrescou e o fim de semana segue com previs\u00e3o de chuva. O Inmet (Instituto Nacional de Meteorologia) emitiu alerta para o risco de chuvas intensas na cidade entre sexta-feira, 26, at\u00e9 a manh\u00e3 deste s\u00e1bado, 27.<\/span><\/p>\n<p><span style=\"font-weight: 400;\">Segundo o aviso, h\u00e1 previs\u00e3o de chuva entre 30 e 60 mm\/h ou 50 e 100 mm\/dia e ventos intensos (60-100 km\/h), com risco de corte de energia el\u00e9trica, queda de galhos de \u00e1rvores, alagamentos e de descargas el\u00e9tricas.<\/span><\/p>\n<p><span style=\"font-weight: 400;\">No s\u00e1bado, as temperaturas m\u00ednima e m\u00e1xima devem ficar entre 21 e 29 graus e haver pancadas de chuva isoladas durante todo o dia, com possibilidade de trovoadas pela manh\u00e3 e tarde. O domingo, 28, segue com previs\u00e3o de chuvas isoladas e temperaturas de 21 a 31 graus.<\/span><\/p>\n<p><span style=\"font-weight: 400;\">A chuva intensa registrada na madrugada de sexta-feira, 26, surpreendeu os francanos. Com 33 mil\u00edmetros de precipita\u00e7\u00e3o, foi o segundo dia mais chuvoso em Franca no m\u00eas de novembro; atr\u00e1s apenas do dia 1\u00ba, quando a esta\u00e7\u00e3o meteorol\u00f3gica da Somar registrou 54 mil\u00edmetros no munic\u00edpio.<\/span><\/p>\n<p><span style=\"font-weight: 400;\">Novembro, ali\u00e1s, assim como outubro, tem registrado quantidade de chuva acima da m\u00e9dia climatol\u00f3gica. Antes de terminar, j\u00e1 superou o volume hist\u00f3rico para o m\u00eas, que \u00e9 de 189 mil\u00edmetros, tamb\u00e9m de acordo com dados da Somar. At\u00e9 o momento, choveu em Franca 10 dias com registro total de 202 mil\u00edmetros.<\/span><\/p>\n<h4><span style=\"font-weight: 400;\">Instru\u00e7\u00f5es<\/span><\/h4>\n<p><span style=\"font-weight: 400;\">O Inmet orienta a popula\u00e7\u00e3o em casos de tempestades. A recomenda\u00e7\u00e3o \u00e9 para que se houver rajadas de vento n\u00e3o se abriguem debaixo de \u00e1rvores, pois h\u00e1 risco de queda e descargas el\u00e9tricas; tamb\u00e9m n\u00e3o se deve estacionar ve\u00edculos pr\u00f3ximos a torres de transmiss\u00e3o e placas de propaganda. Se poss\u00edvel, deve-se desligar aparelhos el\u00e9tricos e quadro geral de energia.<\/span><\/p>\n<p><span style=\"font-weight: 400;\">Mais informa\u00e7\u00f5es podem ser obtidas pelo telefone da De<\/span><span style=\"font-weight: 400;\">fesa Civil (telefone 199) ou Corpo de Bombeiros (193).<\/span><\/p>\n","protected":false},"excerpt":{"rendered":"<p>Dados da Somar registram 202 mm de chuva em Franca at\u00e9 o momento; fim de semana deve ter pancadas isoladas e trovoadas &nbsp; Ap\u00f3s dias com<span class=\"excerpt-hellip\"> [\u2026]<\/span><\/p>\n","protected":false},"author":12,"featured_media":21248,"comment_status":"open","ping_status":"open","sticky":false,"template":"","format":"standard","meta":{"_jetpack_memberships_contains_paid_content":false,"footnotes":"","jetpack_publicize_message":"","jetpack_publicize_feature_enabled":true,"jetpack_social_post_already_shared":false,"jetpack_social_options":{"image_generator_settings":{"template":"highway","default_image_id":0,"enabled":false},"version":2}},"categories":[28,44],"tags":[],"class_list":["post-21243","post","type-post","status-publish","format-standard","has-post-thumbnail","hentry","category-cotidiano","category-noticias"],"yoast_head":"<!-- This site is optimized with the Yoast SEO plugin v25.6 - https:\/\/yoast.com\/wordpress\/plugins\/seo\/ -->\n<title>Antes de terminar, novembro j\u00e1 supera m\u00e9dia hist\u00f3rica de chuvas para o m\u00eas - VerdadeOn<\/title>\n<meta name=\"robots\" content=\"index, follow, max-snippet:-1, max-image-preview:large, max-video-preview:-1\" \/>\n<link rel=\"canonical\" href=\"https:\/\/verdadeon.com.br\/portal\/2021\/11\/26\/antes-de-terminar-chuva-em-novembro-ja-supera-media-historia-para-o-mes\/\" \/>\n<meta property=\"og:locale\" content=\"pt_BR\" \/>\n<meta property=\"og:type\" content=\"article\" \/>\n<meta property=\"og:title\" content=\"Antes de terminar, novembro j\u00e1 supera m\u00e9dia hist\u00f3rica de chuvas para o m\u00eas - VerdadeOn\" \/>\n<meta property=\"og:description\" content=\"Dados da Somar registram 202 mm de chuva em Franca at\u00e9 o momento; fim de semana deve ter pancadas isoladas e trovoadas &nbsp; Ap\u00f3s dias com [\u2026]\" \/>\n<meta property=\"og:url\" content=\"https:\/\/verdadeon.com.br\/portal\/2021\/11\/26\/antes-de-terminar-chuva-em-novembro-ja-supera-media-historia-para-o-mes\/\" \/>\n<meta property=\"og:site_name\" content=\"VerdadeOn\" \/>\n<meta property=\"article:published_time\" content=\"2021-11-26T21:33:38+00:00\" \/>\n<meta property=\"article:modified_time\" content=\"2021-11-27T03:33:05+00:00\" \/>\n<meta property=\"og:image\" content=\"https:\/\/verdadeon.com.br\/portal\/wp-content\/uploads\/2021\/11\/CHUVA-EM-FRANCA.jpeg\" \/>\n\t<meta property=\"og:image:width\" content=\"1000\" \/>\n\t<meta property=\"og:image:height\" content=\"670\" \/>\n\t<meta property=\"og:image:type\" content=\"image\/jpeg\" \/>\n<meta name=\"author\" content=\"Nelise Luques\" \/>\n<meta name=\"twitter:card\" content=\"summary_large_image\" \/>\n<meta name=\"twitter:label1\" content=\"Escrito por\" \/>\n\t<meta name=\"twitter:data1\" content=\"Nelise Luques\" \/>\n\t<meta name=\"twitter:label2\" content=\"Est. tempo de leitura\" \/>\n\t<meta name=\"twitter:data2\" content=\"2 minutos\" \/>\n<script type=\"application\/ld+json\" class=\"yoast-schema-graph\">{\"@context\":\"https:\/\/schema.org\",\"@graph\":[{\"@type\":\"WebPage\",\"@id\":\"https:\/\/verdadeon.com.br\/portal\/2021\/11\/26\/antes-de-terminar-chuva-em-novembro-ja-supera-media-historia-para-o-mes\/\",\"url\":\"https:\/\/verdadeon.com.br\/portal\/2021\/11\/26\/antes-de-terminar-chuva-em-novembro-ja-supera-media-historia-para-o-mes\/\",\"name\":\"Antes de terminar, novembro j\u00e1 supera m\u00e9dia hist\u00f3rica de chuvas para o m\u00eas - VerdadeOn\",\"isPartOf\":{\"@id\":\"https:\/\/verdadeon.com.br\/portal\/#website\"},\"primaryImageOfPage\":{\"@id\":\"https:\/\/verdadeon.com.br\/portal\/2021\/11\/26\/antes-de-terminar-chuva-em-novembro-ja-supera-media-historia-para-o-mes\/#primaryimage\"},\"image\":{\"@id\":\"https:\/\/verdadeon.com.br\/portal\/2021\/11\/26\/antes-de-terminar-chuva-em-novembro-ja-supera-media-historia-para-o-mes\/#primaryimage\"},\"thumbnailUrl\":\"https:\/\/i0.wp.com\/verdadeon.com.br\/portal\/wp-content\/uploads\/2021\/11\/CHUVA-EM-FRANCA.jpeg?fit=1000%2C670&ssl=1\",\"datePublished\":\"2021-11-26T21:33:38+00:00\",\"dateModified\":\"2021-11-27T03:33:05+00:00\",\"author\":{\"@id\":\"https:\/\/verdadeon.com.br\/portal\/#\/schema\/person\/8248726d36015c1916636fabb175d972\"},\"breadcrumb\":{\"@id\":\"https:\/\/verdadeon.com.br\/portal\/2021\/11\/26\/antes-de-terminar-chuva-em-novembro-ja-supera-media-historia-para-o-mes\/#breadcrumb\"},\"inLanguage\":\"pt-BR\",\"potentialAction\":[{\"@type\":\"ReadAction\",\"target\":[\"https:\/\/verdadeon.com.br\/portal\/2021\/11\/26\/antes-de-terminar-chuva-em-novembro-ja-supera-media-historia-para-o-mes\/\"]}]},{\"@type\":\"ImageObject\",\"inLanguage\":\"pt-BR\",\"@id\":\"https:\/\/verdadeon.com.br\/portal\/2021\/11\/26\/antes-de-terminar-chuva-em-novembro-ja-supera-media-historia-para-o-mes\/#primaryimage\",\"url\":\"https:\/\/i0.wp.com\/verdadeon.com.br\/portal\/wp-content\/uploads\/2021\/11\/CHUVA-EM-FRANCA.jpeg?fit=1000%2C670&ssl=1\",\"contentUrl\":\"https:\/\/i0.wp.com\/verdadeon.com.br\/portal\/wp-content\/uploads\/2021\/11\/CHUVA-EM-FRANCA.jpeg?fit=1000%2C670&ssl=1\",\"width\":1000,\"height\":670,\"caption\":\"Instituto Climatempo aponta acumulados de chuva em Franca at\u00e9 sexta-feira, 27 (\u00a9Jornal Verdade)\"},{\"@type\":\"BreadcrumbList\",\"@id\":\"https:\/\/verdadeon.com.br\/portal\/2021\/11\/26\/antes-de-terminar-chuva-em-novembro-ja-supera-media-historia-para-o-mes\/#breadcrumb\",\"itemListElement\":[{\"@type\":\"ListItem\",\"position\":1,\"name\":\"In\u00edcio\",\"item\":\"https:\/\/verdadeon.com.br\/portal\/\"},{\"@type\":\"ListItem\",\"position\":2,\"name\":\"Antes de terminar, novembro j\u00e1 supera m\u00e9dia hist\u00f3rica de chuvas para o m\u00eas\"}]},{\"@type\":\"WebSite\",\"@id\":\"https:\/\/verdadeon.com.br\/portal\/#website\",\"url\":\"https:\/\/verdadeon.com.br\/portal\/\",\"name\":\"VerdadeOn\",\"description\":\"Not\u00edcias di\u00e1rias sobre Franca, Regi\u00e3o, Esporte, Cultura, Cotidiano, Colunas. Cobertura nos principais eventos da cidade \u00e9 aqui - Verdadeon Franca\",\"potentialAction\":[{\"@type\":\"SearchAction\",\"target\":{\"@type\":\"EntryPoint\",\"urlTemplate\":\"https:\/\/verdadeon.com.br\/portal\/?s={search_term_string}\"},\"query-input\":{\"@type\":\"PropertyValueSpecification\",\"valueRequired\":true,\"valueName\":\"search_term_string\"}}],\"inLanguage\":\"pt-BR\"},{\"@type\":\"Person\",\"@id\":\"https:\/\/verdadeon.com.br\/portal\/#\/schema\/person\/8248726d36015c1916636fabb175d972\",\"name\":\"Nelise Luques\",\"image\":{\"@type\":\"ImageObject\",\"inLanguage\":\"pt-BR\",\"@id\":\"https:\/\/verdadeon.com.br\/portal\/#\/schema\/person\/image\/\",\"url\":\"https:\/\/secure.gravatar.com\/avatar\/29b2a17f5bcadeb827411b66f48ac13c3e0ecaf5906c0f5745ecc5d41c24eada?s=96&d=mm&r=g\",\"contentUrl\":\"https:\/\/secure.gravatar.com\/avatar\/29b2a17f5bcadeb827411b66f48ac13c3e0ecaf5906c0f5745ecc5d41c24eada?s=96&d=mm&r=g\",\"caption\":\"Nelise Luques\"},\"url\":\"https:\/\/verdadeon.com.br\/portal\/author\/verdade\/\"}]}<\/script>\n<!-- \/ Yoast SEO plugin. -->","yoast_head_json":{"title":"Antes de terminar, novembro j\u00e1 supera m\u00e9dia hist\u00f3rica de chuvas para o m\u00eas - VerdadeOn","robots":{"index":"index","follow":"follow","max-snippet":"max-snippet:-1","max-image-preview":"max-image-preview:large","max-video-preview":"max-video-preview:-1"},"canonical":"https:\/\/verdadeon.com.br\/portal\/2021\/11\/26\/antes-de-terminar-chuva-em-novembro-ja-supera-media-historia-para-o-mes\/","og_locale":"pt_BR","og_type":"article","og_title":"Antes de terminar, novembro j\u00e1 supera m\u00e9dia hist\u00f3rica de chuvas para o m\u00eas - VerdadeOn","og_description":"Dados da Somar registram 202 mm de chuva em Franca at\u00e9 o momento; fim de semana deve ter pancadas isoladas e trovoadas &nbsp; Ap\u00f3s dias com [\u2026]","og_url":"https:\/\/verdadeon.com.br\/portal\/2021\/11\/26\/antes-de-terminar-chuva-em-novembro-ja-supera-media-historia-para-o-mes\/","og_site_name":"VerdadeOn","article_published_time":"2021-11-26T21:33:38+00:00","article_modified_time":"2021-11-27T03:33:05+00:00","og_image":[{"width":1000,"height":670,"url":"https:\/\/verdadeon.com.br\/portal\/wp-content\/uploads\/2021\/11\/CHUVA-EM-FRANCA.jpeg","type":"image\/jpeg"}],"author":"Nelise Luques","twitter_card":"summary_large_image","twitter_misc":{"Escrito por":"Nelise Luques","Est. tempo de leitura":"2 minutos"},"schema":{"@context":"https:\/\/schema.org","@graph":[{"@type":"WebPage","@id":"https:\/\/verdadeon.com.br\/portal\/2021\/11\/26\/antes-de-terminar-chuva-em-novembro-ja-supera-media-historia-para-o-mes\/","url":"https:\/\/verdadeon.com.br\/portal\/2021\/11\/26\/antes-de-terminar-chuva-em-novembro-ja-supera-media-historia-para-o-mes\/","name":"Antes de terminar, novembro j\u00e1 supera m\u00e9dia hist\u00f3rica de chuvas para o m\u00eas - VerdadeOn","isPartOf":{"@id":"https:\/\/verdadeon.com.br\/portal\/#website"},"primaryImageOfPage":{"@id":"https:\/\/verdadeon.com.br\/portal\/2021\/11\/26\/antes-de-terminar-chuva-em-novembro-ja-supera-media-historia-para-o-mes\/#primaryimage"},"image":{"@id":"https:\/\/verdadeon.com.br\/portal\/2021\/11\/26\/antes-de-terminar-chuva-em-novembro-ja-supera-media-historia-para-o-mes\/#primaryimage"},"thumbnailUrl":"https:\/\/i0.wp.com\/verdadeon.com.br\/portal\/wp-content\/uploads\/2021\/11\/CHUVA-EM-FRANCA.jpeg?fit=1000%2C670&ssl=1","datePublished":"2021-11-26T21:33:38+00:00","dateModified":"2021-11-27T03:33:05+00:00","author":{"@id":"https:\/\/verdadeon.com.br\/portal\/#\/schema\/person\/8248726d36015c1916636fabb175d972"},"breadcrumb":{"@id":"https:\/\/verdadeon.com.br\/portal\/2021\/11\/26\/antes-de-terminar-chuva-em-novembro-ja-supera-media-historia-para-o-mes\/#breadcrumb"},"inLanguage":"pt-BR","potentialAction":[{"@type":"ReadAction","target":["https:\/\/verdadeon.com.br\/portal\/2021\/11\/26\/antes-de-terminar-chuva-em-novembro-ja-supera-media-historia-para-o-mes\/"]}]},{"@type":"ImageObject","inLanguage":"pt-BR","@id":"https:\/\/verdadeon.com.br\/portal\/2021\/11\/26\/antes-de-terminar-chuva-em-novembro-ja-supera-media-historia-para-o-mes\/#primaryimage","url":"https:\/\/i0.wp.com\/verdadeon.com.br\/portal\/wp-content\/uploads\/2021\/11\/CHUVA-EM-FRANCA.jpeg?fit=1000%2C670&ssl=1","contentUrl":"https:\/\/i0.wp.com\/verdadeon.com.br\/portal\/wp-content\/uploads\/2021\/11\/CHUVA-EM-FRANCA.jpeg?fit=1000%2C670&ssl=1","width":1000,"height":670,"caption":"Instituto Climatempo aponta acumulados de chuva em Franca at\u00e9 sexta-feira, 27 (\u00a9Jornal Verdade)"},{"@type":"BreadcrumbList","@id":"https:\/\/verdadeon.com.br\/portal\/2021\/11\/26\/antes-de-terminar-chuva-em-novembro-ja-supera-media-historia-para-o-mes\/#breadcrumb","itemListElement":[{"@type":"ListItem","position":1,"name":"In\u00edcio","item":"https:\/\/verdadeon.com.br\/portal\/"},{"@type":"ListItem","position":2,"name":"Antes de terminar, novembro j\u00e1 supera m\u00e9dia hist\u00f3rica de chuvas para o m\u00eas"}]},{"@type":"WebSite","@id":"https:\/\/verdadeon.com.br\/portal\/#website","url":"https:\/\/verdadeon.com.br\/portal\/","name":"VerdadeOn","description":"Not\u00edcias di\u00e1rias sobre Franca, Regi\u00e3o, Esporte, Cultura, Cotidiano, Colunas. Cobertura nos principais eventos da cidade \u00e9 aqui - Verdadeon Franca","potentialAction":[{"@type":"SearchAction","target":{"@type":"EntryPoint","urlTemplate":"https:\/\/verdadeon.com.br\/portal\/?s={search_term_string}"},"query-input":{"@type":"PropertyValueSpecification","valueRequired":true,"valueName":"search_term_string"}}],"inLanguage":"pt-BR"},{"@type":"Person","@id":"https:\/\/verdadeon.com.br\/portal\/#\/schema\/person\/8248726d36015c1916636fabb175d972","name":"Nelise Luques","image":{"@type":"ImageObject","inLanguage":"pt-BR","@id":"https:\/\/verdadeon.com.br\/portal\/#\/schema\/person\/image\/","url":"https:\/\/secure.gravatar.com\/avatar\/29b2a17f5bcadeb827411b66f48ac13c3e0ecaf5906c0f5745ecc5d41c24eada?s=96&d=mm&r=g","contentUrl":"https:\/\/secure.gravatar.com\/avatar\/29b2a17f5bcadeb827411b66f48ac13c3e0ecaf5906c0f5745ecc5d41c24eada?s=96&d=mm&r=g","caption":"Nelise Luques"},"url":"https:\/\/verdadeon.com.br\/portal\/author\/verdade\/"}]}},"jetpack_publicize_connections":[],"jetpack_featured_media_url":"https:\/\/i0.wp.com\/verdadeon.com.br\/portal\/wp-content\/uploads\/2021\/11\/CHUVA-EM-FRANCA.jpeg?fit=1000%2C670&ssl=1","jetpack_sharing_enabled":true,"_links":{"self":[{"href":"https:\/\/verdadeon.com.br\/portal\/wp-json\/wp\/v2\/posts\/21243","targetHints":{"allow":["GET"]}}],"collection":[{"href":"https:\/\/verdadeon.com.br\/portal\/wp-json\/wp\/v2\/posts"}],"about":[{"href":"https:\/\/verdadeon.com.br\/portal\/wp-json\/wp\/v2\/types\/post"}],"author":[{"embeddable":true,"href":"https:\/\/verdadeon.com.br\/portal\/wp-json\/wp\/v2\/users\/12"}],"replies":[{"embeddable":true,"href":"https:\/\/verdadeon.com.br\/portal\/wp-json\/wp\/v2\/comments?post=21243"}],"version-history":[{"count":0,"href":"https:\/\/verdadeon.com.br\/portal\/wp-json\/wp\/v2\/posts\/21243\/revisions"}],"wp:featuredmedia":[{"embeddable":true,"href":"https:\/\/verdadeon.com.br\/portal\/wp-json\/wp\/v2\/media\/21248"}],"wp:attachment":[{"href":"https:\/\/verdadeon.com.br\/portal\/wp-json\/wp\/v2\/media?parent=21243"}],"wp:term":[{"taxonomy":"category","embeddable":true,"href":"https:\/\/verdadeon.com.br\/portal\/wp-json\/wp\/v2\/categories?post=21243"},{"taxonomy":"post_tag","embeddable":true,"href":"https:\/\/verdadeon.com.br\/portal\/wp-json\/wp\/v2\/tags?post=21243"}],"curies":[{"name":"wp","href":"https:\/\/api.w.org\/{rel}","templated":true}]}}