{"id":21238,"date":"2021-11-26T17:31:53","date_gmt":"2021-11-26T20:31:53","guid":{"rendered":"https:\/\/verdadeon.com.br\/portal\/?p=21238"},"modified":"2021-11-26T17:31:53","modified_gmt":"2021-11-26T20:31:53","slug":"feira-da-fraternidade-retorna-e-levara-20-entidades-ao-parque-fernando-costa","status":"publish","type":"post","link":"https:\/\/verdadeon.com.br\/portal\/2021\/11\/26\/feira-da-fraternidade-retorna-e-levara-20-entidades-ao-parque-fernando-costa\/","title":{"rendered":"Feira da Fraternidade retorna e levar\u00e1 20 entidades ao Parque &#8216;Fernando Costa&#8217;"},"content":{"rendered":"<h2>Evento ser\u00e1 realizado de 15 a 19 de dezembro com expectativa de receber 50 mil pessoas em todos os dias<\/h2>\n<h2><\/h2>\n<p><span style=\"font-weight: 400;\">Ap\u00f3s ser suspensa no ano passado por causa da pandemia da Covid-19, a 42\u00aa Feira da Fraternidade est\u00e1 confirmada para ser realizada de 15 a 19 de dezembro, no Parque de Exposi\u00e7\u00f5es \u201cFernando Costa\u201d.<\/span><\/p>\n<p><span style=\"font-weight: 400;\">Nesta edi\u00e7\u00e3o, 20 entidades assistenciais que prestam atendimento a crian\u00e7as, idosos, dependentes qu\u00edmicos e outros p\u00fablicos estar\u00e3o no recinto para vender produtos diversificados, a pre\u00e7os abaixo do custo, como cal\u00e7ados, roupas, bijuterias, brinquedos e artesanatos.<\/span><\/p>\n<p><span style=\"font-weight: 400;\">Tamb\u00e9m haver\u00e1 a pra\u00e7a de alimenta\u00e7\u00e3o, com venda de fogazzas, past\u00e9is, arroz no arado, churrasco, entre outros card\u00e1pios.<\/span><\/p>\n<p><span style=\"font-weight: 400;\">A Feira da Fraternidade \u00e9 a principal fonte de arrecada\u00e7\u00e3o de recursos para entidades assistenciais e o retorno do evento \u00e9 aguardado com ansiedade pelos participantes. A expectativa \u00e9 receber aproximadamente 50 mil pessoas entre quarta-feira e domingo.<\/span><\/p>\n<p><span style=\"font-weight: 400;\">\u201cAs entidades enfrentam grandes dificuldades financeiras, as despesas n\u00e3o param. O retorno da Feira da Fraternidade \u00e9 uma esperan\u00e7a para todos n\u00f3s, estamos ansiosos esperando para participar do evento e conseguir equilibrar um pouco as finan\u00e7as\u201d, afirmou Fernando de Oliveira Campos, presidente da Aeaf (Associa\u00e7\u00e3o das Entidades Assistenciais de Franca).<\/span><\/p>\n<p><span style=\"font-weight: 400;\">A feira ser\u00e1 aberta na quarta-feira, dia 15, \u00e0s 18h30, com uma breve apresenta\u00e7\u00e3o e em seguida o p\u00fablico ter\u00e1 a oportunidade de fazer compras e curtir a programa\u00e7\u00e3o e atra\u00e7\u00f5es da pra\u00e7a de alimenta\u00e7\u00e3o.\u202f\u202f Nos dias 15, 16 e 17, o evento come\u00e7ar\u00e1 18h30 e nos dias 18 e 19, abrir\u00e1 mais cedo, a partir das 10 horas.<\/span><\/p>\n<p><span style=\"font-weight: 400;\">Todos os cuidados sanit\u00e1rios para evitar a Covid-19 ser\u00e3o adotados. As mesas na pra\u00e7a de alimenta\u00e7\u00e3o ficar\u00e3o ao ar livre e a maioria dos expositores tamb\u00e9m estar\u00e3o em ambientes abertos.<\/span><\/p>\n<h4>Servi\u00e7o<\/h4>\n<p><b>42\u00aa Feira da Fraternidade em Franca<\/b><\/p>\n<p><span style=\"font-weight: 400;\">Data: 15 a 19 de dezembro<\/span><\/p>\n<p><span style=\"font-weight: 400;\">Hor\u00e1rios:<\/span><\/p>\n<p><span style=\"font-weight: 400;\">Dias 15, 16 e 17: \u00e0s 18h30<\/span><\/p>\n<p><span style=\"font-weight: 400;\">Dias 18 e 19: \u00e0s 10h<\/span><\/p>\n<p><span style=\"font-weight: 400;\">Local: Parque de Exposi\u00e7\u00f5es \u201cFernando Costa\u201d\u00a0<\/span><\/p>\n<p><span style=\"font-weight: 400;\">Informa\u00e7\u00f5es: (16) 3721-6030\u00a0<\/span><\/p>\n","protected":false},"excerpt":{"rendered":"<p>Evento ser\u00e1 realizado de 15 a 19 de dezembro com expectativa de receber 50 mil pessoas em todos os dias Ap\u00f3s ser suspensa no ano passado<span class=\"excerpt-hellip\"> [\u2026]<\/span><\/p>\n","protected":false},"author":12,"featured_media":21241,"comment_status":"open","ping_status":"open","sticky":false,"template":"","format":"standard","meta":{"_jetpack_memberships_contains_paid_content":false,"footnotes":"","jetpack_publicize_message":"","jetpack_publicize_feature_enabled":true,"jetpack_social_post_already_shared":false,"jetpack_social_options":{"image_generator_settings":{"template":"highway","default_image_id":0,"enabled":false},"version":2}},"categories":[28,44],"tags":[],"class_list":["post-21238","post","type-post","status-publish","format-standard","has-post-thumbnail","hentry","category-cotidiano","category-noticias"],"yoast_head":"<!-- This site is optimized with the Yoast SEO plugin v25.6 - https:\/\/yoast.com\/wordpress\/plugins\/seo\/ -->\n<title>Feira da Fraternidade retorna e levar\u00e1 20 entidades ao Parque &#039;Fernando Costa&#039; - VerdadeOn<\/title>\n<meta name=\"robots\" content=\"index, follow, max-snippet:-1, max-image-preview:large, max-video-preview:-1\" \/>\n<link rel=\"canonical\" href=\"https:\/\/verdadeon.com.br\/portal\/2021\/11\/26\/feira-da-fraternidade-retorna-e-levara-20-entidades-ao-parque-fernando-costa\/\" \/>\n<meta property=\"og:locale\" content=\"pt_BR\" \/>\n<meta property=\"og:type\" content=\"article\" \/>\n<meta property=\"og:title\" content=\"Feira da Fraternidade retorna e levar\u00e1 20 entidades ao Parque &#039;Fernando Costa&#039; - VerdadeOn\" \/>\n<meta property=\"og:description\" content=\"Evento ser\u00e1 realizado de 15 a 19 de dezembro com expectativa de receber 50 mil pessoas em todos os dias Ap\u00f3s ser suspensa no ano passado [\u2026]\" \/>\n<meta property=\"og:url\" content=\"https:\/\/verdadeon.com.br\/portal\/2021\/11\/26\/feira-da-fraternidade-retorna-e-levara-20-entidades-ao-parque-fernando-costa\/\" \/>\n<meta property=\"og:site_name\" content=\"VerdadeOn\" \/>\n<meta property=\"article:published_time\" content=\"2021-11-26T20:31:53+00:00\" \/>\n<meta property=\"og:image\" content=\"https:\/\/verdadeon.com.br\/portal\/wp-content\/uploads\/2021\/11\/FEIRA-DA-FRATERNIDADE-2019-45.jpg\" \/>\n\t<meta property=\"og:image:width\" content=\"1000\" \/>\n\t<meta property=\"og:image:height\" content=\"670\" \/>\n\t<meta property=\"og:image:type\" content=\"image\/jpeg\" \/>\n<meta name=\"author\" content=\"Nelise Luques\" \/>\n<meta name=\"twitter:card\" content=\"summary_large_image\" \/>\n<meta name=\"twitter:label1\" content=\"Escrito por\" \/>\n\t<meta name=\"twitter:data1\" content=\"Nelise Luques\" \/>\n\t<meta name=\"twitter:label2\" content=\"Est. tempo de leitura\" \/>\n\t<meta name=\"twitter:data2\" content=\"2 minutos\" \/>\n<script type=\"application\/ld+json\" class=\"yoast-schema-graph\">{\"@context\":\"https:\/\/schema.org\",\"@graph\":[{\"@type\":\"WebPage\",\"@id\":\"https:\/\/verdadeon.com.br\/portal\/2021\/11\/26\/feira-da-fraternidade-retorna-e-levara-20-entidades-ao-parque-fernando-costa\/\",\"url\":\"https:\/\/verdadeon.com.br\/portal\/2021\/11\/26\/feira-da-fraternidade-retorna-e-levara-20-entidades-ao-parque-fernando-costa\/\",\"name\":\"Feira da Fraternidade retorna e levar\u00e1 20 entidades ao Parque 'Fernando Costa' - VerdadeOn\",\"isPartOf\":{\"@id\":\"https:\/\/verdadeon.com.br\/portal\/#website\"},\"primaryImageOfPage\":{\"@id\":\"https:\/\/verdadeon.com.br\/portal\/2021\/11\/26\/feira-da-fraternidade-retorna-e-levara-20-entidades-ao-parque-fernando-costa\/#primaryimage\"},\"image\":{\"@id\":\"https:\/\/verdadeon.com.br\/portal\/2021\/11\/26\/feira-da-fraternidade-retorna-e-levara-20-entidades-ao-parque-fernando-costa\/#primaryimage\"},\"thumbnailUrl\":\"https:\/\/i0.wp.com\/verdadeon.com.br\/portal\/wp-content\/uploads\/2021\/11\/FEIRA-DA-FRATERNIDADE-2019-45.jpg?fit=1000%2C670&ssl=1\",\"datePublished\":\"2021-11-26T20:31:53+00:00\",\"author\":{\"@id\":\"https:\/\/verdadeon.com.br\/portal\/#\/schema\/person\/8248726d36015c1916636fabb175d972\"},\"breadcrumb\":{\"@id\":\"https:\/\/verdadeon.com.br\/portal\/2021\/11\/26\/feira-da-fraternidade-retorna-e-levara-20-entidades-ao-parque-fernando-costa\/#breadcrumb\"},\"inLanguage\":\"pt-BR\",\"potentialAction\":[{\"@type\":\"ReadAction\",\"target\":[\"https:\/\/verdadeon.com.br\/portal\/2021\/11\/26\/feira-da-fraternidade-retorna-e-levara-20-entidades-ao-parque-fernando-costa\/\"]}]},{\"@type\":\"ImageObject\",\"inLanguage\":\"pt-BR\",\"@id\":\"https:\/\/verdadeon.com.br\/portal\/2021\/11\/26\/feira-da-fraternidade-retorna-e-levara-20-entidades-ao-parque-fernando-costa\/#primaryimage\",\"url\":\"https:\/\/i0.wp.com\/verdadeon.com.br\/portal\/wp-content\/uploads\/2021\/11\/FEIRA-DA-FRATERNIDADE-2019-45.jpg?fit=1000%2C670&ssl=1\",\"contentUrl\":\"https:\/\/i0.wp.com\/verdadeon.com.br\/portal\/wp-content\/uploads\/2021\/11\/FEIRA-DA-FRATERNIDADE-2019-45.jpg?fit=1000%2C670&ssl=1\",\"width\":1000,\"height\":670,\"caption\":\"43\u00aa Feira da Fraternidade ser\u00e1 em novembro e ter\u00e1 \u00e0 venda cal\u00e7ados, roupas, artesanatos, brinquedos e bijuterias, al\u00e9m de um card\u00e1pio variado na pra\u00e7a de alimenta\u00e7\u00e3o\"},{\"@type\":\"BreadcrumbList\",\"@id\":\"https:\/\/verdadeon.com.br\/portal\/2021\/11\/26\/feira-da-fraternidade-retorna-e-levara-20-entidades-ao-parque-fernando-costa\/#breadcrumb\",\"itemListElement\":[{\"@type\":\"ListItem\",\"position\":1,\"name\":\"In\u00edcio\",\"item\":\"https:\/\/verdadeon.com.br\/portal\/\"},{\"@type\":\"ListItem\",\"position\":2,\"name\":\"Feira da Fraternidade retorna e levar\u00e1 20 entidades ao Parque &#8216;Fernando Costa&#8217;\"}]},{\"@type\":\"WebSite\",\"@id\":\"https:\/\/verdadeon.com.br\/portal\/#website\",\"url\":\"https:\/\/verdadeon.com.br\/portal\/\",\"name\":\"VerdadeOn\",\"description\":\"Not\u00edcias di\u00e1rias sobre Franca, Regi\u00e3o, Esporte, Cultura, Cotidiano, Colunas. Cobertura nos principais eventos da cidade \u00e9 aqui - Verdadeon Franca\",\"potentialAction\":[{\"@type\":\"SearchAction\",\"target\":{\"@type\":\"EntryPoint\",\"urlTemplate\":\"https:\/\/verdadeon.com.br\/portal\/?s={search_term_string}\"},\"query-input\":{\"@type\":\"PropertyValueSpecification\",\"valueRequired\":true,\"valueName\":\"search_term_string\"}}],\"inLanguage\":\"pt-BR\"},{\"@type\":\"Person\",\"@id\":\"https:\/\/verdadeon.com.br\/portal\/#\/schema\/person\/8248726d36015c1916636fabb175d972\",\"name\":\"Nelise Luques\",\"image\":{\"@type\":\"ImageObject\",\"inLanguage\":\"pt-BR\",\"@id\":\"https:\/\/verdadeon.com.br\/portal\/#\/schema\/person\/image\/\",\"url\":\"https:\/\/secure.gravatar.com\/avatar\/29b2a17f5bcadeb827411b66f48ac13c3e0ecaf5906c0f5745ecc5d41c24eada?s=96&d=mm&r=g\",\"contentUrl\":\"https:\/\/secure.gravatar.com\/avatar\/29b2a17f5bcadeb827411b66f48ac13c3e0ecaf5906c0f5745ecc5d41c24eada?s=96&d=mm&r=g\",\"caption\":\"Nelise Luques\"},\"url\":\"https:\/\/verdadeon.com.br\/portal\/author\/verdade\/\"}]}<\/script>\n<!-- \/ Yoast SEO plugin. -->","yoast_head_json":{"title":"Feira da Fraternidade retorna e levar\u00e1 20 entidades ao Parque 'Fernando Costa' - VerdadeOn","robots":{"index":"index","follow":"follow","max-snippet":"max-snippet:-1","max-image-preview":"max-image-preview:large","max-video-preview":"max-video-preview:-1"},"canonical":"https:\/\/verdadeon.com.br\/portal\/2021\/11\/26\/feira-da-fraternidade-retorna-e-levara-20-entidades-ao-parque-fernando-costa\/","og_locale":"pt_BR","og_type":"article","og_title":"Feira da Fraternidade retorna e levar\u00e1 20 entidades ao Parque 'Fernando Costa' - VerdadeOn","og_description":"Evento ser\u00e1 realizado de 15 a 19 de dezembro com expectativa de receber 50 mil pessoas em todos os dias Ap\u00f3s ser suspensa no ano passado [\u2026]","og_url":"https:\/\/verdadeon.com.br\/portal\/2021\/11\/26\/feira-da-fraternidade-retorna-e-levara-20-entidades-ao-parque-fernando-costa\/","og_site_name":"VerdadeOn","article_published_time":"2021-11-26T20:31:53+00:00","og_image":[{"width":1000,"height":670,"url":"https:\/\/verdadeon.com.br\/portal\/wp-content\/uploads\/2021\/11\/FEIRA-DA-FRATERNIDADE-2019-45.jpg","type":"image\/jpeg"}],"author":"Nelise Luques","twitter_card":"summary_large_image","twitter_misc":{"Escrito por":"Nelise Luques","Est. tempo de leitura":"2 minutos"},"schema":{"@context":"https:\/\/schema.org","@graph":[{"@type":"WebPage","@id":"https:\/\/verdadeon.com.br\/portal\/2021\/11\/26\/feira-da-fraternidade-retorna-e-levara-20-entidades-ao-parque-fernando-costa\/","url":"https:\/\/verdadeon.com.br\/portal\/2021\/11\/26\/feira-da-fraternidade-retorna-e-levara-20-entidades-ao-parque-fernando-costa\/","name":"Feira da Fraternidade retorna e levar\u00e1 20 entidades ao Parque 'Fernando Costa' - VerdadeOn","isPartOf":{"@id":"https:\/\/verdadeon.com.br\/portal\/#website"},"primaryImageOfPage":{"@id":"https:\/\/verdadeon.com.br\/portal\/2021\/11\/26\/feira-da-fraternidade-retorna-e-levara-20-entidades-ao-parque-fernando-costa\/#primaryimage"},"image":{"@id":"https:\/\/verdadeon.com.br\/portal\/2021\/11\/26\/feira-da-fraternidade-retorna-e-levara-20-entidades-ao-parque-fernando-costa\/#primaryimage"},"thumbnailUrl":"https:\/\/i0.wp.com\/verdadeon.com.br\/portal\/wp-content\/uploads\/2021\/11\/FEIRA-DA-FRATERNIDADE-2019-45.jpg?fit=1000%2C670&ssl=1","datePublished":"2021-11-26T20:31:53+00:00","author":{"@id":"https:\/\/verdadeon.com.br\/portal\/#\/schema\/person\/8248726d36015c1916636fabb175d972"},"breadcrumb":{"@id":"https:\/\/verdadeon.com.br\/portal\/2021\/11\/26\/feira-da-fraternidade-retorna-e-levara-20-entidades-ao-parque-fernando-costa\/#breadcrumb"},"inLanguage":"pt-BR","potentialAction":[{"@type":"ReadAction","target":["https:\/\/verdadeon.com.br\/portal\/2021\/11\/26\/feira-da-fraternidade-retorna-e-levara-20-entidades-ao-parque-fernando-costa\/"]}]},{"@type":"ImageObject","inLanguage":"pt-BR","@id":"https:\/\/verdadeon.com.br\/portal\/2021\/11\/26\/feira-da-fraternidade-retorna-e-levara-20-entidades-ao-parque-fernando-costa\/#primaryimage","url":"https:\/\/i0.wp.com\/verdadeon.com.br\/portal\/wp-content\/uploads\/2021\/11\/FEIRA-DA-FRATERNIDADE-2019-45.jpg?fit=1000%2C670&ssl=1","contentUrl":"https:\/\/i0.wp.com\/verdadeon.com.br\/portal\/wp-content\/uploads\/2021\/11\/FEIRA-DA-FRATERNIDADE-2019-45.jpg?fit=1000%2C670&ssl=1","width":1000,"height":670,"caption":"43\u00aa Feira da Fraternidade ser\u00e1 em novembro e ter\u00e1 \u00e0 venda cal\u00e7ados, roupas, artesanatos, brinquedos e bijuterias, al\u00e9m de um card\u00e1pio variado na pra\u00e7a de alimenta\u00e7\u00e3o"},{"@type":"BreadcrumbList","@id":"https:\/\/verdadeon.com.br\/portal\/2021\/11\/26\/feira-da-fraternidade-retorna-e-levara-20-entidades-ao-parque-fernando-costa\/#breadcrumb","itemListElement":[{"@type":"ListItem","position":1,"name":"In\u00edcio","item":"https:\/\/verdadeon.com.br\/portal\/"},{"@type":"ListItem","position":2,"name":"Feira da Fraternidade retorna e levar\u00e1 20 entidades ao Parque &#8216;Fernando Costa&#8217;"}]},{"@type":"WebSite","@id":"https:\/\/verdadeon.com.br\/portal\/#website","url":"https:\/\/verdadeon.com.br\/portal\/","name":"VerdadeOn","description":"Not\u00edcias di\u00e1rias sobre Franca, Regi\u00e3o, Esporte, Cultura, Cotidiano, Colunas. Cobertura nos principais eventos da cidade \u00e9 aqui - Verdadeon Franca","potentialAction":[{"@type":"SearchAction","target":{"@type":"EntryPoint","urlTemplate":"https:\/\/verdadeon.com.br\/portal\/?s={search_term_string}"},"query-input":{"@type":"PropertyValueSpecification","valueRequired":true,"valueName":"search_term_string"}}],"inLanguage":"pt-BR"},{"@type":"Person","@id":"https:\/\/verdadeon.com.br\/portal\/#\/schema\/person\/8248726d36015c1916636fabb175d972","name":"Nelise Luques","image":{"@type":"ImageObject","inLanguage":"pt-BR","@id":"https:\/\/verdadeon.com.br\/portal\/#\/schema\/person\/image\/","url":"https:\/\/secure.gravatar.com\/avatar\/29b2a17f5bcadeb827411b66f48ac13c3e0ecaf5906c0f5745ecc5d41c24eada?s=96&d=mm&r=g","contentUrl":"https:\/\/secure.gravatar.com\/avatar\/29b2a17f5bcadeb827411b66f48ac13c3e0ecaf5906c0f5745ecc5d41c24eada?s=96&d=mm&r=g","caption":"Nelise Luques"},"url":"https:\/\/verdadeon.com.br\/portal\/author\/verdade\/"}]}},"jetpack_publicize_connections":[],"jetpack_featured_media_url":"https:\/\/i0.wp.com\/verdadeon.com.br\/portal\/wp-content\/uploads\/2021\/11\/FEIRA-DA-FRATERNIDADE-2019-45.jpg?fit=1000%2C670&ssl=1","jetpack_sharing_enabled":true,"_links":{"self":[{"href":"https:\/\/verdadeon.com.br\/portal\/wp-json\/wp\/v2\/posts\/21238","targetHints":{"allow":["GET"]}}],"collection":[{"href":"https:\/\/verdadeon.com.br\/portal\/wp-json\/wp\/v2\/posts"}],"about":[{"href":"https:\/\/verdadeon.com.br\/portal\/wp-json\/wp\/v2\/types\/post"}],"author":[{"embeddable":true,"href":"https:\/\/verdadeon.com.br\/portal\/wp-json\/wp\/v2\/users\/12"}],"replies":[{"embeddable":true,"href":"https:\/\/verdadeon.com.br\/portal\/wp-json\/wp\/v2\/comments?post=21238"}],"version-history":[{"count":0,"href":"https:\/\/verdadeon.com.br\/portal\/wp-json\/wp\/v2\/posts\/21238\/revisions"}],"wp:featuredmedia":[{"embeddable":true,"href":"https:\/\/verdadeon.com.br\/portal\/wp-json\/wp\/v2\/media\/21241"}],"wp:attachment":[{"href":"https:\/\/verdadeon.com.br\/portal\/wp-json\/wp\/v2\/media?parent=21238"}],"wp:term":[{"taxonomy":"category","embeddable":true,"href":"https:\/\/verdadeon.com.br\/portal\/wp-json\/wp\/v2\/categories?post=21238"},{"taxonomy":"post_tag","embeddable":true,"href":"https:\/\/verdadeon.com.br\/portal\/wp-json\/wp\/v2\/tags?post=21238"}],"curies":[{"name":"wp","href":"https:\/\/api.w.org\/{rel}","templated":true}]}}