{"id":21231,"date":"2021-11-27T07:00:10","date_gmt":"2021-11-27T10:00:10","guid":{"rendered":"https:\/\/verdadeon.com.br\/portal\/?p=21231"},"modified":"2021-11-26T15:49:19","modified_gmt":"2021-11-26T18:49:19","slug":"metaverso-blockchain-avatar-o-futuro-chegou","status":"publish","type":"post","link":"https:\/\/verdadeon.com.br\/portal\/2021\/11\/27\/metaverso-blockchain-avatar-o-futuro-chegou\/","title":{"rendered":"Metaverso, blockchain, avatar&#8230; o futuro chegou"},"content":{"rendered":"<p>A \u201cSemana Global do Empreendedorismo\u201d (SGE) acontece anualmente em novembro, simultaneamente em mais de 180 pa\u00edses e, mais uma vez, tivemos a oportunidade de incluir Franca neste calend\u00e1rio, atrav\u00e9s da IMPERA (Incubadora de Empresas de Base Tecnol\u00f3gica de Franca).<br \/>\nAo redor do mundo este movimento \u00e9 realizado desde 2007, com o objetivo de capacitar, inspirar e conectar empreendedores. No Brasil, foi institu\u00edda no calend\u00e1rio nacional pela Lei 14.135, de 2021, sancionada em abril pelo presidente.<br \/>\nEm Franca, durante uma semana, a programa\u00e7\u00e3o teve tr\u00eas eventos por dia, entre palestras, oficinas e mesas-redondas, com temas das mais diversas \u00e1reas do empreendedorismo. Com grande orgulho, posso dizer que todos, sim, todos os envolvidos, foram de forma volunt\u00e1ria doar seu tempo e compartilhar suas experi\u00eancias com os participantes. O evento teve entrada gratuita e foi projetado para poucas pessoas, em fun\u00e7\u00e3o dos protocolos de seguran\u00e7a pertinentes ao momento que passamos.<br \/>\nUma das primeiras confirma\u00e7\u00f5es que tivemos \u00e9 de que as pessoas ainda t\u00eam receio de eventos presenciais, embora os bares andem lotados, e logo percebemos que a ades\u00e3o seria abaixo do esperado. Isso foi um problema? Claro que n\u00e3o, alguns eventos da agenda se transformaram em rodas de conversas e, quem esteve presente, p\u00f4de extrair um conte\u00fado muito rico dos palestrantes. Perdeu quem n\u00e3o foi, e muito.<br \/>\nMas as li\u00e7\u00f5es n\u00e3o param por a\u00ed. Com o decorrer do evento notei que, independentemente do tema, a conversa ia parar em como a inova\u00e7\u00e3o e a tecnologia t\u00eam influenciado no desenvolvimento do mercado. No \u00e2mbito jur\u00eddico, advogados se preparam para resolver problemas que n\u00e3o viram na faculdade, como as demandas provenientes do sistema blockchain, por exemplo. N\u00e3o sabe o que \u00e9 isso? Sugiro que se atualize com urg\u00eancia, pois n\u00e3o se trata de futurologia, estamos falando do presente.<br \/>\nForam ao menos tr\u00eas eventos para falar dos maiores desafios do mercado digital e os gargalos dos e-commerces, que cresceram exponencialmente nos \u00faltimos dois anos. Dentre as apresenta\u00e7\u00f5es que mais me marcaram est\u00e1 a oficina de impress\u00e3o em 3D: o desenvolvimento dos filamentos (mat\u00e9ria-prima para estas impress\u00f5es) permite imprimir cada vez mais itens, de brindes a pr\u00f3teses humanas e alimentos.<br \/>\nSe voc\u00ea j\u00e1 come\u00e7ou a viajar nas infinitas possibilidades do universo das impress\u00f5es, vou dar um upgrade na sua jornada. A UPS, um dos maiores players log\u00edsticos do mundo e que diariamente distribui mais de 14 milh\u00f5es de encomendas, j\u00e1 considera transformar seus centros de distribui\u00e7\u00e3o em centros de impress\u00e3o.<br \/>\nFalamos ainda sobre branding e como o desenvolvimento da tecnologia e as mudan\u00e7as do comportamento do consumidor t\u00eam desafiado as marcas em seus posicionamentos de mercado. As novas profiss\u00f5es foram abordadas, a exemplo os Digital Influencers, pessoas que influenciam outras pessoas pelos canais on-line. Mas j\u00e1 imaginou se no lugar de pessoas esses influenciadores fossem personagens digitais? Pois \u00e9, a apresentadora Sabrina Sato apresentou esta semana a sua personagem digital Satiko, uma influenciadora 100% digital, um avatar humano para a explora\u00e7\u00e3o do metaverso.<br \/>\nFalando em metaverso, j\u00e1 temos not\u00edcias da compra de terrenos que s\u00f3 existem por l\u00e1. No mundo virtual Decentraland temos os dois primeiros recordes hist\u00f3ricos de valor de venda de terrenos. Parece coisa de filme, mas n\u00e3o \u00e9. O mundo colaborativo permite que as pessoas interajam atrav\u00e9s de seus avatares, como se fosse uma vida paralela e, uma das poss\u00edveis atividades, \u00e9 a compra e venda de bens.<br \/>\nNeste caso, estamos falando de sublotes de 5m\u00b2 cada, totalizando uma \u00e1rea virtual de pouco mais de 550m\u00b2, negociada pela quantia de US$ 2,4 milh\u00f5es, algo em torno de R$ 13 milh\u00f5es, e a transa\u00e7\u00e3o acontece atrav\u00e9s dos tokens n\u00e3o fung\u00edveis, os t\u00e3o falados NFTs, que s\u00e3o apenas mais uma das possibilidades do sistema blockchain.<br \/>\nVale ressaltar que, com esta compra, a cota\u00e7\u00e3o da moeda virtual utilizada na Decentraland (MANA) disparou 30%, valorizando outro terreno comprado por aproximadamente US$ 900 mil h\u00e1 alguns meses, mas j\u00e1 avaliado em mais de US$ 6 milh\u00f5es. A empresa Tokens.com comprou esta \u00e1rea com o objetivo de realizar desfiles de moda e vendas para avatares.<br \/>\nGrandes marcas como Nike e Adidas j\u00e1 se posicionaram, anunciando a implanta\u00e7\u00e3o de suas opera\u00e7\u00f5es em plataformas no metaverso.<br \/>\nA esta altura seria redund\u00e2ncia dizer o quanto a \u201cSemana Global de Empreendedorismo\u201d na IMPERA foi inspiradora. Meu objetivo neste artigo \u00e9 trazer um pouco dessa inspira\u00e7\u00e3o, um tanto de atualiza\u00e7\u00e3o e provocar a reflex\u00e3o em cada um de voc\u00eas. At\u00e9 a pr\u00f3xima!<\/p>\n<p>&nbsp;<\/p>\n<p>Jean Dunkl<br \/>\n@jeandunkl<br \/>\nCEO da CPD Consultoria e da Espacio de Color, mentor em Gest\u00e3o Estrat\u00e9gica de Neg\u00f3cios, gestor da Impera e volunt\u00e1rio da Singularity University<\/p>\n","protected":false},"excerpt":{"rendered":"<p>A \u201cSemana Global do Empreendedorismo\u201d (SGE) acontece anualmente em novembro, simultaneamente em mais de 180 pa\u00edses e, mais uma vez, tivemos a oportunidade de incluir Franca<span class=\"excerpt-hellip\"> [\u2026]<\/span><\/p>\n","protected":false},"author":4,"featured_media":0,"comment_status":"open","ping_status":"open","sticky":false,"template":"","format":"standard","meta":{"_jetpack_memberships_contains_paid_content":false,"footnotes":"","jetpack_publicize_message":"","jetpack_publicize_feature_enabled":true,"jetpack_social_post_already_shared":false,"jetpack_social_options":{"image_generator_settings":{"template":"highway","default_image_id":0,"enabled":false},"version":2}},"categories":[132],"tags":[],"class_list":["post-21231","post","type-post","status-publish","format-standard","hentry","category-artigos"],"yoast_head":"<!-- This site is optimized with the Yoast SEO plugin v25.6 - https:\/\/yoast.com\/wordpress\/plugins\/seo\/ -->\n<title>Metaverso, blockchain, avatar... o futuro chegou - VerdadeOn<\/title>\n<meta name=\"robots\" content=\"index, follow, max-snippet:-1, max-image-preview:large, max-video-preview:-1\" \/>\n<link rel=\"canonical\" href=\"https:\/\/verdadeon.com.br\/portal\/2021\/11\/27\/metaverso-blockchain-avatar-o-futuro-chegou\/\" \/>\n<meta property=\"og:locale\" content=\"pt_BR\" \/>\n<meta property=\"og:type\" content=\"article\" \/>\n<meta property=\"og:title\" content=\"Metaverso, blockchain, avatar... o futuro chegou - VerdadeOn\" \/>\n<meta property=\"og:description\" content=\"A \u201cSemana Global do Empreendedorismo\u201d (SGE) acontece anualmente em novembro, simultaneamente em mais de 180 pa\u00edses e, mais uma vez, tivemos a oportunidade de incluir Franca [\u2026]\" \/>\n<meta property=\"og:url\" content=\"https:\/\/verdadeon.com.br\/portal\/2021\/11\/27\/metaverso-blockchain-avatar-o-futuro-chegou\/\" \/>\n<meta property=\"og:site_name\" content=\"VerdadeOn\" \/>\n<meta property=\"article:published_time\" content=\"2021-11-27T10:00:10+00:00\" \/>\n<meta name=\"author\" content=\"Fernando Calixto\" \/>\n<meta name=\"twitter:card\" content=\"summary_large_image\" \/>\n<meta name=\"twitter:label1\" content=\"Escrito por\" \/>\n\t<meta name=\"twitter:data1\" content=\"Fernando Calixto\" \/>\n\t<meta name=\"twitter:label2\" content=\"Est. tempo de leitura\" \/>\n\t<meta name=\"twitter:data2\" content=\"4 minutos\" \/>\n<script type=\"application\/ld+json\" class=\"yoast-schema-graph\">{\"@context\":\"https:\/\/schema.org\",\"@graph\":[{\"@type\":\"WebPage\",\"@id\":\"https:\/\/verdadeon.com.br\/portal\/2021\/11\/27\/metaverso-blockchain-avatar-o-futuro-chegou\/\",\"url\":\"https:\/\/verdadeon.com.br\/portal\/2021\/11\/27\/metaverso-blockchain-avatar-o-futuro-chegou\/\",\"name\":\"Metaverso, blockchain, avatar... o futuro chegou - VerdadeOn\",\"isPartOf\":{\"@id\":\"https:\/\/verdadeon.com.br\/portal\/#website\"},\"datePublished\":\"2021-11-27T10:00:10+00:00\",\"author\":{\"@id\":\"https:\/\/verdadeon.com.br\/portal\/#\/schema\/person\/8994718f49ee62ba5610471e29ca1f62\"},\"breadcrumb\":{\"@id\":\"https:\/\/verdadeon.com.br\/portal\/2021\/11\/27\/metaverso-blockchain-avatar-o-futuro-chegou\/#breadcrumb\"},\"inLanguage\":\"pt-BR\",\"potentialAction\":[{\"@type\":\"ReadAction\",\"target\":[\"https:\/\/verdadeon.com.br\/portal\/2021\/11\/27\/metaverso-blockchain-avatar-o-futuro-chegou\/\"]}]},{\"@type\":\"BreadcrumbList\",\"@id\":\"https:\/\/verdadeon.com.br\/portal\/2021\/11\/27\/metaverso-blockchain-avatar-o-futuro-chegou\/#breadcrumb\",\"itemListElement\":[{\"@type\":\"ListItem\",\"position\":1,\"name\":\"In\u00edcio\",\"item\":\"https:\/\/verdadeon.com.br\/portal\/\"},{\"@type\":\"ListItem\",\"position\":2,\"name\":\"Metaverso, blockchain, avatar&#8230; o futuro chegou\"}]},{\"@type\":\"WebSite\",\"@id\":\"https:\/\/verdadeon.com.br\/portal\/#website\",\"url\":\"https:\/\/verdadeon.com.br\/portal\/\",\"name\":\"VerdadeOn\",\"description\":\"Not\u00edcias di\u00e1rias sobre Franca, Regi\u00e3o, Esporte, Cultura, Cotidiano, Colunas. Cobertura nos principais eventos da cidade \u00e9 aqui - Verdadeon Franca\",\"potentialAction\":[{\"@type\":\"SearchAction\",\"target\":{\"@type\":\"EntryPoint\",\"urlTemplate\":\"https:\/\/verdadeon.com.br\/portal\/?s={search_term_string}\"},\"query-input\":{\"@type\":\"PropertyValueSpecification\",\"valueRequired\":true,\"valueName\":\"search_term_string\"}}],\"inLanguage\":\"pt-BR\"},{\"@type\":\"Person\",\"@id\":\"https:\/\/verdadeon.com.br\/portal\/#\/schema\/person\/8994718f49ee62ba5610471e29ca1f62\",\"name\":\"Fernando Calixto\",\"image\":{\"@type\":\"ImageObject\",\"inLanguage\":\"pt-BR\",\"@id\":\"https:\/\/verdadeon.com.br\/portal\/#\/schema\/person\/image\/\",\"url\":\"https:\/\/secure.gravatar.com\/avatar\/7578910c24966c0316c340f9dbd601e93ee9f9212e1033968b367af9306bd9fb?s=96&d=mm&r=g\",\"contentUrl\":\"https:\/\/secure.gravatar.com\/avatar\/7578910c24966c0316c340f9dbd601e93ee9f9212e1033968b367af9306bd9fb?s=96&d=mm&r=g\",\"caption\":\"Fernando Calixto\"},\"url\":\"https:\/\/verdadeon.com.br\/portal\/author\/fernando-calixto\/\"}]}<\/script>\n<!-- \/ Yoast SEO plugin. -->","yoast_head_json":{"title":"Metaverso, blockchain, avatar... o futuro chegou - VerdadeOn","robots":{"index":"index","follow":"follow","max-snippet":"max-snippet:-1","max-image-preview":"max-image-preview:large","max-video-preview":"max-video-preview:-1"},"canonical":"https:\/\/verdadeon.com.br\/portal\/2021\/11\/27\/metaverso-blockchain-avatar-o-futuro-chegou\/","og_locale":"pt_BR","og_type":"article","og_title":"Metaverso, blockchain, avatar... o futuro chegou - VerdadeOn","og_description":"A \u201cSemana Global do Empreendedorismo\u201d (SGE) acontece anualmente em novembro, simultaneamente em mais de 180 pa\u00edses e, mais uma vez, tivemos a oportunidade de incluir Franca [\u2026]","og_url":"https:\/\/verdadeon.com.br\/portal\/2021\/11\/27\/metaverso-blockchain-avatar-o-futuro-chegou\/","og_site_name":"VerdadeOn","article_published_time":"2021-11-27T10:00:10+00:00","author":"Fernando Calixto","twitter_card":"summary_large_image","twitter_misc":{"Escrito por":"Fernando Calixto","Est. tempo de leitura":"4 minutos"},"schema":{"@context":"https:\/\/schema.org","@graph":[{"@type":"WebPage","@id":"https:\/\/verdadeon.com.br\/portal\/2021\/11\/27\/metaverso-blockchain-avatar-o-futuro-chegou\/","url":"https:\/\/verdadeon.com.br\/portal\/2021\/11\/27\/metaverso-blockchain-avatar-o-futuro-chegou\/","name":"Metaverso, blockchain, avatar... o futuro chegou - VerdadeOn","isPartOf":{"@id":"https:\/\/verdadeon.com.br\/portal\/#website"},"datePublished":"2021-11-27T10:00:10+00:00","author":{"@id":"https:\/\/verdadeon.com.br\/portal\/#\/schema\/person\/8994718f49ee62ba5610471e29ca1f62"},"breadcrumb":{"@id":"https:\/\/verdadeon.com.br\/portal\/2021\/11\/27\/metaverso-blockchain-avatar-o-futuro-chegou\/#breadcrumb"},"inLanguage":"pt-BR","potentialAction":[{"@type":"ReadAction","target":["https:\/\/verdadeon.com.br\/portal\/2021\/11\/27\/metaverso-blockchain-avatar-o-futuro-chegou\/"]}]},{"@type":"BreadcrumbList","@id":"https:\/\/verdadeon.com.br\/portal\/2021\/11\/27\/metaverso-blockchain-avatar-o-futuro-chegou\/#breadcrumb","itemListElement":[{"@type":"ListItem","position":1,"name":"In\u00edcio","item":"https:\/\/verdadeon.com.br\/portal\/"},{"@type":"ListItem","position":2,"name":"Metaverso, blockchain, avatar&#8230; o futuro chegou"}]},{"@type":"WebSite","@id":"https:\/\/verdadeon.com.br\/portal\/#website","url":"https:\/\/verdadeon.com.br\/portal\/","name":"VerdadeOn","description":"Not\u00edcias di\u00e1rias sobre Franca, Regi\u00e3o, Esporte, Cultura, Cotidiano, Colunas. Cobertura nos principais eventos da cidade \u00e9 aqui - Verdadeon Franca","potentialAction":[{"@type":"SearchAction","target":{"@type":"EntryPoint","urlTemplate":"https:\/\/verdadeon.com.br\/portal\/?s={search_term_string}"},"query-input":{"@type":"PropertyValueSpecification","valueRequired":true,"valueName":"search_term_string"}}],"inLanguage":"pt-BR"},{"@type":"Person","@id":"https:\/\/verdadeon.com.br\/portal\/#\/schema\/person\/8994718f49ee62ba5610471e29ca1f62","name":"Fernando Calixto","image":{"@type":"ImageObject","inLanguage":"pt-BR","@id":"https:\/\/verdadeon.com.br\/portal\/#\/schema\/person\/image\/","url":"https:\/\/secure.gravatar.com\/avatar\/7578910c24966c0316c340f9dbd601e93ee9f9212e1033968b367af9306bd9fb?s=96&d=mm&r=g","contentUrl":"https:\/\/secure.gravatar.com\/avatar\/7578910c24966c0316c340f9dbd601e93ee9f9212e1033968b367af9306bd9fb?s=96&d=mm&r=g","caption":"Fernando Calixto"},"url":"https:\/\/verdadeon.com.br\/portal\/author\/fernando-calixto\/"}]}},"jetpack_publicize_connections":[],"jetpack_featured_media_url":"","jetpack_sharing_enabled":true,"_links":{"self":[{"href":"https:\/\/verdadeon.com.br\/portal\/wp-json\/wp\/v2\/posts\/21231","targetHints":{"allow":["GET"]}}],"collection":[{"href":"https:\/\/verdadeon.com.br\/portal\/wp-json\/wp\/v2\/posts"}],"about":[{"href":"https:\/\/verdadeon.com.br\/portal\/wp-json\/wp\/v2\/types\/post"}],"author":[{"embeddable":true,"href":"https:\/\/verdadeon.com.br\/portal\/wp-json\/wp\/v2\/users\/4"}],"replies":[{"embeddable":true,"href":"https:\/\/verdadeon.com.br\/portal\/wp-json\/wp\/v2\/comments?post=21231"}],"version-history":[{"count":0,"href":"https:\/\/verdadeon.com.br\/portal\/wp-json\/wp\/v2\/posts\/21231\/revisions"}],"wp:attachment":[{"href":"https:\/\/verdadeon.com.br\/portal\/wp-json\/wp\/v2\/media?parent=21231"}],"wp:term":[{"taxonomy":"category","embeddable":true,"href":"https:\/\/verdadeon.com.br\/portal\/wp-json\/wp\/v2\/categories?post=21231"},{"taxonomy":"post_tag","embeddable":true,"href":"https:\/\/verdadeon.com.br\/portal\/wp-json\/wp\/v2\/tags?post=21231"}],"curies":[{"name":"wp","href":"https:\/\/api.w.org\/{rel}","templated":true}]}}