{"id":21230,"date":"2021-11-26T17:21:24","date_gmt":"2021-11-26T20:21:24","guid":{"rendered":"https:\/\/verdadeon.com.br\/portal\/?p=21230"},"modified":"2021-11-26T17:21:24","modified_gmt":"2021-11-26T20:21:24","slug":"homens-sao-multados-em-quase-r250-mil-transportando-aves-no-porta-malas","status":"publish","type":"post","link":"https:\/\/verdadeon.com.br\/portal\/2021\/11\/26\/homens-sao-multados-em-quase-r250-mil-transportando-aves-no-porta-malas\/","title":{"rendered":"Homens s\u00e3o multados em quase R$250 mil transportando aves no porta-malas"},"content":{"rendered":"<h2>Um dos passarinhos n\u00e3o resistiu e morreu, caso foi apresentado na Pol\u00edcia Civil<\/h2>\n<p>A Pol\u00edcia Ambiental de Franca multou dois homens em quase R$250 mil reais, por transportarem aves de forma ilegal. A ocorr\u00eancia teve in\u00edcio quando a Pol\u00edcia Rodovi\u00e1ria parou um ve\u00edculo suspeito, durante a fiscaliza\u00e7\u00e3o encontraram no porta malas v\u00e1rias bolsas, onde v\u00e1rias aves estavam guardadas sem \u00e1gua e sem comida. Inclusive uma das aves n\u00e3o resistiu.<\/p>\n<p>Foram encontrados da esp\u00e9cie trinca-ferro verdadeiro e tico tico. &#8220;Todas acondicionadas em gaiolas transportadas com pouco espa\u00e7o, sem alimenta\u00e7\u00e3o e \u00e1gua a disposi\u00e7\u00e3o. Diante o exposto foi lavrado em desfavor dos infratores os autos de infra\u00e7\u00e3o ambiental por transportar aves silvestres nativas sem autoriza\u00e7\u00e3o e por praticar atos de maus tratos, com san\u00e7\u00e3o aplicada em multa simples valorada em R$122.000,00 para ambos, al\u00e9m da apreens\u00e3o de materiais utilizados no transporte e na captura das aves&#8221; informou a ambiental.<\/p>\n<p>Os dois homens foram levados para a sede da Pol\u00edcia Ambiental para prestar esclarecimentos. Na esfera penal a ocorr\u00eancia ser\u00e1 apresentada na Pol\u00edcia Civil.<br \/>\nJ\u00e1 as aves foram encaminhadas at\u00e9 a sede da Pol\u00edcia Militar Ambiental, e foram soltas em habitat natural, em \u00e1rea apropriada. Isso \u00e9 poss\u00edvel porque elas foram capturadas recentemente, n\u00e3o perdendo as caracter\u00edsticas selvagens.<\/p>\n","protected":false},"excerpt":{"rendered":"<p>Um dos passarinhos n\u00e3o resistiu e morreu, caso foi apresentado na Pol\u00edcia Civil A Pol\u00edcia Ambiental de Franca multou dois homens em quase R$250 mil reais,<span class=\"excerpt-hellip\"> [\u2026]<\/span><\/p>\n","protected":false},"author":7,"featured_media":21237,"comment_status":"open","ping_status":"open","sticky":false,"template":"","format":"standard","meta":{"_jetpack_memberships_contains_paid_content":false,"footnotes":"","jetpack_publicize_message":"","jetpack_publicize_feature_enabled":true,"jetpack_social_post_already_shared":false,"jetpack_social_options":{"image_generator_settings":{"template":"highway","default_image_id":0,"enabled":false},"version":2}},"categories":[28,81],"tags":[],"class_list":["post-21230","post","type-post","status-publish","format-standard","has-post-thumbnail","hentry","category-cotidiano","category-manchete"],"yoast_head":"<!-- This site is optimized with the Yoast SEO plugin v25.6 - https:\/\/yoast.com\/wordpress\/plugins\/seo\/ -->\n<title>Homens s\u00e3o multados em quase R$250 mil transportando aves no porta-malas - VerdadeOn<\/title>\n<meta name=\"robots\" content=\"index, follow, max-snippet:-1, max-image-preview:large, max-video-preview:-1\" \/>\n<link rel=\"canonical\" href=\"https:\/\/verdadeon.com.br\/portal\/2021\/11\/26\/homens-sao-multados-em-quase-r250-mil-transportando-aves-no-porta-malas\/\" \/>\n<meta property=\"og:locale\" content=\"pt_BR\" \/>\n<meta property=\"og:type\" content=\"article\" \/>\n<meta property=\"og:title\" content=\"Homens s\u00e3o multados em quase R$250 mil transportando aves no porta-malas - VerdadeOn\" \/>\n<meta property=\"og:description\" content=\"Um dos passarinhos n\u00e3o resistiu e morreu, caso foi apresentado na Pol\u00edcia Civil A Pol\u00edcia Ambiental de Franca multou dois homens em quase R$250 mil reais, [\u2026]\" \/>\n<meta property=\"og:url\" content=\"https:\/\/verdadeon.com.br\/portal\/2021\/11\/26\/homens-sao-multados-em-quase-r250-mil-transportando-aves-no-porta-malas\/\" \/>\n<meta property=\"og:site_name\" content=\"VerdadeOn\" \/>\n<meta property=\"article:published_time\" content=\"2021-11-26T20:21:24+00:00\" \/>\n<meta property=\"og:image\" content=\"https:\/\/verdadeon.com.br\/portal\/wp-content\/uploads\/2021\/11\/AMBIENTAL-23-e1637957946200.png\" \/>\n\t<meta property=\"og:image:width\" content=\"1001\" \/>\n\t<meta property=\"og:image:height\" content=\"668\" \/>\n\t<meta property=\"og:image:type\" content=\"image\/png\" \/>\n<meta name=\"author\" content=\"Fernando Lima\" \/>\n<meta name=\"twitter:card\" content=\"summary_large_image\" \/>\n<meta name=\"twitter:label1\" content=\"Escrito por\" \/>\n\t<meta name=\"twitter:data1\" content=\"Fernando Lima\" \/>\n\t<meta name=\"twitter:label2\" content=\"Est. tempo de leitura\" \/>\n\t<meta name=\"twitter:data2\" content=\"1 minuto\" \/>\n<script type=\"application\/ld+json\" class=\"yoast-schema-graph\">{\"@context\":\"https:\/\/schema.org\",\"@graph\":[{\"@type\":\"WebPage\",\"@id\":\"https:\/\/verdadeon.com.br\/portal\/2021\/11\/26\/homens-sao-multados-em-quase-r250-mil-transportando-aves-no-porta-malas\/\",\"url\":\"https:\/\/verdadeon.com.br\/portal\/2021\/11\/26\/homens-sao-multados-em-quase-r250-mil-transportando-aves-no-porta-malas\/\",\"name\":\"Homens s\u00e3o multados em quase R$250 mil transportando aves no porta-malas - VerdadeOn\",\"isPartOf\":{\"@id\":\"https:\/\/verdadeon.com.br\/portal\/#website\"},\"primaryImageOfPage\":{\"@id\":\"https:\/\/verdadeon.com.br\/portal\/2021\/11\/26\/homens-sao-multados-em-quase-r250-mil-transportando-aves-no-porta-malas\/#primaryimage\"},\"image\":{\"@id\":\"https:\/\/verdadeon.com.br\/portal\/2021\/11\/26\/homens-sao-multados-em-quase-r250-mil-transportando-aves-no-porta-malas\/#primaryimage\"},\"thumbnailUrl\":\"https:\/\/i0.wp.com\/verdadeon.com.br\/portal\/wp-content\/uploads\/2021\/11\/AMBIENTAL-23-e1637957946200.png?fit=1001%2C668&ssl=1\",\"datePublished\":\"2021-11-26T20:21:24+00:00\",\"author\":{\"@id\":\"https:\/\/verdadeon.com.br\/portal\/#\/schema\/person\/cc32be22b8e8599387c480bc83e1d11a\"},\"breadcrumb\":{\"@id\":\"https:\/\/verdadeon.com.br\/portal\/2021\/11\/26\/homens-sao-multados-em-quase-r250-mil-transportando-aves-no-porta-malas\/#breadcrumb\"},\"inLanguage\":\"pt-BR\",\"potentialAction\":[{\"@type\":\"ReadAction\",\"target\":[\"https:\/\/verdadeon.com.br\/portal\/2021\/11\/26\/homens-sao-multados-em-quase-r250-mil-transportando-aves-no-porta-malas\/\"]}]},{\"@type\":\"ImageObject\",\"inLanguage\":\"pt-BR\",\"@id\":\"https:\/\/verdadeon.com.br\/portal\/2021\/11\/26\/homens-sao-multados-em-quase-r250-mil-transportando-aves-no-porta-malas\/#primaryimage\",\"url\":\"https:\/\/i0.wp.com\/verdadeon.com.br\/portal\/wp-content\/uploads\/2021\/11\/AMBIENTAL-23-e1637957946200.png?fit=1001%2C668&ssl=1\",\"contentUrl\":\"https:\/\/i0.wp.com\/verdadeon.com.br\/portal\/wp-content\/uploads\/2021\/11\/AMBIENTAL-23-e1637957946200.png?fit=1001%2C668&ssl=1\",\"width\":1001,\"height\":668,\"caption\":\"Aves estavam sendo transportadas em malas, uma delas n\u00e3o resistiu. Ap\u00f3s a apresenta\u00e7\u00e3o da ocorr\u00eancia, elas foram soltas | Foto: Pol\u00edcia Ambiental\"},{\"@type\":\"BreadcrumbList\",\"@id\":\"https:\/\/verdadeon.com.br\/portal\/2021\/11\/26\/homens-sao-multados-em-quase-r250-mil-transportando-aves-no-porta-malas\/#breadcrumb\",\"itemListElement\":[{\"@type\":\"ListItem\",\"position\":1,\"name\":\"In\u00edcio\",\"item\":\"https:\/\/verdadeon.com.br\/portal\/\"},{\"@type\":\"ListItem\",\"position\":2,\"name\":\"Homens s\u00e3o multados em quase R$250 mil transportando aves no porta-malas\"}]},{\"@type\":\"WebSite\",\"@id\":\"https:\/\/verdadeon.com.br\/portal\/#website\",\"url\":\"https:\/\/verdadeon.com.br\/portal\/\",\"name\":\"VerdadeOn\",\"description\":\"Not\u00edcias di\u00e1rias sobre Franca, Regi\u00e3o, Esporte, Cultura, Cotidiano, Colunas. Cobertura nos principais eventos da cidade \u00e9 aqui - Verdadeon Franca\",\"potentialAction\":[{\"@type\":\"SearchAction\",\"target\":{\"@type\":\"EntryPoint\",\"urlTemplate\":\"https:\/\/verdadeon.com.br\/portal\/?s={search_term_string}\"},\"query-input\":{\"@type\":\"PropertyValueSpecification\",\"valueRequired\":true,\"valueName\":\"search_term_string\"}}],\"inLanguage\":\"pt-BR\"},{\"@type\":\"Person\",\"@id\":\"https:\/\/verdadeon.com.br\/portal\/#\/schema\/person\/cc32be22b8e8599387c480bc83e1d11a\",\"name\":\"Fernando Lima\",\"image\":{\"@type\":\"ImageObject\",\"inLanguage\":\"pt-BR\",\"@id\":\"https:\/\/verdadeon.com.br\/portal\/#\/schema\/person\/image\/\",\"url\":\"https:\/\/secure.gravatar.com\/avatar\/df4c8e132080d2b3a4841d5d232045464e0eed11a1d6e43115ca0843d48768d3?s=96&d=mm&r=g\",\"contentUrl\":\"https:\/\/secure.gravatar.com\/avatar\/df4c8e132080d2b3a4841d5d232045464e0eed11a1d6e43115ca0843d48768d3?s=96&d=mm&r=g\",\"caption\":\"Fernando Lima\"},\"sameAs\":[\"http:\/\/verdadeon.com.br\/\"],\"url\":\"https:\/\/verdadeon.com.br\/portal\/author\/fernando-lima\/\"}]}<\/script>\n<!-- \/ Yoast SEO plugin. -->","yoast_head_json":{"title":"Homens s\u00e3o multados em quase R$250 mil transportando aves no porta-malas - VerdadeOn","robots":{"index":"index","follow":"follow","max-snippet":"max-snippet:-1","max-image-preview":"max-image-preview:large","max-video-preview":"max-video-preview:-1"},"canonical":"https:\/\/verdadeon.com.br\/portal\/2021\/11\/26\/homens-sao-multados-em-quase-r250-mil-transportando-aves-no-porta-malas\/","og_locale":"pt_BR","og_type":"article","og_title":"Homens s\u00e3o multados em quase R$250 mil transportando aves no porta-malas - VerdadeOn","og_description":"Um dos passarinhos n\u00e3o resistiu e morreu, caso foi apresentado na Pol\u00edcia Civil A Pol\u00edcia Ambiental de Franca multou dois homens em quase R$250 mil reais, [\u2026]","og_url":"https:\/\/verdadeon.com.br\/portal\/2021\/11\/26\/homens-sao-multados-em-quase-r250-mil-transportando-aves-no-porta-malas\/","og_site_name":"VerdadeOn","article_published_time":"2021-11-26T20:21:24+00:00","og_image":[{"width":1001,"height":668,"url":"https:\/\/verdadeon.com.br\/portal\/wp-content\/uploads\/2021\/11\/AMBIENTAL-23-e1637957946200.png","type":"image\/png"}],"author":"Fernando Lima","twitter_card":"summary_large_image","twitter_misc":{"Escrito por":"Fernando Lima","Est. tempo de leitura":"1 minuto"},"schema":{"@context":"https:\/\/schema.org","@graph":[{"@type":"WebPage","@id":"https:\/\/verdadeon.com.br\/portal\/2021\/11\/26\/homens-sao-multados-em-quase-r250-mil-transportando-aves-no-porta-malas\/","url":"https:\/\/verdadeon.com.br\/portal\/2021\/11\/26\/homens-sao-multados-em-quase-r250-mil-transportando-aves-no-porta-malas\/","name":"Homens s\u00e3o multados em quase R$250 mil transportando aves no porta-malas - VerdadeOn","isPartOf":{"@id":"https:\/\/verdadeon.com.br\/portal\/#website"},"primaryImageOfPage":{"@id":"https:\/\/verdadeon.com.br\/portal\/2021\/11\/26\/homens-sao-multados-em-quase-r250-mil-transportando-aves-no-porta-malas\/#primaryimage"},"image":{"@id":"https:\/\/verdadeon.com.br\/portal\/2021\/11\/26\/homens-sao-multados-em-quase-r250-mil-transportando-aves-no-porta-malas\/#primaryimage"},"thumbnailUrl":"https:\/\/i0.wp.com\/verdadeon.com.br\/portal\/wp-content\/uploads\/2021\/11\/AMBIENTAL-23-e1637957946200.png?fit=1001%2C668&ssl=1","datePublished":"2021-11-26T20:21:24+00:00","author":{"@id":"https:\/\/verdadeon.com.br\/portal\/#\/schema\/person\/cc32be22b8e8599387c480bc83e1d11a"},"breadcrumb":{"@id":"https:\/\/verdadeon.com.br\/portal\/2021\/11\/26\/homens-sao-multados-em-quase-r250-mil-transportando-aves-no-porta-malas\/#breadcrumb"},"inLanguage":"pt-BR","potentialAction":[{"@type":"ReadAction","target":["https:\/\/verdadeon.com.br\/portal\/2021\/11\/26\/homens-sao-multados-em-quase-r250-mil-transportando-aves-no-porta-malas\/"]}]},{"@type":"ImageObject","inLanguage":"pt-BR","@id":"https:\/\/verdadeon.com.br\/portal\/2021\/11\/26\/homens-sao-multados-em-quase-r250-mil-transportando-aves-no-porta-malas\/#primaryimage","url":"https:\/\/i0.wp.com\/verdadeon.com.br\/portal\/wp-content\/uploads\/2021\/11\/AMBIENTAL-23-e1637957946200.png?fit=1001%2C668&ssl=1","contentUrl":"https:\/\/i0.wp.com\/verdadeon.com.br\/portal\/wp-content\/uploads\/2021\/11\/AMBIENTAL-23-e1637957946200.png?fit=1001%2C668&ssl=1","width":1001,"height":668,"caption":"Aves estavam sendo transportadas em malas, uma delas n\u00e3o resistiu. Ap\u00f3s a apresenta\u00e7\u00e3o da ocorr\u00eancia, elas foram soltas | Foto: Pol\u00edcia Ambiental"},{"@type":"BreadcrumbList","@id":"https:\/\/verdadeon.com.br\/portal\/2021\/11\/26\/homens-sao-multados-em-quase-r250-mil-transportando-aves-no-porta-malas\/#breadcrumb","itemListElement":[{"@type":"ListItem","position":1,"name":"In\u00edcio","item":"https:\/\/verdadeon.com.br\/portal\/"},{"@type":"ListItem","position":2,"name":"Homens s\u00e3o multados em quase R$250 mil transportando aves no porta-malas"}]},{"@type":"WebSite","@id":"https:\/\/verdadeon.com.br\/portal\/#website","url":"https:\/\/verdadeon.com.br\/portal\/","name":"VerdadeOn","description":"Not\u00edcias di\u00e1rias sobre Franca, Regi\u00e3o, Esporte, Cultura, Cotidiano, Colunas. Cobertura nos principais eventos da cidade \u00e9 aqui - Verdadeon Franca","potentialAction":[{"@type":"SearchAction","target":{"@type":"EntryPoint","urlTemplate":"https:\/\/verdadeon.com.br\/portal\/?s={search_term_string}"},"query-input":{"@type":"PropertyValueSpecification","valueRequired":true,"valueName":"search_term_string"}}],"inLanguage":"pt-BR"},{"@type":"Person","@id":"https:\/\/verdadeon.com.br\/portal\/#\/schema\/person\/cc32be22b8e8599387c480bc83e1d11a","name":"Fernando Lima","image":{"@type":"ImageObject","inLanguage":"pt-BR","@id":"https:\/\/verdadeon.com.br\/portal\/#\/schema\/person\/image\/","url":"https:\/\/secure.gravatar.com\/avatar\/df4c8e132080d2b3a4841d5d232045464e0eed11a1d6e43115ca0843d48768d3?s=96&d=mm&r=g","contentUrl":"https:\/\/secure.gravatar.com\/avatar\/df4c8e132080d2b3a4841d5d232045464e0eed11a1d6e43115ca0843d48768d3?s=96&d=mm&r=g","caption":"Fernando Lima"},"sameAs":["http:\/\/verdadeon.com.br\/"],"url":"https:\/\/verdadeon.com.br\/portal\/author\/fernando-lima\/"}]}},"jetpack_publicize_connections":[],"jetpack_featured_media_url":"https:\/\/i0.wp.com\/verdadeon.com.br\/portal\/wp-content\/uploads\/2021\/11\/AMBIENTAL-23-e1637957946200.png?fit=1001%2C668&ssl=1","jetpack_sharing_enabled":true,"_links":{"self":[{"href":"https:\/\/verdadeon.com.br\/portal\/wp-json\/wp\/v2\/posts\/21230","targetHints":{"allow":["GET"]}}],"collection":[{"href":"https:\/\/verdadeon.com.br\/portal\/wp-json\/wp\/v2\/posts"}],"about":[{"href":"https:\/\/verdadeon.com.br\/portal\/wp-json\/wp\/v2\/types\/post"}],"author":[{"embeddable":true,"href":"https:\/\/verdadeon.com.br\/portal\/wp-json\/wp\/v2\/users\/7"}],"replies":[{"embeddable":true,"href":"https:\/\/verdadeon.com.br\/portal\/wp-json\/wp\/v2\/comments?post=21230"}],"version-history":[{"count":0,"href":"https:\/\/verdadeon.com.br\/portal\/wp-json\/wp\/v2\/posts\/21230\/revisions"}],"wp:featuredmedia":[{"embeddable":true,"href":"https:\/\/verdadeon.com.br\/portal\/wp-json\/wp\/v2\/media\/21237"}],"wp:attachment":[{"href":"https:\/\/verdadeon.com.br\/portal\/wp-json\/wp\/v2\/media?parent=21230"}],"wp:term":[{"taxonomy":"category","embeddable":true,"href":"https:\/\/verdadeon.com.br\/portal\/wp-json\/wp\/v2\/categories?post=21230"},{"taxonomy":"post_tag","embeddable":true,"href":"https:\/\/verdadeon.com.br\/portal\/wp-json\/wp\/v2\/tags?post=21230"}],"curies":[{"name":"wp","href":"https:\/\/api.w.org\/{rel}","templated":true}]}}