{"id":21216,"date":"2021-11-25T19:19:10","date_gmt":"2021-11-25T22:19:10","guid":{"rendered":"https:\/\/verdadeon.com.br\/portal\/?p=21216"},"modified":"2021-11-25T19:18:25","modified_gmt":"2021-11-25T22:18:25","slug":"lei-desburocratiza-producao-e-comercializacao-de-queijos-e-outros-produtos-artesanais","status":"publish","type":"post","link":"https:\/\/verdadeon.com.br\/portal\/2021\/11\/25\/lei-desburocratiza-producao-e-comercializacao-de-queijos-e-outros-produtos-artesanais\/","title":{"rendered":"Lei desburocratiza produ\u00e7\u00e3o e comercializa\u00e7\u00e3o de queijos e outros produtos artesanais"},"content":{"rendered":"<h2>Governo de S\u00e3o Paulo tamb\u00e9m cria projeto de fomento aos produtos artesanais e tradicionais da agropecu\u00e1ria no Estado<\/h2>\n<p>&nbsp;<\/p>\n<p>O Governador Jo\u00e3o Doria sancionou a Lei dos Produtos Artesanais de Origem Animal do Estado de S\u00e3o Paulo. Ele tamb\u00e9m instituiu o grupo de trabalho para regulamenta\u00e7\u00e3o da nova lei, que vai desburocratizar a produ\u00e7\u00e3o e comercializa\u00e7\u00e3o de queijos e demais produtos artesanais em todo Estado. O objetivo da iniciativa \u00e9 estimular o crescimento desse setor no estado. Doria ainda anunciou o projeto \u201cProdutos Artesanais e Tradicionais do Agro de S\u00e3o Paulo\u201d, para fomento, valoriza\u00e7\u00e3o e apoio \u00e0 produ\u00e7\u00e3o agropecu\u00e1ria artesanal.<\/p>\n<p>\u201cEssa \u00e9 a ess\u00eancia do Brasil, \u00e9 olhar aquele que \u00e9 pequeno, mas que produz, que tem alma, tem vontade e faz bem feito. N\u00e3o faz o menor sentido a predomin\u00e2ncia de algo inadequado, criando limita\u00e7\u00f5es e dificuldades para o produtor artesanal\u201d, destacou Doria.<\/p>\n<p>Os an\u00fancios foram realizados durante a abertura do Mesa SP 2021 na semana passada, no Memorial da Am\u00e9rica Latina. Os secret\u00e1rios de Agricultura e Abastecimento, Itamar Borges; de Desenvolvimento Econ\u00f4mico, Patr\u00edcia Ellen; e de Turismo e Viagens, Vin\u00edcius Lummertz; estavam presentes no evento.<\/p>\n<p>A Lei dos Produtos Artesanais de Origem Animal do Estado de S\u00e3o Paulo traz novas normas para comercializa\u00e7\u00e3o e produ\u00e7\u00e3o de produtos artesanais aliment\u00edcios, como os queijos, lingui\u00e7as, p\u00e3es e bolos. O Governo de S\u00e3o Paulo prop\u00f4s as mudan\u00e7as, pois a legisla\u00e7\u00e3o anterior n\u00e3o atendia \u00e0s necessidades do pequeno produtor e da agroind\u00fastria de pequeno porte. A iniciativa partiu de estudos realizados pela Secretaria de Agricultura e Abastecimento.<\/p>\n<p>A nova legisla\u00e7\u00e3o prev\u00ea a desburocratiza\u00e7\u00e3o da produ\u00e7\u00e3o e comercializa\u00e7\u00e3o dos produtos artesanais e a regulariza\u00e7\u00e3o de produtores. Ser\u00e3o beneficiados produtores de pequeno porte de diversas cadeias produtivas incluindo, por exemplo, mel, derivados de cana, cacha\u00e7a, peixe salgado seco, processados de pequenos animais, caf\u00e9s especiais, entre outros.<\/p>\n<p>O texto de autoria do Governador Jo\u00e3o Doria foi aprovado pela Assembleia Legislativa com inclus\u00e3o de emendas. A nova lei prev\u00ea a cria\u00e7\u00e3o de uma equipe especializada no Servi\u00e7o de Inspe\u00e7\u00e3o de S\u00e3o Paulo (SISP) com o objetivo de padronizar tecnicamente a produ\u00e7\u00e3o artesanal em todo Estado. Al\u00e9m disso, os produtos devem ser fabricados em espa\u00e7os apropriados e exclusivos para esse fim, n\u00e3o sendo permitida a produ\u00e7\u00e3o em locais que possam comprometer a higiene. Os produtores que n\u00e3o cumprirem as regras poder\u00e3o ser punidos com pena educativa ou multa.<\/p>\n<h4>Fomento<\/h4>\n<p>O Governador Jo\u00e3o Doria ainda anunciou a cria\u00e7\u00e3o do projeto \u201cProdutos Artesanais e Tradicionais do Agro de S\u00e3o Paulo\u201d. O objetivo da iniciativa \u00e9 fomentar a produ\u00e7\u00e3o e comercializa\u00e7\u00e3o de produtos artesanais e tradicionais da agropecu\u00e1ria do estado de SP, especialmente aqueles processados por pequenas e m\u00e9dias agroind\u00fastrias artesanais, de origem animal e vegetal.<\/p>\n<p>O novo projeto vai valorizar as caracter\u00edsticas culturais e regionais dos produtos artesanais que fazem parte do patrim\u00f4nio hist\u00f3rico e cultural de S\u00e3o Paulo, de forma a tamb\u00e9m refor\u00e7ar a import\u00e2ncia tur\u00edstica e econ\u00f4mica dos mesmos. Tamb\u00e9m est\u00e3o previstas a\u00e7\u00f5es de orienta\u00e7\u00e3o t\u00e9cnica aos produtores, para adequa\u00e7\u00e3o \u00e0s normas de regulamenta\u00e7\u00e3o sanit\u00e1ria e ambiental.<\/p>\n<h4>Arranjos Produtivos Locais<\/h4>\n<p>Ainda durante o evento, Doria autorizou o desenvolvimento de novos Arranjos Produtivos Locais (APLs), o que marcar\u00e1 uma nova fase na cadeia produtiva dos alimentos artesanais. Desta forma, os \u00f3rg\u00e3os t\u00e9cnicos da SAA dever\u00e3o orientar as governan\u00e7as a fomentar as concentra\u00e7\u00f5es produtivas do agro paulista. Os APLs ser\u00e3o desenvolvidos nas regi\u00f5es de Tup\u00e3, Sorocaba, Bastos, Bauru, Gar\u00e7a, Sorocaba, Ibi\u00fana, Dois C\u00f3rregos\/Bocaina, Registro e S\u00e3o Roque.<\/p>\n","protected":false},"excerpt":{"rendered":"<p>Governo de S\u00e3o Paulo tamb\u00e9m cria projeto de fomento aos produtos artesanais e tradicionais da agropecu\u00e1ria no Estado &nbsp; O Governador Jo\u00e3o Doria sancionou a Lei<span class=\"excerpt-hellip\"> [\u2026]<\/span><\/p>\n","protected":false},"author":10,"featured_media":21217,"comment_status":"open","ping_status":"open","sticky":false,"template":"","format":"standard","meta":{"_jetpack_memberships_contains_paid_content":false,"footnotes":"","jetpack_publicize_message":"","jetpack_publicize_feature_enabled":true,"jetpack_social_post_already_shared":false,"jetpack_social_options":{"image_generator_settings":{"template":"highway","default_image_id":0,"enabled":false},"version":2}},"categories":[28,44],"tags":[],"class_list":["post-21216","post","type-post","status-publish","format-standard","has-post-thumbnail","hentry","category-cotidiano","category-noticias"],"yoast_head":"<!-- This site is optimized with the Yoast SEO plugin v25.6 - https:\/\/yoast.com\/wordpress\/plugins\/seo\/ -->\n<title>Lei desburocratiza produ\u00e7\u00e3o e comercializa\u00e7\u00e3o de queijos e outros produtos artesanais - VerdadeOn<\/title>\n<meta name=\"robots\" content=\"index, follow, max-snippet:-1, max-image-preview:large, max-video-preview:-1\" \/>\n<link rel=\"canonical\" href=\"https:\/\/verdadeon.com.br\/portal\/2021\/11\/25\/lei-desburocratiza-producao-e-comercializacao-de-queijos-e-outros-produtos-artesanais\/\" \/>\n<meta property=\"og:locale\" content=\"pt_BR\" \/>\n<meta property=\"og:type\" content=\"article\" \/>\n<meta property=\"og:title\" content=\"Lei desburocratiza produ\u00e7\u00e3o e comercializa\u00e7\u00e3o de queijos e outros produtos artesanais - VerdadeOn\" \/>\n<meta property=\"og:description\" content=\"Governo de S\u00e3o Paulo tamb\u00e9m cria projeto de fomento aos produtos artesanais e tradicionais da agropecu\u00e1ria no Estado &nbsp; O Governador Jo\u00e3o Doria sancionou a Lei [\u2026]\" \/>\n<meta property=\"og:url\" content=\"https:\/\/verdadeon.com.br\/portal\/2021\/11\/25\/lei-desburocratiza-producao-e-comercializacao-de-queijos-e-outros-produtos-artesanais\/\" \/>\n<meta property=\"og:site_name\" content=\"VerdadeOn\" \/>\n<meta property=\"article:published_time\" content=\"2021-11-25T22:19:10+00:00\" \/>\n<meta property=\"og:image\" content=\"https:\/\/verdadeon.com.br\/portal\/wp-content\/uploads\/2021\/11\/man-holding-cheese-roll-scaled.jpg\" \/>\n\t<meta property=\"og:image:width\" content=\"2560\" \/>\n\t<meta property=\"og:image:height\" content=\"1707\" \/>\n\t<meta property=\"og:image:type\" content=\"image\/jpeg\" \/>\n<meta name=\"author\" content=\"Redacao VerdadeOn\" \/>\n<meta name=\"twitter:card\" content=\"summary_large_image\" \/>\n<meta name=\"twitter:label1\" content=\"Escrito por\" \/>\n\t<meta name=\"twitter:data1\" content=\"Redacao VerdadeOn\" \/>\n\t<meta name=\"twitter:label2\" content=\"Est. tempo de leitura\" \/>\n\t<meta name=\"twitter:data2\" content=\"3 minutos\" \/>\n<script type=\"application\/ld+json\" class=\"yoast-schema-graph\">{\"@context\":\"https:\/\/schema.org\",\"@graph\":[{\"@type\":\"WebPage\",\"@id\":\"https:\/\/verdadeon.com.br\/portal\/2021\/11\/25\/lei-desburocratiza-producao-e-comercializacao-de-queijos-e-outros-produtos-artesanais\/\",\"url\":\"https:\/\/verdadeon.com.br\/portal\/2021\/11\/25\/lei-desburocratiza-producao-e-comercializacao-de-queijos-e-outros-produtos-artesanais\/\",\"name\":\"Lei desburocratiza produ\u00e7\u00e3o e comercializa\u00e7\u00e3o de queijos e outros produtos artesanais - VerdadeOn\",\"isPartOf\":{\"@id\":\"https:\/\/verdadeon.com.br\/portal\/#website\"},\"primaryImageOfPage\":{\"@id\":\"https:\/\/verdadeon.com.br\/portal\/2021\/11\/25\/lei-desburocratiza-producao-e-comercializacao-de-queijos-e-outros-produtos-artesanais\/#primaryimage\"},\"image\":{\"@id\":\"https:\/\/verdadeon.com.br\/portal\/2021\/11\/25\/lei-desburocratiza-producao-e-comercializacao-de-queijos-e-outros-produtos-artesanais\/#primaryimage\"},\"thumbnailUrl\":\"https:\/\/i0.wp.com\/verdadeon.com.br\/portal\/wp-content\/uploads\/2021\/11\/man-holding-cheese-roll-scaled.jpg?fit=2560%2C1707&ssl=1\",\"datePublished\":\"2021-11-25T22:19:10+00:00\",\"author\":{\"@id\":\"https:\/\/verdadeon.com.br\/portal\/#\/schema\/person\/a5060ad1e9ea3df545188fc93ce43d2f\"},\"breadcrumb\":{\"@id\":\"https:\/\/verdadeon.com.br\/portal\/2021\/11\/25\/lei-desburocratiza-producao-e-comercializacao-de-queijos-e-outros-produtos-artesanais\/#breadcrumb\"},\"inLanguage\":\"pt-BR\",\"potentialAction\":[{\"@type\":\"ReadAction\",\"target\":[\"https:\/\/verdadeon.com.br\/portal\/2021\/11\/25\/lei-desburocratiza-producao-e-comercializacao-de-queijos-e-outros-produtos-artesanais\/\"]}]},{\"@type\":\"ImageObject\",\"inLanguage\":\"pt-BR\",\"@id\":\"https:\/\/verdadeon.com.br\/portal\/2021\/11\/25\/lei-desburocratiza-producao-e-comercializacao-de-queijos-e-outros-produtos-artesanais\/#primaryimage\",\"url\":\"https:\/\/i0.wp.com\/verdadeon.com.br\/portal\/wp-content\/uploads\/2021\/11\/man-holding-cheese-roll-scaled.jpg?fit=2560%2C1707&ssl=1\",\"contentUrl\":\"https:\/\/i0.wp.com\/verdadeon.com.br\/portal\/wp-content\/uploads\/2021\/11\/man-holding-cheese-roll-scaled.jpg?fit=2560%2C1707&ssl=1\",\"width\":2560,\"height\":1707,\"caption\":\"A Lei dos Produtos Artesanais de Origem Animal do Estado de S\u00e3o Paulo traz novas normas para comercializa\u00e7\u00e3o e produ\u00e7\u00e3o de produtos artesanais aliment\u00edcios, como os queijos\"},{\"@type\":\"BreadcrumbList\",\"@id\":\"https:\/\/verdadeon.com.br\/portal\/2021\/11\/25\/lei-desburocratiza-producao-e-comercializacao-de-queijos-e-outros-produtos-artesanais\/#breadcrumb\",\"itemListElement\":[{\"@type\":\"ListItem\",\"position\":1,\"name\":\"In\u00edcio\",\"item\":\"https:\/\/verdadeon.com.br\/portal\/\"},{\"@type\":\"ListItem\",\"position\":2,\"name\":\"Lei desburocratiza produ\u00e7\u00e3o e comercializa\u00e7\u00e3o de queijos e outros produtos artesanais\"}]},{\"@type\":\"WebSite\",\"@id\":\"https:\/\/verdadeon.com.br\/portal\/#website\",\"url\":\"https:\/\/verdadeon.com.br\/portal\/\",\"name\":\"VerdadeOn\",\"description\":\"Not\u00edcias di\u00e1rias sobre Franca, Regi\u00e3o, Esporte, Cultura, Cotidiano, Colunas. Cobertura nos principais eventos da cidade \u00e9 aqui - Verdadeon Franca\",\"potentialAction\":[{\"@type\":\"SearchAction\",\"target\":{\"@type\":\"EntryPoint\",\"urlTemplate\":\"https:\/\/verdadeon.com.br\/portal\/?s={search_term_string}\"},\"query-input\":{\"@type\":\"PropertyValueSpecification\",\"valueRequired\":true,\"valueName\":\"search_term_string\"}}],\"inLanguage\":\"pt-BR\"},{\"@type\":\"Person\",\"@id\":\"https:\/\/verdadeon.com.br\/portal\/#\/schema\/person\/a5060ad1e9ea3df545188fc93ce43d2f\",\"name\":\"Redacao VerdadeOn\",\"image\":{\"@type\":\"ImageObject\",\"inLanguage\":\"pt-BR\",\"@id\":\"https:\/\/verdadeon.com.br\/portal\/#\/schema\/person\/image\/\",\"url\":\"https:\/\/secure.gravatar.com\/avatar\/459a9613caaaf07f582c3d0841eea68bdd66f533e465e6ba8b9cb45619572cf4?s=96&d=mm&r=g\",\"contentUrl\":\"https:\/\/secure.gravatar.com\/avatar\/459a9613caaaf07f582c3d0841eea68bdd66f533e465e6ba8b9cb45619572cf4?s=96&d=mm&r=g\",\"caption\":\"Redacao VerdadeOn\"},\"url\":\"https:\/\/verdadeon.com.br\/portal\/author\/redacao\/\"}]}<\/script>\n<!-- \/ Yoast SEO plugin. -->","yoast_head_json":{"title":"Lei desburocratiza produ\u00e7\u00e3o e comercializa\u00e7\u00e3o de queijos e outros produtos artesanais - VerdadeOn","robots":{"index":"index","follow":"follow","max-snippet":"max-snippet:-1","max-image-preview":"max-image-preview:large","max-video-preview":"max-video-preview:-1"},"canonical":"https:\/\/verdadeon.com.br\/portal\/2021\/11\/25\/lei-desburocratiza-producao-e-comercializacao-de-queijos-e-outros-produtos-artesanais\/","og_locale":"pt_BR","og_type":"article","og_title":"Lei desburocratiza produ\u00e7\u00e3o e comercializa\u00e7\u00e3o de queijos e outros produtos artesanais - VerdadeOn","og_description":"Governo de S\u00e3o Paulo tamb\u00e9m cria projeto de fomento aos produtos artesanais e tradicionais da agropecu\u00e1ria no Estado &nbsp; O Governador Jo\u00e3o Doria sancionou a Lei [\u2026]","og_url":"https:\/\/verdadeon.com.br\/portal\/2021\/11\/25\/lei-desburocratiza-producao-e-comercializacao-de-queijos-e-outros-produtos-artesanais\/","og_site_name":"VerdadeOn","article_published_time":"2021-11-25T22:19:10+00:00","og_image":[{"width":2560,"height":1707,"url":"https:\/\/verdadeon.com.br\/portal\/wp-content\/uploads\/2021\/11\/man-holding-cheese-roll-scaled.jpg","type":"image\/jpeg"}],"author":"Redacao VerdadeOn","twitter_card":"summary_large_image","twitter_misc":{"Escrito por":"Redacao VerdadeOn","Est. tempo de leitura":"3 minutos"},"schema":{"@context":"https:\/\/schema.org","@graph":[{"@type":"WebPage","@id":"https:\/\/verdadeon.com.br\/portal\/2021\/11\/25\/lei-desburocratiza-producao-e-comercializacao-de-queijos-e-outros-produtos-artesanais\/","url":"https:\/\/verdadeon.com.br\/portal\/2021\/11\/25\/lei-desburocratiza-producao-e-comercializacao-de-queijos-e-outros-produtos-artesanais\/","name":"Lei desburocratiza produ\u00e7\u00e3o e comercializa\u00e7\u00e3o de queijos e outros produtos artesanais - VerdadeOn","isPartOf":{"@id":"https:\/\/verdadeon.com.br\/portal\/#website"},"primaryImageOfPage":{"@id":"https:\/\/verdadeon.com.br\/portal\/2021\/11\/25\/lei-desburocratiza-producao-e-comercializacao-de-queijos-e-outros-produtos-artesanais\/#primaryimage"},"image":{"@id":"https:\/\/verdadeon.com.br\/portal\/2021\/11\/25\/lei-desburocratiza-producao-e-comercializacao-de-queijos-e-outros-produtos-artesanais\/#primaryimage"},"thumbnailUrl":"https:\/\/i0.wp.com\/verdadeon.com.br\/portal\/wp-content\/uploads\/2021\/11\/man-holding-cheese-roll-scaled.jpg?fit=2560%2C1707&ssl=1","datePublished":"2021-11-25T22:19:10+00:00","author":{"@id":"https:\/\/verdadeon.com.br\/portal\/#\/schema\/person\/a5060ad1e9ea3df545188fc93ce43d2f"},"breadcrumb":{"@id":"https:\/\/verdadeon.com.br\/portal\/2021\/11\/25\/lei-desburocratiza-producao-e-comercializacao-de-queijos-e-outros-produtos-artesanais\/#breadcrumb"},"inLanguage":"pt-BR","potentialAction":[{"@type":"ReadAction","target":["https:\/\/verdadeon.com.br\/portal\/2021\/11\/25\/lei-desburocratiza-producao-e-comercializacao-de-queijos-e-outros-produtos-artesanais\/"]}]},{"@type":"ImageObject","inLanguage":"pt-BR","@id":"https:\/\/verdadeon.com.br\/portal\/2021\/11\/25\/lei-desburocratiza-producao-e-comercializacao-de-queijos-e-outros-produtos-artesanais\/#primaryimage","url":"https:\/\/i0.wp.com\/verdadeon.com.br\/portal\/wp-content\/uploads\/2021\/11\/man-holding-cheese-roll-scaled.jpg?fit=2560%2C1707&ssl=1","contentUrl":"https:\/\/i0.wp.com\/verdadeon.com.br\/portal\/wp-content\/uploads\/2021\/11\/man-holding-cheese-roll-scaled.jpg?fit=2560%2C1707&ssl=1","width":2560,"height":1707,"caption":"A Lei dos Produtos Artesanais de Origem Animal do Estado de S\u00e3o Paulo traz novas normas para comercializa\u00e7\u00e3o e produ\u00e7\u00e3o de produtos artesanais aliment\u00edcios, como os queijos"},{"@type":"BreadcrumbList","@id":"https:\/\/verdadeon.com.br\/portal\/2021\/11\/25\/lei-desburocratiza-producao-e-comercializacao-de-queijos-e-outros-produtos-artesanais\/#breadcrumb","itemListElement":[{"@type":"ListItem","position":1,"name":"In\u00edcio","item":"https:\/\/verdadeon.com.br\/portal\/"},{"@type":"ListItem","position":2,"name":"Lei desburocratiza produ\u00e7\u00e3o e comercializa\u00e7\u00e3o de queijos e outros produtos artesanais"}]},{"@type":"WebSite","@id":"https:\/\/verdadeon.com.br\/portal\/#website","url":"https:\/\/verdadeon.com.br\/portal\/","name":"VerdadeOn","description":"Not\u00edcias di\u00e1rias sobre Franca, Regi\u00e3o, Esporte, Cultura, Cotidiano, Colunas. Cobertura nos principais eventos da cidade \u00e9 aqui - Verdadeon Franca","potentialAction":[{"@type":"SearchAction","target":{"@type":"EntryPoint","urlTemplate":"https:\/\/verdadeon.com.br\/portal\/?s={search_term_string}"},"query-input":{"@type":"PropertyValueSpecification","valueRequired":true,"valueName":"search_term_string"}}],"inLanguage":"pt-BR"},{"@type":"Person","@id":"https:\/\/verdadeon.com.br\/portal\/#\/schema\/person\/a5060ad1e9ea3df545188fc93ce43d2f","name":"Redacao VerdadeOn","image":{"@type":"ImageObject","inLanguage":"pt-BR","@id":"https:\/\/verdadeon.com.br\/portal\/#\/schema\/person\/image\/","url":"https:\/\/secure.gravatar.com\/avatar\/459a9613caaaf07f582c3d0841eea68bdd66f533e465e6ba8b9cb45619572cf4?s=96&d=mm&r=g","contentUrl":"https:\/\/secure.gravatar.com\/avatar\/459a9613caaaf07f582c3d0841eea68bdd66f533e465e6ba8b9cb45619572cf4?s=96&d=mm&r=g","caption":"Redacao VerdadeOn"},"url":"https:\/\/verdadeon.com.br\/portal\/author\/redacao\/"}]}},"jetpack_publicize_connections":[],"jetpack_featured_media_url":"https:\/\/i0.wp.com\/verdadeon.com.br\/portal\/wp-content\/uploads\/2021\/11\/man-holding-cheese-roll-scaled.jpg?fit=2560%2C1707&ssl=1","jetpack_sharing_enabled":true,"_links":{"self":[{"href":"https:\/\/verdadeon.com.br\/portal\/wp-json\/wp\/v2\/posts\/21216","targetHints":{"allow":["GET"]}}],"collection":[{"href":"https:\/\/verdadeon.com.br\/portal\/wp-json\/wp\/v2\/posts"}],"about":[{"href":"https:\/\/verdadeon.com.br\/portal\/wp-json\/wp\/v2\/types\/post"}],"author":[{"embeddable":true,"href":"https:\/\/verdadeon.com.br\/portal\/wp-json\/wp\/v2\/users\/10"}],"replies":[{"embeddable":true,"href":"https:\/\/verdadeon.com.br\/portal\/wp-json\/wp\/v2\/comments?post=21216"}],"version-history":[{"count":0,"href":"https:\/\/verdadeon.com.br\/portal\/wp-json\/wp\/v2\/posts\/21216\/revisions"}],"wp:featuredmedia":[{"embeddable":true,"href":"https:\/\/verdadeon.com.br\/portal\/wp-json\/wp\/v2\/media\/21217"}],"wp:attachment":[{"href":"https:\/\/verdadeon.com.br\/portal\/wp-json\/wp\/v2\/media?parent=21216"}],"wp:term":[{"taxonomy":"category","embeddable":true,"href":"https:\/\/verdadeon.com.br\/portal\/wp-json\/wp\/v2\/categories?post=21216"},{"taxonomy":"post_tag","embeddable":true,"href":"https:\/\/verdadeon.com.br\/portal\/wp-json\/wp\/v2\/tags?post=21216"}],"curies":[{"name":"wp","href":"https:\/\/api.w.org\/{rel}","templated":true}]}}