{"id":21200,"date":"2021-11-25T14:49:57","date_gmt":"2021-11-25T17:49:57","guid":{"rendered":"https:\/\/verdadeon.com.br\/portal\/?p=21200"},"modified":"2021-11-25T14:49:57","modified_gmt":"2021-11-25T17:49:57","slug":"em-mais-um-dia-de-caos-p-s-infantil-registra-demora-em-atendimento-e-reclamacoes","status":"publish","type":"post","link":"https:\/\/verdadeon.com.br\/portal\/2021\/11\/25\/em-mais-um-dia-de-caos-p-s-infantil-registra-demora-em-atendimento-e-reclamacoes\/","title":{"rendered":"Em mais um dia de caos, P.S. infantil registra demora em atendimento e reclama\u00e7\u00f5es"},"content":{"rendered":"<h2>De acordo com a Prefeitura, de 200 atendimentos di\u00e1rios o P.S. infantil passou para 450, o que pode explicar o problema<\/h2>\n<p>H\u00e1 dias quem precisa passar pelo Pronto Socorro Infantil Doutor Magid Bachur Filho, enfrenta um caos. Alguns pais que levaram os filhos, relataram espera de at\u00e9 seis horas por atendimento, al\u00e9m disso faltam cadeiras para a popula\u00e7\u00e3o aguardar na recep\u00e7\u00e3o, alguns aguardaram do lado de fora.<\/p>\n<p>&#8220;Cheguei aqui h\u00e1 mais de duas horas, ainda n\u00e3o fomos atendidos. Tem que ter paci\u00eancia pra vir aqui, infelizmente precisamos. Preferi sentar do lado de fora j\u00e1 que l\u00e1 dentro est\u00e1 lotado e abafado, fico com receio porque estou gr\u00e1vida. Acho que tem muita coisa para melhorar aqui&#8221;, desabafou Daiane.<\/p>\n<p>&#8220;Eu vim ontem com minha filha, cheguei nove horas da manh\u00e3 e sai no meio da tarde. A gente pergunta o porque est\u00e3o demorando mas n\u00e3o respondem. Al\u00e9m do cansa\u00e7o, chega a ser constrangedor o que passamos por aqui&#8221;, desabafou outra m\u00e3e que aguardava no P.S.<\/p>\n<p>Ap\u00f3s as reclama\u00e7\u00f5es da popula\u00e7\u00e3o, o secret\u00e1rio de Sa\u00fade de Franca, Lucas Souza foi at\u00e9 a unidade, ele disse que o n\u00famero de profissionais atuando no P.S. foi refor\u00e7ado, mas que a demanda mais que dobrou em quest\u00e3o de dias, saltando de 200 atendimentos di\u00e1rios, para uma m\u00e9dia de 450.<\/p>\n<p>&#8220;As atividades voltaram ao normal, as escolas, os cursos das crian\u00e7as, ent\u00e3o o contato a circula\u00e7\u00e3o, favorecem doen\u00e7as respirat\u00f3rias e por isso cresceu a busca por atendimento aqui. Tivemos uma grande dificuldade de encontrar profissionais para trabalhar no P.S. infantil, j\u00e1 que muitos intercalam o trabalho no setor p\u00fablico com o privado, mas j\u00e1 refor\u00e7amos a quantidade de enfermeiras e outros profissionais por aqui para dar celeridade ao atendimento&#8221;, explicou Lucas.<\/p>\n<p>Ap\u00f3s a chegada da assessoria e do secret\u00e1rio, a recep\u00e7\u00e3o come\u00e7ou a esvaziar, e eles informaram que a espera estava em torno de 30 a 40 minutos. Por\u00e9m, com a sa\u00edda do secret\u00e1rio o P.S. infantil passou a ficar lotado novamente, com muitas pessoas aguardando na recep\u00e7\u00e3o pelo atendimento. &#8220;O pronto socorro trabalha com uma demanda espont\u00e2nea, ent\u00e3o n\u00e3o tem como dimensionar o que vai vir. Mas a demora para o atendimento est\u00e1 menor&#8221;, afirmou.<\/p>\n<h4>Minist\u00e9rio P\u00fablico<\/h4>\n<p>Ap\u00f3s as reclama\u00e7\u00f5es constantes da popula\u00e7\u00e3o, o Minist\u00e9rio P\u00fablico de Franca questionou oficialmente a Prefeitura para explicar o que est\u00e1 acontecendo no local, al\u00e9m do que est\u00e1 sendo feito para mudar a situa\u00e7\u00e3o. &#8220;\u00c9 um procedimento normal, o M.P. est\u00e1 cumprindo o papel dele. N\u00f3s j\u00e1 fomos informados oficialmente sobre o questionamento e vamos mostrar atrav\u00e9s do nosso trabalho, o que est\u00e1 sendo feito para contornar a situa\u00e7\u00e3o&#8221;, finalizou Lucas Souza.<\/p>\n","protected":false},"excerpt":{"rendered":"<p>De acordo com a Prefeitura, de 200 atendimentos di\u00e1rios o P.S. infantil passou para 450, o que pode explicar o problema H\u00e1 dias quem precisa passar<span class=\"excerpt-hellip\"> [\u2026]<\/span><\/p>\n","protected":false},"author":7,"featured_media":21201,"comment_status":"open","ping_status":"open","sticky":false,"template":"","format":"standard","meta":{"_jetpack_memberships_contains_paid_content":false,"footnotes":"","jetpack_publicize_message":"","jetpack_publicize_feature_enabled":true,"jetpack_social_post_already_shared":false,"jetpack_social_options":{"image_generator_settings":{"template":"highway","default_image_id":0,"enabled":false},"version":2}},"categories":[28,81],"tags":[],"class_list":["post-21200","post","type-post","status-publish","format-standard","has-post-thumbnail","hentry","category-cotidiano","category-manchete"],"yoast_head":"<!-- This site is optimized with the Yoast SEO plugin v25.6 - https:\/\/yoast.com\/wordpress\/plugins\/seo\/ -->\n<title>Em mais um dia de caos, P.S. infantil registra demora em atendimento e reclama\u00e7\u00f5es - VerdadeOn<\/title>\n<meta name=\"robots\" content=\"index, follow, max-snippet:-1, max-image-preview:large, max-video-preview:-1\" \/>\n<link rel=\"canonical\" href=\"https:\/\/verdadeon.com.br\/portal\/2021\/11\/25\/em-mais-um-dia-de-caos-p-s-infantil-registra-demora-em-atendimento-e-reclamacoes\/\" \/>\n<meta property=\"og:locale\" content=\"pt_BR\" \/>\n<meta property=\"og:type\" content=\"article\" \/>\n<meta property=\"og:title\" content=\"Em mais um dia de caos, P.S. infantil registra demora em atendimento e reclama\u00e7\u00f5es - VerdadeOn\" \/>\n<meta property=\"og:description\" content=\"De acordo com a Prefeitura, de 200 atendimentos di\u00e1rios o P.S. infantil passou para 450, o que pode explicar o problema H\u00e1 dias quem precisa passar [\u2026]\" \/>\n<meta property=\"og:url\" content=\"https:\/\/verdadeon.com.br\/portal\/2021\/11\/25\/em-mais-um-dia-de-caos-p-s-infantil-registra-demora-em-atendimento-e-reclamacoes\/\" \/>\n<meta property=\"og:site_name\" content=\"VerdadeOn\" \/>\n<meta property=\"article:published_time\" content=\"2021-11-25T17:49:57+00:00\" \/>\n<meta property=\"og:image\" content=\"https:\/\/verdadeon.com.br\/portal\/wp-content\/uploads\/2021\/11\/WhatsApp-Image-2021-11-25-at-14.45.08-e1637862383440.jpeg\" \/>\n\t<meta property=\"og:image:width\" content=\"1000\" \/>\n\t<meta property=\"og:image:height\" content=\"672\" \/>\n\t<meta property=\"og:image:type\" content=\"image\/jpeg\" \/>\n<meta name=\"author\" content=\"Fernando Lima\" \/>\n<meta name=\"twitter:card\" content=\"summary_large_image\" \/>\n<meta name=\"twitter:label1\" content=\"Escrito por\" \/>\n\t<meta name=\"twitter:data1\" content=\"Fernando Lima\" \/>\n\t<meta name=\"twitter:label2\" content=\"Est. tempo de leitura\" \/>\n\t<meta name=\"twitter:data2\" content=\"2 minutos\" \/>\n<script type=\"application\/ld+json\" class=\"yoast-schema-graph\">{\"@context\":\"https:\/\/schema.org\",\"@graph\":[{\"@type\":\"WebPage\",\"@id\":\"https:\/\/verdadeon.com.br\/portal\/2021\/11\/25\/em-mais-um-dia-de-caos-p-s-infantil-registra-demora-em-atendimento-e-reclamacoes\/\",\"url\":\"https:\/\/verdadeon.com.br\/portal\/2021\/11\/25\/em-mais-um-dia-de-caos-p-s-infantil-registra-demora-em-atendimento-e-reclamacoes\/\",\"name\":\"Em mais um dia de caos, P.S. infantil registra demora em atendimento e reclama\u00e7\u00f5es - VerdadeOn\",\"isPartOf\":{\"@id\":\"https:\/\/verdadeon.com.br\/portal\/#website\"},\"primaryImageOfPage\":{\"@id\":\"https:\/\/verdadeon.com.br\/portal\/2021\/11\/25\/em-mais-um-dia-de-caos-p-s-infantil-registra-demora-em-atendimento-e-reclamacoes\/#primaryimage\"},\"image\":{\"@id\":\"https:\/\/verdadeon.com.br\/portal\/2021\/11\/25\/em-mais-um-dia-de-caos-p-s-infantil-registra-demora-em-atendimento-e-reclamacoes\/#primaryimage\"},\"thumbnailUrl\":\"https:\/\/i0.wp.com\/verdadeon.com.br\/portal\/wp-content\/uploads\/2021\/11\/WhatsApp-Image-2021-11-25-at-14.45.08-e1637862383440.jpeg?fit=1000%2C672&ssl=1\",\"datePublished\":\"2021-11-25T17:49:57+00:00\",\"author\":{\"@id\":\"https:\/\/verdadeon.com.br\/portal\/#\/schema\/person\/cc32be22b8e8599387c480bc83e1d11a\"},\"breadcrumb\":{\"@id\":\"https:\/\/verdadeon.com.br\/portal\/2021\/11\/25\/em-mais-um-dia-de-caos-p-s-infantil-registra-demora-em-atendimento-e-reclamacoes\/#breadcrumb\"},\"inLanguage\":\"pt-BR\",\"potentialAction\":[{\"@type\":\"ReadAction\",\"target\":[\"https:\/\/verdadeon.com.br\/portal\/2021\/11\/25\/em-mais-um-dia-de-caos-p-s-infantil-registra-demora-em-atendimento-e-reclamacoes\/\"]}]},{\"@type\":\"ImageObject\",\"inLanguage\":\"pt-BR\",\"@id\":\"https:\/\/verdadeon.com.br\/portal\/2021\/11\/25\/em-mais-um-dia-de-caos-p-s-infantil-registra-demora-em-atendimento-e-reclamacoes\/#primaryimage\",\"url\":\"https:\/\/i0.wp.com\/verdadeon.com.br\/portal\/wp-content\/uploads\/2021\/11\/WhatsApp-Image-2021-11-25-at-14.45.08-e1637862383440.jpeg?fit=1000%2C672&ssl=1\",\"contentUrl\":\"https:\/\/i0.wp.com\/verdadeon.com.br\/portal\/wp-content\/uploads\/2021\/11\/WhatsApp-Image-2021-11-25-at-14.45.08-e1637862383440.jpeg?fit=1000%2C672&ssl=1\",\"width\":1000,\"height\":672,\"caption\":\"Nesta quinta-feira muitas pessoas aguardavam do lado de fora, j\u00e1 que a recep\u00e7\u00e3o estava lotada. Prefeitura afirma que teve dificuldades para encontrar profissionais para atender a grande demanda | Foto: Fernando Lima\"},{\"@type\":\"BreadcrumbList\",\"@id\":\"https:\/\/verdadeon.com.br\/portal\/2021\/11\/25\/em-mais-um-dia-de-caos-p-s-infantil-registra-demora-em-atendimento-e-reclamacoes\/#breadcrumb\",\"itemListElement\":[{\"@type\":\"ListItem\",\"position\":1,\"name\":\"In\u00edcio\",\"item\":\"https:\/\/verdadeon.com.br\/portal\/\"},{\"@type\":\"ListItem\",\"position\":2,\"name\":\"Em mais um dia de caos, P.S. infantil registra demora em atendimento e reclama\u00e7\u00f5es\"}]},{\"@type\":\"WebSite\",\"@id\":\"https:\/\/verdadeon.com.br\/portal\/#website\",\"url\":\"https:\/\/verdadeon.com.br\/portal\/\",\"name\":\"VerdadeOn\",\"description\":\"Not\u00edcias di\u00e1rias sobre Franca, Regi\u00e3o, Esporte, Cultura, Cotidiano, Colunas. Cobertura nos principais eventos da cidade \u00e9 aqui - Verdadeon Franca\",\"potentialAction\":[{\"@type\":\"SearchAction\",\"target\":{\"@type\":\"EntryPoint\",\"urlTemplate\":\"https:\/\/verdadeon.com.br\/portal\/?s={search_term_string}\"},\"query-input\":{\"@type\":\"PropertyValueSpecification\",\"valueRequired\":true,\"valueName\":\"search_term_string\"}}],\"inLanguage\":\"pt-BR\"},{\"@type\":\"Person\",\"@id\":\"https:\/\/verdadeon.com.br\/portal\/#\/schema\/person\/cc32be22b8e8599387c480bc83e1d11a\",\"name\":\"Fernando Lima\",\"image\":{\"@type\":\"ImageObject\",\"inLanguage\":\"pt-BR\",\"@id\":\"https:\/\/verdadeon.com.br\/portal\/#\/schema\/person\/image\/\",\"url\":\"https:\/\/secure.gravatar.com\/avatar\/df4c8e132080d2b3a4841d5d232045464e0eed11a1d6e43115ca0843d48768d3?s=96&d=mm&r=g\",\"contentUrl\":\"https:\/\/secure.gravatar.com\/avatar\/df4c8e132080d2b3a4841d5d232045464e0eed11a1d6e43115ca0843d48768d3?s=96&d=mm&r=g\",\"caption\":\"Fernando Lima\"},\"sameAs\":[\"http:\/\/verdadeon.com.br\/\"],\"url\":\"https:\/\/verdadeon.com.br\/portal\/author\/fernando-lima\/\"}]}<\/script>\n<!-- \/ Yoast SEO plugin. -->","yoast_head_json":{"title":"Em mais um dia de caos, P.S. infantil registra demora em atendimento e reclama\u00e7\u00f5es - VerdadeOn","robots":{"index":"index","follow":"follow","max-snippet":"max-snippet:-1","max-image-preview":"max-image-preview:large","max-video-preview":"max-video-preview:-1"},"canonical":"https:\/\/verdadeon.com.br\/portal\/2021\/11\/25\/em-mais-um-dia-de-caos-p-s-infantil-registra-demora-em-atendimento-e-reclamacoes\/","og_locale":"pt_BR","og_type":"article","og_title":"Em mais um dia de caos, P.S. infantil registra demora em atendimento e reclama\u00e7\u00f5es - VerdadeOn","og_description":"De acordo com a Prefeitura, de 200 atendimentos di\u00e1rios o P.S. infantil passou para 450, o que pode explicar o problema H\u00e1 dias quem precisa passar [\u2026]","og_url":"https:\/\/verdadeon.com.br\/portal\/2021\/11\/25\/em-mais-um-dia-de-caos-p-s-infantil-registra-demora-em-atendimento-e-reclamacoes\/","og_site_name":"VerdadeOn","article_published_time":"2021-11-25T17:49:57+00:00","og_image":[{"width":1000,"height":672,"url":"https:\/\/verdadeon.com.br\/portal\/wp-content\/uploads\/2021\/11\/WhatsApp-Image-2021-11-25-at-14.45.08-e1637862383440.jpeg","type":"image\/jpeg"}],"author":"Fernando Lima","twitter_card":"summary_large_image","twitter_misc":{"Escrito por":"Fernando Lima","Est. tempo de leitura":"2 minutos"},"schema":{"@context":"https:\/\/schema.org","@graph":[{"@type":"WebPage","@id":"https:\/\/verdadeon.com.br\/portal\/2021\/11\/25\/em-mais-um-dia-de-caos-p-s-infantil-registra-demora-em-atendimento-e-reclamacoes\/","url":"https:\/\/verdadeon.com.br\/portal\/2021\/11\/25\/em-mais-um-dia-de-caos-p-s-infantil-registra-demora-em-atendimento-e-reclamacoes\/","name":"Em mais um dia de caos, P.S. infantil registra demora em atendimento e reclama\u00e7\u00f5es - VerdadeOn","isPartOf":{"@id":"https:\/\/verdadeon.com.br\/portal\/#website"},"primaryImageOfPage":{"@id":"https:\/\/verdadeon.com.br\/portal\/2021\/11\/25\/em-mais-um-dia-de-caos-p-s-infantil-registra-demora-em-atendimento-e-reclamacoes\/#primaryimage"},"image":{"@id":"https:\/\/verdadeon.com.br\/portal\/2021\/11\/25\/em-mais-um-dia-de-caos-p-s-infantil-registra-demora-em-atendimento-e-reclamacoes\/#primaryimage"},"thumbnailUrl":"https:\/\/i0.wp.com\/verdadeon.com.br\/portal\/wp-content\/uploads\/2021\/11\/WhatsApp-Image-2021-11-25-at-14.45.08-e1637862383440.jpeg?fit=1000%2C672&ssl=1","datePublished":"2021-11-25T17:49:57+00:00","author":{"@id":"https:\/\/verdadeon.com.br\/portal\/#\/schema\/person\/cc32be22b8e8599387c480bc83e1d11a"},"breadcrumb":{"@id":"https:\/\/verdadeon.com.br\/portal\/2021\/11\/25\/em-mais-um-dia-de-caos-p-s-infantil-registra-demora-em-atendimento-e-reclamacoes\/#breadcrumb"},"inLanguage":"pt-BR","potentialAction":[{"@type":"ReadAction","target":["https:\/\/verdadeon.com.br\/portal\/2021\/11\/25\/em-mais-um-dia-de-caos-p-s-infantil-registra-demora-em-atendimento-e-reclamacoes\/"]}]},{"@type":"ImageObject","inLanguage":"pt-BR","@id":"https:\/\/verdadeon.com.br\/portal\/2021\/11\/25\/em-mais-um-dia-de-caos-p-s-infantil-registra-demora-em-atendimento-e-reclamacoes\/#primaryimage","url":"https:\/\/i0.wp.com\/verdadeon.com.br\/portal\/wp-content\/uploads\/2021\/11\/WhatsApp-Image-2021-11-25-at-14.45.08-e1637862383440.jpeg?fit=1000%2C672&ssl=1","contentUrl":"https:\/\/i0.wp.com\/verdadeon.com.br\/portal\/wp-content\/uploads\/2021\/11\/WhatsApp-Image-2021-11-25-at-14.45.08-e1637862383440.jpeg?fit=1000%2C672&ssl=1","width":1000,"height":672,"caption":"Nesta quinta-feira muitas pessoas aguardavam do lado de fora, j\u00e1 que a recep\u00e7\u00e3o estava lotada. Prefeitura afirma que teve dificuldades para encontrar profissionais para atender a grande demanda | Foto: Fernando Lima"},{"@type":"BreadcrumbList","@id":"https:\/\/verdadeon.com.br\/portal\/2021\/11\/25\/em-mais-um-dia-de-caos-p-s-infantil-registra-demora-em-atendimento-e-reclamacoes\/#breadcrumb","itemListElement":[{"@type":"ListItem","position":1,"name":"In\u00edcio","item":"https:\/\/verdadeon.com.br\/portal\/"},{"@type":"ListItem","position":2,"name":"Em mais um dia de caos, P.S. infantil registra demora em atendimento e reclama\u00e7\u00f5es"}]},{"@type":"WebSite","@id":"https:\/\/verdadeon.com.br\/portal\/#website","url":"https:\/\/verdadeon.com.br\/portal\/","name":"VerdadeOn","description":"Not\u00edcias di\u00e1rias sobre Franca, Regi\u00e3o, Esporte, Cultura, Cotidiano, Colunas. Cobertura nos principais eventos da cidade \u00e9 aqui - Verdadeon Franca","potentialAction":[{"@type":"SearchAction","target":{"@type":"EntryPoint","urlTemplate":"https:\/\/verdadeon.com.br\/portal\/?s={search_term_string}"},"query-input":{"@type":"PropertyValueSpecification","valueRequired":true,"valueName":"search_term_string"}}],"inLanguage":"pt-BR"},{"@type":"Person","@id":"https:\/\/verdadeon.com.br\/portal\/#\/schema\/person\/cc32be22b8e8599387c480bc83e1d11a","name":"Fernando Lima","image":{"@type":"ImageObject","inLanguage":"pt-BR","@id":"https:\/\/verdadeon.com.br\/portal\/#\/schema\/person\/image\/","url":"https:\/\/secure.gravatar.com\/avatar\/df4c8e132080d2b3a4841d5d232045464e0eed11a1d6e43115ca0843d48768d3?s=96&d=mm&r=g","contentUrl":"https:\/\/secure.gravatar.com\/avatar\/df4c8e132080d2b3a4841d5d232045464e0eed11a1d6e43115ca0843d48768d3?s=96&d=mm&r=g","caption":"Fernando Lima"},"sameAs":["http:\/\/verdadeon.com.br\/"],"url":"https:\/\/verdadeon.com.br\/portal\/author\/fernando-lima\/"}]}},"jetpack_publicize_connections":[],"jetpack_featured_media_url":"https:\/\/i0.wp.com\/verdadeon.com.br\/portal\/wp-content\/uploads\/2021\/11\/WhatsApp-Image-2021-11-25-at-14.45.08-e1637862383440.jpeg?fit=1000%2C672&ssl=1","jetpack_sharing_enabled":true,"_links":{"self":[{"href":"https:\/\/verdadeon.com.br\/portal\/wp-json\/wp\/v2\/posts\/21200","targetHints":{"allow":["GET"]}}],"collection":[{"href":"https:\/\/verdadeon.com.br\/portal\/wp-json\/wp\/v2\/posts"}],"about":[{"href":"https:\/\/verdadeon.com.br\/portal\/wp-json\/wp\/v2\/types\/post"}],"author":[{"embeddable":true,"href":"https:\/\/verdadeon.com.br\/portal\/wp-json\/wp\/v2\/users\/7"}],"replies":[{"embeddable":true,"href":"https:\/\/verdadeon.com.br\/portal\/wp-json\/wp\/v2\/comments?post=21200"}],"version-history":[{"count":0,"href":"https:\/\/verdadeon.com.br\/portal\/wp-json\/wp\/v2\/posts\/21200\/revisions"}],"wp:featuredmedia":[{"embeddable":true,"href":"https:\/\/verdadeon.com.br\/portal\/wp-json\/wp\/v2\/media\/21201"}],"wp:attachment":[{"href":"https:\/\/verdadeon.com.br\/portal\/wp-json\/wp\/v2\/media?parent=21200"}],"wp:term":[{"taxonomy":"category","embeddable":true,"href":"https:\/\/verdadeon.com.br\/portal\/wp-json\/wp\/v2\/categories?post=21200"},{"taxonomy":"post_tag","embeddable":true,"href":"https:\/\/verdadeon.com.br\/portal\/wp-json\/wp\/v2\/tags?post=21200"}],"curies":[{"name":"wp","href":"https:\/\/api.w.org\/{rel}","templated":true}]}}