{"id":21180,"date":"2021-11-24T18:31:06","date_gmt":"2021-11-24T21:31:06","guid":{"rendered":"https:\/\/verdadeon.com.br\/portal\/?p=21180"},"modified":"2021-11-24T18:31:06","modified_gmt":"2021-11-24T21:31:06","slug":"homicidio-em-franca-muitas-perguntas-e-poucas-respostas","status":"publish","type":"post","link":"https:\/\/verdadeon.com.br\/portal\/2021\/11\/24\/homicidio-em-franca-muitas-perguntas-e-poucas-respostas\/","title":{"rendered":"Homic\u00eddio em Franca: muitas perguntas e poucas respostas"},"content":{"rendered":"<h2>Caso intriga principalmente pelo fato de que nenhum dos envolvidos s\u00e3o moradores de Franca<\/h2>\n<p>J\u00e1 est\u00e3o presos em S\u00e3o Paulo os dois policiais civis suspeitos do homic\u00eddio de Francisco Xavier, de 41 anos, que foi morto com dois disparos nas costas no S\u00e3o Luiz, na zona leste de Franca.<\/p>\n<p>Tudo teve in\u00edcio quando por volta da 00h40 desta quarta-feira (24), policiais militares que estavam em patrulhamento receberam a informa\u00e7\u00e3o de que um ve\u00edculo de luxo poderia estar envolvido em um homic\u00eddio registrado na Adhemar Pereira de Barros. O ve\u00edculo foi avistado pelos militares e acompanhado, quando recebeu ordem de parada obedeceu.<\/p>\n<p>Logo os civis j\u00e1 se identificaram como policiais, mas o que chamou a aten\u00e7\u00e3o dos militares foi a grande quantidade de dinheiro que estava no ve\u00edculo, cerca de R$ 10 mil. Al\u00e9m disso, foi descoberto que o carro pertencia a esposa da v\u00edtima, Francisco Xavier e era blindado.<\/p>\n<p>Na delegacia os civis deram in\u00edcio ao depoimento na madrugada, com a presen\u00e7a da Corregedoria da Pol\u00edcia Civil de Ribeir\u00e3o Preto que acompanhava de perto os detalhes.<\/p>\n<p>Um c\u00e3o farejador foi usado no ve\u00edculo para localizar um poss\u00edvel esconderijo de drogas, mas nada foi encontrado.<\/p>\n<p>Ap\u00f3s prestarem depoimento eles foram presos e levados para a sede da Corregedoria, em S\u00e3o Paulo, onde ficar\u00e3o presos.<\/p>\n<h4>Depoimento<\/h4>\n<p>A defesa dos suspeitos negou que eles tenham envolvimento com o assassinato de Francisco, mas n\u00e3o h\u00e1 explica\u00e7\u00e3o sobre o motivo deles estarem com o ve\u00edculo da esposa da v\u00edtima. Falta responder ainda o motivo de eles estarem em Franca, j\u00e1 que nenhum deles \u00e9 da cidade.<\/p>\n<p>O corpo do homem foi localizado na Adhemar de Barros na noite de ter\u00e7a-feira (23), com dois tiros nas costas e a v\u00edtima j\u00e1 sem vida. A suspeita \u00e9 a de que ele tenha sido baleado durante uma troca de tiros com os policiais. Ao lado do corpo dele estavam joias, al\u00e9m de v\u00e1rios cart\u00f5es e uma arma.<\/p>\n<p>O corpo de Francisco foi levado para o Instituto M\u00e9dico Legal (IML) de Franca, e ap\u00f3s liberado para familiares, ele ser\u00e1 enterrado em Guarulhos.<\/p>\n","protected":false},"excerpt":{"rendered":"<p>Caso intriga principalmente pelo fato de que nenhum dos envolvidos s\u00e3o moradores de Franca J\u00e1 est\u00e3o presos em S\u00e3o Paulo os dois policiais civis suspeitos do<span class=\"excerpt-hellip\"> [\u2026]<\/span><\/p>\n","protected":false},"author":7,"featured_media":15569,"comment_status":"open","ping_status":"open","sticky":false,"template":"","format":"standard","meta":{"_jetpack_memberships_contains_paid_content":false,"footnotes":"","jetpack_publicize_message":"","jetpack_publicize_feature_enabled":true,"jetpack_social_post_already_shared":false,"jetpack_social_options":{"image_generator_settings":{"template":"highway","default_image_id":0,"enabled":false},"version":2}},"categories":[28,81],"tags":[],"class_list":["post-21180","post","type-post","status-publish","format-standard","has-post-thumbnail","hentry","category-cotidiano","category-manchete"],"yoast_head":"<!-- This site is optimized with the Yoast SEO plugin v25.6 - https:\/\/yoast.com\/wordpress\/plugins\/seo\/ -->\n<title>Homic\u00eddio em Franca: muitas perguntas e poucas respostas - VerdadeOn<\/title>\n<meta name=\"robots\" content=\"index, follow, max-snippet:-1, max-image-preview:large, max-video-preview:-1\" \/>\n<link rel=\"canonical\" href=\"https:\/\/verdadeon.com.br\/portal\/2021\/11\/24\/homicidio-em-franca-muitas-perguntas-e-poucas-respostas\/\" \/>\n<meta property=\"og:locale\" content=\"pt_BR\" \/>\n<meta property=\"og:type\" content=\"article\" \/>\n<meta property=\"og:title\" content=\"Homic\u00eddio em Franca: muitas perguntas e poucas respostas - VerdadeOn\" \/>\n<meta property=\"og:description\" content=\"Caso intriga principalmente pelo fato de que nenhum dos envolvidos s\u00e3o moradores de Franca J\u00e1 est\u00e3o presos em S\u00e3o Paulo os dois policiais civis suspeitos do [\u2026]\" \/>\n<meta property=\"og:url\" content=\"https:\/\/verdadeon.com.br\/portal\/2021\/11\/24\/homicidio-em-franca-muitas-perguntas-e-poucas-respostas\/\" \/>\n<meta property=\"og:site_name\" content=\"VerdadeOn\" \/>\n<meta property=\"article:published_time\" content=\"2021-11-24T21:31:06+00:00\" \/>\n<meta property=\"og:image\" content=\"https:\/\/verdadeon.com.br\/portal\/wp-content\/uploads\/2021\/03\/WhatsApp-Image-2021-03-25-at-14.54.22.jpeg\" \/>\n\t<meta property=\"og:image:width\" content=\"1000\" \/>\n\t<meta property=\"og:image:height\" content=\"670\" \/>\n\t<meta property=\"og:image:type\" content=\"image\/jpeg\" \/>\n<meta name=\"author\" content=\"Fernando Lima\" \/>\n<meta name=\"twitter:card\" content=\"summary_large_image\" \/>\n<meta name=\"twitter:label1\" content=\"Escrito por\" \/>\n\t<meta name=\"twitter:data1\" content=\"Fernando Lima\" \/>\n\t<meta name=\"twitter:label2\" content=\"Est. tempo de leitura\" \/>\n\t<meta name=\"twitter:data2\" content=\"2 minutos\" \/>\n<script type=\"application\/ld+json\" class=\"yoast-schema-graph\">{\"@context\":\"https:\/\/schema.org\",\"@graph\":[{\"@type\":\"WebPage\",\"@id\":\"https:\/\/verdadeon.com.br\/portal\/2021\/11\/24\/homicidio-em-franca-muitas-perguntas-e-poucas-respostas\/\",\"url\":\"https:\/\/verdadeon.com.br\/portal\/2021\/11\/24\/homicidio-em-franca-muitas-perguntas-e-poucas-respostas\/\",\"name\":\"Homic\u00eddio em Franca: muitas perguntas e poucas respostas - VerdadeOn\",\"isPartOf\":{\"@id\":\"https:\/\/verdadeon.com.br\/portal\/#website\"},\"primaryImageOfPage\":{\"@id\":\"https:\/\/verdadeon.com.br\/portal\/2021\/11\/24\/homicidio-em-franca-muitas-perguntas-e-poucas-respostas\/#primaryimage\"},\"image\":{\"@id\":\"https:\/\/verdadeon.com.br\/portal\/2021\/11\/24\/homicidio-em-franca-muitas-perguntas-e-poucas-respostas\/#primaryimage\"},\"thumbnailUrl\":\"https:\/\/i0.wp.com\/verdadeon.com.br\/portal\/wp-content\/uploads\/2021\/03\/WhatsApp-Image-2021-03-25-at-14.54.22.jpeg?fit=1000%2C670&ssl=1\",\"datePublished\":\"2021-11-24T21:31:06+00:00\",\"author\":{\"@id\":\"https:\/\/verdadeon.com.br\/portal\/#\/schema\/person\/cc32be22b8e8599387c480bc83e1d11a\"},\"breadcrumb\":{\"@id\":\"https:\/\/verdadeon.com.br\/portal\/2021\/11\/24\/homicidio-em-franca-muitas-perguntas-e-poucas-respostas\/#breadcrumb\"},\"inLanguage\":\"pt-BR\",\"potentialAction\":[{\"@type\":\"ReadAction\",\"target\":[\"https:\/\/verdadeon.com.br\/portal\/2021\/11\/24\/homicidio-em-franca-muitas-perguntas-e-poucas-respostas\/\"]}]},{\"@type\":\"ImageObject\",\"inLanguage\":\"pt-BR\",\"@id\":\"https:\/\/verdadeon.com.br\/portal\/2021\/11\/24\/homicidio-em-franca-muitas-perguntas-e-poucas-respostas\/#primaryimage\",\"url\":\"https:\/\/i0.wp.com\/verdadeon.com.br\/portal\/wp-content\/uploads\/2021\/03\/WhatsApp-Image-2021-03-25-at-14.54.22.jpeg?fit=1000%2C670&ssl=1\",\"contentUrl\":\"https:\/\/i0.wp.com\/verdadeon.com.br\/portal\/wp-content\/uploads\/2021\/03\/WhatsApp-Image-2021-03-25-at-14.54.22.jpeg?fit=1000%2C670&ssl=1\",\"width\":1000,\"height\":670,\"caption\":\"Caso foi registrado na Pol\u00edcia Civil, que investiga o crime | Foto: Jornal Verdade\"},{\"@type\":\"BreadcrumbList\",\"@id\":\"https:\/\/verdadeon.com.br\/portal\/2021\/11\/24\/homicidio-em-franca-muitas-perguntas-e-poucas-respostas\/#breadcrumb\",\"itemListElement\":[{\"@type\":\"ListItem\",\"position\":1,\"name\":\"In\u00edcio\",\"item\":\"https:\/\/verdadeon.com.br\/portal\/\"},{\"@type\":\"ListItem\",\"position\":2,\"name\":\"Homic\u00eddio em Franca: muitas perguntas e poucas respostas\"}]},{\"@type\":\"WebSite\",\"@id\":\"https:\/\/verdadeon.com.br\/portal\/#website\",\"url\":\"https:\/\/verdadeon.com.br\/portal\/\",\"name\":\"VerdadeOn\",\"description\":\"Not\u00edcias di\u00e1rias sobre Franca, Regi\u00e3o, Esporte, Cultura, Cotidiano, Colunas. Cobertura nos principais eventos da cidade \u00e9 aqui - Verdadeon Franca\",\"potentialAction\":[{\"@type\":\"SearchAction\",\"target\":{\"@type\":\"EntryPoint\",\"urlTemplate\":\"https:\/\/verdadeon.com.br\/portal\/?s={search_term_string}\"},\"query-input\":{\"@type\":\"PropertyValueSpecification\",\"valueRequired\":true,\"valueName\":\"search_term_string\"}}],\"inLanguage\":\"pt-BR\"},{\"@type\":\"Person\",\"@id\":\"https:\/\/verdadeon.com.br\/portal\/#\/schema\/person\/cc32be22b8e8599387c480bc83e1d11a\",\"name\":\"Fernando Lima\",\"image\":{\"@type\":\"ImageObject\",\"inLanguage\":\"pt-BR\",\"@id\":\"https:\/\/verdadeon.com.br\/portal\/#\/schema\/person\/image\/\",\"url\":\"https:\/\/secure.gravatar.com\/avatar\/df4c8e132080d2b3a4841d5d232045464e0eed11a1d6e43115ca0843d48768d3?s=96&d=mm&r=g\",\"contentUrl\":\"https:\/\/secure.gravatar.com\/avatar\/df4c8e132080d2b3a4841d5d232045464e0eed11a1d6e43115ca0843d48768d3?s=96&d=mm&r=g\",\"caption\":\"Fernando Lima\"},\"sameAs\":[\"http:\/\/verdadeon.com.br\/\"],\"url\":\"https:\/\/verdadeon.com.br\/portal\/author\/fernando-lima\/\"}]}<\/script>\n<!-- \/ Yoast SEO plugin. -->","yoast_head_json":{"title":"Homic\u00eddio em Franca: muitas perguntas e poucas respostas - VerdadeOn","robots":{"index":"index","follow":"follow","max-snippet":"max-snippet:-1","max-image-preview":"max-image-preview:large","max-video-preview":"max-video-preview:-1"},"canonical":"https:\/\/verdadeon.com.br\/portal\/2021\/11\/24\/homicidio-em-franca-muitas-perguntas-e-poucas-respostas\/","og_locale":"pt_BR","og_type":"article","og_title":"Homic\u00eddio em Franca: muitas perguntas e poucas respostas - VerdadeOn","og_description":"Caso intriga principalmente pelo fato de que nenhum dos envolvidos s\u00e3o moradores de Franca J\u00e1 est\u00e3o presos em S\u00e3o Paulo os dois policiais civis suspeitos do [\u2026]","og_url":"https:\/\/verdadeon.com.br\/portal\/2021\/11\/24\/homicidio-em-franca-muitas-perguntas-e-poucas-respostas\/","og_site_name":"VerdadeOn","article_published_time":"2021-11-24T21:31:06+00:00","og_image":[{"width":1000,"height":670,"url":"https:\/\/verdadeon.com.br\/portal\/wp-content\/uploads\/2021\/03\/WhatsApp-Image-2021-03-25-at-14.54.22.jpeg","type":"image\/jpeg"}],"author":"Fernando Lima","twitter_card":"summary_large_image","twitter_misc":{"Escrito por":"Fernando Lima","Est. tempo de leitura":"2 minutos"},"schema":{"@context":"https:\/\/schema.org","@graph":[{"@type":"WebPage","@id":"https:\/\/verdadeon.com.br\/portal\/2021\/11\/24\/homicidio-em-franca-muitas-perguntas-e-poucas-respostas\/","url":"https:\/\/verdadeon.com.br\/portal\/2021\/11\/24\/homicidio-em-franca-muitas-perguntas-e-poucas-respostas\/","name":"Homic\u00eddio em Franca: muitas perguntas e poucas respostas - VerdadeOn","isPartOf":{"@id":"https:\/\/verdadeon.com.br\/portal\/#website"},"primaryImageOfPage":{"@id":"https:\/\/verdadeon.com.br\/portal\/2021\/11\/24\/homicidio-em-franca-muitas-perguntas-e-poucas-respostas\/#primaryimage"},"image":{"@id":"https:\/\/verdadeon.com.br\/portal\/2021\/11\/24\/homicidio-em-franca-muitas-perguntas-e-poucas-respostas\/#primaryimage"},"thumbnailUrl":"https:\/\/i0.wp.com\/verdadeon.com.br\/portal\/wp-content\/uploads\/2021\/03\/WhatsApp-Image-2021-03-25-at-14.54.22.jpeg?fit=1000%2C670&ssl=1","datePublished":"2021-11-24T21:31:06+00:00","author":{"@id":"https:\/\/verdadeon.com.br\/portal\/#\/schema\/person\/cc32be22b8e8599387c480bc83e1d11a"},"breadcrumb":{"@id":"https:\/\/verdadeon.com.br\/portal\/2021\/11\/24\/homicidio-em-franca-muitas-perguntas-e-poucas-respostas\/#breadcrumb"},"inLanguage":"pt-BR","potentialAction":[{"@type":"ReadAction","target":["https:\/\/verdadeon.com.br\/portal\/2021\/11\/24\/homicidio-em-franca-muitas-perguntas-e-poucas-respostas\/"]}]},{"@type":"ImageObject","inLanguage":"pt-BR","@id":"https:\/\/verdadeon.com.br\/portal\/2021\/11\/24\/homicidio-em-franca-muitas-perguntas-e-poucas-respostas\/#primaryimage","url":"https:\/\/i0.wp.com\/verdadeon.com.br\/portal\/wp-content\/uploads\/2021\/03\/WhatsApp-Image-2021-03-25-at-14.54.22.jpeg?fit=1000%2C670&ssl=1","contentUrl":"https:\/\/i0.wp.com\/verdadeon.com.br\/portal\/wp-content\/uploads\/2021\/03\/WhatsApp-Image-2021-03-25-at-14.54.22.jpeg?fit=1000%2C670&ssl=1","width":1000,"height":670,"caption":"Caso foi registrado na Pol\u00edcia Civil, que investiga o crime | Foto: Jornal Verdade"},{"@type":"BreadcrumbList","@id":"https:\/\/verdadeon.com.br\/portal\/2021\/11\/24\/homicidio-em-franca-muitas-perguntas-e-poucas-respostas\/#breadcrumb","itemListElement":[{"@type":"ListItem","position":1,"name":"In\u00edcio","item":"https:\/\/verdadeon.com.br\/portal\/"},{"@type":"ListItem","position":2,"name":"Homic\u00eddio em Franca: muitas perguntas e poucas respostas"}]},{"@type":"WebSite","@id":"https:\/\/verdadeon.com.br\/portal\/#website","url":"https:\/\/verdadeon.com.br\/portal\/","name":"VerdadeOn","description":"Not\u00edcias di\u00e1rias sobre Franca, Regi\u00e3o, Esporte, Cultura, Cotidiano, Colunas. Cobertura nos principais eventos da cidade \u00e9 aqui - Verdadeon Franca","potentialAction":[{"@type":"SearchAction","target":{"@type":"EntryPoint","urlTemplate":"https:\/\/verdadeon.com.br\/portal\/?s={search_term_string}"},"query-input":{"@type":"PropertyValueSpecification","valueRequired":true,"valueName":"search_term_string"}}],"inLanguage":"pt-BR"},{"@type":"Person","@id":"https:\/\/verdadeon.com.br\/portal\/#\/schema\/person\/cc32be22b8e8599387c480bc83e1d11a","name":"Fernando Lima","image":{"@type":"ImageObject","inLanguage":"pt-BR","@id":"https:\/\/verdadeon.com.br\/portal\/#\/schema\/person\/image\/","url":"https:\/\/secure.gravatar.com\/avatar\/df4c8e132080d2b3a4841d5d232045464e0eed11a1d6e43115ca0843d48768d3?s=96&d=mm&r=g","contentUrl":"https:\/\/secure.gravatar.com\/avatar\/df4c8e132080d2b3a4841d5d232045464e0eed11a1d6e43115ca0843d48768d3?s=96&d=mm&r=g","caption":"Fernando Lima"},"sameAs":["http:\/\/verdadeon.com.br\/"],"url":"https:\/\/verdadeon.com.br\/portal\/author\/fernando-lima\/"}]}},"jetpack_publicize_connections":[],"jetpack_featured_media_url":"https:\/\/i0.wp.com\/verdadeon.com.br\/portal\/wp-content\/uploads\/2021\/03\/WhatsApp-Image-2021-03-25-at-14.54.22.jpeg?fit=1000%2C670&ssl=1","jetpack_sharing_enabled":true,"_links":{"self":[{"href":"https:\/\/verdadeon.com.br\/portal\/wp-json\/wp\/v2\/posts\/21180","targetHints":{"allow":["GET"]}}],"collection":[{"href":"https:\/\/verdadeon.com.br\/portal\/wp-json\/wp\/v2\/posts"}],"about":[{"href":"https:\/\/verdadeon.com.br\/portal\/wp-json\/wp\/v2\/types\/post"}],"author":[{"embeddable":true,"href":"https:\/\/verdadeon.com.br\/portal\/wp-json\/wp\/v2\/users\/7"}],"replies":[{"embeddable":true,"href":"https:\/\/verdadeon.com.br\/portal\/wp-json\/wp\/v2\/comments?post=21180"}],"version-history":[{"count":0,"href":"https:\/\/verdadeon.com.br\/portal\/wp-json\/wp\/v2\/posts\/21180\/revisions"}],"wp:featuredmedia":[{"embeddable":true,"href":"https:\/\/verdadeon.com.br\/portal\/wp-json\/wp\/v2\/media\/15569"}],"wp:attachment":[{"href":"https:\/\/verdadeon.com.br\/portal\/wp-json\/wp\/v2\/media?parent=21180"}],"wp:term":[{"taxonomy":"category","embeddable":true,"href":"https:\/\/verdadeon.com.br\/portal\/wp-json\/wp\/v2\/categories?post=21180"},{"taxonomy":"post_tag","embeddable":true,"href":"https:\/\/verdadeon.com.br\/portal\/wp-json\/wp\/v2\/tags?post=21180"}],"curies":[{"name":"wp","href":"https:\/\/api.w.org\/{rel}","templated":true}]}}