{"id":21176,"date":"2021-11-24T17:56:07","date_gmt":"2021-11-24T20:56:07","guid":{"rendered":"https:\/\/verdadeon.com.br\/portal\/?p=21176"},"modified":"2021-11-24T17:56:07","modified_gmt":"2021-11-24T20:56:07","slug":"oab-realiza-eleicoes-nesta-quinta-feira-2700-advogados-devem-votar-em-franca","status":"publish","type":"post","link":"https:\/\/verdadeon.com.br\/portal\/2021\/11\/24\/oab-realiza-eleicoes-nesta-quinta-feira-2700-advogados-devem-votar-em-franca\/","title":{"rendered":"OAB realiza elei\u00e7\u00f5es nesta quinta-feira, 2700 advogados devem votar em Franca"},"content":{"rendered":"<h2>Na cidade a Chapa 1 comandada pelo advogado Acir Matos,\u00a0 n\u00e3o enfrenta concorr\u00eancia<\/h2>\n<p>Fernando Lima<\/p>\n<p>Nesta quinta-feira (25),\u00a0 a Ordem dos Advogados do Brasil (OAB), realiza elei\u00e7\u00f5es para definir as novas diretorias, a n\u00edvel municipal, estadual e federal. A vota\u00e7\u00e3o vai acontecer das 9h \u00e0s 17h, na Faculdade de Direito de Franca (FDF), isso porque o pr\u00e9dio da OAB est\u00e1 em reforma. Em Franca a chapa comandada pelo advogado Acir Matos, que \u00e9 atualmente o vice-presidente, n\u00e3o enfrenta concorr\u00eancia, o que n\u00e3o significa que os advogados n\u00e3o precisam votar.<\/p>\n<p>&#8220;N\u00f3s temos em Franca 2.700 advogados inscritos, a vota\u00e7\u00e3o vai ser feita em seis sess\u00f5es eleitorais, a gente espera que a maioria esteja presente pra votar. Quem n\u00e3o votar tem que justificar atrav\u00e9s de um link disponibilizado no site da OAB S\u00e3o Paulo. N\u00f3s temos uma chapa \u00fanica para Franca, uma perpetua\u00e7\u00e3o da diretoria, j\u00e1 que a maioria dos membros da diretoria antiga continuam no novo tri\u00eanio, mas na Seccional S\u00e3o Paulo n\u00f3s temos cinco chapas concorrendo, por isso a import\u00e2ncia do voto. Todos devem comparecer para votar pensando na Seccional de S\u00e3o Paulo&#8221;, explicou a advogada Fab\u00edola Elidia Gomes Vital, que foi nomeada Presidente da Subcomiss\u00e3o Eleitoral da OAB Franca.<\/p>\n<p>A advogada destacou ainda que votar na chapa significa concord\u00e2ncia com ela, mas o eleitor ainda poder\u00e1 optar pelo voto em branco ou nulo.<\/p>\n<p>De acordo com a presidente embora seja uma \u00fanica chapa, o trabalho \u00e9 o mesmo, principalmente pelo fato de que a vota\u00e7\u00e3o n\u00e3o vai acontecer no pr\u00e9dio da OAB, j\u00e1 que ele est\u00e1 sendo reformado. &#8220;Est\u00e1 sendo especialmente trabalhosa, a nossa expectativa \u00e9 a de que nosso trabalho tenha excelentes frutos, que essa elei\u00e7\u00e3o transcorra com o m\u00e1ximo de tranquilidade e celeridade poss\u00edvel, \u00e9 isso que buscamos na organiza\u00e7\u00e3o desse pleito, que seja tranquila e c\u00e9lere, realmente \u00e9 um desafio fazer essa elei\u00e7\u00e3o fora da casa do advogado. Gentilmente a Faculdade de Direito de Franca cedeu o espa\u00e7o, o que facilitou um pouco a nossa vida por ser pr\u00f3ximo da OAB&#8221;, explicou.<\/p>\n<h4>Imparcialidade<\/h4>\n<p>A advogada Fab\u00edola Gomes afirmou ainda que o Cart\u00f3rio Eleitoral est\u00e1 dando todo o suporte poss\u00edvel, e que a elei\u00e7\u00e3o \u00e9 especialmente organizada pelos funcion\u00e1rios da casa da OAB, com uma subcomiss\u00e3o eleitoral nomeada para isso. &#8220;\u00c9 uma subcomiss\u00e3o imparcial e independente da diretoria. A organiza\u00e7\u00e3o das elei\u00e7\u00f5es n\u00e3o tem nada a ver com a diretoria anterior e nem com a pr\u00f3xima que vai entrar&#8221;, destacou.<\/p>\n<p>A apura\u00e7\u00e3o \u00e9 feita de forma eletr\u00f4nica logo ap\u00f3s o encerramento \u00e0s 17h.<\/p>\n<h4>Expectativa<\/h4>\n<p>O atual vice-presidente da OAB de Franca e \u00fanico candidato \u00e0 presid\u00eancia, o advogado Acir Matos, afirmou ao Jornal Verdade que a expectativa \u00e9 muito grande para a vota\u00e7\u00e3o desta quinta-feira. &#8220;\u00c9 um momento de muita uni\u00e3o da classe e de pensar coletivamente. O fato de n\u00e3o ter oposi\u00e7\u00e3o, estamos acreditando que \u00e9 isso de conseguir essa composi\u00e7\u00e3o da chapa agora, contemplar uma grande parte dos advogados e advogadas de Franca. \u00c9 um momento de rever os advogados, por causa da pandemia muitos estavam fora do ambiente forense, ent\u00e3o vai ser uma oportunidade de rever os colegas, isso \u00e9 muito bom e uma oportunidade de conversar. Mesmo sendo chapa \u00fanica, n\u00f3s estamos fazendo tudo como se tivesse oposi\u00e7\u00e3o. Estamos visitando escrit\u00f3rios, conversando com advogados. Para n\u00f3s n\u00e3o mudou nada no sentido de buscar os interesses da advocacia, pelo contr\u00e1rio, aumentou ainda mais a responsabilidade&#8221;, finalizou.<\/p>\n","protected":false},"excerpt":{"rendered":"<p>Na cidade a Chapa 1 comandada pelo advogado Acir Matos,\u00a0 n\u00e3o enfrenta concorr\u00eancia Fernando Lima Nesta quinta-feira (25),\u00a0 a Ordem dos Advogados do Brasil (OAB), realiza<span class=\"excerpt-hellip\"> [\u2026]<\/span><\/p>\n","protected":false},"author":7,"featured_media":21178,"comment_status":"open","ping_status":"open","sticky":false,"template":"","format":"standard","meta":{"_jetpack_memberships_contains_paid_content":false,"footnotes":"","jetpack_publicize_message":"","jetpack_publicize_feature_enabled":true,"jetpack_social_post_already_shared":false,"jetpack_social_options":{"image_generator_settings":{"template":"highway","default_image_id":0,"enabled":false},"version":2}},"categories":[28,81],"tags":[],"class_list":["post-21176","post","type-post","status-publish","format-standard","has-post-thumbnail","hentry","category-cotidiano","category-manchete"],"yoast_head":"<!-- This site is optimized with the Yoast SEO plugin v25.6 - https:\/\/yoast.com\/wordpress\/plugins\/seo\/ -->\n<title>OAB realiza elei\u00e7\u00f5es nesta quinta-feira, 2700 advogados devem votar em Franca - VerdadeOn<\/title>\n<meta name=\"robots\" content=\"index, follow, max-snippet:-1, max-image-preview:large, max-video-preview:-1\" \/>\n<link rel=\"canonical\" href=\"https:\/\/verdadeon.com.br\/portal\/2021\/11\/24\/oab-realiza-eleicoes-nesta-quinta-feira-2700-advogados-devem-votar-em-franca\/\" \/>\n<meta property=\"og:locale\" content=\"pt_BR\" \/>\n<meta property=\"og:type\" content=\"article\" \/>\n<meta property=\"og:title\" content=\"OAB realiza elei\u00e7\u00f5es nesta quinta-feira, 2700 advogados devem votar em Franca - VerdadeOn\" \/>\n<meta property=\"og:description\" content=\"Na cidade a Chapa 1 comandada pelo advogado Acir Matos,\u00a0 n\u00e3o enfrenta concorr\u00eancia Fernando Lima Nesta quinta-feira (25),\u00a0 a Ordem dos Advogados do Brasil (OAB), realiza [\u2026]\" \/>\n<meta property=\"og:url\" content=\"https:\/\/verdadeon.com.br\/portal\/2021\/11\/24\/oab-realiza-eleicoes-nesta-quinta-feira-2700-advogados-devem-votar-em-franca\/\" \/>\n<meta property=\"og:site_name\" content=\"VerdadeOn\" \/>\n<meta property=\"article:published_time\" content=\"2021-11-24T20:56:07+00:00\" \/>\n<meta property=\"og:image\" content=\"https:\/\/verdadeon.com.br\/portal\/wp-content\/uploads\/2021\/11\/CHAPA-1.jpg\" \/>\n\t<meta property=\"og:image:width\" content=\"1440\" \/>\n\t<meta property=\"og:image:height\" content=\"1440\" \/>\n\t<meta property=\"og:image:type\" content=\"image\/jpeg\" \/>\n<meta name=\"author\" content=\"Fernando Lima\" \/>\n<meta name=\"twitter:card\" content=\"summary_large_image\" \/>\n<meta name=\"twitter:label1\" content=\"Escrito por\" \/>\n\t<meta name=\"twitter:data1\" content=\"Fernando Lima\" \/>\n\t<meta name=\"twitter:label2\" content=\"Est. tempo de leitura\" \/>\n\t<meta name=\"twitter:data2\" content=\"3 minutos\" \/>\n<script type=\"application\/ld+json\" class=\"yoast-schema-graph\">{\"@context\":\"https:\/\/schema.org\",\"@graph\":[{\"@type\":\"WebPage\",\"@id\":\"https:\/\/verdadeon.com.br\/portal\/2021\/11\/24\/oab-realiza-eleicoes-nesta-quinta-feira-2700-advogados-devem-votar-em-franca\/\",\"url\":\"https:\/\/verdadeon.com.br\/portal\/2021\/11\/24\/oab-realiza-eleicoes-nesta-quinta-feira-2700-advogados-devem-votar-em-franca\/\",\"name\":\"OAB realiza elei\u00e7\u00f5es nesta quinta-feira, 2700 advogados devem votar em Franca - VerdadeOn\",\"isPartOf\":{\"@id\":\"https:\/\/verdadeon.com.br\/portal\/#website\"},\"primaryImageOfPage\":{\"@id\":\"https:\/\/verdadeon.com.br\/portal\/2021\/11\/24\/oab-realiza-eleicoes-nesta-quinta-feira-2700-advogados-devem-votar-em-franca\/#primaryimage\"},\"image\":{\"@id\":\"https:\/\/verdadeon.com.br\/portal\/2021\/11\/24\/oab-realiza-eleicoes-nesta-quinta-feira-2700-advogados-devem-votar-em-franca\/#primaryimage\"},\"thumbnailUrl\":\"https:\/\/i0.wp.com\/verdadeon.com.br\/portal\/wp-content\/uploads\/2021\/11\/CHAPA-1.jpg?fit=1440%2C1440&ssl=1\",\"datePublished\":\"2021-11-24T20:56:07+00:00\",\"author\":{\"@id\":\"https:\/\/verdadeon.com.br\/portal\/#\/schema\/person\/cc32be22b8e8599387c480bc83e1d11a\"},\"breadcrumb\":{\"@id\":\"https:\/\/verdadeon.com.br\/portal\/2021\/11\/24\/oab-realiza-eleicoes-nesta-quinta-feira-2700-advogados-devem-votar-em-franca\/#breadcrumb\"},\"inLanguage\":\"pt-BR\",\"potentialAction\":[{\"@type\":\"ReadAction\",\"target\":[\"https:\/\/verdadeon.com.br\/portal\/2021\/11\/24\/oab-realiza-eleicoes-nesta-quinta-feira-2700-advogados-devem-votar-em-franca\/\"]}]},{\"@type\":\"ImageObject\",\"inLanguage\":\"pt-BR\",\"@id\":\"https:\/\/verdadeon.com.br\/portal\/2021\/11\/24\/oab-realiza-eleicoes-nesta-quinta-feira-2700-advogados-devem-votar-em-franca\/#primaryimage\",\"url\":\"https:\/\/i0.wp.com\/verdadeon.com.br\/portal\/wp-content\/uploads\/2021\/11\/CHAPA-1.jpg?fit=1440%2C1440&ssl=1\",\"contentUrl\":\"https:\/\/i0.wp.com\/verdadeon.com.br\/portal\/wp-content\/uploads\/2021\/11\/CHAPA-1.jpg?fit=1440%2C1440&ssl=1\",\"width\":1440,\"height\":1440,\"caption\":\"Chapa 1 n\u00e3o enfrenta oposi\u00e7\u00e3o, e vai ocupar a diretoria da OAB de Franca no pr\u00f3ximo tri\u00eanio | Foto: Divulga\u00e7\u00e3o\"},{\"@type\":\"BreadcrumbList\",\"@id\":\"https:\/\/verdadeon.com.br\/portal\/2021\/11\/24\/oab-realiza-eleicoes-nesta-quinta-feira-2700-advogados-devem-votar-em-franca\/#breadcrumb\",\"itemListElement\":[{\"@type\":\"ListItem\",\"position\":1,\"name\":\"In\u00edcio\",\"item\":\"https:\/\/verdadeon.com.br\/portal\/\"},{\"@type\":\"ListItem\",\"position\":2,\"name\":\"OAB realiza elei\u00e7\u00f5es nesta quinta-feira, 2700 advogados devem votar em Franca\"}]},{\"@type\":\"WebSite\",\"@id\":\"https:\/\/verdadeon.com.br\/portal\/#website\",\"url\":\"https:\/\/verdadeon.com.br\/portal\/\",\"name\":\"VerdadeOn\",\"description\":\"Not\u00edcias di\u00e1rias sobre Franca, Regi\u00e3o, Esporte, Cultura, Cotidiano, Colunas. Cobertura nos principais eventos da cidade \u00e9 aqui - Verdadeon Franca\",\"potentialAction\":[{\"@type\":\"SearchAction\",\"target\":{\"@type\":\"EntryPoint\",\"urlTemplate\":\"https:\/\/verdadeon.com.br\/portal\/?s={search_term_string}\"},\"query-input\":{\"@type\":\"PropertyValueSpecification\",\"valueRequired\":true,\"valueName\":\"search_term_string\"}}],\"inLanguage\":\"pt-BR\"},{\"@type\":\"Person\",\"@id\":\"https:\/\/verdadeon.com.br\/portal\/#\/schema\/person\/cc32be22b8e8599387c480bc83e1d11a\",\"name\":\"Fernando Lima\",\"image\":{\"@type\":\"ImageObject\",\"inLanguage\":\"pt-BR\",\"@id\":\"https:\/\/verdadeon.com.br\/portal\/#\/schema\/person\/image\/\",\"url\":\"https:\/\/secure.gravatar.com\/avatar\/df4c8e132080d2b3a4841d5d232045464e0eed11a1d6e43115ca0843d48768d3?s=96&d=mm&r=g\",\"contentUrl\":\"https:\/\/secure.gravatar.com\/avatar\/df4c8e132080d2b3a4841d5d232045464e0eed11a1d6e43115ca0843d48768d3?s=96&d=mm&r=g\",\"caption\":\"Fernando Lima\"},\"sameAs\":[\"http:\/\/verdadeon.com.br\/\"],\"url\":\"https:\/\/verdadeon.com.br\/portal\/author\/fernando-lima\/\"}]}<\/script>\n<!-- \/ Yoast SEO plugin. -->","yoast_head_json":{"title":"OAB realiza elei\u00e7\u00f5es nesta quinta-feira, 2700 advogados devem votar em Franca - VerdadeOn","robots":{"index":"index","follow":"follow","max-snippet":"max-snippet:-1","max-image-preview":"max-image-preview:large","max-video-preview":"max-video-preview:-1"},"canonical":"https:\/\/verdadeon.com.br\/portal\/2021\/11\/24\/oab-realiza-eleicoes-nesta-quinta-feira-2700-advogados-devem-votar-em-franca\/","og_locale":"pt_BR","og_type":"article","og_title":"OAB realiza elei\u00e7\u00f5es nesta quinta-feira, 2700 advogados devem votar em Franca - VerdadeOn","og_description":"Na cidade a Chapa 1 comandada pelo advogado Acir Matos,\u00a0 n\u00e3o enfrenta concorr\u00eancia Fernando Lima Nesta quinta-feira (25),\u00a0 a Ordem dos Advogados do Brasil (OAB), realiza [\u2026]","og_url":"https:\/\/verdadeon.com.br\/portal\/2021\/11\/24\/oab-realiza-eleicoes-nesta-quinta-feira-2700-advogados-devem-votar-em-franca\/","og_site_name":"VerdadeOn","article_published_time":"2021-11-24T20:56:07+00:00","og_image":[{"width":1440,"height":1440,"url":"https:\/\/verdadeon.com.br\/portal\/wp-content\/uploads\/2021\/11\/CHAPA-1.jpg","type":"image\/jpeg"}],"author":"Fernando Lima","twitter_card":"summary_large_image","twitter_misc":{"Escrito por":"Fernando Lima","Est. tempo de leitura":"3 minutos"},"schema":{"@context":"https:\/\/schema.org","@graph":[{"@type":"WebPage","@id":"https:\/\/verdadeon.com.br\/portal\/2021\/11\/24\/oab-realiza-eleicoes-nesta-quinta-feira-2700-advogados-devem-votar-em-franca\/","url":"https:\/\/verdadeon.com.br\/portal\/2021\/11\/24\/oab-realiza-eleicoes-nesta-quinta-feira-2700-advogados-devem-votar-em-franca\/","name":"OAB realiza elei\u00e7\u00f5es nesta quinta-feira, 2700 advogados devem votar em Franca - VerdadeOn","isPartOf":{"@id":"https:\/\/verdadeon.com.br\/portal\/#website"},"primaryImageOfPage":{"@id":"https:\/\/verdadeon.com.br\/portal\/2021\/11\/24\/oab-realiza-eleicoes-nesta-quinta-feira-2700-advogados-devem-votar-em-franca\/#primaryimage"},"image":{"@id":"https:\/\/verdadeon.com.br\/portal\/2021\/11\/24\/oab-realiza-eleicoes-nesta-quinta-feira-2700-advogados-devem-votar-em-franca\/#primaryimage"},"thumbnailUrl":"https:\/\/i0.wp.com\/verdadeon.com.br\/portal\/wp-content\/uploads\/2021\/11\/CHAPA-1.jpg?fit=1440%2C1440&ssl=1","datePublished":"2021-11-24T20:56:07+00:00","author":{"@id":"https:\/\/verdadeon.com.br\/portal\/#\/schema\/person\/cc32be22b8e8599387c480bc83e1d11a"},"breadcrumb":{"@id":"https:\/\/verdadeon.com.br\/portal\/2021\/11\/24\/oab-realiza-eleicoes-nesta-quinta-feira-2700-advogados-devem-votar-em-franca\/#breadcrumb"},"inLanguage":"pt-BR","potentialAction":[{"@type":"ReadAction","target":["https:\/\/verdadeon.com.br\/portal\/2021\/11\/24\/oab-realiza-eleicoes-nesta-quinta-feira-2700-advogados-devem-votar-em-franca\/"]}]},{"@type":"ImageObject","inLanguage":"pt-BR","@id":"https:\/\/verdadeon.com.br\/portal\/2021\/11\/24\/oab-realiza-eleicoes-nesta-quinta-feira-2700-advogados-devem-votar-em-franca\/#primaryimage","url":"https:\/\/i0.wp.com\/verdadeon.com.br\/portal\/wp-content\/uploads\/2021\/11\/CHAPA-1.jpg?fit=1440%2C1440&ssl=1","contentUrl":"https:\/\/i0.wp.com\/verdadeon.com.br\/portal\/wp-content\/uploads\/2021\/11\/CHAPA-1.jpg?fit=1440%2C1440&ssl=1","width":1440,"height":1440,"caption":"Chapa 1 n\u00e3o enfrenta oposi\u00e7\u00e3o, e vai ocupar a diretoria da OAB de Franca no pr\u00f3ximo tri\u00eanio | Foto: Divulga\u00e7\u00e3o"},{"@type":"BreadcrumbList","@id":"https:\/\/verdadeon.com.br\/portal\/2021\/11\/24\/oab-realiza-eleicoes-nesta-quinta-feira-2700-advogados-devem-votar-em-franca\/#breadcrumb","itemListElement":[{"@type":"ListItem","position":1,"name":"In\u00edcio","item":"https:\/\/verdadeon.com.br\/portal\/"},{"@type":"ListItem","position":2,"name":"OAB realiza elei\u00e7\u00f5es nesta quinta-feira, 2700 advogados devem votar em Franca"}]},{"@type":"WebSite","@id":"https:\/\/verdadeon.com.br\/portal\/#website","url":"https:\/\/verdadeon.com.br\/portal\/","name":"VerdadeOn","description":"Not\u00edcias di\u00e1rias sobre Franca, Regi\u00e3o, Esporte, Cultura, Cotidiano, Colunas. Cobertura nos principais eventos da cidade \u00e9 aqui - Verdadeon Franca","potentialAction":[{"@type":"SearchAction","target":{"@type":"EntryPoint","urlTemplate":"https:\/\/verdadeon.com.br\/portal\/?s={search_term_string}"},"query-input":{"@type":"PropertyValueSpecification","valueRequired":true,"valueName":"search_term_string"}}],"inLanguage":"pt-BR"},{"@type":"Person","@id":"https:\/\/verdadeon.com.br\/portal\/#\/schema\/person\/cc32be22b8e8599387c480bc83e1d11a","name":"Fernando Lima","image":{"@type":"ImageObject","inLanguage":"pt-BR","@id":"https:\/\/verdadeon.com.br\/portal\/#\/schema\/person\/image\/","url":"https:\/\/secure.gravatar.com\/avatar\/df4c8e132080d2b3a4841d5d232045464e0eed11a1d6e43115ca0843d48768d3?s=96&d=mm&r=g","contentUrl":"https:\/\/secure.gravatar.com\/avatar\/df4c8e132080d2b3a4841d5d232045464e0eed11a1d6e43115ca0843d48768d3?s=96&d=mm&r=g","caption":"Fernando Lima"},"sameAs":["http:\/\/verdadeon.com.br\/"],"url":"https:\/\/verdadeon.com.br\/portal\/author\/fernando-lima\/"}]}},"jetpack_publicize_connections":[],"jetpack_featured_media_url":"https:\/\/i0.wp.com\/verdadeon.com.br\/portal\/wp-content\/uploads\/2021\/11\/CHAPA-1.jpg?fit=1440%2C1440&ssl=1","jetpack_sharing_enabled":true,"_links":{"self":[{"href":"https:\/\/verdadeon.com.br\/portal\/wp-json\/wp\/v2\/posts\/21176","targetHints":{"allow":["GET"]}}],"collection":[{"href":"https:\/\/verdadeon.com.br\/portal\/wp-json\/wp\/v2\/posts"}],"about":[{"href":"https:\/\/verdadeon.com.br\/portal\/wp-json\/wp\/v2\/types\/post"}],"author":[{"embeddable":true,"href":"https:\/\/verdadeon.com.br\/portal\/wp-json\/wp\/v2\/users\/7"}],"replies":[{"embeddable":true,"href":"https:\/\/verdadeon.com.br\/portal\/wp-json\/wp\/v2\/comments?post=21176"}],"version-history":[{"count":0,"href":"https:\/\/verdadeon.com.br\/portal\/wp-json\/wp\/v2\/posts\/21176\/revisions"}],"wp:featuredmedia":[{"embeddable":true,"href":"https:\/\/verdadeon.com.br\/portal\/wp-json\/wp\/v2\/media\/21178"}],"wp:attachment":[{"href":"https:\/\/verdadeon.com.br\/portal\/wp-json\/wp\/v2\/media?parent=21176"}],"wp:term":[{"taxonomy":"category","embeddable":true,"href":"https:\/\/verdadeon.com.br\/portal\/wp-json\/wp\/v2\/categories?post=21176"},{"taxonomy":"post_tag","embeddable":true,"href":"https:\/\/verdadeon.com.br\/portal\/wp-json\/wp\/v2\/tags?post=21176"}],"curies":[{"name":"wp","href":"https:\/\/api.w.org\/{rel}","templated":true}]}}