{"id":21155,"date":"2021-11-23T18:25:49","date_gmt":"2021-11-23T21:25:49","guid":{"rendered":"https:\/\/verdadeon.com.br\/portal\/?p=21155"},"modified":"2021-11-23T18:27:16","modified_gmt":"2021-11-23T21:27:16","slug":"com-mais-de-23-mil-denuncias-covizap-e-encerrado-em-franca","status":"publish","type":"post","link":"https:\/\/verdadeon.com.br\/portal\/2021\/11\/23\/com-mais-de-23-mil-denuncias-covizap-e-encerrado-em-franca\/","title":{"rendered":"Com mais de 23 mil den\u00fancias, Covizap \u00e9 encerrado em Franca"},"content":{"rendered":"<h2>For\u00e7a tarefa era composta pela Pol\u00edcia Militar, Guarda Civil Municipal e fiscais da Vigil\u00e2ncia Sanit\u00e1ria<\/h2>\n<div><\/div>\n<div>A Prefeitura de Franca informou nesta ter\u00e7a-feira (23), que o &#8220;Covizap&#8221; vai encerrar os atendimentos de den\u00fancias sobre aglomera\u00e7\u00f5es e eventos ilegais na cidade. A ferramenta foi criada em 22 de janeiro deste ano, o principal objetivo era receber den\u00fancias de abusos e festas clandestinas no pico da pandemia de Covid-19.<\/div>\n<div>Como resultado das flexibiliza\u00e7\u00f5es das medidas sanit\u00e1rias pelo Governo do Estado de S\u00e3o Paulo, da retomada gradual das atividades econ\u00f4micas e libera\u00e7\u00e3o para os eventos esportivos, sociais e culturais, o servi\u00e7o ser\u00e1 desativado, com a observa\u00e7\u00e3o de que devem continuar sendo mantidos os protocolos sanit\u00e1rios, com higieniza\u00e7\u00e3o dos ambientes, uso de m\u00e1scara e o distanciamento social.<\/div>\n<h4>Balan\u00e7o<\/h4>\n<div>O Covizap era a principal ferramenta para que a Patrulha Covid chegasse at\u00e9 os locais irregulares. A patrulha era formada por fiscais<\/div>\n<div>da Vigil\u00e2ncia Sanit\u00e1ria, Guarda Civil Municipal e Pol\u00edcia Militar em uma for\u00e7a tarefa para apurar as den\u00fancias. Foram registradas mais de 23,4 mil den\u00fancias, resultando em cerca de 400 autua\u00e7\u00f5es. Dessas ocorr\u00eancias, pouco mais de 150 resultaram em interdi\u00e7\u00f5es de estabelecimentos comerciais, apreens\u00f5es de materiais, com aplica\u00e7\u00e3o de cerca de 300 multas.<\/div>\n<div>O Jornal Verdade inclusive acompanhou em agosto, um dos casos de maior repercuss\u00e3o, onde uma rep\u00fablica de estudantes foi multada em R$ 20 mil, pela realiza\u00e7\u00e3o de uma festa. De acordo com vizinhos, os estudantes chegaram a interditar a rua para a realiza\u00e7\u00e3o da mesma.<\/div>\n<div>\n<p>A Patrulha Covid informou que fez a autua\u00e7\u00e3o, interdi\u00e7\u00e3o e aplica\u00e7\u00e3o de multa para o respons\u00e1vel pela rep\u00fablica onde seria realizado o evento , com a cobran\u00e7a de ingressos. Diversas irregularidades foram encontradas durante a inspe\u00e7\u00e3o, como a aus\u00eancia de alvar\u00e1s para a realiza\u00e7\u00e3o do evento, utiliza\u00e7\u00e3o de som e manipula\u00e7\u00e3o de bebidas, falta de vistoria do Corpo de Bombeiros, al\u00e9m disso os extintores estavam com o prazo de validade vencidos e faltava sa\u00edda de emerg\u00eancia.<\/p>\n<p>Mariela Toscano, respons\u00e1vel pelas Vigil\u00e2ncias Ambiental e Sanit\u00e1ria, informou que os respons\u00e1veis pelo local foram orientados a n\u00e3o realizarem o evento, devido a interdi\u00e7\u00e3o e as penalidades aplicadas. Mesmo assim os organizadores decidiram realizar a festa, e por volta de 20h mediante contato da Pol\u00edcia Militar, a Patrulha Covid retornou ao local, onde foi emitido um novo auto de infra\u00e7\u00e3o para o propriet\u00e1rio, que ir\u00e1 receber uma multa com o valor dobrado, tendo em vista a reincid\u00eancia da infra\u00e7\u00e3o.<\/p>\n<p>Os fiscais constataram ainda, o descumprimento dos protocolos sanit\u00e1rios de preven\u00e7\u00e3o a Covid-19, como aus\u00eancia de uso de m\u00e1scara de prote\u00e7\u00e3o, distanciamento social e disponibiliza\u00e7\u00e3o de \u00e1lcool gel para higieniza\u00e7\u00e3o das m\u00e3os. A Pol\u00edcia Militar acompanhou a dispers\u00e3o do p\u00fablico presente ao local, de forma segura.<\/p>\n<\/div>\n","protected":false},"excerpt":{"rendered":"<p>For\u00e7a tarefa era composta pela Pol\u00edcia Militar, Guarda Civil Municipal e fiscais da Vigil\u00e2ncia Sanit\u00e1ria A Prefeitura de Franca informou nesta ter\u00e7a-feira (23), que o &#8220;Covizap&#8221;<span class=\"excerpt-hellip\"> [\u2026]<\/span><\/p>\n","protected":false},"author":7,"featured_media":21160,"comment_status":"open","ping_status":"open","sticky":false,"template":"","format":"standard","meta":{"_jetpack_memberships_contains_paid_content":false,"footnotes":"","jetpack_publicize_message":"","jetpack_publicize_feature_enabled":true,"jetpack_social_post_already_shared":false,"jetpack_social_options":{"image_generator_settings":{"template":"highway","default_image_id":0,"enabled":false},"version":2}},"categories":[28,81],"tags":[],"class_list":["post-21155","post","type-post","status-publish","format-standard","has-post-thumbnail","hentry","category-cotidiano","category-manchete"],"yoast_head":"<!-- This site is optimized with the Yoast SEO plugin v25.6 - https:\/\/yoast.com\/wordpress\/plugins\/seo\/ -->\n<title>Com mais de 23 mil den\u00fancias, Covizap \u00e9 encerrado em Franca - VerdadeOn<\/title>\n<meta name=\"robots\" content=\"index, follow, max-snippet:-1, max-image-preview:large, max-video-preview:-1\" \/>\n<link rel=\"canonical\" href=\"https:\/\/verdadeon.com.br\/portal\/2021\/11\/23\/com-mais-de-23-mil-denuncias-covizap-e-encerrado-em-franca\/\" \/>\n<meta property=\"og:locale\" content=\"pt_BR\" \/>\n<meta property=\"og:type\" content=\"article\" \/>\n<meta property=\"og:title\" content=\"Com mais de 23 mil den\u00fancias, Covizap \u00e9 encerrado em Franca - VerdadeOn\" \/>\n<meta property=\"og:description\" content=\"For\u00e7a tarefa era composta pela Pol\u00edcia Militar, Guarda Civil Municipal e fiscais da Vigil\u00e2ncia Sanit\u00e1ria A Prefeitura de Franca informou nesta ter\u00e7a-feira (23), que o &#8220;Covizap&#8221; [\u2026]\" \/>\n<meta property=\"og:url\" content=\"https:\/\/verdadeon.com.br\/portal\/2021\/11\/23\/com-mais-de-23-mil-denuncias-covizap-e-encerrado-em-franca\/\" \/>\n<meta property=\"og:site_name\" content=\"VerdadeOn\" \/>\n<meta property=\"article:published_time\" content=\"2021-11-23T21:25:49+00:00\" \/>\n<meta property=\"article:modified_time\" content=\"2021-11-23T21:27:16+00:00\" \/>\n<meta property=\"og:image\" content=\"https:\/\/verdadeon.com.br\/portal\/wp-content\/uploads\/2021\/11\/FISCALIZACAO-e1637702535126.jpg\" \/>\n\t<meta property=\"og:image:width\" content=\"1000\" \/>\n\t<meta property=\"og:image:height\" content=\"670\" \/>\n\t<meta property=\"og:image:type\" content=\"image\/jpeg\" \/>\n<meta name=\"author\" content=\"Fernando Lima\" \/>\n<meta name=\"twitter:card\" content=\"summary_large_image\" \/>\n<meta name=\"twitter:label1\" content=\"Escrito por\" \/>\n\t<meta name=\"twitter:data1\" content=\"Fernando Lima\" \/>\n\t<meta name=\"twitter:label2\" content=\"Est. tempo de leitura\" \/>\n\t<meta name=\"twitter:data2\" content=\"2 minutos\" \/>\n<script type=\"application\/ld+json\" class=\"yoast-schema-graph\">{\"@context\":\"https:\/\/schema.org\",\"@graph\":[{\"@type\":\"WebPage\",\"@id\":\"https:\/\/verdadeon.com.br\/portal\/2021\/11\/23\/com-mais-de-23-mil-denuncias-covizap-e-encerrado-em-franca\/\",\"url\":\"https:\/\/verdadeon.com.br\/portal\/2021\/11\/23\/com-mais-de-23-mil-denuncias-covizap-e-encerrado-em-franca\/\",\"name\":\"Com mais de 23 mil den\u00fancias, Covizap \u00e9 encerrado em Franca - VerdadeOn\",\"isPartOf\":{\"@id\":\"https:\/\/verdadeon.com.br\/portal\/#website\"},\"primaryImageOfPage\":{\"@id\":\"https:\/\/verdadeon.com.br\/portal\/2021\/11\/23\/com-mais-de-23-mil-denuncias-covizap-e-encerrado-em-franca\/#primaryimage\"},\"image\":{\"@id\":\"https:\/\/verdadeon.com.br\/portal\/2021\/11\/23\/com-mais-de-23-mil-denuncias-covizap-e-encerrado-em-franca\/#primaryimage\"},\"thumbnailUrl\":\"https:\/\/i0.wp.com\/verdadeon.com.br\/portal\/wp-content\/uploads\/2021\/11\/FISCALIZACAO-e1637702535126.jpg?fit=1000%2C670&ssl=1\",\"datePublished\":\"2021-11-23T21:25:49+00:00\",\"dateModified\":\"2021-11-23T21:27:16+00:00\",\"author\":{\"@id\":\"https:\/\/verdadeon.com.br\/portal\/#\/schema\/person\/cc32be22b8e8599387c480bc83e1d11a\"},\"breadcrumb\":{\"@id\":\"https:\/\/verdadeon.com.br\/portal\/2021\/11\/23\/com-mais-de-23-mil-denuncias-covizap-e-encerrado-em-franca\/#breadcrumb\"},\"inLanguage\":\"pt-BR\",\"potentialAction\":[{\"@type\":\"ReadAction\",\"target\":[\"https:\/\/verdadeon.com.br\/portal\/2021\/11\/23\/com-mais-de-23-mil-denuncias-covizap-e-encerrado-em-franca\/\"]}]},{\"@type\":\"ImageObject\",\"inLanguage\":\"pt-BR\",\"@id\":\"https:\/\/verdadeon.com.br\/portal\/2021\/11\/23\/com-mais-de-23-mil-denuncias-covizap-e-encerrado-em-franca\/#primaryimage\",\"url\":\"https:\/\/i0.wp.com\/verdadeon.com.br\/portal\/wp-content\/uploads\/2021\/11\/FISCALIZACAO-e1637702535126.jpg?fit=1000%2C670&ssl=1\",\"contentUrl\":\"https:\/\/i0.wp.com\/verdadeon.com.br\/portal\/wp-content\/uploads\/2021\/11\/FISCALIZACAO-e1637702535126.jpg?fit=1000%2C670&ssl=1\",\"width\":1000,\"height\":670,\"caption\":\"Uma das fiscaliza\u00e7\u00f5es que mais repercutiu foi em uma rep\u00fablica na zona sul da cidade em agosto | Foto: Divulga\u00e7\u00e3o\"},{\"@type\":\"BreadcrumbList\",\"@id\":\"https:\/\/verdadeon.com.br\/portal\/2021\/11\/23\/com-mais-de-23-mil-denuncias-covizap-e-encerrado-em-franca\/#breadcrumb\",\"itemListElement\":[{\"@type\":\"ListItem\",\"position\":1,\"name\":\"In\u00edcio\",\"item\":\"https:\/\/verdadeon.com.br\/portal\/\"},{\"@type\":\"ListItem\",\"position\":2,\"name\":\"Com mais de 23 mil den\u00fancias, Covizap \u00e9 encerrado em Franca\"}]},{\"@type\":\"WebSite\",\"@id\":\"https:\/\/verdadeon.com.br\/portal\/#website\",\"url\":\"https:\/\/verdadeon.com.br\/portal\/\",\"name\":\"VerdadeOn\",\"description\":\"Not\u00edcias di\u00e1rias sobre Franca, Regi\u00e3o, Esporte, Cultura, Cotidiano, Colunas. Cobertura nos principais eventos da cidade \u00e9 aqui - Verdadeon Franca\",\"potentialAction\":[{\"@type\":\"SearchAction\",\"target\":{\"@type\":\"EntryPoint\",\"urlTemplate\":\"https:\/\/verdadeon.com.br\/portal\/?s={search_term_string}\"},\"query-input\":{\"@type\":\"PropertyValueSpecification\",\"valueRequired\":true,\"valueName\":\"search_term_string\"}}],\"inLanguage\":\"pt-BR\"},{\"@type\":\"Person\",\"@id\":\"https:\/\/verdadeon.com.br\/portal\/#\/schema\/person\/cc32be22b8e8599387c480bc83e1d11a\",\"name\":\"Fernando Lima\",\"image\":{\"@type\":\"ImageObject\",\"inLanguage\":\"pt-BR\",\"@id\":\"https:\/\/verdadeon.com.br\/portal\/#\/schema\/person\/image\/\",\"url\":\"https:\/\/secure.gravatar.com\/avatar\/df4c8e132080d2b3a4841d5d232045464e0eed11a1d6e43115ca0843d48768d3?s=96&d=mm&r=g\",\"contentUrl\":\"https:\/\/secure.gravatar.com\/avatar\/df4c8e132080d2b3a4841d5d232045464e0eed11a1d6e43115ca0843d48768d3?s=96&d=mm&r=g\",\"caption\":\"Fernando Lima\"},\"sameAs\":[\"http:\/\/verdadeon.com.br\/\"],\"url\":\"https:\/\/verdadeon.com.br\/portal\/author\/fernando-lima\/\"}]}<\/script>\n<!-- \/ Yoast SEO plugin. -->","yoast_head_json":{"title":"Com mais de 23 mil den\u00fancias, Covizap \u00e9 encerrado em Franca - VerdadeOn","robots":{"index":"index","follow":"follow","max-snippet":"max-snippet:-1","max-image-preview":"max-image-preview:large","max-video-preview":"max-video-preview:-1"},"canonical":"https:\/\/verdadeon.com.br\/portal\/2021\/11\/23\/com-mais-de-23-mil-denuncias-covizap-e-encerrado-em-franca\/","og_locale":"pt_BR","og_type":"article","og_title":"Com mais de 23 mil den\u00fancias, Covizap \u00e9 encerrado em Franca - VerdadeOn","og_description":"For\u00e7a tarefa era composta pela Pol\u00edcia Militar, Guarda Civil Municipal e fiscais da Vigil\u00e2ncia Sanit\u00e1ria A Prefeitura de Franca informou nesta ter\u00e7a-feira (23), que o &#8220;Covizap&#8221; [\u2026]","og_url":"https:\/\/verdadeon.com.br\/portal\/2021\/11\/23\/com-mais-de-23-mil-denuncias-covizap-e-encerrado-em-franca\/","og_site_name":"VerdadeOn","article_published_time":"2021-11-23T21:25:49+00:00","article_modified_time":"2021-11-23T21:27:16+00:00","og_image":[{"width":1000,"height":670,"url":"https:\/\/verdadeon.com.br\/portal\/wp-content\/uploads\/2021\/11\/FISCALIZACAO-e1637702535126.jpg","type":"image\/jpeg"}],"author":"Fernando Lima","twitter_card":"summary_large_image","twitter_misc":{"Escrito por":"Fernando Lima","Est. tempo de leitura":"2 minutos"},"schema":{"@context":"https:\/\/schema.org","@graph":[{"@type":"WebPage","@id":"https:\/\/verdadeon.com.br\/portal\/2021\/11\/23\/com-mais-de-23-mil-denuncias-covizap-e-encerrado-em-franca\/","url":"https:\/\/verdadeon.com.br\/portal\/2021\/11\/23\/com-mais-de-23-mil-denuncias-covizap-e-encerrado-em-franca\/","name":"Com mais de 23 mil den\u00fancias, Covizap \u00e9 encerrado em Franca - VerdadeOn","isPartOf":{"@id":"https:\/\/verdadeon.com.br\/portal\/#website"},"primaryImageOfPage":{"@id":"https:\/\/verdadeon.com.br\/portal\/2021\/11\/23\/com-mais-de-23-mil-denuncias-covizap-e-encerrado-em-franca\/#primaryimage"},"image":{"@id":"https:\/\/verdadeon.com.br\/portal\/2021\/11\/23\/com-mais-de-23-mil-denuncias-covizap-e-encerrado-em-franca\/#primaryimage"},"thumbnailUrl":"https:\/\/i0.wp.com\/verdadeon.com.br\/portal\/wp-content\/uploads\/2021\/11\/FISCALIZACAO-e1637702535126.jpg?fit=1000%2C670&ssl=1","datePublished":"2021-11-23T21:25:49+00:00","dateModified":"2021-11-23T21:27:16+00:00","author":{"@id":"https:\/\/verdadeon.com.br\/portal\/#\/schema\/person\/cc32be22b8e8599387c480bc83e1d11a"},"breadcrumb":{"@id":"https:\/\/verdadeon.com.br\/portal\/2021\/11\/23\/com-mais-de-23-mil-denuncias-covizap-e-encerrado-em-franca\/#breadcrumb"},"inLanguage":"pt-BR","potentialAction":[{"@type":"ReadAction","target":["https:\/\/verdadeon.com.br\/portal\/2021\/11\/23\/com-mais-de-23-mil-denuncias-covizap-e-encerrado-em-franca\/"]}]},{"@type":"ImageObject","inLanguage":"pt-BR","@id":"https:\/\/verdadeon.com.br\/portal\/2021\/11\/23\/com-mais-de-23-mil-denuncias-covizap-e-encerrado-em-franca\/#primaryimage","url":"https:\/\/i0.wp.com\/verdadeon.com.br\/portal\/wp-content\/uploads\/2021\/11\/FISCALIZACAO-e1637702535126.jpg?fit=1000%2C670&ssl=1","contentUrl":"https:\/\/i0.wp.com\/verdadeon.com.br\/portal\/wp-content\/uploads\/2021\/11\/FISCALIZACAO-e1637702535126.jpg?fit=1000%2C670&ssl=1","width":1000,"height":670,"caption":"Uma das fiscaliza\u00e7\u00f5es que mais repercutiu foi em uma rep\u00fablica na zona sul da cidade em agosto | Foto: Divulga\u00e7\u00e3o"},{"@type":"BreadcrumbList","@id":"https:\/\/verdadeon.com.br\/portal\/2021\/11\/23\/com-mais-de-23-mil-denuncias-covizap-e-encerrado-em-franca\/#breadcrumb","itemListElement":[{"@type":"ListItem","position":1,"name":"In\u00edcio","item":"https:\/\/verdadeon.com.br\/portal\/"},{"@type":"ListItem","position":2,"name":"Com mais de 23 mil den\u00fancias, Covizap \u00e9 encerrado em Franca"}]},{"@type":"WebSite","@id":"https:\/\/verdadeon.com.br\/portal\/#website","url":"https:\/\/verdadeon.com.br\/portal\/","name":"VerdadeOn","description":"Not\u00edcias di\u00e1rias sobre Franca, Regi\u00e3o, Esporte, Cultura, Cotidiano, Colunas. Cobertura nos principais eventos da cidade \u00e9 aqui - Verdadeon Franca","potentialAction":[{"@type":"SearchAction","target":{"@type":"EntryPoint","urlTemplate":"https:\/\/verdadeon.com.br\/portal\/?s={search_term_string}"},"query-input":{"@type":"PropertyValueSpecification","valueRequired":true,"valueName":"search_term_string"}}],"inLanguage":"pt-BR"},{"@type":"Person","@id":"https:\/\/verdadeon.com.br\/portal\/#\/schema\/person\/cc32be22b8e8599387c480bc83e1d11a","name":"Fernando Lima","image":{"@type":"ImageObject","inLanguage":"pt-BR","@id":"https:\/\/verdadeon.com.br\/portal\/#\/schema\/person\/image\/","url":"https:\/\/secure.gravatar.com\/avatar\/df4c8e132080d2b3a4841d5d232045464e0eed11a1d6e43115ca0843d48768d3?s=96&d=mm&r=g","contentUrl":"https:\/\/secure.gravatar.com\/avatar\/df4c8e132080d2b3a4841d5d232045464e0eed11a1d6e43115ca0843d48768d3?s=96&d=mm&r=g","caption":"Fernando Lima"},"sameAs":["http:\/\/verdadeon.com.br\/"],"url":"https:\/\/verdadeon.com.br\/portal\/author\/fernando-lima\/"}]}},"jetpack_publicize_connections":[],"jetpack_featured_media_url":"https:\/\/i0.wp.com\/verdadeon.com.br\/portal\/wp-content\/uploads\/2021\/11\/FISCALIZACAO-e1637702535126.jpg?fit=1000%2C670&ssl=1","jetpack_sharing_enabled":true,"_links":{"self":[{"href":"https:\/\/verdadeon.com.br\/portal\/wp-json\/wp\/v2\/posts\/21155","targetHints":{"allow":["GET"]}}],"collection":[{"href":"https:\/\/verdadeon.com.br\/portal\/wp-json\/wp\/v2\/posts"}],"about":[{"href":"https:\/\/verdadeon.com.br\/portal\/wp-json\/wp\/v2\/types\/post"}],"author":[{"embeddable":true,"href":"https:\/\/verdadeon.com.br\/portal\/wp-json\/wp\/v2\/users\/7"}],"replies":[{"embeddable":true,"href":"https:\/\/verdadeon.com.br\/portal\/wp-json\/wp\/v2\/comments?post=21155"}],"version-history":[{"count":0,"href":"https:\/\/verdadeon.com.br\/portal\/wp-json\/wp\/v2\/posts\/21155\/revisions"}],"wp:featuredmedia":[{"embeddable":true,"href":"https:\/\/verdadeon.com.br\/portal\/wp-json\/wp\/v2\/media\/21160"}],"wp:attachment":[{"href":"https:\/\/verdadeon.com.br\/portal\/wp-json\/wp\/v2\/media?parent=21155"}],"wp:term":[{"taxonomy":"category","embeddable":true,"href":"https:\/\/verdadeon.com.br\/portal\/wp-json\/wp\/v2\/categories?post=21155"},{"taxonomy":"post_tag","embeddable":true,"href":"https:\/\/verdadeon.com.br\/portal\/wp-json\/wp\/v2\/tags?post=21155"}],"curies":[{"name":"wp","href":"https:\/\/api.w.org\/{rel}","templated":true}]}}