{"id":21136,"date":"2021-11-22T16:02:14","date_gmt":"2021-11-22T19:02:14","guid":{"rendered":"https:\/\/verdadeon.com.br\/portal\/?p=21136"},"modified":"2021-11-22T16:02:14","modified_gmt":"2021-11-22T19:02:14","slug":"em-mutirao-de-vacinacao-quase-1-500-pessoas-sao-imunizadas-contra-a-covid-19","status":"publish","type":"post","link":"https:\/\/verdadeon.com.br\/portal\/2021\/11\/22\/em-mutirao-de-vacinacao-quase-1-500-pessoas-sao-imunizadas-contra-a-covid-19\/","title":{"rendered":"Em mutir\u00e3o de vacina\u00e7\u00e3o, quase 1.500 pessoas s\u00e3o imunizadas contra a Covid-19"},"content":{"rendered":"<h2>Balan\u00e7o foi divulgado pela Prefeitura de Franca nesta segunda-feira, dados s\u00e3o da Secretaria de Sa\u00fade<\/h2>\n<p>Com o foco na terceira dose de refor\u00e7o para a popula\u00e7\u00e3o, foi realizado no \u00faltimo s\u00e1bado, mais um mutir\u00e3o de vacina\u00e7\u00e3o contra a Covid-19 em Franca. Em 11 postos, foram aplicadas 1.428 doses dos imunizantes, entre a primeira, segunda e terceira doses. Destas,\u00a0 1.267 Pfizer, 89 Coronavac e 72 doses da vacina Astrazeneca.<\/p>\n<p>O balan\u00e7o foi divulgado nesta segunda-feira (22), pela Prefeitura. Foi na \u00faltima sexta-feira (19), que a Secretaria Municipal de Sa\u00fade iniciou a aplica\u00e7\u00e3o da terceira dose para as pessoas, com idade de 40 anos ou mais, que tomaram as duas doses da vacina contra a Covid-19, h\u00e1 cinco meses, ou seja, quem completou o ciclo de vacina\u00e7\u00e3o at\u00e9 o m\u00eas de junho. A dose adicional foi estendida para pessoas, que tenham 18 anos ou mais, a partir do s\u00e1bado(20), durante um novo mutir\u00e3o.<\/p>\n<p>Franca superou na semana passada a marca de <span class=\"il\">80<\/span>% da popula\u00e7\u00e3o acima de 12 anos, com o ciclo completo da vacina contra a Covid-19. A informa\u00e7\u00e3o foi compartilhada pelo prefeito Alexandre Ferreira, em pronunciamento feito atrav\u00e9s das redes sociais. De acordo com as informa\u00e7\u00f5es, na popula\u00e7\u00e3o em geral, a cidade j\u00e1 atingiu 70% de vacina\u00e7\u00e3o. Ao todo, j\u00e1 foram aplicadas mais de 543 mil doses das vacinas contra a Covid.<\/p>\n<p>A vacina\u00e7\u00e3o em massa \u00e9 apontada inclusive como a causa para a queda dos \u00edndices da pandemia no munic\u00edpio, a m\u00e9dia m\u00f3vel de casos por exemplo est\u00e1 menor do que 20, os leitos n\u00e3o passam de 10% de ocupa\u00e7\u00e3o, enquanto que a m\u00e9dia m\u00f3vel de mortes tamb\u00e9m caiu para menos de uma por dia.<\/p>\n<p>Os \u00edndices j\u00e1 s\u00e3o equiparados e em alguns casos, at\u00e9 menores que o in\u00edcio da pandemia em 2020, e muito distantes do pico da pandemia por aqui, quando a cidade ficou meses com 100% de lota\u00e7\u00e3o dos leitos, com o P.S. \u00c1lvaro Azzuz em colapso e uma m\u00e9dia m\u00f3vel de mortes maior do que 10 por dia.<\/p>\n","protected":false},"excerpt":{"rendered":"<p>Balan\u00e7o foi divulgado pela Prefeitura de Franca nesta segunda-feira, dados s\u00e3o da Secretaria de Sa\u00fade Com o foco na terceira dose de refor\u00e7o para a popula\u00e7\u00e3o,<span class=\"excerpt-hellip\"> [\u2026]<\/span><\/p>\n","protected":false},"author":7,"featured_media":21137,"comment_status":"open","ping_status":"open","sticky":false,"template":"","format":"standard","meta":{"_jetpack_memberships_contains_paid_content":false,"footnotes":"","jetpack_publicize_message":"","jetpack_publicize_feature_enabled":true,"jetpack_social_post_already_shared":false,"jetpack_social_options":{"image_generator_settings":{"template":"highway","default_image_id":0,"enabled":false},"version":2}},"categories":[28,81],"tags":[],"class_list":["post-21136","post","type-post","status-publish","format-standard","has-post-thumbnail","hentry","category-cotidiano","category-manchete"],"yoast_head":"<!-- This site is optimized with the Yoast SEO plugin v25.6 - https:\/\/yoast.com\/wordpress\/plugins\/seo\/ -->\n<title>Em mutir\u00e3o de vacina\u00e7\u00e3o, quase 1.500 pessoas s\u00e3o imunizadas contra a Covid-19 - VerdadeOn<\/title>\n<meta name=\"robots\" content=\"index, follow, max-snippet:-1, max-image-preview:large, max-video-preview:-1\" \/>\n<link rel=\"canonical\" href=\"https:\/\/verdadeon.com.br\/portal\/2021\/11\/22\/em-mutirao-de-vacinacao-quase-1-500-pessoas-sao-imunizadas-contra-a-covid-19\/\" \/>\n<meta property=\"og:locale\" content=\"pt_BR\" \/>\n<meta property=\"og:type\" content=\"article\" \/>\n<meta property=\"og:title\" content=\"Em mutir\u00e3o de vacina\u00e7\u00e3o, quase 1.500 pessoas s\u00e3o imunizadas contra a Covid-19 - VerdadeOn\" \/>\n<meta property=\"og:description\" content=\"Balan\u00e7o foi divulgado pela Prefeitura de Franca nesta segunda-feira, dados s\u00e3o da Secretaria de Sa\u00fade Com o foco na terceira dose de refor\u00e7o para a popula\u00e7\u00e3o, [\u2026]\" \/>\n<meta property=\"og:url\" content=\"https:\/\/verdadeon.com.br\/portal\/2021\/11\/22\/em-mutirao-de-vacinacao-quase-1-500-pessoas-sao-imunizadas-contra-a-covid-19\/\" \/>\n<meta property=\"og:site_name\" content=\"VerdadeOn\" \/>\n<meta property=\"article:published_time\" content=\"2021-11-22T19:02:14+00:00\" \/>\n<meta property=\"og:image\" content=\"https:\/\/verdadeon.com.br\/portal\/wp-content\/uploads\/2021\/11\/VACINA-e1637607628339.jpg\" \/>\n\t<meta property=\"og:image:width\" content=\"1000\" \/>\n\t<meta property=\"og:image:height\" content=\"669\" \/>\n\t<meta property=\"og:image:type\" content=\"image\/jpeg\" \/>\n<meta name=\"author\" content=\"Fernando Lima\" \/>\n<meta name=\"twitter:card\" content=\"summary_large_image\" \/>\n<meta name=\"twitter:label1\" content=\"Escrito por\" \/>\n\t<meta name=\"twitter:data1\" content=\"Fernando Lima\" \/>\n\t<meta name=\"twitter:label2\" content=\"Est. tempo de leitura\" \/>\n\t<meta name=\"twitter:data2\" content=\"2 minutos\" \/>\n<script type=\"application\/ld+json\" class=\"yoast-schema-graph\">{\"@context\":\"https:\/\/schema.org\",\"@graph\":[{\"@type\":\"WebPage\",\"@id\":\"https:\/\/verdadeon.com.br\/portal\/2021\/11\/22\/em-mutirao-de-vacinacao-quase-1-500-pessoas-sao-imunizadas-contra-a-covid-19\/\",\"url\":\"https:\/\/verdadeon.com.br\/portal\/2021\/11\/22\/em-mutirao-de-vacinacao-quase-1-500-pessoas-sao-imunizadas-contra-a-covid-19\/\",\"name\":\"Em mutir\u00e3o de vacina\u00e7\u00e3o, quase 1.500 pessoas s\u00e3o imunizadas contra a Covid-19 - VerdadeOn\",\"isPartOf\":{\"@id\":\"https:\/\/verdadeon.com.br\/portal\/#website\"},\"primaryImageOfPage\":{\"@id\":\"https:\/\/verdadeon.com.br\/portal\/2021\/11\/22\/em-mutirao-de-vacinacao-quase-1-500-pessoas-sao-imunizadas-contra-a-covid-19\/#primaryimage\"},\"image\":{\"@id\":\"https:\/\/verdadeon.com.br\/portal\/2021\/11\/22\/em-mutirao-de-vacinacao-quase-1-500-pessoas-sao-imunizadas-contra-a-covid-19\/#primaryimage\"},\"thumbnailUrl\":\"https:\/\/i0.wp.com\/verdadeon.com.br\/portal\/wp-content\/uploads\/2021\/11\/VACINA-e1637607628339.jpg?fit=1000%2C669&ssl=1\",\"datePublished\":\"2021-11-22T19:02:14+00:00\",\"author\":{\"@id\":\"https:\/\/verdadeon.com.br\/portal\/#\/schema\/person\/cc32be22b8e8599387c480bc83e1d11a\"},\"breadcrumb\":{\"@id\":\"https:\/\/verdadeon.com.br\/portal\/2021\/11\/22\/em-mutirao-de-vacinacao-quase-1-500-pessoas-sao-imunizadas-contra-a-covid-19\/#breadcrumb\"},\"inLanguage\":\"pt-BR\",\"potentialAction\":[{\"@type\":\"ReadAction\",\"target\":[\"https:\/\/verdadeon.com.br\/portal\/2021\/11\/22\/em-mutirao-de-vacinacao-quase-1-500-pessoas-sao-imunizadas-contra-a-covid-19\/\"]}]},{\"@type\":\"ImageObject\",\"inLanguage\":\"pt-BR\",\"@id\":\"https:\/\/verdadeon.com.br\/portal\/2021\/11\/22\/em-mutirao-de-vacinacao-quase-1-500-pessoas-sao-imunizadas-contra-a-covid-19\/#primaryimage\",\"url\":\"https:\/\/i0.wp.com\/verdadeon.com.br\/portal\/wp-content\/uploads\/2021\/11\/VACINA-e1637607628339.jpg?fit=1000%2C669&ssl=1\",\"contentUrl\":\"https:\/\/i0.wp.com\/verdadeon.com.br\/portal\/wp-content\/uploads\/2021\/11\/VACINA-e1637607628339.jpg?fit=1000%2C669&ssl=1\",\"width\":1000,\"height\":669,\"caption\":\"Sa\u00fade convoca popula\u00e7\u00e3o a partir dos 5 anos para aderir ao 'Vacina Franca' neste s\u00e1bado, 19 | Foto: Ag\u00eancia Brasil\"},{\"@type\":\"BreadcrumbList\",\"@id\":\"https:\/\/verdadeon.com.br\/portal\/2021\/11\/22\/em-mutirao-de-vacinacao-quase-1-500-pessoas-sao-imunizadas-contra-a-covid-19\/#breadcrumb\",\"itemListElement\":[{\"@type\":\"ListItem\",\"position\":1,\"name\":\"In\u00edcio\",\"item\":\"https:\/\/verdadeon.com.br\/portal\/\"},{\"@type\":\"ListItem\",\"position\":2,\"name\":\"Em mutir\u00e3o de vacina\u00e7\u00e3o, quase 1.500 pessoas s\u00e3o imunizadas contra a Covid-19\"}]},{\"@type\":\"WebSite\",\"@id\":\"https:\/\/verdadeon.com.br\/portal\/#website\",\"url\":\"https:\/\/verdadeon.com.br\/portal\/\",\"name\":\"VerdadeOn\",\"description\":\"Not\u00edcias di\u00e1rias sobre Franca, Regi\u00e3o, Esporte, Cultura, Cotidiano, Colunas. Cobertura nos principais eventos da cidade \u00e9 aqui - Verdadeon Franca\",\"potentialAction\":[{\"@type\":\"SearchAction\",\"target\":{\"@type\":\"EntryPoint\",\"urlTemplate\":\"https:\/\/verdadeon.com.br\/portal\/?s={search_term_string}\"},\"query-input\":{\"@type\":\"PropertyValueSpecification\",\"valueRequired\":true,\"valueName\":\"search_term_string\"}}],\"inLanguage\":\"pt-BR\"},{\"@type\":\"Person\",\"@id\":\"https:\/\/verdadeon.com.br\/portal\/#\/schema\/person\/cc32be22b8e8599387c480bc83e1d11a\",\"name\":\"Fernando Lima\",\"image\":{\"@type\":\"ImageObject\",\"inLanguage\":\"pt-BR\",\"@id\":\"https:\/\/verdadeon.com.br\/portal\/#\/schema\/person\/image\/\",\"url\":\"https:\/\/secure.gravatar.com\/avatar\/df4c8e132080d2b3a4841d5d232045464e0eed11a1d6e43115ca0843d48768d3?s=96&d=mm&r=g\",\"contentUrl\":\"https:\/\/secure.gravatar.com\/avatar\/df4c8e132080d2b3a4841d5d232045464e0eed11a1d6e43115ca0843d48768d3?s=96&d=mm&r=g\",\"caption\":\"Fernando Lima\"},\"sameAs\":[\"http:\/\/verdadeon.com.br\/\"],\"url\":\"https:\/\/verdadeon.com.br\/portal\/author\/fernando-lima\/\"}]}<\/script>\n<!-- \/ Yoast SEO plugin. -->","yoast_head_json":{"title":"Em mutir\u00e3o de vacina\u00e7\u00e3o, quase 1.500 pessoas s\u00e3o imunizadas contra a Covid-19 - VerdadeOn","robots":{"index":"index","follow":"follow","max-snippet":"max-snippet:-1","max-image-preview":"max-image-preview:large","max-video-preview":"max-video-preview:-1"},"canonical":"https:\/\/verdadeon.com.br\/portal\/2021\/11\/22\/em-mutirao-de-vacinacao-quase-1-500-pessoas-sao-imunizadas-contra-a-covid-19\/","og_locale":"pt_BR","og_type":"article","og_title":"Em mutir\u00e3o de vacina\u00e7\u00e3o, quase 1.500 pessoas s\u00e3o imunizadas contra a Covid-19 - VerdadeOn","og_description":"Balan\u00e7o foi divulgado pela Prefeitura de Franca nesta segunda-feira, dados s\u00e3o da Secretaria de Sa\u00fade Com o foco na terceira dose de refor\u00e7o para a popula\u00e7\u00e3o, [\u2026]","og_url":"https:\/\/verdadeon.com.br\/portal\/2021\/11\/22\/em-mutirao-de-vacinacao-quase-1-500-pessoas-sao-imunizadas-contra-a-covid-19\/","og_site_name":"VerdadeOn","article_published_time":"2021-11-22T19:02:14+00:00","og_image":[{"width":1000,"height":669,"url":"https:\/\/verdadeon.com.br\/portal\/wp-content\/uploads\/2021\/11\/VACINA-e1637607628339.jpg","type":"image\/jpeg"}],"author":"Fernando Lima","twitter_card":"summary_large_image","twitter_misc":{"Escrito por":"Fernando Lima","Est. tempo de leitura":"2 minutos"},"schema":{"@context":"https:\/\/schema.org","@graph":[{"@type":"WebPage","@id":"https:\/\/verdadeon.com.br\/portal\/2021\/11\/22\/em-mutirao-de-vacinacao-quase-1-500-pessoas-sao-imunizadas-contra-a-covid-19\/","url":"https:\/\/verdadeon.com.br\/portal\/2021\/11\/22\/em-mutirao-de-vacinacao-quase-1-500-pessoas-sao-imunizadas-contra-a-covid-19\/","name":"Em mutir\u00e3o de vacina\u00e7\u00e3o, quase 1.500 pessoas s\u00e3o imunizadas contra a Covid-19 - VerdadeOn","isPartOf":{"@id":"https:\/\/verdadeon.com.br\/portal\/#website"},"primaryImageOfPage":{"@id":"https:\/\/verdadeon.com.br\/portal\/2021\/11\/22\/em-mutirao-de-vacinacao-quase-1-500-pessoas-sao-imunizadas-contra-a-covid-19\/#primaryimage"},"image":{"@id":"https:\/\/verdadeon.com.br\/portal\/2021\/11\/22\/em-mutirao-de-vacinacao-quase-1-500-pessoas-sao-imunizadas-contra-a-covid-19\/#primaryimage"},"thumbnailUrl":"https:\/\/i0.wp.com\/verdadeon.com.br\/portal\/wp-content\/uploads\/2021\/11\/VACINA-e1637607628339.jpg?fit=1000%2C669&ssl=1","datePublished":"2021-11-22T19:02:14+00:00","author":{"@id":"https:\/\/verdadeon.com.br\/portal\/#\/schema\/person\/cc32be22b8e8599387c480bc83e1d11a"},"breadcrumb":{"@id":"https:\/\/verdadeon.com.br\/portal\/2021\/11\/22\/em-mutirao-de-vacinacao-quase-1-500-pessoas-sao-imunizadas-contra-a-covid-19\/#breadcrumb"},"inLanguage":"pt-BR","potentialAction":[{"@type":"ReadAction","target":["https:\/\/verdadeon.com.br\/portal\/2021\/11\/22\/em-mutirao-de-vacinacao-quase-1-500-pessoas-sao-imunizadas-contra-a-covid-19\/"]}]},{"@type":"ImageObject","inLanguage":"pt-BR","@id":"https:\/\/verdadeon.com.br\/portal\/2021\/11\/22\/em-mutirao-de-vacinacao-quase-1-500-pessoas-sao-imunizadas-contra-a-covid-19\/#primaryimage","url":"https:\/\/i0.wp.com\/verdadeon.com.br\/portal\/wp-content\/uploads\/2021\/11\/VACINA-e1637607628339.jpg?fit=1000%2C669&ssl=1","contentUrl":"https:\/\/i0.wp.com\/verdadeon.com.br\/portal\/wp-content\/uploads\/2021\/11\/VACINA-e1637607628339.jpg?fit=1000%2C669&ssl=1","width":1000,"height":669,"caption":"Sa\u00fade convoca popula\u00e7\u00e3o a partir dos 5 anos para aderir ao 'Vacina Franca' neste s\u00e1bado, 19 | Foto: Ag\u00eancia Brasil"},{"@type":"BreadcrumbList","@id":"https:\/\/verdadeon.com.br\/portal\/2021\/11\/22\/em-mutirao-de-vacinacao-quase-1-500-pessoas-sao-imunizadas-contra-a-covid-19\/#breadcrumb","itemListElement":[{"@type":"ListItem","position":1,"name":"In\u00edcio","item":"https:\/\/verdadeon.com.br\/portal\/"},{"@type":"ListItem","position":2,"name":"Em mutir\u00e3o de vacina\u00e7\u00e3o, quase 1.500 pessoas s\u00e3o imunizadas contra a Covid-19"}]},{"@type":"WebSite","@id":"https:\/\/verdadeon.com.br\/portal\/#website","url":"https:\/\/verdadeon.com.br\/portal\/","name":"VerdadeOn","description":"Not\u00edcias di\u00e1rias sobre Franca, Regi\u00e3o, Esporte, Cultura, Cotidiano, Colunas. Cobertura nos principais eventos da cidade \u00e9 aqui - Verdadeon Franca","potentialAction":[{"@type":"SearchAction","target":{"@type":"EntryPoint","urlTemplate":"https:\/\/verdadeon.com.br\/portal\/?s={search_term_string}"},"query-input":{"@type":"PropertyValueSpecification","valueRequired":true,"valueName":"search_term_string"}}],"inLanguage":"pt-BR"},{"@type":"Person","@id":"https:\/\/verdadeon.com.br\/portal\/#\/schema\/person\/cc32be22b8e8599387c480bc83e1d11a","name":"Fernando Lima","image":{"@type":"ImageObject","inLanguage":"pt-BR","@id":"https:\/\/verdadeon.com.br\/portal\/#\/schema\/person\/image\/","url":"https:\/\/secure.gravatar.com\/avatar\/df4c8e132080d2b3a4841d5d232045464e0eed11a1d6e43115ca0843d48768d3?s=96&d=mm&r=g","contentUrl":"https:\/\/secure.gravatar.com\/avatar\/df4c8e132080d2b3a4841d5d232045464e0eed11a1d6e43115ca0843d48768d3?s=96&d=mm&r=g","caption":"Fernando Lima"},"sameAs":["http:\/\/verdadeon.com.br\/"],"url":"https:\/\/verdadeon.com.br\/portal\/author\/fernando-lima\/"}]}},"jetpack_publicize_connections":[],"jetpack_featured_media_url":"https:\/\/i0.wp.com\/verdadeon.com.br\/portal\/wp-content\/uploads\/2021\/11\/VACINA-e1637607628339.jpg?fit=1000%2C669&ssl=1","jetpack_sharing_enabled":true,"_links":{"self":[{"href":"https:\/\/verdadeon.com.br\/portal\/wp-json\/wp\/v2\/posts\/21136","targetHints":{"allow":["GET"]}}],"collection":[{"href":"https:\/\/verdadeon.com.br\/portal\/wp-json\/wp\/v2\/posts"}],"about":[{"href":"https:\/\/verdadeon.com.br\/portal\/wp-json\/wp\/v2\/types\/post"}],"author":[{"embeddable":true,"href":"https:\/\/verdadeon.com.br\/portal\/wp-json\/wp\/v2\/users\/7"}],"replies":[{"embeddable":true,"href":"https:\/\/verdadeon.com.br\/portal\/wp-json\/wp\/v2\/comments?post=21136"}],"version-history":[{"count":0,"href":"https:\/\/verdadeon.com.br\/portal\/wp-json\/wp\/v2\/posts\/21136\/revisions"}],"wp:featuredmedia":[{"embeddable":true,"href":"https:\/\/verdadeon.com.br\/portal\/wp-json\/wp\/v2\/media\/21137"}],"wp:attachment":[{"href":"https:\/\/verdadeon.com.br\/portal\/wp-json\/wp\/v2\/media?parent=21136"}],"wp:term":[{"taxonomy":"category","embeddable":true,"href":"https:\/\/verdadeon.com.br\/portal\/wp-json\/wp\/v2\/categories?post=21136"},{"taxonomy":"post_tag","embeddable":true,"href":"https:\/\/verdadeon.com.br\/portal\/wp-json\/wp\/v2\/tags?post=21136"}],"curies":[{"name":"wp","href":"https:\/\/api.w.org\/{rel}","templated":true}]}}