{"id":21131,"date":"2021-11-22T15:35:33","date_gmt":"2021-11-22T18:35:33","guid":{"rendered":"https:\/\/verdadeon.com.br\/portal\/?p=21131"},"modified":"2021-11-22T15:35:33","modified_gmt":"2021-11-22T18:35:33","slug":"e-como-se-so-no-carnaval-tivesse-o-problema-da-covid-afirma-presidente-da-ases-do-ritmo","status":"publish","type":"post","link":"https:\/\/verdadeon.com.br\/portal\/2021\/11\/22\/e-como-se-so-no-carnaval-tivesse-o-problema-da-covid-afirma-presidente-da-ases-do-ritmo\/","title":{"rendered":"&#8216;\u00c9 como se s\u00f3 no carnaval tivesse o problema da Covid&#8217;, afirma presidente da Ases do Ritmo"},"content":{"rendered":"<h2>A fala do presidente vem ap\u00f3s a Prefeitura de Franca anunciar o cancelamento oficial do Carnaval em 2022<\/h2>\n<p>Fernando Lima<\/p>\n<p>Horas depois do an\u00fancio da Prefeitura de Franca sobre o cancelamento do Carnaval 2022, o presidente da Ases do Ritmo, R\u00e9gis Augusto Rosa, afirmou ao Jornal Verdade que j\u00e1 estava esperando a confirma\u00e7\u00e3o do cancelamento, que para ele seria quest\u00e3o de tempo. &#8220;Era uma demora que estava se arrastando, eu j\u00e1 imaginava. N\u00f3s ficamos tristes por n\u00e3o ter o evento, principalmente porque estamos vendo diversos eventos que est\u00e3o sendo realizados normalmente, \u00e9 como se s\u00f3 o carnaval tivesse o problema da Covid&#8221;, desabafou.<\/p>\n<p>Em 2022 ser\u00e1 o segundo ano consecutivo sem carnaval, j\u00e1 que a festa foi cancelada neste ano. R\u00e9gis afirmou ainda que eles v\u00e3o acatar a decis\u00e3o, mas que esperam que a Prefeitura olhe mais pelo lado da cultura para que tudo fique bem.<\/p>\n<h4>Preju\u00edzo<\/h4>\n<p>Embora n\u00e3o tenha falado em valores, o presidente da Ases do Ritmo afirmou que desde quando os eventos come\u00e7aram a ser realizados, a expectativa era a de realiza\u00e7\u00e3o do carnaval, j\u00e1 que os \u00edndices indicavam melhora em 2022. Foi por esse motivo que eles deram in\u00edcio aos investimentos, j\u00e1 que para a realiza\u00e7\u00e3o do carnaval \u00e9 necess\u00e1rio o trabalho de um ano inteiro. &#8220;Est\u00e1vamos correndo, investindo, fazendo compromissos, tem a estrutura que \u00e9 montada, pagamos aluguel para guardar equipamentos, tem que ensaiar a bateria, guardar o que foi montado, fabricar, entre v\u00e1rias outras coisas. O povo precisa entender que carnaval tamb\u00e9m \u00e9 cultura, estamos de portas abertas para receber quem quiser conhecer nosso trabalho, muitos criticam sem conhecer, ent\u00e3o eu fa\u00e7o o convite, venha ver o que \u00e9 o carnaval de verdade&#8221;, desabafou.<\/p>\n<p>O presidente finalizou relatando que o que vem garantindo renda para a escola, s\u00e3o as participa\u00e7\u00f5es e apresenta\u00e7\u00f5es em eventos particulares, como festas de casamentos, festas de empresas, entre outros. &#8220;Felizmente voltou este tipo de evento, e por enquanto vai ser assim, isso que est\u00e1 salvando&#8221;.<\/p>\n<h4>An\u00fancio<\/h4>\n<p>Foi no in\u00edcio da tarde desta segunda-feira (22), que o prefeito Alexandre Ferreira anunciou que o carnaval estava oficialmente cancelado em Franca. Atrav\u00e9s das redes sociais o prefeito explicou como chegaram at\u00e9 a decis\u00e3o. &#8220;Atravessamos a pior fase da pandemia neste ano. Todos n\u00f3s sofremos muito, perdemos muitas pessoas, mas com uni\u00e3o estamos vencendo a pandemia. A m\u00e9dia de casos est\u00e1 em menos de 20 por dia e a economia est\u00e1 retomando, j\u00e1 s\u00e3o mais de 10 mil novos empregos na cidade. Depois de tanto sofrimento, ang\u00fastia, dor e esfor\u00e7o n\u00e3o podemos mais correr riscos. O tr\u00e2nsito de outras pessoas de outras cidades aqui para Franca, especialmente nesta fase do carnaval, \u00e9 uma preocupa\u00e7\u00e3o para n\u00f3s. Mesmo com a maior parte da nossa popula\u00e7\u00e3o j\u00e1 com duas doses de vacina, ainda temos que ter prud\u00eancia. Eu respeito a tradi\u00e7\u00e3o, respeito a comunidade do carnaval, mas ainda precisamos de cautela. A Prefeitura n\u00e3o ir\u00e1 realizar eventos de carnaval em 2022&#8221;, explicou.<\/p>\n<p>Ferreira destacou ainda que como a decis\u00e3o \u00e9 pensando na sa\u00fade p\u00fablica, os recursos que seriam para o carnaval ser\u00e3o revertidos para a\u00e7\u00f5es em sa\u00fade. Foi na semana passada que a pol\u00eamica em torno da realiza\u00e7\u00e3o do carnaval teve in\u00edcio em Franca. Alexandre Ferreira afirmou que estava reunindo com outros prefeitos para que fosse uma decis\u00e3o un\u00e2nime entre as cidades, e nesta segunda-feira a decis\u00e3o foi anunciada.<\/p>\n","protected":false},"excerpt":{"rendered":"<p>A fala do presidente vem ap\u00f3s a Prefeitura de Franca anunciar o cancelamento oficial do Carnaval em 2022 Fernando Lima Horas depois do an\u00fancio da Prefeitura<span class=\"excerpt-hellip\"> [\u2026]<\/span><\/p>\n","protected":false},"author":7,"featured_media":21134,"comment_status":"open","ping_status":"open","sticky":false,"template":"","format":"standard","meta":{"_jetpack_memberships_contains_paid_content":false,"footnotes":"","jetpack_publicize_message":"","jetpack_publicize_feature_enabled":true,"jetpack_social_post_already_shared":false,"jetpack_social_options":{"image_generator_settings":{"template":"highway","default_image_id":0,"enabled":false},"version":2}},"categories":[28,81],"tags":[],"class_list":["post-21131","post","type-post","status-publish","format-standard","has-post-thumbnail","hentry","category-cotidiano","category-manchete"],"yoast_head":"<!-- This site is optimized with the Yoast SEO plugin v25.6 - https:\/\/yoast.com\/wordpress\/plugins\/seo\/ -->\n<title>&#039;\u00c9 como se s\u00f3 no carnaval tivesse o problema da Covid&#039;, afirma presidente da Ases do Ritmo - VerdadeOn<\/title>\n<meta name=\"robots\" content=\"index, follow, max-snippet:-1, max-image-preview:large, max-video-preview:-1\" \/>\n<link rel=\"canonical\" href=\"https:\/\/verdadeon.com.br\/portal\/2021\/11\/22\/e-como-se-so-no-carnaval-tivesse-o-problema-da-covid-afirma-presidente-da-ases-do-ritmo\/\" \/>\n<meta property=\"og:locale\" content=\"pt_BR\" \/>\n<meta property=\"og:type\" content=\"article\" \/>\n<meta property=\"og:title\" content=\"&#039;\u00c9 como se s\u00f3 no carnaval tivesse o problema da Covid&#039;, afirma presidente da Ases do Ritmo - VerdadeOn\" \/>\n<meta property=\"og:description\" content=\"A fala do presidente vem ap\u00f3s a Prefeitura de Franca anunciar o cancelamento oficial do Carnaval em 2022 Fernando Lima Horas depois do an\u00fancio da Prefeitura [\u2026]\" \/>\n<meta property=\"og:url\" content=\"https:\/\/verdadeon.com.br\/portal\/2021\/11\/22\/e-como-se-so-no-carnaval-tivesse-o-problema-da-covid-afirma-presidente-da-ases-do-ritmo\/\" \/>\n<meta property=\"og:site_name\" content=\"VerdadeOn\" \/>\n<meta property=\"article:published_time\" content=\"2021-11-22T18:35:33+00:00\" \/>\n<meta property=\"og:image\" content=\"https:\/\/verdadeon.com.br\/portal\/wp-content\/uploads\/2021\/11\/WhatsApp-Image-2021-11-22-at-15.32.05.jpeg\" \/>\n\t<meta property=\"og:image:width\" content=\"1000\" \/>\n\t<meta property=\"og:image:height\" content=\"670\" \/>\n\t<meta property=\"og:image:type\" content=\"image\/jpeg\" \/>\n<meta name=\"author\" content=\"Fernando Lima\" \/>\n<meta name=\"twitter:card\" content=\"summary_large_image\" \/>\n<meta name=\"twitter:label1\" content=\"Escrito por\" \/>\n\t<meta name=\"twitter:data1\" content=\"Fernando Lima\" \/>\n\t<meta name=\"twitter:label2\" content=\"Est. tempo de leitura\" \/>\n\t<meta name=\"twitter:data2\" content=\"3 minutos\" \/>\n<script type=\"application\/ld+json\" class=\"yoast-schema-graph\">{\"@context\":\"https:\/\/schema.org\",\"@graph\":[{\"@type\":\"WebPage\",\"@id\":\"https:\/\/verdadeon.com.br\/portal\/2021\/11\/22\/e-como-se-so-no-carnaval-tivesse-o-problema-da-covid-afirma-presidente-da-ases-do-ritmo\/\",\"url\":\"https:\/\/verdadeon.com.br\/portal\/2021\/11\/22\/e-como-se-so-no-carnaval-tivesse-o-problema-da-covid-afirma-presidente-da-ases-do-ritmo\/\",\"name\":\"'\u00c9 como se s\u00f3 no carnaval tivesse o problema da Covid', afirma presidente da Ases do Ritmo - VerdadeOn\",\"isPartOf\":{\"@id\":\"https:\/\/verdadeon.com.br\/portal\/#website\"},\"primaryImageOfPage\":{\"@id\":\"https:\/\/verdadeon.com.br\/portal\/2021\/11\/22\/e-como-se-so-no-carnaval-tivesse-o-problema-da-covid-afirma-presidente-da-ases-do-ritmo\/#primaryimage\"},\"image\":{\"@id\":\"https:\/\/verdadeon.com.br\/portal\/2021\/11\/22\/e-como-se-so-no-carnaval-tivesse-o-problema-da-covid-afirma-presidente-da-ases-do-ritmo\/#primaryimage\"},\"thumbnailUrl\":\"https:\/\/i0.wp.com\/verdadeon.com.br\/portal\/wp-content\/uploads\/2021\/11\/WhatsApp-Image-2021-11-22-at-15.32.05.jpeg?fit=1000%2C670&ssl=1\",\"datePublished\":\"2021-11-22T18:35:33+00:00\",\"author\":{\"@id\":\"https:\/\/verdadeon.com.br\/portal\/#\/schema\/person\/cc32be22b8e8599387c480bc83e1d11a\"},\"breadcrumb\":{\"@id\":\"https:\/\/verdadeon.com.br\/portal\/2021\/11\/22\/e-como-se-so-no-carnaval-tivesse-o-problema-da-covid-afirma-presidente-da-ases-do-ritmo\/#breadcrumb\"},\"inLanguage\":\"pt-BR\",\"potentialAction\":[{\"@type\":\"ReadAction\",\"target\":[\"https:\/\/verdadeon.com.br\/portal\/2021\/11\/22\/e-como-se-so-no-carnaval-tivesse-o-problema-da-covid-afirma-presidente-da-ases-do-ritmo\/\"]}]},{\"@type\":\"ImageObject\",\"inLanguage\":\"pt-BR\",\"@id\":\"https:\/\/verdadeon.com.br\/portal\/2021\/11\/22\/e-como-se-so-no-carnaval-tivesse-o-problema-da-covid-afirma-presidente-da-ases-do-ritmo\/#primaryimage\",\"url\":\"https:\/\/i0.wp.com\/verdadeon.com.br\/portal\/wp-content\/uploads\/2021\/11\/WhatsApp-Image-2021-11-22-at-15.32.05.jpeg?fit=1000%2C670&ssl=1\",\"contentUrl\":\"https:\/\/i0.wp.com\/verdadeon.com.br\/portal\/wp-content\/uploads\/2021\/11\/WhatsApp-Image-2021-11-22-at-15.32.05.jpeg?fit=1000%2C670&ssl=1\",\"width\":1000,\"height\":670,\"caption\":\"\u00daltimo carnaval realizado em Franca foi em 2020, em frente ao Parque Fernando Costa. Com o cancelamento para o ano que vem, ser\u00e3o dois anos consecutivos sem a festa | Foto: Divulga\u00e7\u00e3o\"},{\"@type\":\"BreadcrumbList\",\"@id\":\"https:\/\/verdadeon.com.br\/portal\/2021\/11\/22\/e-como-se-so-no-carnaval-tivesse-o-problema-da-covid-afirma-presidente-da-ases-do-ritmo\/#breadcrumb\",\"itemListElement\":[{\"@type\":\"ListItem\",\"position\":1,\"name\":\"In\u00edcio\",\"item\":\"https:\/\/verdadeon.com.br\/portal\/\"},{\"@type\":\"ListItem\",\"position\":2,\"name\":\"&#8216;\u00c9 como se s\u00f3 no carnaval tivesse o problema da Covid&#8217;, afirma presidente da Ases do Ritmo\"}]},{\"@type\":\"WebSite\",\"@id\":\"https:\/\/verdadeon.com.br\/portal\/#website\",\"url\":\"https:\/\/verdadeon.com.br\/portal\/\",\"name\":\"VerdadeOn\",\"description\":\"Not\u00edcias di\u00e1rias sobre Franca, Regi\u00e3o, Esporte, Cultura, Cotidiano, Colunas. Cobertura nos principais eventos da cidade \u00e9 aqui - Verdadeon Franca\",\"potentialAction\":[{\"@type\":\"SearchAction\",\"target\":{\"@type\":\"EntryPoint\",\"urlTemplate\":\"https:\/\/verdadeon.com.br\/portal\/?s={search_term_string}\"},\"query-input\":{\"@type\":\"PropertyValueSpecification\",\"valueRequired\":true,\"valueName\":\"search_term_string\"}}],\"inLanguage\":\"pt-BR\"},{\"@type\":\"Person\",\"@id\":\"https:\/\/verdadeon.com.br\/portal\/#\/schema\/person\/cc32be22b8e8599387c480bc83e1d11a\",\"name\":\"Fernando Lima\",\"image\":{\"@type\":\"ImageObject\",\"inLanguage\":\"pt-BR\",\"@id\":\"https:\/\/verdadeon.com.br\/portal\/#\/schema\/person\/image\/\",\"url\":\"https:\/\/secure.gravatar.com\/avatar\/df4c8e132080d2b3a4841d5d232045464e0eed11a1d6e43115ca0843d48768d3?s=96&d=mm&r=g\",\"contentUrl\":\"https:\/\/secure.gravatar.com\/avatar\/df4c8e132080d2b3a4841d5d232045464e0eed11a1d6e43115ca0843d48768d3?s=96&d=mm&r=g\",\"caption\":\"Fernando Lima\"},\"sameAs\":[\"http:\/\/verdadeon.com.br\/\"],\"url\":\"https:\/\/verdadeon.com.br\/portal\/author\/fernando-lima\/\"}]}<\/script>\n<!-- \/ Yoast SEO plugin. -->","yoast_head_json":{"title":"'\u00c9 como se s\u00f3 no carnaval tivesse o problema da Covid', afirma presidente da Ases do Ritmo - VerdadeOn","robots":{"index":"index","follow":"follow","max-snippet":"max-snippet:-1","max-image-preview":"max-image-preview:large","max-video-preview":"max-video-preview:-1"},"canonical":"https:\/\/verdadeon.com.br\/portal\/2021\/11\/22\/e-como-se-so-no-carnaval-tivesse-o-problema-da-covid-afirma-presidente-da-ases-do-ritmo\/","og_locale":"pt_BR","og_type":"article","og_title":"'\u00c9 como se s\u00f3 no carnaval tivesse o problema da Covid', afirma presidente da Ases do Ritmo - VerdadeOn","og_description":"A fala do presidente vem ap\u00f3s a Prefeitura de Franca anunciar o cancelamento oficial do Carnaval em 2022 Fernando Lima Horas depois do an\u00fancio da Prefeitura [\u2026]","og_url":"https:\/\/verdadeon.com.br\/portal\/2021\/11\/22\/e-como-se-so-no-carnaval-tivesse-o-problema-da-covid-afirma-presidente-da-ases-do-ritmo\/","og_site_name":"VerdadeOn","article_published_time":"2021-11-22T18:35:33+00:00","og_image":[{"width":1000,"height":670,"url":"https:\/\/verdadeon.com.br\/portal\/wp-content\/uploads\/2021\/11\/WhatsApp-Image-2021-11-22-at-15.32.05.jpeg","type":"image\/jpeg"}],"author":"Fernando Lima","twitter_card":"summary_large_image","twitter_misc":{"Escrito por":"Fernando Lima","Est. tempo de leitura":"3 minutos"},"schema":{"@context":"https:\/\/schema.org","@graph":[{"@type":"WebPage","@id":"https:\/\/verdadeon.com.br\/portal\/2021\/11\/22\/e-como-se-so-no-carnaval-tivesse-o-problema-da-covid-afirma-presidente-da-ases-do-ritmo\/","url":"https:\/\/verdadeon.com.br\/portal\/2021\/11\/22\/e-como-se-so-no-carnaval-tivesse-o-problema-da-covid-afirma-presidente-da-ases-do-ritmo\/","name":"'\u00c9 como se s\u00f3 no carnaval tivesse o problema da Covid', afirma presidente da Ases do Ritmo - VerdadeOn","isPartOf":{"@id":"https:\/\/verdadeon.com.br\/portal\/#website"},"primaryImageOfPage":{"@id":"https:\/\/verdadeon.com.br\/portal\/2021\/11\/22\/e-como-se-so-no-carnaval-tivesse-o-problema-da-covid-afirma-presidente-da-ases-do-ritmo\/#primaryimage"},"image":{"@id":"https:\/\/verdadeon.com.br\/portal\/2021\/11\/22\/e-como-se-so-no-carnaval-tivesse-o-problema-da-covid-afirma-presidente-da-ases-do-ritmo\/#primaryimage"},"thumbnailUrl":"https:\/\/i0.wp.com\/verdadeon.com.br\/portal\/wp-content\/uploads\/2021\/11\/WhatsApp-Image-2021-11-22-at-15.32.05.jpeg?fit=1000%2C670&ssl=1","datePublished":"2021-11-22T18:35:33+00:00","author":{"@id":"https:\/\/verdadeon.com.br\/portal\/#\/schema\/person\/cc32be22b8e8599387c480bc83e1d11a"},"breadcrumb":{"@id":"https:\/\/verdadeon.com.br\/portal\/2021\/11\/22\/e-como-se-so-no-carnaval-tivesse-o-problema-da-covid-afirma-presidente-da-ases-do-ritmo\/#breadcrumb"},"inLanguage":"pt-BR","potentialAction":[{"@type":"ReadAction","target":["https:\/\/verdadeon.com.br\/portal\/2021\/11\/22\/e-como-se-so-no-carnaval-tivesse-o-problema-da-covid-afirma-presidente-da-ases-do-ritmo\/"]}]},{"@type":"ImageObject","inLanguage":"pt-BR","@id":"https:\/\/verdadeon.com.br\/portal\/2021\/11\/22\/e-como-se-so-no-carnaval-tivesse-o-problema-da-covid-afirma-presidente-da-ases-do-ritmo\/#primaryimage","url":"https:\/\/i0.wp.com\/verdadeon.com.br\/portal\/wp-content\/uploads\/2021\/11\/WhatsApp-Image-2021-11-22-at-15.32.05.jpeg?fit=1000%2C670&ssl=1","contentUrl":"https:\/\/i0.wp.com\/verdadeon.com.br\/portal\/wp-content\/uploads\/2021\/11\/WhatsApp-Image-2021-11-22-at-15.32.05.jpeg?fit=1000%2C670&ssl=1","width":1000,"height":670,"caption":"\u00daltimo carnaval realizado em Franca foi em 2020, em frente ao Parque Fernando Costa. Com o cancelamento para o ano que vem, ser\u00e3o dois anos consecutivos sem a festa | Foto: Divulga\u00e7\u00e3o"},{"@type":"BreadcrumbList","@id":"https:\/\/verdadeon.com.br\/portal\/2021\/11\/22\/e-como-se-so-no-carnaval-tivesse-o-problema-da-covid-afirma-presidente-da-ases-do-ritmo\/#breadcrumb","itemListElement":[{"@type":"ListItem","position":1,"name":"In\u00edcio","item":"https:\/\/verdadeon.com.br\/portal\/"},{"@type":"ListItem","position":2,"name":"&#8216;\u00c9 como se s\u00f3 no carnaval tivesse o problema da Covid&#8217;, afirma presidente da Ases do Ritmo"}]},{"@type":"WebSite","@id":"https:\/\/verdadeon.com.br\/portal\/#website","url":"https:\/\/verdadeon.com.br\/portal\/","name":"VerdadeOn","description":"Not\u00edcias di\u00e1rias sobre Franca, Regi\u00e3o, Esporte, Cultura, Cotidiano, Colunas. Cobertura nos principais eventos da cidade \u00e9 aqui - Verdadeon Franca","potentialAction":[{"@type":"SearchAction","target":{"@type":"EntryPoint","urlTemplate":"https:\/\/verdadeon.com.br\/portal\/?s={search_term_string}"},"query-input":{"@type":"PropertyValueSpecification","valueRequired":true,"valueName":"search_term_string"}}],"inLanguage":"pt-BR"},{"@type":"Person","@id":"https:\/\/verdadeon.com.br\/portal\/#\/schema\/person\/cc32be22b8e8599387c480bc83e1d11a","name":"Fernando Lima","image":{"@type":"ImageObject","inLanguage":"pt-BR","@id":"https:\/\/verdadeon.com.br\/portal\/#\/schema\/person\/image\/","url":"https:\/\/secure.gravatar.com\/avatar\/df4c8e132080d2b3a4841d5d232045464e0eed11a1d6e43115ca0843d48768d3?s=96&d=mm&r=g","contentUrl":"https:\/\/secure.gravatar.com\/avatar\/df4c8e132080d2b3a4841d5d232045464e0eed11a1d6e43115ca0843d48768d3?s=96&d=mm&r=g","caption":"Fernando Lima"},"sameAs":["http:\/\/verdadeon.com.br\/"],"url":"https:\/\/verdadeon.com.br\/portal\/author\/fernando-lima\/"}]}},"jetpack_publicize_connections":[],"jetpack_featured_media_url":"https:\/\/i0.wp.com\/verdadeon.com.br\/portal\/wp-content\/uploads\/2021\/11\/WhatsApp-Image-2021-11-22-at-15.32.05.jpeg?fit=1000%2C670&ssl=1","jetpack_sharing_enabled":true,"_links":{"self":[{"href":"https:\/\/verdadeon.com.br\/portal\/wp-json\/wp\/v2\/posts\/21131","targetHints":{"allow":["GET"]}}],"collection":[{"href":"https:\/\/verdadeon.com.br\/portal\/wp-json\/wp\/v2\/posts"}],"about":[{"href":"https:\/\/verdadeon.com.br\/portal\/wp-json\/wp\/v2\/types\/post"}],"author":[{"embeddable":true,"href":"https:\/\/verdadeon.com.br\/portal\/wp-json\/wp\/v2\/users\/7"}],"replies":[{"embeddable":true,"href":"https:\/\/verdadeon.com.br\/portal\/wp-json\/wp\/v2\/comments?post=21131"}],"version-history":[{"count":0,"href":"https:\/\/verdadeon.com.br\/portal\/wp-json\/wp\/v2\/posts\/21131\/revisions"}],"wp:featuredmedia":[{"embeddable":true,"href":"https:\/\/verdadeon.com.br\/portal\/wp-json\/wp\/v2\/media\/21134"}],"wp:attachment":[{"href":"https:\/\/verdadeon.com.br\/portal\/wp-json\/wp\/v2\/media?parent=21131"}],"wp:term":[{"taxonomy":"category","embeddable":true,"href":"https:\/\/verdadeon.com.br\/portal\/wp-json\/wp\/v2\/categories?post=21131"},{"taxonomy":"post_tag","embeddable":true,"href":"https:\/\/verdadeon.com.br\/portal\/wp-json\/wp\/v2\/tags?post=21131"}],"curies":[{"name":"wp","href":"https:\/\/api.w.org\/{rel}","templated":true}]}}