{"id":21114,"date":"2021-11-20T15:10:08","date_gmt":"2021-11-20T18:10:08","guid":{"rendered":"https:\/\/verdadeon.com.br\/portal\/?p=21114"},"modified":"2021-11-20T08:34:16","modified_gmt":"2021-11-20T11:34:16","slug":"rionegro-e-solimoes-preparam-novo-dvd-com-participacoes-especiais","status":"publish","type":"post","link":"https:\/\/verdadeon.com.br\/portal\/2021\/11\/20\/rionegro-e-solimoes-preparam-novo-dvd-com-participacoes-especiais\/","title":{"rendered":"Rionegro e Solim\u00f5es preparam novo DVD com participa\u00e7\u00f5es especiais"},"content":{"rendered":"<h2>Jorge e Mateus, Henrique e Juliano, al\u00e9m de Gustavo Lima far\u00e3o participa\u00e7\u00f5es especiais na grava\u00e7\u00e3o<\/h2>\n<p>Rionegro e Solim\u00f5es seguem embalados na pr\u00e9-produ\u00e7\u00e3o do seu mais novo DVD, \u201cA Hist\u00f3ria Continua\u201d. O esmero e dedica\u00e7\u00e3o da dupla nesta fase t\u00e3o importante de concretiza\u00e7\u00e3o do projeto carimba e atesta o respeito para com os f\u00e3s e, pensando em saciar um pouquinho a curiosidade deles, os sertanejos revelam os pr\u00f3ximos passos.<\/p>\n<p>O t\u00e3o aguardado momento finalmente j\u00e1 pode ser revelado. As participa\u00e7\u00f5es especiais de Gusttavo Lima, Jorge e Mateus e Henrique e Juliano j\u00e1 est\u00e3o garantidas. \u201cPra n\u00f3s \u00e9 uma honra anunciar esses amigos. Com certeza, eles somar\u00e3o muito no nosso novo produto e vai ser muito divertido dividir o palco com eles\u201d, carimba Rionegro. \u201cSem d\u00favida, eles t\u00eam um talento \u00edmpar e fico muito feliz de estar com eles. Agora, juntos, decidimos quais m\u00fasicas cantaremos\u201d, completa Solim\u00f5es.<\/p>\n<p>\u201cA Hist\u00f3ria Continua\u201d \u00e9 o primeiro DVD da dupla ap\u00f3s um hiato de 18 (dezoito) anos. \u201cO nome n\u00e3o poderia ser diferente. Todo artista precisa dar continuidade a sua hist\u00f3ria atrav\u00e9s de sua obra e \u00e9 exatamente isso que estamos fazendo, continuando a nossa hist\u00f3ria na m\u00fasica sertaneja brasileira\u201d, explica Rionegro. \u201cEstamos na fase final de escolha de repert\u00f3rio e posso confirmar que vem muita moda boa. Em primeira m\u00e3o, adiantando que o show de \u201cA Hist\u00f3ria Continua\u201d ser\u00e1 gravado em Goi\u00e2nia, mais precisamente no espa\u00e7o Dois Ip\u00eas. Escolhemos a cidade por conta dela ser a capital do nosso g\u00eanero e por grandes artistas morarem l\u00e1. Goi\u00e2nia \u00e9 a vanguarda sertaneja\u201d, completa Solim\u00f5es sobre a escolha da cidade.<\/p>\n<p>Os sertanejos preparam modas animadas e dan\u00e7antes, captando as refer\u00eancias do mercado, mas sem perderem a sua ess\u00eancia musical \u2013 calcada no sertanejo raiz e rom\u00e2ntico com letras irreverentes e apaixonadas \u2013 e tamb\u00e9m com pitadas de country music.<\/p>\n<p>Contando com 10 (dez) faixas, que alternar\u00e3o entre in\u00e9ditas e sucessos de carreira, a dupla escalou um time de peso para trabalhar nos bastidores. A dire\u00e7\u00e3o de v\u00eddeo ser\u00e1 assinada por Andr\u00e9 Caverna, da Caverna Filmes, a produ\u00e7\u00e3o musical fica a cargo de uma refer\u00eancia no meio musical: Junior Melo e a produ\u00e7\u00e3o executiva ser\u00e1 comandada pela Mega Produ\u00e7\u00f5es Art\u00edsticas &#8211; Cl\u00e1udio Roberto e Manolo Boaventura.<\/p>\n<p>A grava\u00e7\u00e3o do DVD ser\u00e1 aberta ao p\u00fablico e acontecer\u00e3o as vendas de ingressos para que os f\u00e3s participem desse momento t\u00e3o importante na carreira de Rionegro e Solim\u00f5es. O DVD ser\u00e1 gravado na quarta-feira, dia 8 de dezembro, em Goi\u00e2nia, no espa\u00e7o Dois Ip\u00eas.<\/p>\n","protected":false},"excerpt":{"rendered":"<p>Jorge e Mateus, Henrique e Juliano, al\u00e9m de Gustavo Lima far\u00e3o participa\u00e7\u00f5es especiais na grava\u00e7\u00e3o Rionegro e Solim\u00f5es seguem embalados na pr\u00e9-produ\u00e7\u00e3o do seu mais novo<span class=\"excerpt-hellip\"> [\u2026]<\/span><\/p>\n","protected":false},"author":7,"featured_media":21126,"comment_status":"open","ping_status":"open","sticky":false,"template":"","format":"standard","meta":{"_jetpack_memberships_contains_paid_content":false,"footnotes":"","jetpack_publicize_message":"","jetpack_publicize_feature_enabled":true,"jetpack_social_post_already_shared":false,"jetpack_social_options":{"image_generator_settings":{"template":"highway","default_image_id":0,"enabled":false},"version":2}},"categories":[28,44],"tags":[],"class_list":["post-21114","post","type-post","status-publish","format-standard","has-post-thumbnail","hentry","category-cotidiano","category-noticias"],"yoast_head":"<!-- This site is optimized with the Yoast SEO plugin v25.6 - https:\/\/yoast.com\/wordpress\/plugins\/seo\/ -->\n<title>Rionegro e Solim\u00f5es preparam novo DVD com participa\u00e7\u00f5es especiais - VerdadeOn<\/title>\n<meta name=\"robots\" content=\"index, follow, max-snippet:-1, max-image-preview:large, max-video-preview:-1\" \/>\n<link rel=\"canonical\" href=\"https:\/\/verdadeon.com.br\/portal\/2021\/11\/20\/rionegro-e-solimoes-preparam-novo-dvd-com-participacoes-especiais\/\" \/>\n<meta property=\"og:locale\" content=\"pt_BR\" \/>\n<meta property=\"og:type\" content=\"article\" \/>\n<meta property=\"og:title\" content=\"Rionegro e Solim\u00f5es preparam novo DVD com participa\u00e7\u00f5es especiais - VerdadeOn\" \/>\n<meta property=\"og:description\" content=\"Jorge e Mateus, Henrique e Juliano, al\u00e9m de Gustavo Lima far\u00e3o participa\u00e7\u00f5es especiais na grava\u00e7\u00e3o Rionegro e Solim\u00f5es seguem embalados na pr\u00e9-produ\u00e7\u00e3o do seu mais novo [\u2026]\" \/>\n<meta property=\"og:url\" content=\"https:\/\/verdadeon.com.br\/portal\/2021\/11\/20\/rionegro-e-solimoes-preparam-novo-dvd-com-participacoes-especiais\/\" \/>\n<meta property=\"og:site_name\" content=\"VerdadeOn\" \/>\n<meta property=\"article:published_time\" content=\"2021-11-20T18:10:08+00:00\" \/>\n<meta property=\"og:image\" content=\"https:\/\/verdadeon.com.br\/portal\/wp-content\/uploads\/2021\/11\/RIO-NEGRO-E-SOLIMOES-1024x841-1.jpeg\" \/>\n\t<meta property=\"og:image:width\" content=\"1000\" \/>\n\t<meta property=\"og:image:height\" content=\"670\" \/>\n\t<meta property=\"og:image:type\" content=\"image\/jpeg\" \/>\n<meta name=\"author\" content=\"Fernando Lima\" \/>\n<meta name=\"twitter:card\" content=\"summary_large_image\" \/>\n<meta name=\"twitter:label1\" content=\"Escrito por\" \/>\n\t<meta name=\"twitter:data1\" content=\"Fernando Lima\" \/>\n\t<meta name=\"twitter:label2\" content=\"Est. tempo de leitura\" \/>\n\t<meta name=\"twitter:data2\" content=\"2 minutos\" \/>\n<script type=\"application\/ld+json\" class=\"yoast-schema-graph\">{\"@context\":\"https:\/\/schema.org\",\"@graph\":[{\"@type\":\"WebPage\",\"@id\":\"https:\/\/verdadeon.com.br\/portal\/2021\/11\/20\/rionegro-e-solimoes-preparam-novo-dvd-com-participacoes-especiais\/\",\"url\":\"https:\/\/verdadeon.com.br\/portal\/2021\/11\/20\/rionegro-e-solimoes-preparam-novo-dvd-com-participacoes-especiais\/\",\"name\":\"Rionegro e Solim\u00f5es preparam novo DVD com participa\u00e7\u00f5es especiais - VerdadeOn\",\"isPartOf\":{\"@id\":\"https:\/\/verdadeon.com.br\/portal\/#website\"},\"primaryImageOfPage\":{\"@id\":\"https:\/\/verdadeon.com.br\/portal\/2021\/11\/20\/rionegro-e-solimoes-preparam-novo-dvd-com-participacoes-especiais\/#primaryimage\"},\"image\":{\"@id\":\"https:\/\/verdadeon.com.br\/portal\/2021\/11\/20\/rionegro-e-solimoes-preparam-novo-dvd-com-participacoes-especiais\/#primaryimage\"},\"thumbnailUrl\":\"https:\/\/i0.wp.com\/verdadeon.com.br\/portal\/wp-content\/uploads\/2021\/11\/RIO-NEGRO-E-SOLIMOES-1024x841-1.jpeg?fit=1000%2C670&ssl=1\",\"datePublished\":\"2021-11-20T18:10:08+00:00\",\"author\":{\"@id\":\"https:\/\/verdadeon.com.br\/portal\/#\/schema\/person\/cc32be22b8e8599387c480bc83e1d11a\"},\"breadcrumb\":{\"@id\":\"https:\/\/verdadeon.com.br\/portal\/2021\/11\/20\/rionegro-e-solimoes-preparam-novo-dvd-com-participacoes-especiais\/#breadcrumb\"},\"inLanguage\":\"pt-BR\",\"potentialAction\":[{\"@type\":\"ReadAction\",\"target\":[\"https:\/\/verdadeon.com.br\/portal\/2021\/11\/20\/rionegro-e-solimoes-preparam-novo-dvd-com-participacoes-especiais\/\"]}]},{\"@type\":\"ImageObject\",\"inLanguage\":\"pt-BR\",\"@id\":\"https:\/\/verdadeon.com.br\/portal\/2021\/11\/20\/rionegro-e-solimoes-preparam-novo-dvd-com-participacoes-especiais\/#primaryimage\",\"url\":\"https:\/\/i0.wp.com\/verdadeon.com.br\/portal\/wp-content\/uploads\/2021\/11\/RIO-NEGRO-E-SOLIMOES-1024x841-1.jpeg?fit=1000%2C670&ssl=1\",\"contentUrl\":\"https:\/\/i0.wp.com\/verdadeon.com.br\/portal\/wp-content\/uploads\/2021\/11\/RIO-NEGRO-E-SOLIMOES-1024x841-1.jpeg?fit=1000%2C670&ssl=1\",\"width\":1000,\"height\":670,\"caption\":\"Dupla que mora em Franca est\u00e1 h\u00e1 18 anos sem lan\u00e7ar um projeto igual a este. Grava\u00e7\u00e3o ser\u00e1 no dia 8 de dezembro | Foto: Divulga\u00e7\u00e3o\"},{\"@type\":\"BreadcrumbList\",\"@id\":\"https:\/\/verdadeon.com.br\/portal\/2021\/11\/20\/rionegro-e-solimoes-preparam-novo-dvd-com-participacoes-especiais\/#breadcrumb\",\"itemListElement\":[{\"@type\":\"ListItem\",\"position\":1,\"name\":\"In\u00edcio\",\"item\":\"https:\/\/verdadeon.com.br\/portal\/\"},{\"@type\":\"ListItem\",\"position\":2,\"name\":\"Rionegro e Solim\u00f5es preparam novo DVD com participa\u00e7\u00f5es especiais\"}]},{\"@type\":\"WebSite\",\"@id\":\"https:\/\/verdadeon.com.br\/portal\/#website\",\"url\":\"https:\/\/verdadeon.com.br\/portal\/\",\"name\":\"VerdadeOn\",\"description\":\"Not\u00edcias di\u00e1rias sobre Franca, Regi\u00e3o, Esporte, Cultura, Cotidiano, Colunas. Cobertura nos principais eventos da cidade \u00e9 aqui - Verdadeon Franca\",\"potentialAction\":[{\"@type\":\"SearchAction\",\"target\":{\"@type\":\"EntryPoint\",\"urlTemplate\":\"https:\/\/verdadeon.com.br\/portal\/?s={search_term_string}\"},\"query-input\":{\"@type\":\"PropertyValueSpecification\",\"valueRequired\":true,\"valueName\":\"search_term_string\"}}],\"inLanguage\":\"pt-BR\"},{\"@type\":\"Person\",\"@id\":\"https:\/\/verdadeon.com.br\/portal\/#\/schema\/person\/cc32be22b8e8599387c480bc83e1d11a\",\"name\":\"Fernando Lima\",\"image\":{\"@type\":\"ImageObject\",\"inLanguage\":\"pt-BR\",\"@id\":\"https:\/\/verdadeon.com.br\/portal\/#\/schema\/person\/image\/\",\"url\":\"https:\/\/secure.gravatar.com\/avatar\/df4c8e132080d2b3a4841d5d232045464e0eed11a1d6e43115ca0843d48768d3?s=96&d=mm&r=g\",\"contentUrl\":\"https:\/\/secure.gravatar.com\/avatar\/df4c8e132080d2b3a4841d5d232045464e0eed11a1d6e43115ca0843d48768d3?s=96&d=mm&r=g\",\"caption\":\"Fernando Lima\"},\"sameAs\":[\"http:\/\/verdadeon.com.br\/\"],\"url\":\"https:\/\/verdadeon.com.br\/portal\/author\/fernando-lima\/\"}]}<\/script>\n<!-- \/ Yoast SEO plugin. -->","yoast_head_json":{"title":"Rionegro e Solim\u00f5es preparam novo DVD com participa\u00e7\u00f5es especiais - VerdadeOn","robots":{"index":"index","follow":"follow","max-snippet":"max-snippet:-1","max-image-preview":"max-image-preview:large","max-video-preview":"max-video-preview:-1"},"canonical":"https:\/\/verdadeon.com.br\/portal\/2021\/11\/20\/rionegro-e-solimoes-preparam-novo-dvd-com-participacoes-especiais\/","og_locale":"pt_BR","og_type":"article","og_title":"Rionegro e Solim\u00f5es preparam novo DVD com participa\u00e7\u00f5es especiais - VerdadeOn","og_description":"Jorge e Mateus, Henrique e Juliano, al\u00e9m de Gustavo Lima far\u00e3o participa\u00e7\u00f5es especiais na grava\u00e7\u00e3o Rionegro e Solim\u00f5es seguem embalados na pr\u00e9-produ\u00e7\u00e3o do seu mais novo [\u2026]","og_url":"https:\/\/verdadeon.com.br\/portal\/2021\/11\/20\/rionegro-e-solimoes-preparam-novo-dvd-com-participacoes-especiais\/","og_site_name":"VerdadeOn","article_published_time":"2021-11-20T18:10:08+00:00","og_image":[{"width":1000,"height":670,"url":"https:\/\/verdadeon.com.br\/portal\/wp-content\/uploads\/2021\/11\/RIO-NEGRO-E-SOLIMOES-1024x841-1.jpeg","type":"image\/jpeg"}],"author":"Fernando Lima","twitter_card":"summary_large_image","twitter_misc":{"Escrito por":"Fernando Lima","Est. tempo de leitura":"2 minutos"},"schema":{"@context":"https:\/\/schema.org","@graph":[{"@type":"WebPage","@id":"https:\/\/verdadeon.com.br\/portal\/2021\/11\/20\/rionegro-e-solimoes-preparam-novo-dvd-com-participacoes-especiais\/","url":"https:\/\/verdadeon.com.br\/portal\/2021\/11\/20\/rionegro-e-solimoes-preparam-novo-dvd-com-participacoes-especiais\/","name":"Rionegro e Solim\u00f5es preparam novo DVD com participa\u00e7\u00f5es especiais - VerdadeOn","isPartOf":{"@id":"https:\/\/verdadeon.com.br\/portal\/#website"},"primaryImageOfPage":{"@id":"https:\/\/verdadeon.com.br\/portal\/2021\/11\/20\/rionegro-e-solimoes-preparam-novo-dvd-com-participacoes-especiais\/#primaryimage"},"image":{"@id":"https:\/\/verdadeon.com.br\/portal\/2021\/11\/20\/rionegro-e-solimoes-preparam-novo-dvd-com-participacoes-especiais\/#primaryimage"},"thumbnailUrl":"https:\/\/i0.wp.com\/verdadeon.com.br\/portal\/wp-content\/uploads\/2021\/11\/RIO-NEGRO-E-SOLIMOES-1024x841-1.jpeg?fit=1000%2C670&ssl=1","datePublished":"2021-11-20T18:10:08+00:00","author":{"@id":"https:\/\/verdadeon.com.br\/portal\/#\/schema\/person\/cc32be22b8e8599387c480bc83e1d11a"},"breadcrumb":{"@id":"https:\/\/verdadeon.com.br\/portal\/2021\/11\/20\/rionegro-e-solimoes-preparam-novo-dvd-com-participacoes-especiais\/#breadcrumb"},"inLanguage":"pt-BR","potentialAction":[{"@type":"ReadAction","target":["https:\/\/verdadeon.com.br\/portal\/2021\/11\/20\/rionegro-e-solimoes-preparam-novo-dvd-com-participacoes-especiais\/"]}]},{"@type":"ImageObject","inLanguage":"pt-BR","@id":"https:\/\/verdadeon.com.br\/portal\/2021\/11\/20\/rionegro-e-solimoes-preparam-novo-dvd-com-participacoes-especiais\/#primaryimage","url":"https:\/\/i0.wp.com\/verdadeon.com.br\/portal\/wp-content\/uploads\/2021\/11\/RIO-NEGRO-E-SOLIMOES-1024x841-1.jpeg?fit=1000%2C670&ssl=1","contentUrl":"https:\/\/i0.wp.com\/verdadeon.com.br\/portal\/wp-content\/uploads\/2021\/11\/RIO-NEGRO-E-SOLIMOES-1024x841-1.jpeg?fit=1000%2C670&ssl=1","width":1000,"height":670,"caption":"Dupla que mora em Franca est\u00e1 h\u00e1 18 anos sem lan\u00e7ar um projeto igual a este. Grava\u00e7\u00e3o ser\u00e1 no dia 8 de dezembro | Foto: Divulga\u00e7\u00e3o"},{"@type":"BreadcrumbList","@id":"https:\/\/verdadeon.com.br\/portal\/2021\/11\/20\/rionegro-e-solimoes-preparam-novo-dvd-com-participacoes-especiais\/#breadcrumb","itemListElement":[{"@type":"ListItem","position":1,"name":"In\u00edcio","item":"https:\/\/verdadeon.com.br\/portal\/"},{"@type":"ListItem","position":2,"name":"Rionegro e Solim\u00f5es preparam novo DVD com participa\u00e7\u00f5es especiais"}]},{"@type":"WebSite","@id":"https:\/\/verdadeon.com.br\/portal\/#website","url":"https:\/\/verdadeon.com.br\/portal\/","name":"VerdadeOn","description":"Not\u00edcias di\u00e1rias sobre Franca, Regi\u00e3o, Esporte, Cultura, Cotidiano, Colunas. Cobertura nos principais eventos da cidade \u00e9 aqui - Verdadeon Franca","potentialAction":[{"@type":"SearchAction","target":{"@type":"EntryPoint","urlTemplate":"https:\/\/verdadeon.com.br\/portal\/?s={search_term_string}"},"query-input":{"@type":"PropertyValueSpecification","valueRequired":true,"valueName":"search_term_string"}}],"inLanguage":"pt-BR"},{"@type":"Person","@id":"https:\/\/verdadeon.com.br\/portal\/#\/schema\/person\/cc32be22b8e8599387c480bc83e1d11a","name":"Fernando Lima","image":{"@type":"ImageObject","inLanguage":"pt-BR","@id":"https:\/\/verdadeon.com.br\/portal\/#\/schema\/person\/image\/","url":"https:\/\/secure.gravatar.com\/avatar\/df4c8e132080d2b3a4841d5d232045464e0eed11a1d6e43115ca0843d48768d3?s=96&d=mm&r=g","contentUrl":"https:\/\/secure.gravatar.com\/avatar\/df4c8e132080d2b3a4841d5d232045464e0eed11a1d6e43115ca0843d48768d3?s=96&d=mm&r=g","caption":"Fernando Lima"},"sameAs":["http:\/\/verdadeon.com.br\/"],"url":"https:\/\/verdadeon.com.br\/portal\/author\/fernando-lima\/"}]}},"jetpack_publicize_connections":[],"jetpack_featured_media_url":"https:\/\/i0.wp.com\/verdadeon.com.br\/portal\/wp-content\/uploads\/2021\/11\/RIO-NEGRO-E-SOLIMOES-1024x841-1.jpeg?fit=1000%2C670&ssl=1","jetpack_sharing_enabled":true,"_links":{"self":[{"href":"https:\/\/verdadeon.com.br\/portal\/wp-json\/wp\/v2\/posts\/21114","targetHints":{"allow":["GET"]}}],"collection":[{"href":"https:\/\/verdadeon.com.br\/portal\/wp-json\/wp\/v2\/posts"}],"about":[{"href":"https:\/\/verdadeon.com.br\/portal\/wp-json\/wp\/v2\/types\/post"}],"author":[{"embeddable":true,"href":"https:\/\/verdadeon.com.br\/portal\/wp-json\/wp\/v2\/users\/7"}],"replies":[{"embeddable":true,"href":"https:\/\/verdadeon.com.br\/portal\/wp-json\/wp\/v2\/comments?post=21114"}],"version-history":[{"count":0,"href":"https:\/\/verdadeon.com.br\/portal\/wp-json\/wp\/v2\/posts\/21114\/revisions"}],"wp:featuredmedia":[{"embeddable":true,"href":"https:\/\/verdadeon.com.br\/portal\/wp-json\/wp\/v2\/media\/21126"}],"wp:attachment":[{"href":"https:\/\/verdadeon.com.br\/portal\/wp-json\/wp\/v2\/media?parent=21114"}],"wp:term":[{"taxonomy":"category","embeddable":true,"href":"https:\/\/verdadeon.com.br\/portal\/wp-json\/wp\/v2\/categories?post=21114"},{"taxonomy":"post_tag","embeddable":true,"href":"https:\/\/verdadeon.com.br\/portal\/wp-json\/wp\/v2\/tags?post=21114"}],"curies":[{"name":"wp","href":"https:\/\/api.w.org\/{rel}","templated":true}]}}