{"id":21104,"date":"2021-11-20T13:00:20","date_gmt":"2021-11-20T16:00:20","guid":{"rendered":"https:\/\/verdadeon.com.br\/portal\/?p=21104"},"modified":"2021-11-19T19:22:38","modified_gmt":"2021-11-19T22:22:38","slug":"camara-de-franca-realiza-segunda-votacao-da-lei-orcamentaria-anual-loa","status":"publish","type":"post","link":"https:\/\/verdadeon.com.br\/portal\/2021\/11\/20\/camara-de-franca-realiza-segunda-votacao-da-lei-orcamentaria-anual-loa\/","title":{"rendered":"C\u00e2mara de Franca realiza segunda vota\u00e7\u00e3o da Lei Or\u00e7ament\u00e1ria Anual (LOA)"},"content":{"rendered":"<h2>Mat\u00e9ria j\u00e1 foi aprovada pelos vereadores em primeiro turno na \u00faltima ter\u00e7a-feira (16)<\/h2>\n<p>A C\u00e2mara Municipal de Franca realiza na pr\u00f3xima ter\u00e7a-feira (23), a segunda vota\u00e7\u00e3o da Lei Or\u00e7ament\u00e1ria Anual (LOA), que disp\u00f5e sobre o Or\u00e7amento Fiscal, estimando a receita e fixando a despesa do Munic\u00edpio para o exerc\u00edcio de 2022. O texto \u00e9 de autoria do prefeito Alexandre Ferreira (MDB).<\/p>\n<p>A proposta estima a receita e fixa a despesa em R$ 1.041.955.356,54 (um bilh\u00e3o, quarenta e um milh\u00f5es, novecentos e cinquenta e cinco mil, trezentos e cinquenta e seis reais e cinquenta e quatro centavos), inclu\u00eddos os recursos pr\u00f3prios das autarquias e da funda\u00e7\u00e3o.<\/p>\n<p>De acordo com a Prefeitura, o texto segue conforme estabelece a Constitui\u00e7\u00e3o Federal, Constitui\u00e7\u00e3o Estadual, Lei Org\u00e2nica do Munic\u00edpio de Franca, Lei Federal Complementar n\u00ba 101\/2000 e Lei Federal n\u00ba 4.320\/64, que constituem as fontes orientadoras deste procedimento.\u00a0\u201cA receita prevista para o exerc\u00edcio de 2022 foi estimada com base no hist\u00f3rico de arrecada\u00e7\u00e3o, considerando as atualiza\u00e7\u00f5es monet\u00e1rias, inclusive do crescente aumento da infla\u00e7\u00e3o, do crescimento vegetativo e do crescimento real, nas perspectivas de incremento \u00e0 arrecada\u00e7\u00e3o de outras naturezas, e ainda as expectativas de recursos de conv\u00eanios com a Uni\u00e3o e Estado\u201d, esclarece Alexandre Ferreira.<\/p>\n<p>A mat\u00e9ria segue tr\u00e2mite com rito especial com Ordem do Dia reservada exclusivamente \u00e0 discuss\u00e3o e vota\u00e7\u00e3o, em segundo turno, das mat\u00e9rias or\u00e7ament\u00e1rias \u2013 artigo 223, \u00a7 4\u00ba, do Regimento Interno (Resolu\u00e7\u00e3o n\u00ba 560\/2016).<\/p>\n","protected":false},"excerpt":{"rendered":"<p>Mat\u00e9ria j\u00e1 foi aprovada pelos vereadores em primeiro turno na \u00faltima ter\u00e7a-feira (16) A C\u00e2mara Municipal de Franca realiza na pr\u00f3xima ter\u00e7a-feira (23), a segunda vota\u00e7\u00e3o<span class=\"excerpt-hellip\"> [\u2026]<\/span><\/p>\n","protected":false},"author":7,"featured_media":21106,"comment_status":"open","ping_status":"open","sticky":false,"template":"","format":"standard","meta":{"_jetpack_memberships_contains_paid_content":false,"footnotes":"","jetpack_publicize_message":"","jetpack_publicize_feature_enabled":true,"jetpack_social_post_already_shared":false,"jetpack_social_options":{"image_generator_settings":{"template":"highway","default_image_id":0,"enabled":false},"version":2}},"categories":[28,81],"tags":[],"class_list":["post-21104","post","type-post","status-publish","format-standard","has-post-thumbnail","hentry","category-cotidiano","category-manchete"],"yoast_head":"<!-- This site is optimized with the Yoast SEO plugin v25.6 - https:\/\/yoast.com\/wordpress\/plugins\/seo\/ -->\n<title>C\u00e2mara de Franca realiza segunda vota\u00e7\u00e3o da Lei Or\u00e7ament\u00e1ria Anual (LOA) - VerdadeOn<\/title>\n<meta name=\"robots\" content=\"index, follow, max-snippet:-1, max-image-preview:large, max-video-preview:-1\" \/>\n<link rel=\"canonical\" href=\"https:\/\/verdadeon.com.br\/portal\/2021\/11\/20\/camara-de-franca-realiza-segunda-votacao-da-lei-orcamentaria-anual-loa\/\" \/>\n<meta property=\"og:locale\" content=\"pt_BR\" \/>\n<meta property=\"og:type\" content=\"article\" \/>\n<meta property=\"og:title\" content=\"C\u00e2mara de Franca realiza segunda vota\u00e7\u00e3o da Lei Or\u00e7ament\u00e1ria Anual (LOA) - VerdadeOn\" \/>\n<meta property=\"og:description\" content=\"Mat\u00e9ria j\u00e1 foi aprovada pelos vereadores em primeiro turno na \u00faltima ter\u00e7a-feira (16) A C\u00e2mara Municipal de Franca realiza na pr\u00f3xima ter\u00e7a-feira (23), a segunda vota\u00e7\u00e3o [\u2026]\" \/>\n<meta property=\"og:url\" content=\"https:\/\/verdadeon.com.br\/portal\/2021\/11\/20\/camara-de-franca-realiza-segunda-votacao-da-lei-orcamentaria-anual-loa\/\" \/>\n<meta property=\"og:site_name\" content=\"VerdadeOn\" \/>\n<meta property=\"article:published_time\" content=\"2021-11-20T16:00:20+00:00\" \/>\n<meta property=\"og:image\" content=\"https:\/\/verdadeon.com.br\/portal\/wp-content\/uploads\/2021\/11\/WhatsApp-Image-2021-11-19-at-19.16.54.jpeg\" \/>\n\t<meta property=\"og:image:width\" content=\"1000\" \/>\n\t<meta property=\"og:image:height\" content=\"670\" \/>\n\t<meta property=\"og:image:type\" content=\"image\/jpeg\" \/>\n<meta name=\"author\" content=\"Fernando Lima\" \/>\n<meta name=\"twitter:card\" content=\"summary_large_image\" \/>\n<meta name=\"twitter:label1\" content=\"Escrito por\" \/>\n\t<meta name=\"twitter:data1\" content=\"Fernando Lima\" \/>\n\t<meta name=\"twitter:label2\" content=\"Est. tempo de leitura\" \/>\n\t<meta name=\"twitter:data2\" content=\"2 minutos\" \/>\n<script type=\"application\/ld+json\" class=\"yoast-schema-graph\">{\"@context\":\"https:\/\/schema.org\",\"@graph\":[{\"@type\":\"WebPage\",\"@id\":\"https:\/\/verdadeon.com.br\/portal\/2021\/11\/20\/camara-de-franca-realiza-segunda-votacao-da-lei-orcamentaria-anual-loa\/\",\"url\":\"https:\/\/verdadeon.com.br\/portal\/2021\/11\/20\/camara-de-franca-realiza-segunda-votacao-da-lei-orcamentaria-anual-loa\/\",\"name\":\"C\u00e2mara de Franca realiza segunda vota\u00e7\u00e3o da Lei Or\u00e7ament\u00e1ria Anual (LOA) - VerdadeOn\",\"isPartOf\":{\"@id\":\"https:\/\/verdadeon.com.br\/portal\/#website\"},\"primaryImageOfPage\":{\"@id\":\"https:\/\/verdadeon.com.br\/portal\/2021\/11\/20\/camara-de-franca-realiza-segunda-votacao-da-lei-orcamentaria-anual-loa\/#primaryimage\"},\"image\":{\"@id\":\"https:\/\/verdadeon.com.br\/portal\/2021\/11\/20\/camara-de-franca-realiza-segunda-votacao-da-lei-orcamentaria-anual-loa\/#primaryimage\"},\"thumbnailUrl\":\"https:\/\/i0.wp.com\/verdadeon.com.br\/portal\/wp-content\/uploads\/2021\/11\/WhatsApp-Image-2021-11-19-at-19.16.54.jpeg?fit=1000%2C670&ssl=1\",\"datePublished\":\"2021-11-20T16:00:20+00:00\",\"author\":{\"@id\":\"https:\/\/verdadeon.com.br\/portal\/#\/schema\/person\/cc32be22b8e8599387c480bc83e1d11a\"},\"breadcrumb\":{\"@id\":\"https:\/\/verdadeon.com.br\/portal\/2021\/11\/20\/camara-de-franca-realiza-segunda-votacao-da-lei-orcamentaria-anual-loa\/#breadcrumb\"},\"inLanguage\":\"pt-BR\",\"potentialAction\":[{\"@type\":\"ReadAction\",\"target\":[\"https:\/\/verdadeon.com.br\/portal\/2021\/11\/20\/camara-de-franca-realiza-segunda-votacao-da-lei-orcamentaria-anual-loa\/\"]}]},{\"@type\":\"ImageObject\",\"inLanguage\":\"pt-BR\",\"@id\":\"https:\/\/verdadeon.com.br\/portal\/2021\/11\/20\/camara-de-franca-realiza-segunda-votacao-da-lei-orcamentaria-anual-loa\/#primaryimage\",\"url\":\"https:\/\/i0.wp.com\/verdadeon.com.br\/portal\/wp-content\/uploads\/2021\/11\/WhatsApp-Image-2021-11-19-at-19.16.54.jpeg?fit=1000%2C670&ssl=1\",\"contentUrl\":\"https:\/\/i0.wp.com\/verdadeon.com.br\/portal\/wp-content\/uploads\/2021\/11\/WhatsApp-Image-2021-11-19-at-19.16.54.jpeg?fit=1000%2C670&ssl=1\",\"width\":1000,\"height\":670,\"caption\":\"Popula\u00e7\u00e3o pode acompanhar sess\u00e3o atrav\u00e9s das redes sociais, da TV C\u00e2mara e tamb\u00e9m pessoalmente no Plen\u00e1rio da Casa | Foto: Divulga\u00e7\u00e3o\"},{\"@type\":\"BreadcrumbList\",\"@id\":\"https:\/\/verdadeon.com.br\/portal\/2021\/11\/20\/camara-de-franca-realiza-segunda-votacao-da-lei-orcamentaria-anual-loa\/#breadcrumb\",\"itemListElement\":[{\"@type\":\"ListItem\",\"position\":1,\"name\":\"In\u00edcio\",\"item\":\"https:\/\/verdadeon.com.br\/portal\/\"},{\"@type\":\"ListItem\",\"position\":2,\"name\":\"C\u00e2mara de Franca realiza segunda vota\u00e7\u00e3o da Lei Or\u00e7ament\u00e1ria Anual (LOA)\"}]},{\"@type\":\"WebSite\",\"@id\":\"https:\/\/verdadeon.com.br\/portal\/#website\",\"url\":\"https:\/\/verdadeon.com.br\/portal\/\",\"name\":\"VerdadeOn\",\"description\":\"Not\u00edcias di\u00e1rias sobre Franca, Regi\u00e3o, Esporte, Cultura, Cotidiano, Colunas. Cobertura nos principais eventos da cidade \u00e9 aqui - Verdadeon Franca\",\"potentialAction\":[{\"@type\":\"SearchAction\",\"target\":{\"@type\":\"EntryPoint\",\"urlTemplate\":\"https:\/\/verdadeon.com.br\/portal\/?s={search_term_string}\"},\"query-input\":{\"@type\":\"PropertyValueSpecification\",\"valueRequired\":true,\"valueName\":\"search_term_string\"}}],\"inLanguage\":\"pt-BR\"},{\"@type\":\"Person\",\"@id\":\"https:\/\/verdadeon.com.br\/portal\/#\/schema\/person\/cc32be22b8e8599387c480bc83e1d11a\",\"name\":\"Fernando Lima\",\"image\":{\"@type\":\"ImageObject\",\"inLanguage\":\"pt-BR\",\"@id\":\"https:\/\/verdadeon.com.br\/portal\/#\/schema\/person\/image\/\",\"url\":\"https:\/\/secure.gravatar.com\/avatar\/df4c8e132080d2b3a4841d5d232045464e0eed11a1d6e43115ca0843d48768d3?s=96&d=mm&r=g\",\"contentUrl\":\"https:\/\/secure.gravatar.com\/avatar\/df4c8e132080d2b3a4841d5d232045464e0eed11a1d6e43115ca0843d48768d3?s=96&d=mm&r=g\",\"caption\":\"Fernando Lima\"},\"sameAs\":[\"http:\/\/verdadeon.com.br\/\"],\"url\":\"https:\/\/verdadeon.com.br\/portal\/author\/fernando-lima\/\"}]}<\/script>\n<!-- \/ Yoast SEO plugin. -->","yoast_head_json":{"title":"C\u00e2mara de Franca realiza segunda vota\u00e7\u00e3o da Lei Or\u00e7ament\u00e1ria Anual (LOA) - VerdadeOn","robots":{"index":"index","follow":"follow","max-snippet":"max-snippet:-1","max-image-preview":"max-image-preview:large","max-video-preview":"max-video-preview:-1"},"canonical":"https:\/\/verdadeon.com.br\/portal\/2021\/11\/20\/camara-de-franca-realiza-segunda-votacao-da-lei-orcamentaria-anual-loa\/","og_locale":"pt_BR","og_type":"article","og_title":"C\u00e2mara de Franca realiza segunda vota\u00e7\u00e3o da Lei Or\u00e7ament\u00e1ria Anual (LOA) - VerdadeOn","og_description":"Mat\u00e9ria j\u00e1 foi aprovada pelos vereadores em primeiro turno na \u00faltima ter\u00e7a-feira (16) A C\u00e2mara Municipal de Franca realiza na pr\u00f3xima ter\u00e7a-feira (23), a segunda vota\u00e7\u00e3o [\u2026]","og_url":"https:\/\/verdadeon.com.br\/portal\/2021\/11\/20\/camara-de-franca-realiza-segunda-votacao-da-lei-orcamentaria-anual-loa\/","og_site_name":"VerdadeOn","article_published_time":"2021-11-20T16:00:20+00:00","og_image":[{"width":1000,"height":670,"url":"https:\/\/verdadeon.com.br\/portal\/wp-content\/uploads\/2021\/11\/WhatsApp-Image-2021-11-19-at-19.16.54.jpeg","type":"image\/jpeg"}],"author":"Fernando Lima","twitter_card":"summary_large_image","twitter_misc":{"Escrito por":"Fernando Lima","Est. tempo de leitura":"2 minutos"},"schema":{"@context":"https:\/\/schema.org","@graph":[{"@type":"WebPage","@id":"https:\/\/verdadeon.com.br\/portal\/2021\/11\/20\/camara-de-franca-realiza-segunda-votacao-da-lei-orcamentaria-anual-loa\/","url":"https:\/\/verdadeon.com.br\/portal\/2021\/11\/20\/camara-de-franca-realiza-segunda-votacao-da-lei-orcamentaria-anual-loa\/","name":"C\u00e2mara de Franca realiza segunda vota\u00e7\u00e3o da Lei Or\u00e7ament\u00e1ria Anual (LOA) - VerdadeOn","isPartOf":{"@id":"https:\/\/verdadeon.com.br\/portal\/#website"},"primaryImageOfPage":{"@id":"https:\/\/verdadeon.com.br\/portal\/2021\/11\/20\/camara-de-franca-realiza-segunda-votacao-da-lei-orcamentaria-anual-loa\/#primaryimage"},"image":{"@id":"https:\/\/verdadeon.com.br\/portal\/2021\/11\/20\/camara-de-franca-realiza-segunda-votacao-da-lei-orcamentaria-anual-loa\/#primaryimage"},"thumbnailUrl":"https:\/\/i0.wp.com\/verdadeon.com.br\/portal\/wp-content\/uploads\/2021\/11\/WhatsApp-Image-2021-11-19-at-19.16.54.jpeg?fit=1000%2C670&ssl=1","datePublished":"2021-11-20T16:00:20+00:00","author":{"@id":"https:\/\/verdadeon.com.br\/portal\/#\/schema\/person\/cc32be22b8e8599387c480bc83e1d11a"},"breadcrumb":{"@id":"https:\/\/verdadeon.com.br\/portal\/2021\/11\/20\/camara-de-franca-realiza-segunda-votacao-da-lei-orcamentaria-anual-loa\/#breadcrumb"},"inLanguage":"pt-BR","potentialAction":[{"@type":"ReadAction","target":["https:\/\/verdadeon.com.br\/portal\/2021\/11\/20\/camara-de-franca-realiza-segunda-votacao-da-lei-orcamentaria-anual-loa\/"]}]},{"@type":"ImageObject","inLanguage":"pt-BR","@id":"https:\/\/verdadeon.com.br\/portal\/2021\/11\/20\/camara-de-franca-realiza-segunda-votacao-da-lei-orcamentaria-anual-loa\/#primaryimage","url":"https:\/\/i0.wp.com\/verdadeon.com.br\/portal\/wp-content\/uploads\/2021\/11\/WhatsApp-Image-2021-11-19-at-19.16.54.jpeg?fit=1000%2C670&ssl=1","contentUrl":"https:\/\/i0.wp.com\/verdadeon.com.br\/portal\/wp-content\/uploads\/2021\/11\/WhatsApp-Image-2021-11-19-at-19.16.54.jpeg?fit=1000%2C670&ssl=1","width":1000,"height":670,"caption":"Popula\u00e7\u00e3o pode acompanhar sess\u00e3o atrav\u00e9s das redes sociais, da TV C\u00e2mara e tamb\u00e9m pessoalmente no Plen\u00e1rio da Casa | Foto: Divulga\u00e7\u00e3o"},{"@type":"BreadcrumbList","@id":"https:\/\/verdadeon.com.br\/portal\/2021\/11\/20\/camara-de-franca-realiza-segunda-votacao-da-lei-orcamentaria-anual-loa\/#breadcrumb","itemListElement":[{"@type":"ListItem","position":1,"name":"In\u00edcio","item":"https:\/\/verdadeon.com.br\/portal\/"},{"@type":"ListItem","position":2,"name":"C\u00e2mara de Franca realiza segunda vota\u00e7\u00e3o da Lei Or\u00e7ament\u00e1ria Anual (LOA)"}]},{"@type":"WebSite","@id":"https:\/\/verdadeon.com.br\/portal\/#website","url":"https:\/\/verdadeon.com.br\/portal\/","name":"VerdadeOn","description":"Not\u00edcias di\u00e1rias sobre Franca, Regi\u00e3o, Esporte, Cultura, Cotidiano, Colunas. Cobertura nos principais eventos da cidade \u00e9 aqui - Verdadeon Franca","potentialAction":[{"@type":"SearchAction","target":{"@type":"EntryPoint","urlTemplate":"https:\/\/verdadeon.com.br\/portal\/?s={search_term_string}"},"query-input":{"@type":"PropertyValueSpecification","valueRequired":true,"valueName":"search_term_string"}}],"inLanguage":"pt-BR"},{"@type":"Person","@id":"https:\/\/verdadeon.com.br\/portal\/#\/schema\/person\/cc32be22b8e8599387c480bc83e1d11a","name":"Fernando Lima","image":{"@type":"ImageObject","inLanguage":"pt-BR","@id":"https:\/\/verdadeon.com.br\/portal\/#\/schema\/person\/image\/","url":"https:\/\/secure.gravatar.com\/avatar\/df4c8e132080d2b3a4841d5d232045464e0eed11a1d6e43115ca0843d48768d3?s=96&d=mm&r=g","contentUrl":"https:\/\/secure.gravatar.com\/avatar\/df4c8e132080d2b3a4841d5d232045464e0eed11a1d6e43115ca0843d48768d3?s=96&d=mm&r=g","caption":"Fernando Lima"},"sameAs":["http:\/\/verdadeon.com.br\/"],"url":"https:\/\/verdadeon.com.br\/portal\/author\/fernando-lima\/"}]}},"jetpack_publicize_connections":[],"jetpack_featured_media_url":"https:\/\/i0.wp.com\/verdadeon.com.br\/portal\/wp-content\/uploads\/2021\/11\/WhatsApp-Image-2021-11-19-at-19.16.54.jpeg?fit=1000%2C670&ssl=1","jetpack_sharing_enabled":true,"_links":{"self":[{"href":"https:\/\/verdadeon.com.br\/portal\/wp-json\/wp\/v2\/posts\/21104","targetHints":{"allow":["GET"]}}],"collection":[{"href":"https:\/\/verdadeon.com.br\/portal\/wp-json\/wp\/v2\/posts"}],"about":[{"href":"https:\/\/verdadeon.com.br\/portal\/wp-json\/wp\/v2\/types\/post"}],"author":[{"embeddable":true,"href":"https:\/\/verdadeon.com.br\/portal\/wp-json\/wp\/v2\/users\/7"}],"replies":[{"embeddable":true,"href":"https:\/\/verdadeon.com.br\/portal\/wp-json\/wp\/v2\/comments?post=21104"}],"version-history":[{"count":0,"href":"https:\/\/verdadeon.com.br\/portal\/wp-json\/wp\/v2\/posts\/21104\/revisions"}],"wp:featuredmedia":[{"embeddable":true,"href":"https:\/\/verdadeon.com.br\/portal\/wp-json\/wp\/v2\/media\/21106"}],"wp:attachment":[{"href":"https:\/\/verdadeon.com.br\/portal\/wp-json\/wp\/v2\/media?parent=21104"}],"wp:term":[{"taxonomy":"category","embeddable":true,"href":"https:\/\/verdadeon.com.br\/portal\/wp-json\/wp\/v2\/categories?post=21104"},{"taxonomy":"post_tag","embeddable":true,"href":"https:\/\/verdadeon.com.br\/portal\/wp-json\/wp\/v2\/tags?post=21104"}],"curies":[{"name":"wp","href":"https:\/\/api.w.org\/{rel}","templated":true}]}}