{"id":21060,"date":"2021-11-18T16:54:36","date_gmt":"2021-11-18T19:54:36","guid":{"rendered":"https:\/\/verdadeon.com.br\/portal\/?p=21060"},"modified":"2021-11-18T16:54:36","modified_gmt":"2021-11-18T19:54:36","slug":"dono-de-sitio-e-multado-por-destruir-areas-de-vegetacao","status":"publish","type":"post","link":"https:\/\/verdadeon.com.br\/portal\/2021\/11\/18\/dono-de-sitio-e-multado-por-destruir-areas-de-vegetacao\/","title":{"rendered":"Dono de s\u00edtio \u00e9 multado por destruir \u00e1reas de vegeta\u00e7\u00e3o"},"content":{"rendered":"<h2>Ocorr\u00eancia foi registrada pela Pol\u00edcia Ambiental na zona rural de Buritizal, na regi\u00e3o de Franca<\/h2>\n<p>A Policia Militar Ambiental flagrou uma infra\u00e7\u00e3o ao meio ambiente, em um s\u00edtio da rural do munic\u00edpio de Buritizal. De acordo com os policiais, durante a fiscaliza\u00e7\u00e3o por meios virtuais, foi verificada grandes altera\u00e7\u00f5es na vegeta\u00e7\u00e3o de um maci\u00e7o florestal, onde foram destru\u00eddas tr\u00eas \u00e1reas, somando 0,47 hectares de vegeta\u00e7\u00e3o nativa do bioma cerrado, em est\u00e1gio m\u00e9dio de regenera\u00e7\u00e3o, fora de APP e fora de Reserva Legal. A atividade ilegal foi comprovada atrav\u00e9s de imagens hist\u00f3ricas de sat\u00e9lites.<\/p>\n<p>&#8220;Diante dos fatos, o propriet\u00e1rio foi autuado administrativamente, em raz\u00e3o da infra\u00e7\u00e3o tipificada no art. 49 da Resolu\u00e7\u00e3o SIMA-05\/21, por destruir 0,047 ha de vegeta\u00e7\u00e3o nativa em est\u00e1gio m\u00e9dio de regenera\u00e7\u00e3o, mediante supress\u00e3o em objeto especial preserva\u00e7\u00e3o, sem autoriza\u00e7\u00e3o da Autoridade Ambiental Competente, cuja san\u00e7\u00e3o \u00e9 multa simples no valor de R$ 3.290&#8221;, informou a ambiental.<\/p>\n<p>Ainda de acordo com eles, o autuado tomou ci\u00eancia quanto ao atendimento Ambiental, que foi agendado para o dia 10\/03\/2022, e a\u00a0 \u00e1rea alvo da autua\u00e7\u00e3o foi embargada. &#8220;Cabe salientar que, em tese o infrator tamb\u00e9m cometeu crime de acordo o Art. 50 da Lei Federal n\u00ba 9.605\/98. Por\u00e9m, seguindo orienta\u00e7\u00e3o institucional, a ocorr\u00eancia ser\u00e1 encaminhada via of\u00edcio a Pol\u00edcia Judici\u00e1ria para provid\u00eancias cab\u00edveis&#8221;, finalizou.<\/p>\n<h4>Rifaina<\/h4>\n<p>Ainda na regi\u00e3o de Franca, durante policiamento n\u00e1utico pelo reservat\u00f3rio da Usina Jaguara, a equipe da Pol\u00edcia Ambiental abordou uma embarca\u00e7\u00e3o onde havia um pescador amador que havia praticado pesca subaqu\u00e1tica e capturado 8,9 kg de pescados da esp\u00e9cie til\u00e1pia e tucunar\u00e9.<br \/>\nQuestionado a respeito do Per\u00edodo de Piracema onde a pesca subaqu\u00e1tica est\u00e1 proibida, o mesmo informou que n\u00e3o tinham conhecimento da proibi\u00e7\u00e3o. Diante do fato o pescador foi autuado por pescar em per\u00edodo no qual a pesca seja proibida, sendo infringido tamb\u00e9m o artigo 35 Caput da Resolu\u00e7\u00e3o SIMA 05\/21 e infringindo o artigo 34 da lei federal 9605\/98, lei dos crimes ambientais onde os fatos ser\u00e3o encaminhados via of\u00edcio a autoridade de Pol\u00edcia Civil do munic\u00edpio.<\/p>\n","protected":false},"excerpt":{"rendered":"<p>Ocorr\u00eancia foi registrada pela Pol\u00edcia Ambiental na zona rural de Buritizal, na regi\u00e3o de Franca A Policia Militar Ambiental flagrou uma infra\u00e7\u00e3o ao meio ambiente, em<span class=\"excerpt-hellip\"> [\u2026]<\/span><\/p>\n","protected":false},"author":7,"featured_media":21061,"comment_status":"open","ping_status":"open","sticky":false,"template":"","format":"standard","meta":{"_jetpack_memberships_contains_paid_content":false,"footnotes":"","jetpack_publicize_message":"","jetpack_publicize_feature_enabled":true,"jetpack_social_post_already_shared":false,"jetpack_social_options":{"image_generator_settings":{"template":"highway","default_image_id":0,"enabled":false},"version":2}},"categories":[28,81],"tags":[],"class_list":["post-21060","post","type-post","status-publish","format-standard","has-post-thumbnail","hentry","category-cotidiano","category-manchete"],"yoast_head":"<!-- This site is optimized with the Yoast SEO plugin v25.6 - https:\/\/yoast.com\/wordpress\/plugins\/seo\/ -->\n<title>Dono de s\u00edtio \u00e9 multado por destruir \u00e1reas de vegeta\u00e7\u00e3o - VerdadeOn<\/title>\n<meta name=\"robots\" content=\"index, follow, max-snippet:-1, max-image-preview:large, max-video-preview:-1\" \/>\n<link rel=\"canonical\" href=\"https:\/\/verdadeon.com.br\/portal\/2021\/11\/18\/dono-de-sitio-e-multado-por-destruir-areas-de-vegetacao\/\" \/>\n<meta property=\"og:locale\" content=\"pt_BR\" \/>\n<meta property=\"og:type\" content=\"article\" \/>\n<meta property=\"og:title\" content=\"Dono de s\u00edtio \u00e9 multado por destruir \u00e1reas de vegeta\u00e7\u00e3o - VerdadeOn\" \/>\n<meta property=\"og:description\" content=\"Ocorr\u00eancia foi registrada pela Pol\u00edcia Ambiental na zona rural de Buritizal, na regi\u00e3o de Franca A Policia Militar Ambiental flagrou uma infra\u00e7\u00e3o ao meio ambiente, em [\u2026]\" \/>\n<meta property=\"og:url\" content=\"https:\/\/verdadeon.com.br\/portal\/2021\/11\/18\/dono-de-sitio-e-multado-por-destruir-areas-de-vegetacao\/\" \/>\n<meta property=\"og:site_name\" content=\"VerdadeOn\" \/>\n<meta property=\"article:published_time\" content=\"2021-11-18T19:54:36+00:00\" \/>\n<meta property=\"og:image\" content=\"https:\/\/verdadeon.com.br\/portal\/wp-content\/uploads\/2021\/11\/WhatsApp-Image-2021-11-18-at-10.50.30-e1637265189912.jpeg\" \/>\n\t<meta property=\"og:image:width\" content=\"1000\" \/>\n\t<meta property=\"og:image:height\" content=\"669\" \/>\n\t<meta property=\"og:image:type\" content=\"image\/jpeg\" \/>\n<meta name=\"author\" content=\"Fernando Lima\" \/>\n<meta name=\"twitter:card\" content=\"summary_large_image\" \/>\n<meta name=\"twitter:label1\" content=\"Escrito por\" \/>\n\t<meta name=\"twitter:data1\" content=\"Fernando Lima\" \/>\n\t<meta name=\"twitter:label2\" content=\"Est. tempo de leitura\" \/>\n\t<meta name=\"twitter:data2\" content=\"2 minutos\" \/>\n<script type=\"application\/ld+json\" class=\"yoast-schema-graph\">{\"@context\":\"https:\/\/schema.org\",\"@graph\":[{\"@type\":\"WebPage\",\"@id\":\"https:\/\/verdadeon.com.br\/portal\/2021\/11\/18\/dono-de-sitio-e-multado-por-destruir-areas-de-vegetacao\/\",\"url\":\"https:\/\/verdadeon.com.br\/portal\/2021\/11\/18\/dono-de-sitio-e-multado-por-destruir-areas-de-vegetacao\/\",\"name\":\"Dono de s\u00edtio \u00e9 multado por destruir \u00e1reas de vegeta\u00e7\u00e3o - VerdadeOn\",\"isPartOf\":{\"@id\":\"https:\/\/verdadeon.com.br\/portal\/#website\"},\"primaryImageOfPage\":{\"@id\":\"https:\/\/verdadeon.com.br\/portal\/2021\/11\/18\/dono-de-sitio-e-multado-por-destruir-areas-de-vegetacao\/#primaryimage\"},\"image\":{\"@id\":\"https:\/\/verdadeon.com.br\/portal\/2021\/11\/18\/dono-de-sitio-e-multado-por-destruir-areas-de-vegetacao\/#primaryimage\"},\"thumbnailUrl\":\"https:\/\/i0.wp.com\/verdadeon.com.br\/portal\/wp-content\/uploads\/2021\/11\/WhatsApp-Image-2021-11-18-at-10.50.30-e1637265189912.jpeg?fit=1000%2C669&ssl=1\",\"datePublished\":\"2021-11-18T19:54:36+00:00\",\"author\":{\"@id\":\"https:\/\/verdadeon.com.br\/portal\/#\/schema\/person\/cc32be22b8e8599387c480bc83e1d11a\"},\"breadcrumb\":{\"@id\":\"https:\/\/verdadeon.com.br\/portal\/2021\/11\/18\/dono-de-sitio-e-multado-por-destruir-areas-de-vegetacao\/#breadcrumb\"},\"inLanguage\":\"pt-BR\",\"potentialAction\":[{\"@type\":\"ReadAction\",\"target\":[\"https:\/\/verdadeon.com.br\/portal\/2021\/11\/18\/dono-de-sitio-e-multado-por-destruir-areas-de-vegetacao\/\"]}]},{\"@type\":\"ImageObject\",\"inLanguage\":\"pt-BR\",\"@id\":\"https:\/\/verdadeon.com.br\/portal\/2021\/11\/18\/dono-de-sitio-e-multado-por-destruir-areas-de-vegetacao\/#primaryimage\",\"url\":\"https:\/\/i0.wp.com\/verdadeon.com.br\/portal\/wp-content\/uploads\/2021\/11\/WhatsApp-Image-2021-11-18-at-10.50.30-e1637265189912.jpeg?fit=1000%2C669&ssl=1\",\"contentUrl\":\"https:\/\/i0.wp.com\/verdadeon.com.br\/portal\/wp-content\/uploads\/2021\/11\/WhatsApp-Image-2021-11-18-at-10.50.30-e1637265189912.jpeg?fit=1000%2C669&ssl=1\",\"width\":1000,\"height\":669,\"caption\":\"O dono do s\u00edtio foi multado em mais de R$3 mil, fiscaliza\u00e7\u00e3o foi feita atrav\u00e9s de sat\u00e9lites | Foto: Pol\u00edcia Ambiental\"},{\"@type\":\"BreadcrumbList\",\"@id\":\"https:\/\/verdadeon.com.br\/portal\/2021\/11\/18\/dono-de-sitio-e-multado-por-destruir-areas-de-vegetacao\/#breadcrumb\",\"itemListElement\":[{\"@type\":\"ListItem\",\"position\":1,\"name\":\"In\u00edcio\",\"item\":\"https:\/\/verdadeon.com.br\/portal\/\"},{\"@type\":\"ListItem\",\"position\":2,\"name\":\"Dono de s\u00edtio \u00e9 multado por destruir \u00e1reas de vegeta\u00e7\u00e3o\"}]},{\"@type\":\"WebSite\",\"@id\":\"https:\/\/verdadeon.com.br\/portal\/#website\",\"url\":\"https:\/\/verdadeon.com.br\/portal\/\",\"name\":\"VerdadeOn\",\"description\":\"Not\u00edcias di\u00e1rias sobre Franca, Regi\u00e3o, Esporte, Cultura, Cotidiano, Colunas. Cobertura nos principais eventos da cidade \u00e9 aqui - Verdadeon Franca\",\"potentialAction\":[{\"@type\":\"SearchAction\",\"target\":{\"@type\":\"EntryPoint\",\"urlTemplate\":\"https:\/\/verdadeon.com.br\/portal\/?s={search_term_string}\"},\"query-input\":{\"@type\":\"PropertyValueSpecification\",\"valueRequired\":true,\"valueName\":\"search_term_string\"}}],\"inLanguage\":\"pt-BR\"},{\"@type\":\"Person\",\"@id\":\"https:\/\/verdadeon.com.br\/portal\/#\/schema\/person\/cc32be22b8e8599387c480bc83e1d11a\",\"name\":\"Fernando Lima\",\"image\":{\"@type\":\"ImageObject\",\"inLanguage\":\"pt-BR\",\"@id\":\"https:\/\/verdadeon.com.br\/portal\/#\/schema\/person\/image\/\",\"url\":\"https:\/\/secure.gravatar.com\/avatar\/df4c8e132080d2b3a4841d5d232045464e0eed11a1d6e43115ca0843d48768d3?s=96&d=mm&r=g\",\"contentUrl\":\"https:\/\/secure.gravatar.com\/avatar\/df4c8e132080d2b3a4841d5d232045464e0eed11a1d6e43115ca0843d48768d3?s=96&d=mm&r=g\",\"caption\":\"Fernando Lima\"},\"sameAs\":[\"http:\/\/verdadeon.com.br\/\"],\"url\":\"https:\/\/verdadeon.com.br\/portal\/author\/fernando-lima\/\"}]}<\/script>\n<!-- \/ Yoast SEO plugin. -->","yoast_head_json":{"title":"Dono de s\u00edtio \u00e9 multado por destruir \u00e1reas de vegeta\u00e7\u00e3o - VerdadeOn","robots":{"index":"index","follow":"follow","max-snippet":"max-snippet:-1","max-image-preview":"max-image-preview:large","max-video-preview":"max-video-preview:-1"},"canonical":"https:\/\/verdadeon.com.br\/portal\/2021\/11\/18\/dono-de-sitio-e-multado-por-destruir-areas-de-vegetacao\/","og_locale":"pt_BR","og_type":"article","og_title":"Dono de s\u00edtio \u00e9 multado por destruir \u00e1reas de vegeta\u00e7\u00e3o - VerdadeOn","og_description":"Ocorr\u00eancia foi registrada pela Pol\u00edcia Ambiental na zona rural de Buritizal, na regi\u00e3o de Franca A Policia Militar Ambiental flagrou uma infra\u00e7\u00e3o ao meio ambiente, em [\u2026]","og_url":"https:\/\/verdadeon.com.br\/portal\/2021\/11\/18\/dono-de-sitio-e-multado-por-destruir-areas-de-vegetacao\/","og_site_name":"VerdadeOn","article_published_time":"2021-11-18T19:54:36+00:00","og_image":[{"width":1000,"height":669,"url":"https:\/\/verdadeon.com.br\/portal\/wp-content\/uploads\/2021\/11\/WhatsApp-Image-2021-11-18-at-10.50.30-e1637265189912.jpeg","type":"image\/jpeg"}],"author":"Fernando Lima","twitter_card":"summary_large_image","twitter_misc":{"Escrito por":"Fernando Lima","Est. tempo de leitura":"2 minutos"},"schema":{"@context":"https:\/\/schema.org","@graph":[{"@type":"WebPage","@id":"https:\/\/verdadeon.com.br\/portal\/2021\/11\/18\/dono-de-sitio-e-multado-por-destruir-areas-de-vegetacao\/","url":"https:\/\/verdadeon.com.br\/portal\/2021\/11\/18\/dono-de-sitio-e-multado-por-destruir-areas-de-vegetacao\/","name":"Dono de s\u00edtio \u00e9 multado por destruir \u00e1reas de vegeta\u00e7\u00e3o - VerdadeOn","isPartOf":{"@id":"https:\/\/verdadeon.com.br\/portal\/#website"},"primaryImageOfPage":{"@id":"https:\/\/verdadeon.com.br\/portal\/2021\/11\/18\/dono-de-sitio-e-multado-por-destruir-areas-de-vegetacao\/#primaryimage"},"image":{"@id":"https:\/\/verdadeon.com.br\/portal\/2021\/11\/18\/dono-de-sitio-e-multado-por-destruir-areas-de-vegetacao\/#primaryimage"},"thumbnailUrl":"https:\/\/i0.wp.com\/verdadeon.com.br\/portal\/wp-content\/uploads\/2021\/11\/WhatsApp-Image-2021-11-18-at-10.50.30-e1637265189912.jpeg?fit=1000%2C669&ssl=1","datePublished":"2021-11-18T19:54:36+00:00","author":{"@id":"https:\/\/verdadeon.com.br\/portal\/#\/schema\/person\/cc32be22b8e8599387c480bc83e1d11a"},"breadcrumb":{"@id":"https:\/\/verdadeon.com.br\/portal\/2021\/11\/18\/dono-de-sitio-e-multado-por-destruir-areas-de-vegetacao\/#breadcrumb"},"inLanguage":"pt-BR","potentialAction":[{"@type":"ReadAction","target":["https:\/\/verdadeon.com.br\/portal\/2021\/11\/18\/dono-de-sitio-e-multado-por-destruir-areas-de-vegetacao\/"]}]},{"@type":"ImageObject","inLanguage":"pt-BR","@id":"https:\/\/verdadeon.com.br\/portal\/2021\/11\/18\/dono-de-sitio-e-multado-por-destruir-areas-de-vegetacao\/#primaryimage","url":"https:\/\/i0.wp.com\/verdadeon.com.br\/portal\/wp-content\/uploads\/2021\/11\/WhatsApp-Image-2021-11-18-at-10.50.30-e1637265189912.jpeg?fit=1000%2C669&ssl=1","contentUrl":"https:\/\/i0.wp.com\/verdadeon.com.br\/portal\/wp-content\/uploads\/2021\/11\/WhatsApp-Image-2021-11-18-at-10.50.30-e1637265189912.jpeg?fit=1000%2C669&ssl=1","width":1000,"height":669,"caption":"O dono do s\u00edtio foi multado em mais de R$3 mil, fiscaliza\u00e7\u00e3o foi feita atrav\u00e9s de sat\u00e9lites | Foto: Pol\u00edcia Ambiental"},{"@type":"BreadcrumbList","@id":"https:\/\/verdadeon.com.br\/portal\/2021\/11\/18\/dono-de-sitio-e-multado-por-destruir-areas-de-vegetacao\/#breadcrumb","itemListElement":[{"@type":"ListItem","position":1,"name":"In\u00edcio","item":"https:\/\/verdadeon.com.br\/portal\/"},{"@type":"ListItem","position":2,"name":"Dono de s\u00edtio \u00e9 multado por destruir \u00e1reas de vegeta\u00e7\u00e3o"}]},{"@type":"WebSite","@id":"https:\/\/verdadeon.com.br\/portal\/#website","url":"https:\/\/verdadeon.com.br\/portal\/","name":"VerdadeOn","description":"Not\u00edcias di\u00e1rias sobre Franca, Regi\u00e3o, Esporte, Cultura, Cotidiano, Colunas. Cobertura nos principais eventos da cidade \u00e9 aqui - Verdadeon Franca","potentialAction":[{"@type":"SearchAction","target":{"@type":"EntryPoint","urlTemplate":"https:\/\/verdadeon.com.br\/portal\/?s={search_term_string}"},"query-input":{"@type":"PropertyValueSpecification","valueRequired":true,"valueName":"search_term_string"}}],"inLanguage":"pt-BR"},{"@type":"Person","@id":"https:\/\/verdadeon.com.br\/portal\/#\/schema\/person\/cc32be22b8e8599387c480bc83e1d11a","name":"Fernando Lima","image":{"@type":"ImageObject","inLanguage":"pt-BR","@id":"https:\/\/verdadeon.com.br\/portal\/#\/schema\/person\/image\/","url":"https:\/\/secure.gravatar.com\/avatar\/df4c8e132080d2b3a4841d5d232045464e0eed11a1d6e43115ca0843d48768d3?s=96&d=mm&r=g","contentUrl":"https:\/\/secure.gravatar.com\/avatar\/df4c8e132080d2b3a4841d5d232045464e0eed11a1d6e43115ca0843d48768d3?s=96&d=mm&r=g","caption":"Fernando Lima"},"sameAs":["http:\/\/verdadeon.com.br\/"],"url":"https:\/\/verdadeon.com.br\/portal\/author\/fernando-lima\/"}]}},"jetpack_publicize_connections":[],"jetpack_featured_media_url":"https:\/\/i0.wp.com\/verdadeon.com.br\/portal\/wp-content\/uploads\/2021\/11\/WhatsApp-Image-2021-11-18-at-10.50.30-e1637265189912.jpeg?fit=1000%2C669&ssl=1","jetpack_sharing_enabled":true,"_links":{"self":[{"href":"https:\/\/verdadeon.com.br\/portal\/wp-json\/wp\/v2\/posts\/21060","targetHints":{"allow":["GET"]}}],"collection":[{"href":"https:\/\/verdadeon.com.br\/portal\/wp-json\/wp\/v2\/posts"}],"about":[{"href":"https:\/\/verdadeon.com.br\/portal\/wp-json\/wp\/v2\/types\/post"}],"author":[{"embeddable":true,"href":"https:\/\/verdadeon.com.br\/portal\/wp-json\/wp\/v2\/users\/7"}],"replies":[{"embeddable":true,"href":"https:\/\/verdadeon.com.br\/portal\/wp-json\/wp\/v2\/comments?post=21060"}],"version-history":[{"count":0,"href":"https:\/\/verdadeon.com.br\/portal\/wp-json\/wp\/v2\/posts\/21060\/revisions"}],"wp:featuredmedia":[{"embeddable":true,"href":"https:\/\/verdadeon.com.br\/portal\/wp-json\/wp\/v2\/media\/21061"}],"wp:attachment":[{"href":"https:\/\/verdadeon.com.br\/portal\/wp-json\/wp\/v2\/media?parent=21060"}],"wp:term":[{"taxonomy":"category","embeddable":true,"href":"https:\/\/verdadeon.com.br\/portal\/wp-json\/wp\/v2\/categories?post=21060"},{"taxonomy":"post_tag","embeddable":true,"href":"https:\/\/verdadeon.com.br\/portal\/wp-json\/wp\/v2\/tags?post=21060"}],"curies":[{"name":"wp","href":"https:\/\/api.w.org\/{rel}","templated":true}]}}