{"id":21035,"date":"2021-11-16T13:36:12","date_gmt":"2021-11-16T16:36:12","guid":{"rendered":"https:\/\/verdadeon.com.br\/portal\/?p=21035"},"modified":"2021-11-16T19:39:40","modified_gmt":"2021-11-16T22:39:40","slug":"papai-noel-e-sua-turma-percorrem-mais-de-50-ruas-de-franca","status":"publish","type":"post","link":"https:\/\/verdadeon.com.br\/portal\/2021\/11\/16\/papai-noel-e-sua-turma-percorrem-mais-de-50-ruas-de-franca\/","title":{"rendered":"Papai Noel e sua turma percorrem mais de 50 ruas de Franca"},"content":{"rendered":"<h2>Iniciativa \u00e9 a 1\u00aa etapa do projeto Natal da Esperan\u00e7a, parceria entre ACIF e Prefeitura Municipal<\/h2>\n<p>&nbsp;<\/p>\n<p>A ACIF (Associa\u00e7\u00e3o do Com\u00e9rcio e Ind\u00fastria de Franca) e a Prefeitura Municipal de Franca iniciaram nesta segunda-feira, 15, a primeira etapa do projeto Natal da Esperan\u00e7a com um desfile tem\u00e1tico protagonizado pelo Papai Noel, Mam\u00e3e Noel e seus duendes cantores. Por mais de 6 horas, mais de 50 ruas da cidade foram percorridas pelo \u201ctren\u00f3-el\u00e9trico\u201d que fez seis paradas em espa\u00e7os p\u00fablicos para que a popula\u00e7\u00e3o pudesse assistir a esquetes musicais com can\u00e7\u00f5es do imagin\u00e1rio popular, como \u201cNoite Feliz\u201d, \u201cAlegria de Natal\u201d, \u201cBate o Sino\u201d e \u201cAleluia\u201d.<\/p>\n<p>\u201cEstamos muito felizes pela chegada do Papai Noel\u201d, disse o prefeito Alexandre Ferreira sobre o projeto. \u201cNosso Natal \u00e9 um Natal de Esperan\u00e7a, mudan\u00e7a, um Natal que vai trazer para n\u00f3s muitos empregos, muita alegria e, principalmente, a esperan\u00e7a de um ano novo muito forte e bem estruturado para que possamos fazer a economia crescer e a cidade grande e forte, como ela sempre foi\u201d, completou.<\/p>\n<p>\u201cEste \u00e9 um projeto importante para a gera\u00e7\u00e3o de emprego e renda. Ser\u00e3o, aproximadamente, 3 mil vagas abertas neste natal de esperan\u00e7a, que vem chancelar a movimenta\u00e7\u00e3o econ\u00f4mica da nossa cidade\u201d, disse o presidente da ACIF, Tarciso B\u00f4tto.<\/p>\n<p>O \u201ctren\u00f3-el\u00e9trico\u201d saiu do Centro de Franca \u00e0s 17h40 desta segunda-feira ap\u00f3s a apresenta\u00e7\u00e3o de Noel e sua turma e seguiu com destino \u00e0 pra\u00e7a do Jardim Brasil\u00e2ndia, na Zona Leste, onde tamb\u00e9m fez parada para a esquete musical. Receberam o espet\u00e1culo, na sequ\u00eancia, o Centro Comunit\u00e1rio do Jardim Aeroporto I, a UBS da Vila S\u00e3o Sebasti\u00e3o, o Poliesportivo do Parque Vicente Leporace e, por fim, o espa\u00e7o ao lado da Igreja S\u00e3o Crispim, no City Petr\u00f3polis.<\/p>\n<p>\u201cAchei a apresenta\u00e7\u00e3o maravilhosa\u201d, disse a espectadora Paloma Rocha, que estava acompanhada por seu filho e marido. \u201cAgora, estamos esperando a ilumina\u00e7\u00e3o de Natal. Fiquei decepcionada no ano em que n\u00e3o teve. N\u00e3o s\u00f3 eu, mas as crian\u00e7as tamb\u00e9m ficam na expectativa para esse in\u00edcio de Natal\u201d, completou. A pequena Ana Beatriz Cintra Eleut\u00e9rio, de 9 anos, tamb\u00e9m disse ter gostado da apresenta\u00e7\u00e3o. \u201cEu achei muito legal! Eu gosto de ver o Papai Noel\u201d, contou.<\/p>\n<p>Os esquetes musicais contaram com o elenco art\u00edstico formado por Beto Filho, Priscila Cubero, Paula de Nicola, Daniela Nunes, Geisla Barbosa, Let\u00edcia de Nicola, Andr\u00e9 Ricardo, Michael Coimbra e Fernando Diniz, com dire\u00e7\u00e3o do maestro Nazir Bittar.<\/p>\n<p>&nbsp;<\/p>\n<p><strong>Sobre o Natal da Esperan\u00e7a<\/strong><\/p>\n<p>O desfile do Papai Noel \u00e9 parte do projeto \u2018Natal da Esperan\u00e7a\u2019 que prev\u00ea, ainda, ilumina\u00e7\u00e3o decorativa e Casas do Papai Noel em todas as regi\u00f5es da cidade,<\/p>\n<p>com abertura \u00e0 visita\u00e7\u00e3o da popula\u00e7\u00e3o, de forma gratuita.<\/p>\n<p>A iniciativa \u00e9 uma parceria ACIF e Prefeitura de Franca firmada via Termo de Colabora\u00e7\u00e3o. No dia 27 de outubro, o prefeito Alexandre Ferreira assinou a Lei n\u00ba 9.086 de 2021 em prol do projeto, ap\u00f3s aprova\u00e7\u00e3o da C\u00e2mara Municipal de Franca.<\/p>\n","protected":false},"excerpt":{"rendered":"<p>Iniciativa \u00e9 a 1\u00aa etapa do projeto Natal da Esperan\u00e7a, parceria entre ACIF e Prefeitura Municipal &nbsp; A ACIF (Associa\u00e7\u00e3o do Com\u00e9rcio e Ind\u00fastria de Franca)<span class=\"excerpt-hellip\"> [\u2026]<\/span><\/p>\n","protected":false},"author":4,"featured_media":21036,"comment_status":"open","ping_status":"open","sticky":false,"template":"","format":"standard","meta":{"_jetpack_memberships_contains_paid_content":false,"footnotes":"","jetpack_publicize_message":"","jetpack_publicize_feature_enabled":true,"jetpack_social_post_already_shared":false,"jetpack_social_options":{"image_generator_settings":{"template":"highway","default_image_id":0,"enabled":false},"version":2}},"categories":[28,44],"tags":[],"class_list":["post-21035","post","type-post","status-publish","format-standard","has-post-thumbnail","hentry","category-cotidiano","category-noticias"],"yoast_head":"<!-- This site is optimized with the Yoast SEO plugin v25.6 - https:\/\/yoast.com\/wordpress\/plugins\/seo\/ -->\n<title>Papai Noel e sua turma percorrem mais de 50 ruas de Franca - VerdadeOn<\/title>\n<meta name=\"robots\" content=\"index, follow, max-snippet:-1, max-image-preview:large, max-video-preview:-1\" \/>\n<link rel=\"canonical\" href=\"https:\/\/verdadeon.com.br\/portal\/2021\/11\/16\/papai-noel-e-sua-turma-percorrem-mais-de-50-ruas-de-franca\/\" \/>\n<meta property=\"og:locale\" content=\"pt_BR\" \/>\n<meta property=\"og:type\" content=\"article\" \/>\n<meta property=\"og:title\" content=\"Papai Noel e sua turma percorrem mais de 50 ruas de Franca - VerdadeOn\" \/>\n<meta property=\"og:description\" content=\"Iniciativa \u00e9 a 1\u00aa etapa do projeto Natal da Esperan\u00e7a, parceria entre ACIF e Prefeitura Municipal &nbsp; A ACIF (Associa\u00e7\u00e3o do Com\u00e9rcio e Ind\u00fastria de Franca) [\u2026]\" \/>\n<meta property=\"og:url\" content=\"https:\/\/verdadeon.com.br\/portal\/2021\/11\/16\/papai-noel-e-sua-turma-percorrem-mais-de-50-ruas-de-franca\/\" \/>\n<meta property=\"og:site_name\" content=\"VerdadeOn\" \/>\n<meta property=\"article:published_time\" content=\"2021-11-16T16:36:12+00:00\" \/>\n<meta property=\"article:modified_time\" content=\"2021-11-16T22:39:40+00:00\" \/>\n<meta property=\"og:image\" content=\"https:\/\/verdadeon.com.br\/portal\/wp-content\/uploads\/2021\/11\/WhatsApp-Image-2021-11-15-at-21.48.37-3.jpeg\" \/>\n\t<meta property=\"og:image:width\" content=\"1000\" \/>\n\t<meta property=\"og:image:height\" content=\"670\" \/>\n\t<meta property=\"og:image:type\" content=\"image\/jpeg\" \/>\n<meta name=\"author\" content=\"Fernando Calixto\" \/>\n<meta name=\"twitter:card\" content=\"summary_large_image\" \/>\n<meta name=\"twitter:label1\" content=\"Escrito por\" \/>\n\t<meta name=\"twitter:data1\" content=\"Fernando Calixto\" \/>\n\t<meta name=\"twitter:label2\" content=\"Est. tempo de leitura\" \/>\n\t<meta name=\"twitter:data2\" content=\"3 minutos\" \/>\n<script type=\"application\/ld+json\" class=\"yoast-schema-graph\">{\"@context\":\"https:\/\/schema.org\",\"@graph\":[{\"@type\":\"WebPage\",\"@id\":\"https:\/\/verdadeon.com.br\/portal\/2021\/11\/16\/papai-noel-e-sua-turma-percorrem-mais-de-50-ruas-de-franca\/\",\"url\":\"https:\/\/verdadeon.com.br\/portal\/2021\/11\/16\/papai-noel-e-sua-turma-percorrem-mais-de-50-ruas-de-franca\/\",\"name\":\"Papai Noel e sua turma percorrem mais de 50 ruas de Franca - VerdadeOn\",\"isPartOf\":{\"@id\":\"https:\/\/verdadeon.com.br\/portal\/#website\"},\"primaryImageOfPage\":{\"@id\":\"https:\/\/verdadeon.com.br\/portal\/2021\/11\/16\/papai-noel-e-sua-turma-percorrem-mais-de-50-ruas-de-franca\/#primaryimage\"},\"image\":{\"@id\":\"https:\/\/verdadeon.com.br\/portal\/2021\/11\/16\/papai-noel-e-sua-turma-percorrem-mais-de-50-ruas-de-franca\/#primaryimage\"},\"thumbnailUrl\":\"https:\/\/i0.wp.com\/verdadeon.com.br\/portal\/wp-content\/uploads\/2021\/11\/WhatsApp-Image-2021-11-15-at-21.48.37-3.jpeg?fit=1000%2C670&ssl=1\",\"datePublished\":\"2021-11-16T16:36:12+00:00\",\"dateModified\":\"2021-11-16T22:39:40+00:00\",\"author\":{\"@id\":\"https:\/\/verdadeon.com.br\/portal\/#\/schema\/person\/8994718f49ee62ba5610471e29ca1f62\"},\"breadcrumb\":{\"@id\":\"https:\/\/verdadeon.com.br\/portal\/2021\/11\/16\/papai-noel-e-sua-turma-percorrem-mais-de-50-ruas-de-franca\/#breadcrumb\"},\"inLanguage\":\"pt-BR\",\"potentialAction\":[{\"@type\":\"ReadAction\",\"target\":[\"https:\/\/verdadeon.com.br\/portal\/2021\/11\/16\/papai-noel-e-sua-turma-percorrem-mais-de-50-ruas-de-franca\/\"]}]},{\"@type\":\"ImageObject\",\"inLanguage\":\"pt-BR\",\"@id\":\"https:\/\/verdadeon.com.br\/portal\/2021\/11\/16\/papai-noel-e-sua-turma-percorrem-mais-de-50-ruas-de-franca\/#primaryimage\",\"url\":\"https:\/\/i0.wp.com\/verdadeon.com.br\/portal\/wp-content\/uploads\/2021\/11\/WhatsApp-Image-2021-11-15-at-21.48.37-3.jpeg?fit=1000%2C670&ssl=1\",\"contentUrl\":\"https:\/\/i0.wp.com\/verdadeon.com.br\/portal\/wp-content\/uploads\/2021\/11\/WhatsApp-Image-2021-11-15-at-21.48.37-3.jpeg?fit=1000%2C670&ssl=1\",\"width\":1000,\"height\":670},{\"@type\":\"BreadcrumbList\",\"@id\":\"https:\/\/verdadeon.com.br\/portal\/2021\/11\/16\/papai-noel-e-sua-turma-percorrem-mais-de-50-ruas-de-franca\/#breadcrumb\",\"itemListElement\":[{\"@type\":\"ListItem\",\"position\":1,\"name\":\"In\u00edcio\",\"item\":\"https:\/\/verdadeon.com.br\/portal\/\"},{\"@type\":\"ListItem\",\"position\":2,\"name\":\"Papai Noel e sua turma percorrem mais de 50 ruas de Franca\"}]},{\"@type\":\"WebSite\",\"@id\":\"https:\/\/verdadeon.com.br\/portal\/#website\",\"url\":\"https:\/\/verdadeon.com.br\/portal\/\",\"name\":\"VerdadeOn\",\"description\":\"Not\u00edcias di\u00e1rias sobre Franca, Regi\u00e3o, Esporte, Cultura, Cotidiano, Colunas. Cobertura nos principais eventos da cidade \u00e9 aqui - Verdadeon Franca\",\"potentialAction\":[{\"@type\":\"SearchAction\",\"target\":{\"@type\":\"EntryPoint\",\"urlTemplate\":\"https:\/\/verdadeon.com.br\/portal\/?s={search_term_string}\"},\"query-input\":{\"@type\":\"PropertyValueSpecification\",\"valueRequired\":true,\"valueName\":\"search_term_string\"}}],\"inLanguage\":\"pt-BR\"},{\"@type\":\"Person\",\"@id\":\"https:\/\/verdadeon.com.br\/portal\/#\/schema\/person\/8994718f49ee62ba5610471e29ca1f62\",\"name\":\"Fernando Calixto\",\"image\":{\"@type\":\"ImageObject\",\"inLanguage\":\"pt-BR\",\"@id\":\"https:\/\/verdadeon.com.br\/portal\/#\/schema\/person\/image\/\",\"url\":\"https:\/\/secure.gravatar.com\/avatar\/7578910c24966c0316c340f9dbd601e93ee9f9212e1033968b367af9306bd9fb?s=96&d=mm&r=g\",\"contentUrl\":\"https:\/\/secure.gravatar.com\/avatar\/7578910c24966c0316c340f9dbd601e93ee9f9212e1033968b367af9306bd9fb?s=96&d=mm&r=g\",\"caption\":\"Fernando Calixto\"},\"url\":\"https:\/\/verdadeon.com.br\/portal\/author\/fernando-calixto\/\"}]}<\/script>\n<!-- \/ Yoast SEO plugin. -->","yoast_head_json":{"title":"Papai Noel e sua turma percorrem mais de 50 ruas de Franca - VerdadeOn","robots":{"index":"index","follow":"follow","max-snippet":"max-snippet:-1","max-image-preview":"max-image-preview:large","max-video-preview":"max-video-preview:-1"},"canonical":"https:\/\/verdadeon.com.br\/portal\/2021\/11\/16\/papai-noel-e-sua-turma-percorrem-mais-de-50-ruas-de-franca\/","og_locale":"pt_BR","og_type":"article","og_title":"Papai Noel e sua turma percorrem mais de 50 ruas de Franca - VerdadeOn","og_description":"Iniciativa \u00e9 a 1\u00aa etapa do projeto Natal da Esperan\u00e7a, parceria entre ACIF e Prefeitura Municipal &nbsp; A ACIF (Associa\u00e7\u00e3o do Com\u00e9rcio e Ind\u00fastria de Franca) [\u2026]","og_url":"https:\/\/verdadeon.com.br\/portal\/2021\/11\/16\/papai-noel-e-sua-turma-percorrem-mais-de-50-ruas-de-franca\/","og_site_name":"VerdadeOn","article_published_time":"2021-11-16T16:36:12+00:00","article_modified_time":"2021-11-16T22:39:40+00:00","og_image":[{"width":1000,"height":670,"url":"https:\/\/verdadeon.com.br\/portal\/wp-content\/uploads\/2021\/11\/WhatsApp-Image-2021-11-15-at-21.48.37-3.jpeg","type":"image\/jpeg"}],"author":"Fernando Calixto","twitter_card":"summary_large_image","twitter_misc":{"Escrito por":"Fernando Calixto","Est. tempo de leitura":"3 minutos"},"schema":{"@context":"https:\/\/schema.org","@graph":[{"@type":"WebPage","@id":"https:\/\/verdadeon.com.br\/portal\/2021\/11\/16\/papai-noel-e-sua-turma-percorrem-mais-de-50-ruas-de-franca\/","url":"https:\/\/verdadeon.com.br\/portal\/2021\/11\/16\/papai-noel-e-sua-turma-percorrem-mais-de-50-ruas-de-franca\/","name":"Papai Noel e sua turma percorrem mais de 50 ruas de Franca - VerdadeOn","isPartOf":{"@id":"https:\/\/verdadeon.com.br\/portal\/#website"},"primaryImageOfPage":{"@id":"https:\/\/verdadeon.com.br\/portal\/2021\/11\/16\/papai-noel-e-sua-turma-percorrem-mais-de-50-ruas-de-franca\/#primaryimage"},"image":{"@id":"https:\/\/verdadeon.com.br\/portal\/2021\/11\/16\/papai-noel-e-sua-turma-percorrem-mais-de-50-ruas-de-franca\/#primaryimage"},"thumbnailUrl":"https:\/\/i0.wp.com\/verdadeon.com.br\/portal\/wp-content\/uploads\/2021\/11\/WhatsApp-Image-2021-11-15-at-21.48.37-3.jpeg?fit=1000%2C670&ssl=1","datePublished":"2021-11-16T16:36:12+00:00","dateModified":"2021-11-16T22:39:40+00:00","author":{"@id":"https:\/\/verdadeon.com.br\/portal\/#\/schema\/person\/8994718f49ee62ba5610471e29ca1f62"},"breadcrumb":{"@id":"https:\/\/verdadeon.com.br\/portal\/2021\/11\/16\/papai-noel-e-sua-turma-percorrem-mais-de-50-ruas-de-franca\/#breadcrumb"},"inLanguage":"pt-BR","potentialAction":[{"@type":"ReadAction","target":["https:\/\/verdadeon.com.br\/portal\/2021\/11\/16\/papai-noel-e-sua-turma-percorrem-mais-de-50-ruas-de-franca\/"]}]},{"@type":"ImageObject","inLanguage":"pt-BR","@id":"https:\/\/verdadeon.com.br\/portal\/2021\/11\/16\/papai-noel-e-sua-turma-percorrem-mais-de-50-ruas-de-franca\/#primaryimage","url":"https:\/\/i0.wp.com\/verdadeon.com.br\/portal\/wp-content\/uploads\/2021\/11\/WhatsApp-Image-2021-11-15-at-21.48.37-3.jpeg?fit=1000%2C670&ssl=1","contentUrl":"https:\/\/i0.wp.com\/verdadeon.com.br\/portal\/wp-content\/uploads\/2021\/11\/WhatsApp-Image-2021-11-15-at-21.48.37-3.jpeg?fit=1000%2C670&ssl=1","width":1000,"height":670},{"@type":"BreadcrumbList","@id":"https:\/\/verdadeon.com.br\/portal\/2021\/11\/16\/papai-noel-e-sua-turma-percorrem-mais-de-50-ruas-de-franca\/#breadcrumb","itemListElement":[{"@type":"ListItem","position":1,"name":"In\u00edcio","item":"https:\/\/verdadeon.com.br\/portal\/"},{"@type":"ListItem","position":2,"name":"Papai Noel e sua turma percorrem mais de 50 ruas de Franca"}]},{"@type":"WebSite","@id":"https:\/\/verdadeon.com.br\/portal\/#website","url":"https:\/\/verdadeon.com.br\/portal\/","name":"VerdadeOn","description":"Not\u00edcias di\u00e1rias sobre Franca, Regi\u00e3o, Esporte, Cultura, Cotidiano, Colunas. Cobertura nos principais eventos da cidade \u00e9 aqui - Verdadeon Franca","potentialAction":[{"@type":"SearchAction","target":{"@type":"EntryPoint","urlTemplate":"https:\/\/verdadeon.com.br\/portal\/?s={search_term_string}"},"query-input":{"@type":"PropertyValueSpecification","valueRequired":true,"valueName":"search_term_string"}}],"inLanguage":"pt-BR"},{"@type":"Person","@id":"https:\/\/verdadeon.com.br\/portal\/#\/schema\/person\/8994718f49ee62ba5610471e29ca1f62","name":"Fernando Calixto","image":{"@type":"ImageObject","inLanguage":"pt-BR","@id":"https:\/\/verdadeon.com.br\/portal\/#\/schema\/person\/image\/","url":"https:\/\/secure.gravatar.com\/avatar\/7578910c24966c0316c340f9dbd601e93ee9f9212e1033968b367af9306bd9fb?s=96&d=mm&r=g","contentUrl":"https:\/\/secure.gravatar.com\/avatar\/7578910c24966c0316c340f9dbd601e93ee9f9212e1033968b367af9306bd9fb?s=96&d=mm&r=g","caption":"Fernando Calixto"},"url":"https:\/\/verdadeon.com.br\/portal\/author\/fernando-calixto\/"}]}},"jetpack_publicize_connections":[],"jetpack_featured_media_url":"https:\/\/i0.wp.com\/verdadeon.com.br\/portal\/wp-content\/uploads\/2021\/11\/WhatsApp-Image-2021-11-15-at-21.48.37-3.jpeg?fit=1000%2C670&ssl=1","jetpack_sharing_enabled":true,"_links":{"self":[{"href":"https:\/\/verdadeon.com.br\/portal\/wp-json\/wp\/v2\/posts\/21035","targetHints":{"allow":["GET"]}}],"collection":[{"href":"https:\/\/verdadeon.com.br\/portal\/wp-json\/wp\/v2\/posts"}],"about":[{"href":"https:\/\/verdadeon.com.br\/portal\/wp-json\/wp\/v2\/types\/post"}],"author":[{"embeddable":true,"href":"https:\/\/verdadeon.com.br\/portal\/wp-json\/wp\/v2\/users\/4"}],"replies":[{"embeddable":true,"href":"https:\/\/verdadeon.com.br\/portal\/wp-json\/wp\/v2\/comments?post=21035"}],"version-history":[{"count":0,"href":"https:\/\/verdadeon.com.br\/portal\/wp-json\/wp\/v2\/posts\/21035\/revisions"}],"wp:featuredmedia":[{"embeddable":true,"href":"https:\/\/verdadeon.com.br\/portal\/wp-json\/wp\/v2\/media\/21036"}],"wp:attachment":[{"href":"https:\/\/verdadeon.com.br\/portal\/wp-json\/wp\/v2\/media?parent=21035"}],"wp:term":[{"taxonomy":"category","embeddable":true,"href":"https:\/\/verdadeon.com.br\/portal\/wp-json\/wp\/v2\/categories?post=21035"},{"taxonomy":"post_tag","embeddable":true,"href":"https:\/\/verdadeon.com.br\/portal\/wp-json\/wp\/v2\/tags?post=21035"}],"curies":[{"name":"wp","href":"https:\/\/api.w.org\/{rel}","templated":true}]}}