{"id":21031,"date":"2021-11-16T18:44:14","date_gmt":"2021-11-16T21:44:14","guid":{"rendered":"https:\/\/verdadeon.com.br\/portal\/?p=21031"},"modified":"2021-11-16T18:44:14","modified_gmt":"2021-11-16T21:44:14","slug":"lei-orcamentaria-anual-e-aprovada-na-camara-municipal-de-franca","status":"publish","type":"post","link":"https:\/\/verdadeon.com.br\/portal\/2021\/11\/16\/lei-orcamentaria-anual-e-aprovada-na-camara-municipal-de-franca\/","title":{"rendered":"Lei Or\u00e7ament\u00e1ria Anual \u00e9 aprovada na C\u00e2mara Municipal de Franca"},"content":{"rendered":"<h2>Texto segue agora para a Prefeitura para ser sancionado. Lei prev\u00ea\u00a0 or\u00e7amento de mais de R$ 1 bilh\u00e3o<\/h2>\n<p>A C\u00e2mara Municipal de Franca aprovou nesta ter\u00e7a-feira (16), a Lei Or\u00e7ament\u00e1ria Anual (LOA), que estima as receitas e as despesas de Franca para 2022, neste ano pela primeira vez, o or\u00e7amento ultrapassa R$ 1 bilh\u00e3o, a mat\u00e9ria \u00e9 de autoria do prefeito Alexandre Ferreira. De acordo com o Executivo, o texto segue conforme estabelece a Constitui\u00e7\u00e3o Federal, Constitui\u00e7\u00e3o Estadual, Lei Org\u00e2nica do Munic\u00edpio.\u00a0A proposta foi aprovada em 1\u00ba turno, e na pr\u00f3xima semana ser\u00e1 a segunda vota\u00e7\u00e3o.<\/p>\n<p>&#8220;Primeira vez na hist\u00f3ria que votamos um or\u00e7amento acima de R$ 1 bilh\u00e3o, quando lemos d\u00e1 impress\u00e3o que \u00e9 muito dinheiro, mas \u00e9 muito baixo comparada a cidades que tem menos habitantes&#8221;, destacou o vereador Gilson Pelizaro (PT) em sua justificativa de voto, que defendeu um estudo melhor apurado para verificar os detalhes da arrecada\u00e7\u00e3o do munic\u00edpio.<\/p>\n<p>Em urg\u00eancia foi debatido e aprovado o Projeto de Resolu\u00e7\u00e3o que cria o Parlamento Regional do Aglomerado Urbano de Franca. De autoria dos\u00a0vereadores Daniel Bassi (PSDB<b>)<\/b> e Donizete da Farm\u00e1cia (MDB) a proposta defende o papel de promover a integra\u00e7\u00e3o dos munic\u00edpios, visando o desenvolvimento de nossa regi\u00e3o, tratando as quest\u00f5es que s\u00e3o comuns ao conjunto dos 19 munic\u00edpios membros, respeitando as peculiaridades de cada cidade.<\/p>\n<p>De autoria dos\u00a0vereadores Carlinho Petr\u00f3polis Farm\u00e1cia (PL),\u00a0Daniel Bassi (PSDB),\u00a0Donizete da Farm\u00e1cia (MBD),\u00a0Lindsay Cardoso (CID)\u00a0e\u00a0Zezinho Cabeleireiro (PP), os parlamentares aprovaram o Projeto de Resolu\u00e7\u00e3o que tem por finalidade acrescentar e modificar dispositivos contidos na Resolu\u00e7\u00e3o que implantou o Regimento Interno da C\u00e2mara Municipal de Franca, com objetivo de corrigir incongru\u00eancias jur\u00eddicas, promover maior sintonia com outros marcos regimentais e normas infraconstitucionais, al\u00e9m de avan\u00e7ar com o processo de moderniza\u00e7\u00e3o do Regimento Interno do Legislativo.<\/p>\n<p>Tamb\u00e9m foi aprovada a proposta que altera e acrescenta dispositivos ao Regimento Interno da C\u00e2mara, para dispor sobre projetos de lei de iniciativa popular, em conformidade com a Lei Geral de Prote\u00e7\u00e3o de Dados (LGPD): \u201cA iniciativa popular para a proposi\u00e7\u00e3o de projetos de lei \u00e9 instrumento fundamental para a participa\u00e7\u00e3o do cidad\u00e3o no sistema pol\u00edtico e est\u00e1 prevista no artigo 14 da Constitui\u00e7\u00e3o Federal Brasileira de 1988\u201d, explicaram os autores do texto, Daniel Bassi e Donizete da Farm\u00e1cia.<\/p>\n<h4>Adiado<\/h4>\n<p>O Projeto de Lei Ordin\u00e1ria de autoria dos vereadores Della Motta (PODE)\u00a0e\u00a0Gilson Pelizaro (PT), que trata sobre o direito de aquisi\u00e7\u00e3o e instala\u00e7\u00e3o de dispositivo &#8220;bloqueador de ar&#8221; (eliminador de ar) na tubula\u00e7\u00e3o de abastecimento de \u00e1gua a todos os im\u00f3veis comerciais e residenciais do munic\u00edpio de Franca, foi adiado a pedido dos autores da proposta. A ideia \u00e9 debater melhor a quest\u00e3o, que poder\u00e1 voltar \u00e0 pauta nas pr\u00f3ximas semanas.<\/p>\n","protected":false},"excerpt":{"rendered":"<p>Texto segue agora para a Prefeitura para ser sancionado. Lei prev\u00ea\u00a0 or\u00e7amento de mais de R$ 1 bilh\u00e3o A C\u00e2mara Municipal de Franca aprovou nesta ter\u00e7a-feira<span class=\"excerpt-hellip\"> [\u2026]<\/span><\/p>\n","protected":false},"author":7,"featured_media":21033,"comment_status":"open","ping_status":"open","sticky":false,"template":"","format":"standard","meta":{"_jetpack_memberships_contains_paid_content":false,"footnotes":"","jetpack_publicize_message":"","jetpack_publicize_feature_enabled":true,"jetpack_social_post_already_shared":false,"jetpack_social_options":{"image_generator_settings":{"template":"highway","default_image_id":0,"enabled":false},"version":2}},"categories":[28,81],"tags":[],"class_list":["post-21031","post","type-post","status-publish","format-standard","has-post-thumbnail","hentry","category-cotidiano","category-manchete"],"yoast_head":"<!-- This site is optimized with the Yoast SEO plugin v25.6 - https:\/\/yoast.com\/wordpress\/plugins\/seo\/ -->\n<title>Lei Or\u00e7ament\u00e1ria Anual \u00e9 aprovada na C\u00e2mara Municipal de Franca - VerdadeOn<\/title>\n<meta name=\"robots\" content=\"index, follow, max-snippet:-1, max-image-preview:large, max-video-preview:-1\" \/>\n<link rel=\"canonical\" href=\"https:\/\/verdadeon.com.br\/portal\/2021\/11\/16\/lei-orcamentaria-anual-e-aprovada-na-camara-municipal-de-franca\/\" \/>\n<meta property=\"og:locale\" content=\"pt_BR\" \/>\n<meta property=\"og:type\" content=\"article\" \/>\n<meta property=\"og:title\" content=\"Lei Or\u00e7ament\u00e1ria Anual \u00e9 aprovada na C\u00e2mara Municipal de Franca - VerdadeOn\" \/>\n<meta property=\"og:description\" content=\"Texto segue agora para a Prefeitura para ser sancionado. Lei prev\u00ea\u00a0 or\u00e7amento de mais de R$ 1 bilh\u00e3o A C\u00e2mara Municipal de Franca aprovou nesta ter\u00e7a-feira [\u2026]\" \/>\n<meta property=\"og:url\" content=\"https:\/\/verdadeon.com.br\/portal\/2021\/11\/16\/lei-orcamentaria-anual-e-aprovada-na-camara-municipal-de-franca\/\" \/>\n<meta property=\"og:site_name\" content=\"VerdadeOn\" \/>\n<meta property=\"article:published_time\" content=\"2021-11-16T21:44:14+00:00\" \/>\n<meta property=\"og:image\" content=\"https:\/\/verdadeon.com.br\/portal\/wp-content\/uploads\/2021\/11\/46sessao-1.jpeg\" \/>\n\t<meta property=\"og:image:width\" content=\"1280\" \/>\n\t<meta property=\"og:image:height\" content=\"960\" \/>\n\t<meta property=\"og:image:type\" content=\"image\/jpeg\" \/>\n<meta name=\"author\" content=\"Fernando Lima\" \/>\n<meta name=\"twitter:card\" content=\"summary_large_image\" \/>\n<meta name=\"twitter:label1\" content=\"Escrito por\" \/>\n\t<meta name=\"twitter:data1\" content=\"Fernando Lima\" \/>\n\t<meta name=\"twitter:label2\" content=\"Est. tempo de leitura\" \/>\n\t<meta name=\"twitter:data2\" content=\"2 minutos\" \/>\n<script type=\"application\/ld+json\" class=\"yoast-schema-graph\">{\"@context\":\"https:\/\/schema.org\",\"@graph\":[{\"@type\":\"WebPage\",\"@id\":\"https:\/\/verdadeon.com.br\/portal\/2021\/11\/16\/lei-orcamentaria-anual-e-aprovada-na-camara-municipal-de-franca\/\",\"url\":\"https:\/\/verdadeon.com.br\/portal\/2021\/11\/16\/lei-orcamentaria-anual-e-aprovada-na-camara-municipal-de-franca\/\",\"name\":\"Lei Or\u00e7ament\u00e1ria Anual \u00e9 aprovada na C\u00e2mara Municipal de Franca - VerdadeOn\",\"isPartOf\":{\"@id\":\"https:\/\/verdadeon.com.br\/portal\/#website\"},\"primaryImageOfPage\":{\"@id\":\"https:\/\/verdadeon.com.br\/portal\/2021\/11\/16\/lei-orcamentaria-anual-e-aprovada-na-camara-municipal-de-franca\/#primaryimage\"},\"image\":{\"@id\":\"https:\/\/verdadeon.com.br\/portal\/2021\/11\/16\/lei-orcamentaria-anual-e-aprovada-na-camara-municipal-de-franca\/#primaryimage\"},\"thumbnailUrl\":\"https:\/\/i0.wp.com\/verdadeon.com.br\/portal\/wp-content\/uploads\/2021\/11\/46sessao-1.jpeg?fit=1280%2C960&ssl=1\",\"datePublished\":\"2021-11-16T21:44:14+00:00\",\"author\":{\"@id\":\"https:\/\/verdadeon.com.br\/portal\/#\/schema\/person\/cc32be22b8e8599387c480bc83e1d11a\"},\"breadcrumb\":{\"@id\":\"https:\/\/verdadeon.com.br\/portal\/2021\/11\/16\/lei-orcamentaria-anual-e-aprovada-na-camara-municipal-de-franca\/#breadcrumb\"},\"inLanguage\":\"pt-BR\",\"potentialAction\":[{\"@type\":\"ReadAction\",\"target\":[\"https:\/\/verdadeon.com.br\/portal\/2021\/11\/16\/lei-orcamentaria-anual-e-aprovada-na-camara-municipal-de-franca\/\"]}]},{\"@type\":\"ImageObject\",\"inLanguage\":\"pt-BR\",\"@id\":\"https:\/\/verdadeon.com.br\/portal\/2021\/11\/16\/lei-orcamentaria-anual-e-aprovada-na-camara-municipal-de-franca\/#primaryimage\",\"url\":\"https:\/\/i0.wp.com\/verdadeon.com.br\/portal\/wp-content\/uploads\/2021\/11\/46sessao-1.jpeg?fit=1280%2C960&ssl=1\",\"contentUrl\":\"https:\/\/i0.wp.com\/verdadeon.com.br\/portal\/wp-content\/uploads\/2021\/11\/46sessao-1.jpeg?fit=1280%2C960&ssl=1\",\"width\":1280,\"height\":960,\"caption\":\"Sess\u00e3o foi realizada na sede do Legislativo. Al\u00e9m do plen\u00e1rio, popula\u00e7\u00e3o pode acompanhar reuni\u00e3o atrav\u00e9s da TV C\u00e2mara e das redes sociais do Legislativo | Foto: Divulga\u00e7\u00e3o\"},{\"@type\":\"BreadcrumbList\",\"@id\":\"https:\/\/verdadeon.com.br\/portal\/2021\/11\/16\/lei-orcamentaria-anual-e-aprovada-na-camara-municipal-de-franca\/#breadcrumb\",\"itemListElement\":[{\"@type\":\"ListItem\",\"position\":1,\"name\":\"In\u00edcio\",\"item\":\"https:\/\/verdadeon.com.br\/portal\/\"},{\"@type\":\"ListItem\",\"position\":2,\"name\":\"Lei Or\u00e7ament\u00e1ria Anual \u00e9 aprovada na C\u00e2mara Municipal de Franca\"}]},{\"@type\":\"WebSite\",\"@id\":\"https:\/\/verdadeon.com.br\/portal\/#website\",\"url\":\"https:\/\/verdadeon.com.br\/portal\/\",\"name\":\"VerdadeOn\",\"description\":\"Not\u00edcias di\u00e1rias sobre Franca, Regi\u00e3o, Esporte, Cultura, Cotidiano, Colunas. Cobertura nos principais eventos da cidade \u00e9 aqui - Verdadeon Franca\",\"potentialAction\":[{\"@type\":\"SearchAction\",\"target\":{\"@type\":\"EntryPoint\",\"urlTemplate\":\"https:\/\/verdadeon.com.br\/portal\/?s={search_term_string}\"},\"query-input\":{\"@type\":\"PropertyValueSpecification\",\"valueRequired\":true,\"valueName\":\"search_term_string\"}}],\"inLanguage\":\"pt-BR\"},{\"@type\":\"Person\",\"@id\":\"https:\/\/verdadeon.com.br\/portal\/#\/schema\/person\/cc32be22b8e8599387c480bc83e1d11a\",\"name\":\"Fernando Lima\",\"image\":{\"@type\":\"ImageObject\",\"inLanguage\":\"pt-BR\",\"@id\":\"https:\/\/verdadeon.com.br\/portal\/#\/schema\/person\/image\/\",\"url\":\"https:\/\/secure.gravatar.com\/avatar\/df4c8e132080d2b3a4841d5d232045464e0eed11a1d6e43115ca0843d48768d3?s=96&d=mm&r=g\",\"contentUrl\":\"https:\/\/secure.gravatar.com\/avatar\/df4c8e132080d2b3a4841d5d232045464e0eed11a1d6e43115ca0843d48768d3?s=96&d=mm&r=g\",\"caption\":\"Fernando Lima\"},\"sameAs\":[\"http:\/\/verdadeon.com.br\/\"],\"url\":\"https:\/\/verdadeon.com.br\/portal\/author\/fernando-lima\/\"}]}<\/script>\n<!-- \/ Yoast SEO plugin. -->","yoast_head_json":{"title":"Lei Or\u00e7ament\u00e1ria Anual \u00e9 aprovada na C\u00e2mara Municipal de Franca - VerdadeOn","robots":{"index":"index","follow":"follow","max-snippet":"max-snippet:-1","max-image-preview":"max-image-preview:large","max-video-preview":"max-video-preview:-1"},"canonical":"https:\/\/verdadeon.com.br\/portal\/2021\/11\/16\/lei-orcamentaria-anual-e-aprovada-na-camara-municipal-de-franca\/","og_locale":"pt_BR","og_type":"article","og_title":"Lei Or\u00e7ament\u00e1ria Anual \u00e9 aprovada na C\u00e2mara Municipal de Franca - VerdadeOn","og_description":"Texto segue agora para a Prefeitura para ser sancionado. Lei prev\u00ea\u00a0 or\u00e7amento de mais de R$ 1 bilh\u00e3o A C\u00e2mara Municipal de Franca aprovou nesta ter\u00e7a-feira [\u2026]","og_url":"https:\/\/verdadeon.com.br\/portal\/2021\/11\/16\/lei-orcamentaria-anual-e-aprovada-na-camara-municipal-de-franca\/","og_site_name":"VerdadeOn","article_published_time":"2021-11-16T21:44:14+00:00","og_image":[{"width":1280,"height":960,"url":"https:\/\/verdadeon.com.br\/portal\/wp-content\/uploads\/2021\/11\/46sessao-1.jpeg","type":"image\/jpeg"}],"author":"Fernando Lima","twitter_card":"summary_large_image","twitter_misc":{"Escrito por":"Fernando Lima","Est. tempo de leitura":"2 minutos"},"schema":{"@context":"https:\/\/schema.org","@graph":[{"@type":"WebPage","@id":"https:\/\/verdadeon.com.br\/portal\/2021\/11\/16\/lei-orcamentaria-anual-e-aprovada-na-camara-municipal-de-franca\/","url":"https:\/\/verdadeon.com.br\/portal\/2021\/11\/16\/lei-orcamentaria-anual-e-aprovada-na-camara-municipal-de-franca\/","name":"Lei Or\u00e7ament\u00e1ria Anual \u00e9 aprovada na C\u00e2mara Municipal de Franca - VerdadeOn","isPartOf":{"@id":"https:\/\/verdadeon.com.br\/portal\/#website"},"primaryImageOfPage":{"@id":"https:\/\/verdadeon.com.br\/portal\/2021\/11\/16\/lei-orcamentaria-anual-e-aprovada-na-camara-municipal-de-franca\/#primaryimage"},"image":{"@id":"https:\/\/verdadeon.com.br\/portal\/2021\/11\/16\/lei-orcamentaria-anual-e-aprovada-na-camara-municipal-de-franca\/#primaryimage"},"thumbnailUrl":"https:\/\/i0.wp.com\/verdadeon.com.br\/portal\/wp-content\/uploads\/2021\/11\/46sessao-1.jpeg?fit=1280%2C960&ssl=1","datePublished":"2021-11-16T21:44:14+00:00","author":{"@id":"https:\/\/verdadeon.com.br\/portal\/#\/schema\/person\/cc32be22b8e8599387c480bc83e1d11a"},"breadcrumb":{"@id":"https:\/\/verdadeon.com.br\/portal\/2021\/11\/16\/lei-orcamentaria-anual-e-aprovada-na-camara-municipal-de-franca\/#breadcrumb"},"inLanguage":"pt-BR","potentialAction":[{"@type":"ReadAction","target":["https:\/\/verdadeon.com.br\/portal\/2021\/11\/16\/lei-orcamentaria-anual-e-aprovada-na-camara-municipal-de-franca\/"]}]},{"@type":"ImageObject","inLanguage":"pt-BR","@id":"https:\/\/verdadeon.com.br\/portal\/2021\/11\/16\/lei-orcamentaria-anual-e-aprovada-na-camara-municipal-de-franca\/#primaryimage","url":"https:\/\/i0.wp.com\/verdadeon.com.br\/portal\/wp-content\/uploads\/2021\/11\/46sessao-1.jpeg?fit=1280%2C960&ssl=1","contentUrl":"https:\/\/i0.wp.com\/verdadeon.com.br\/portal\/wp-content\/uploads\/2021\/11\/46sessao-1.jpeg?fit=1280%2C960&ssl=1","width":1280,"height":960,"caption":"Sess\u00e3o foi realizada na sede do Legislativo. Al\u00e9m do plen\u00e1rio, popula\u00e7\u00e3o pode acompanhar reuni\u00e3o atrav\u00e9s da TV C\u00e2mara e das redes sociais do Legislativo | Foto: Divulga\u00e7\u00e3o"},{"@type":"BreadcrumbList","@id":"https:\/\/verdadeon.com.br\/portal\/2021\/11\/16\/lei-orcamentaria-anual-e-aprovada-na-camara-municipal-de-franca\/#breadcrumb","itemListElement":[{"@type":"ListItem","position":1,"name":"In\u00edcio","item":"https:\/\/verdadeon.com.br\/portal\/"},{"@type":"ListItem","position":2,"name":"Lei Or\u00e7ament\u00e1ria Anual \u00e9 aprovada na C\u00e2mara Municipal de Franca"}]},{"@type":"WebSite","@id":"https:\/\/verdadeon.com.br\/portal\/#website","url":"https:\/\/verdadeon.com.br\/portal\/","name":"VerdadeOn","description":"Not\u00edcias di\u00e1rias sobre Franca, Regi\u00e3o, Esporte, Cultura, Cotidiano, Colunas. Cobertura nos principais eventos da cidade \u00e9 aqui - Verdadeon Franca","potentialAction":[{"@type":"SearchAction","target":{"@type":"EntryPoint","urlTemplate":"https:\/\/verdadeon.com.br\/portal\/?s={search_term_string}"},"query-input":{"@type":"PropertyValueSpecification","valueRequired":true,"valueName":"search_term_string"}}],"inLanguage":"pt-BR"},{"@type":"Person","@id":"https:\/\/verdadeon.com.br\/portal\/#\/schema\/person\/cc32be22b8e8599387c480bc83e1d11a","name":"Fernando Lima","image":{"@type":"ImageObject","inLanguage":"pt-BR","@id":"https:\/\/verdadeon.com.br\/portal\/#\/schema\/person\/image\/","url":"https:\/\/secure.gravatar.com\/avatar\/df4c8e132080d2b3a4841d5d232045464e0eed11a1d6e43115ca0843d48768d3?s=96&d=mm&r=g","contentUrl":"https:\/\/secure.gravatar.com\/avatar\/df4c8e132080d2b3a4841d5d232045464e0eed11a1d6e43115ca0843d48768d3?s=96&d=mm&r=g","caption":"Fernando Lima"},"sameAs":["http:\/\/verdadeon.com.br\/"],"url":"https:\/\/verdadeon.com.br\/portal\/author\/fernando-lima\/"}]}},"jetpack_publicize_connections":[],"jetpack_featured_media_url":"https:\/\/i0.wp.com\/verdadeon.com.br\/portal\/wp-content\/uploads\/2021\/11\/46sessao-1.jpeg?fit=1280%2C960&ssl=1","jetpack_sharing_enabled":true,"_links":{"self":[{"href":"https:\/\/verdadeon.com.br\/portal\/wp-json\/wp\/v2\/posts\/21031","targetHints":{"allow":["GET"]}}],"collection":[{"href":"https:\/\/verdadeon.com.br\/portal\/wp-json\/wp\/v2\/posts"}],"about":[{"href":"https:\/\/verdadeon.com.br\/portal\/wp-json\/wp\/v2\/types\/post"}],"author":[{"embeddable":true,"href":"https:\/\/verdadeon.com.br\/portal\/wp-json\/wp\/v2\/users\/7"}],"replies":[{"embeddable":true,"href":"https:\/\/verdadeon.com.br\/portal\/wp-json\/wp\/v2\/comments?post=21031"}],"version-history":[{"count":0,"href":"https:\/\/verdadeon.com.br\/portal\/wp-json\/wp\/v2\/posts\/21031\/revisions"}],"wp:featuredmedia":[{"embeddable":true,"href":"https:\/\/verdadeon.com.br\/portal\/wp-json\/wp\/v2\/media\/21033"}],"wp:attachment":[{"href":"https:\/\/verdadeon.com.br\/portal\/wp-json\/wp\/v2\/media?parent=21031"}],"wp:term":[{"taxonomy":"category","embeddable":true,"href":"https:\/\/verdadeon.com.br\/portal\/wp-json\/wp\/v2\/categories?post=21031"},{"taxonomy":"post_tag","embeddable":true,"href":"https:\/\/verdadeon.com.br\/portal\/wp-json\/wp\/v2\/tags?post=21031"}],"curies":[{"name":"wp","href":"https:\/\/api.w.org\/{rel}","templated":true}]}}