{"id":20978,"date":"2021-11-12T15:55:25","date_gmt":"2021-11-12T18:55:25","guid":{"rendered":"https:\/\/verdadeon.com.br\/portal\/?p=20978"},"modified":"2021-11-12T18:53:36","modified_gmt":"2021-11-12T21:53:36","slug":"ainda-invicto-no-nbb-franca-entra-em-quadra-contra-o-mogi-neste-sabado","status":"publish","type":"post","link":"https:\/\/verdadeon.com.br\/portal\/2021\/11\/12\/ainda-invicto-no-nbb-franca-entra-em-quadra-contra-o-mogi-neste-sabado\/","title":{"rendered":"Ainda invicto no NBB, Franca entra em quadra contra o Mogi neste s\u00e1bado"},"content":{"rendered":"<h2>Partida \u00e9 na casa do advers\u00e1rio \u00e0s 18h. Francanos voltam ao Pedroc\u00e3o no dia 18 de novembro<\/h2>\n<p>Em busca da sexta vit\u00f3ria consecutiva no Novo Basquete Brasil (NBB), o Sesi Franca Basquete entra em quadra neste s\u00e1bado (13), contra o Mogi, a partida come\u00e7a \u00e0s 18h na casa do advers\u00e1rio.<\/p>\n<p>A equipe da capital do basquete segue invicta na competi\u00e7\u00e3o, foram cinco vit\u00f3rias em cinco jogos, contra o Bauru, Pinheiros, Uni\u00e3o Corinthians, Caxias do Sul e o Pato Basquete. Com o trope\u00e7o do Flamengo contra o Paulistano, o Franca tem a chance de se consolidar na lideran\u00e7a, j\u00e1 que tem dois jogos a menos do que o time carioca.<\/p>\n<p>Na \u00faltima partida no Paran\u00e1, contra o Pato, os francanos fizeram o dever de casa, fecharam o placar em 88 a 66, vencendo com folga os advers\u00e1rios.\u00a0Lucas Mariano foi o grande nome da partida, com 18 pontos e nove rebotes. Lucas Dias tamb\u00e9m teve atua\u00e7\u00e3o de destaque.<\/p>\n<p>\u201cFizemos um grande jogo, com bastante intensidade defensiva e garantimos mais um resultado positivo. O NBB \u00e9 um campeonato muito disputado, no qual as margens de erro s\u00e3o m\u00ednimas. Temos que seguir com essa postura para conquistarmos nossos objetivos\u201d, afirmou o camisa 28.<\/p>\n<h4>Mogi<\/h4>\n<p>J\u00e1 o Mogi vem fazendo uma campanha mais modesta do que a do Franca, em cinco jogos foram tr\u00eas vit\u00f3rias e duas derrotas. A equipe superou o Paulistano, Corinthians e o Rio Claro na \u00faltima rodada, mas foi superado pelo Minas e pelo Flamengo, que tiveram vit\u00f3rias centen\u00e1rias em cima da equipe, 109 a 75, e 116 a 73, respectivamente.<\/p>\n","protected":false},"excerpt":{"rendered":"<p>Partida \u00e9 na casa do advers\u00e1rio \u00e0s 18h. Francanos voltam ao Pedroc\u00e3o no dia 18 de novembro Em busca da sexta vit\u00f3ria consecutiva no Novo Basquete<span class=\"excerpt-hellip\"> [\u2026]<\/span><\/p>\n","protected":false},"author":7,"featured_media":20979,"comment_status":"open","ping_status":"open","sticky":false,"template":"","format":"standard","meta":{"_jetpack_memberships_contains_paid_content":false,"footnotes":"","jetpack_publicize_message":"","jetpack_publicize_feature_enabled":true,"jetpack_social_post_already_shared":false,"jetpack_social_options":{"image_generator_settings":{"template":"highway","default_image_id":0,"enabled":false},"version":2}},"categories":[28,81],"tags":[],"class_list":["post-20978","post","type-post","status-publish","format-standard","has-post-thumbnail","hentry","category-cotidiano","category-manchete"],"yoast_head":"<!-- This site is optimized with the Yoast SEO plugin v25.6 - https:\/\/yoast.com\/wordpress\/plugins\/seo\/ -->\n<title>Ainda invicto no NBB, Franca entra em quadra contra o Mogi neste s\u00e1bado - VerdadeOn<\/title>\n<meta name=\"robots\" content=\"index, follow, max-snippet:-1, max-image-preview:large, max-video-preview:-1\" \/>\n<link rel=\"canonical\" href=\"https:\/\/verdadeon.com.br\/portal\/2021\/11\/12\/ainda-invicto-no-nbb-franca-entra-em-quadra-contra-o-mogi-neste-sabado\/\" \/>\n<meta property=\"og:locale\" content=\"pt_BR\" \/>\n<meta property=\"og:type\" content=\"article\" \/>\n<meta property=\"og:title\" content=\"Ainda invicto no NBB, Franca entra em quadra contra o Mogi neste s\u00e1bado - VerdadeOn\" \/>\n<meta property=\"og:description\" content=\"Partida \u00e9 na casa do advers\u00e1rio \u00e0s 18h. Francanos voltam ao Pedroc\u00e3o no dia 18 de novembro Em busca da sexta vit\u00f3ria consecutiva no Novo Basquete [\u2026]\" \/>\n<meta property=\"og:url\" content=\"https:\/\/verdadeon.com.br\/portal\/2021\/11\/12\/ainda-invicto-no-nbb-franca-entra-em-quadra-contra-o-mogi-neste-sabado\/\" \/>\n<meta property=\"og:site_name\" content=\"VerdadeOn\" \/>\n<meta property=\"article:published_time\" content=\"2021-11-12T18:55:25+00:00\" \/>\n<meta property=\"article:modified_time\" content=\"2021-11-12T21:53:36+00:00\" \/>\n<meta property=\"og:image\" content=\"https:\/\/verdadeon.com.br\/portal\/wp-content\/uploads\/2021\/11\/SESI-FRANCA-e1636753832680.jpg\" \/>\n\t<meta property=\"og:image:width\" content=\"1174\" \/>\n\t<meta property=\"og:image:height\" content=\"818\" \/>\n\t<meta property=\"og:image:type\" content=\"image\/jpeg\" \/>\n<meta name=\"author\" content=\"Fernando Lima\" \/>\n<meta name=\"twitter:card\" content=\"summary_large_image\" \/>\n<meta name=\"twitter:label1\" content=\"Escrito por\" \/>\n\t<meta name=\"twitter:data1\" content=\"Fernando Lima\" \/>\n\t<meta name=\"twitter:label2\" content=\"Est. tempo de leitura\" \/>\n\t<meta name=\"twitter:data2\" content=\"2 minutos\" \/>\n<script type=\"application\/ld+json\" class=\"yoast-schema-graph\">{\"@context\":\"https:\/\/schema.org\",\"@graph\":[{\"@type\":\"WebPage\",\"@id\":\"https:\/\/verdadeon.com.br\/portal\/2021\/11\/12\/ainda-invicto-no-nbb-franca-entra-em-quadra-contra-o-mogi-neste-sabado\/\",\"url\":\"https:\/\/verdadeon.com.br\/portal\/2021\/11\/12\/ainda-invicto-no-nbb-franca-entra-em-quadra-contra-o-mogi-neste-sabado\/\",\"name\":\"Ainda invicto no NBB, Franca entra em quadra contra o Mogi neste s\u00e1bado - VerdadeOn\",\"isPartOf\":{\"@id\":\"https:\/\/verdadeon.com.br\/portal\/#website\"},\"primaryImageOfPage\":{\"@id\":\"https:\/\/verdadeon.com.br\/portal\/2021\/11\/12\/ainda-invicto-no-nbb-franca-entra-em-quadra-contra-o-mogi-neste-sabado\/#primaryimage\"},\"image\":{\"@id\":\"https:\/\/verdadeon.com.br\/portal\/2021\/11\/12\/ainda-invicto-no-nbb-franca-entra-em-quadra-contra-o-mogi-neste-sabado\/#primaryimage\"},\"thumbnailUrl\":\"https:\/\/i0.wp.com\/verdadeon.com.br\/portal\/wp-content\/uploads\/2021\/11\/SESI-FRANCA-e1636753832680.jpg?fit=1174%2C818&ssl=1\",\"datePublished\":\"2021-11-12T18:55:25+00:00\",\"dateModified\":\"2021-11-12T21:53:36+00:00\",\"author\":{\"@id\":\"https:\/\/verdadeon.com.br\/portal\/#\/schema\/person\/cc32be22b8e8599387c480bc83e1d11a\"},\"breadcrumb\":{\"@id\":\"https:\/\/verdadeon.com.br\/portal\/2021\/11\/12\/ainda-invicto-no-nbb-franca-entra-em-quadra-contra-o-mogi-neste-sabado\/#breadcrumb\"},\"inLanguage\":\"pt-BR\",\"potentialAction\":[{\"@type\":\"ReadAction\",\"target\":[\"https:\/\/verdadeon.com.br\/portal\/2021\/11\/12\/ainda-invicto-no-nbb-franca-entra-em-quadra-contra-o-mogi-neste-sabado\/\"]}]},{\"@type\":\"ImageObject\",\"inLanguage\":\"pt-BR\",\"@id\":\"https:\/\/verdadeon.com.br\/portal\/2021\/11\/12\/ainda-invicto-no-nbb-franca-entra-em-quadra-contra-o-mogi-neste-sabado\/#primaryimage\",\"url\":\"https:\/\/i0.wp.com\/verdadeon.com.br\/portal\/wp-content\/uploads\/2021\/11\/SESI-FRANCA-e1636753832680.jpg?fit=1174%2C818&ssl=1\",\"contentUrl\":\"https:\/\/i0.wp.com\/verdadeon.com.br\/portal\/wp-content\/uploads\/2021\/11\/SESI-FRANCA-e1636753832680.jpg?fit=1174%2C818&ssl=1\",\"width\":1174,\"height\":818,\"caption\":\"Francanos tiveram vit\u00f3ria f\u00e1cil contra o Pato Basquete, e seguem agora para Mogi, onde enfrentam os donos da casa | Foto: Marcos Limonti\/ SFB\"},{\"@type\":\"BreadcrumbList\",\"@id\":\"https:\/\/verdadeon.com.br\/portal\/2021\/11\/12\/ainda-invicto-no-nbb-franca-entra-em-quadra-contra-o-mogi-neste-sabado\/#breadcrumb\",\"itemListElement\":[{\"@type\":\"ListItem\",\"position\":1,\"name\":\"In\u00edcio\",\"item\":\"https:\/\/verdadeon.com.br\/portal\/\"},{\"@type\":\"ListItem\",\"position\":2,\"name\":\"Ainda invicto no NBB, Franca entra em quadra contra o Mogi neste s\u00e1bado\"}]},{\"@type\":\"WebSite\",\"@id\":\"https:\/\/verdadeon.com.br\/portal\/#website\",\"url\":\"https:\/\/verdadeon.com.br\/portal\/\",\"name\":\"VerdadeOn\",\"description\":\"Not\u00edcias di\u00e1rias sobre Franca, Regi\u00e3o, Esporte, Cultura, Cotidiano, Colunas. Cobertura nos principais eventos da cidade \u00e9 aqui - Verdadeon Franca\",\"potentialAction\":[{\"@type\":\"SearchAction\",\"target\":{\"@type\":\"EntryPoint\",\"urlTemplate\":\"https:\/\/verdadeon.com.br\/portal\/?s={search_term_string}\"},\"query-input\":{\"@type\":\"PropertyValueSpecification\",\"valueRequired\":true,\"valueName\":\"search_term_string\"}}],\"inLanguage\":\"pt-BR\"},{\"@type\":\"Person\",\"@id\":\"https:\/\/verdadeon.com.br\/portal\/#\/schema\/person\/cc32be22b8e8599387c480bc83e1d11a\",\"name\":\"Fernando Lima\",\"image\":{\"@type\":\"ImageObject\",\"inLanguage\":\"pt-BR\",\"@id\":\"https:\/\/verdadeon.com.br\/portal\/#\/schema\/person\/image\/\",\"url\":\"https:\/\/secure.gravatar.com\/avatar\/df4c8e132080d2b3a4841d5d232045464e0eed11a1d6e43115ca0843d48768d3?s=96&d=mm&r=g\",\"contentUrl\":\"https:\/\/secure.gravatar.com\/avatar\/df4c8e132080d2b3a4841d5d232045464e0eed11a1d6e43115ca0843d48768d3?s=96&d=mm&r=g\",\"caption\":\"Fernando Lima\"},\"sameAs\":[\"http:\/\/verdadeon.com.br\/\"],\"url\":\"https:\/\/verdadeon.com.br\/portal\/author\/fernando-lima\/\"}]}<\/script>\n<!-- \/ Yoast SEO plugin. -->","yoast_head_json":{"title":"Ainda invicto no NBB, Franca entra em quadra contra o Mogi neste s\u00e1bado - VerdadeOn","robots":{"index":"index","follow":"follow","max-snippet":"max-snippet:-1","max-image-preview":"max-image-preview:large","max-video-preview":"max-video-preview:-1"},"canonical":"https:\/\/verdadeon.com.br\/portal\/2021\/11\/12\/ainda-invicto-no-nbb-franca-entra-em-quadra-contra-o-mogi-neste-sabado\/","og_locale":"pt_BR","og_type":"article","og_title":"Ainda invicto no NBB, Franca entra em quadra contra o Mogi neste s\u00e1bado - VerdadeOn","og_description":"Partida \u00e9 na casa do advers\u00e1rio \u00e0s 18h. Francanos voltam ao Pedroc\u00e3o no dia 18 de novembro Em busca da sexta vit\u00f3ria consecutiva no Novo Basquete [\u2026]","og_url":"https:\/\/verdadeon.com.br\/portal\/2021\/11\/12\/ainda-invicto-no-nbb-franca-entra-em-quadra-contra-o-mogi-neste-sabado\/","og_site_name":"VerdadeOn","article_published_time":"2021-11-12T18:55:25+00:00","article_modified_time":"2021-11-12T21:53:36+00:00","og_image":[{"width":1174,"height":818,"url":"https:\/\/verdadeon.com.br\/portal\/wp-content\/uploads\/2021\/11\/SESI-FRANCA-e1636753832680.jpg","type":"image\/jpeg"}],"author":"Fernando Lima","twitter_card":"summary_large_image","twitter_misc":{"Escrito por":"Fernando Lima","Est. tempo de leitura":"2 minutos"},"schema":{"@context":"https:\/\/schema.org","@graph":[{"@type":"WebPage","@id":"https:\/\/verdadeon.com.br\/portal\/2021\/11\/12\/ainda-invicto-no-nbb-franca-entra-em-quadra-contra-o-mogi-neste-sabado\/","url":"https:\/\/verdadeon.com.br\/portal\/2021\/11\/12\/ainda-invicto-no-nbb-franca-entra-em-quadra-contra-o-mogi-neste-sabado\/","name":"Ainda invicto no NBB, Franca entra em quadra contra o Mogi neste s\u00e1bado - VerdadeOn","isPartOf":{"@id":"https:\/\/verdadeon.com.br\/portal\/#website"},"primaryImageOfPage":{"@id":"https:\/\/verdadeon.com.br\/portal\/2021\/11\/12\/ainda-invicto-no-nbb-franca-entra-em-quadra-contra-o-mogi-neste-sabado\/#primaryimage"},"image":{"@id":"https:\/\/verdadeon.com.br\/portal\/2021\/11\/12\/ainda-invicto-no-nbb-franca-entra-em-quadra-contra-o-mogi-neste-sabado\/#primaryimage"},"thumbnailUrl":"https:\/\/i0.wp.com\/verdadeon.com.br\/portal\/wp-content\/uploads\/2021\/11\/SESI-FRANCA-e1636753832680.jpg?fit=1174%2C818&ssl=1","datePublished":"2021-11-12T18:55:25+00:00","dateModified":"2021-11-12T21:53:36+00:00","author":{"@id":"https:\/\/verdadeon.com.br\/portal\/#\/schema\/person\/cc32be22b8e8599387c480bc83e1d11a"},"breadcrumb":{"@id":"https:\/\/verdadeon.com.br\/portal\/2021\/11\/12\/ainda-invicto-no-nbb-franca-entra-em-quadra-contra-o-mogi-neste-sabado\/#breadcrumb"},"inLanguage":"pt-BR","potentialAction":[{"@type":"ReadAction","target":["https:\/\/verdadeon.com.br\/portal\/2021\/11\/12\/ainda-invicto-no-nbb-franca-entra-em-quadra-contra-o-mogi-neste-sabado\/"]}]},{"@type":"ImageObject","inLanguage":"pt-BR","@id":"https:\/\/verdadeon.com.br\/portal\/2021\/11\/12\/ainda-invicto-no-nbb-franca-entra-em-quadra-contra-o-mogi-neste-sabado\/#primaryimage","url":"https:\/\/i0.wp.com\/verdadeon.com.br\/portal\/wp-content\/uploads\/2021\/11\/SESI-FRANCA-e1636753832680.jpg?fit=1174%2C818&ssl=1","contentUrl":"https:\/\/i0.wp.com\/verdadeon.com.br\/portal\/wp-content\/uploads\/2021\/11\/SESI-FRANCA-e1636753832680.jpg?fit=1174%2C818&ssl=1","width":1174,"height":818,"caption":"Francanos tiveram vit\u00f3ria f\u00e1cil contra o Pato Basquete, e seguem agora para Mogi, onde enfrentam os donos da casa | Foto: Marcos Limonti\/ SFB"},{"@type":"BreadcrumbList","@id":"https:\/\/verdadeon.com.br\/portal\/2021\/11\/12\/ainda-invicto-no-nbb-franca-entra-em-quadra-contra-o-mogi-neste-sabado\/#breadcrumb","itemListElement":[{"@type":"ListItem","position":1,"name":"In\u00edcio","item":"https:\/\/verdadeon.com.br\/portal\/"},{"@type":"ListItem","position":2,"name":"Ainda invicto no NBB, Franca entra em quadra contra o Mogi neste s\u00e1bado"}]},{"@type":"WebSite","@id":"https:\/\/verdadeon.com.br\/portal\/#website","url":"https:\/\/verdadeon.com.br\/portal\/","name":"VerdadeOn","description":"Not\u00edcias di\u00e1rias sobre Franca, Regi\u00e3o, Esporte, Cultura, Cotidiano, Colunas. Cobertura nos principais eventos da cidade \u00e9 aqui - Verdadeon Franca","potentialAction":[{"@type":"SearchAction","target":{"@type":"EntryPoint","urlTemplate":"https:\/\/verdadeon.com.br\/portal\/?s={search_term_string}"},"query-input":{"@type":"PropertyValueSpecification","valueRequired":true,"valueName":"search_term_string"}}],"inLanguage":"pt-BR"},{"@type":"Person","@id":"https:\/\/verdadeon.com.br\/portal\/#\/schema\/person\/cc32be22b8e8599387c480bc83e1d11a","name":"Fernando Lima","image":{"@type":"ImageObject","inLanguage":"pt-BR","@id":"https:\/\/verdadeon.com.br\/portal\/#\/schema\/person\/image\/","url":"https:\/\/secure.gravatar.com\/avatar\/df4c8e132080d2b3a4841d5d232045464e0eed11a1d6e43115ca0843d48768d3?s=96&d=mm&r=g","contentUrl":"https:\/\/secure.gravatar.com\/avatar\/df4c8e132080d2b3a4841d5d232045464e0eed11a1d6e43115ca0843d48768d3?s=96&d=mm&r=g","caption":"Fernando Lima"},"sameAs":["http:\/\/verdadeon.com.br\/"],"url":"https:\/\/verdadeon.com.br\/portal\/author\/fernando-lima\/"}]}},"jetpack_publicize_connections":[],"jetpack_featured_media_url":"https:\/\/i0.wp.com\/verdadeon.com.br\/portal\/wp-content\/uploads\/2021\/11\/SESI-FRANCA-e1636753832680.jpg?fit=1174%2C818&ssl=1","jetpack_sharing_enabled":true,"_links":{"self":[{"href":"https:\/\/verdadeon.com.br\/portal\/wp-json\/wp\/v2\/posts\/20978","targetHints":{"allow":["GET"]}}],"collection":[{"href":"https:\/\/verdadeon.com.br\/portal\/wp-json\/wp\/v2\/posts"}],"about":[{"href":"https:\/\/verdadeon.com.br\/portal\/wp-json\/wp\/v2\/types\/post"}],"author":[{"embeddable":true,"href":"https:\/\/verdadeon.com.br\/portal\/wp-json\/wp\/v2\/users\/7"}],"replies":[{"embeddable":true,"href":"https:\/\/verdadeon.com.br\/portal\/wp-json\/wp\/v2\/comments?post=20978"}],"version-history":[{"count":0,"href":"https:\/\/verdadeon.com.br\/portal\/wp-json\/wp\/v2\/posts\/20978\/revisions"}],"wp:featuredmedia":[{"embeddable":true,"href":"https:\/\/verdadeon.com.br\/portal\/wp-json\/wp\/v2\/media\/20979"}],"wp:attachment":[{"href":"https:\/\/verdadeon.com.br\/portal\/wp-json\/wp\/v2\/media?parent=20978"}],"wp:term":[{"taxonomy":"category","embeddable":true,"href":"https:\/\/verdadeon.com.br\/portal\/wp-json\/wp\/v2\/categories?post=20978"},{"taxonomy":"post_tag","embeddable":true,"href":"https:\/\/verdadeon.com.br\/portal\/wp-json\/wp\/v2\/tags?post=20978"}],"curies":[{"name":"wp","href":"https:\/\/api.w.org\/{rel}","templated":true}]}}