{"id":20961,"date":"2021-11-12T12:22:54","date_gmt":"2021-11-12T15:22:54","guid":{"rendered":"https:\/\/verdadeon.com.br\/portal\/?p=20961"},"modified":"2021-11-12T12:22:54","modified_gmt":"2021-11-12T15:22:54","slug":"impera-promove-a-semana-global-do-empreendedorismo-com-varias-atividades-em-franca","status":"publish","type":"post","link":"https:\/\/verdadeon.com.br\/portal\/2021\/11\/12\/impera-promove-a-semana-global-do-empreendedorismo-com-varias-atividades-em-franca\/","title":{"rendered":"IMPERA promove a \u2018Semana Global do Empreendedorismo\u2019 com v\u00e1rias atividades em Franca"},"content":{"rendered":"<h2>De 15 a 19 de novembro est\u00e3o programadas palestras, oficinas e mesas-redondas sobre temas diversos para empreendedores, na sede da Incubadora de Empresas de Base Tecnol\u00f3gica<\/h2>\n<p>Capacitar, inspirar e conectar. Esses s\u00e3o os principais objetivos da \u201cSemana Global do Empreendedorismo\u201d (SGE) que acontece em mais de 130 pa\u00edses neste m\u00eas de novembro. E a IMPERA (Incubadora de Empresas de Base Tecnol\u00f3gica de Franca) coloca Franca no calend\u00e1rio nacional com um evento presencial que acontece de 15 a 19 de novembro, com programa\u00e7\u00e3o de palestras, oficinas e mesas-redondas para empreendedores de diversos segmentos, com entrada gratuita. S\u00e3o 30 vagas para cada atividade e as inscri\u00e7\u00f5es devem ser feitas no link:\u00a0<a href=\"https:\/\/linktr.ee\/impera.franca\">linktr.ee\/impera.franca<\/a>.<\/p>\n<p>\u201cA SGE \u00e9 um movimento global, que busca fortalecer a cultura empreendedora por meio da conex\u00e3o e capacita\u00e7\u00e3o, inspirando as pessoas a empreender. Este movimento, repleto de atividades com diferentes p\u00fablicos e tem\u00e1ticas, re\u00fane milhares de organiza\u00e7\u00f5es e milh\u00f5es de pessoas em todo o mundo. E, neste ano, a IMPERA participa inserindo Franca neste calend\u00e1rio do empreendedorismo\u201d, diz Jean Dunkl, gestor da Incubadora.<\/p>\n<p>A \u201cSemana Global do Empreendedorismo\u201d na IMPERA vai reunir empreendedores e profissionais de diversos segmentos como advogados, psic\u00f3logos, gestores, designers, engenheiros, publicit\u00e1rios, administradores, entre outros, que v\u00e3o compartilhar conhecimento e experi\u00eancias voluntariamente. As atividades acontecem durante toda a semana, em dois hor\u00e1rios: \u00e0s 10h, as palestras; \u00e0s 18h, as mesas-redondas. As oficinas acontecem somente na ter\u00e7a e na quarta, \u00e0s 16h\u00a0<em>(confira a programa\u00e7\u00e3o completa abaixo)<\/em>.<\/p>\n<p>Na abertura do evento, segunda-feira (15\/11), \u00e0s 10h, o advogado Carlos Eduardo Silva J\u00fanior fala sobre \u201cA import\u00e2ncia dos Contratos Sociais e dos Acordos de S\u00f3cios\u201d e \u00e0s 18h, o psic\u00f3logo Diego Alves e a profissional de RH Karina Passos discutem o tema \u201cGest\u00e3o de Pessoas: home office e modelo h\u00edbrido de trabalho\u201d.<\/p>\n<p>\u201cA SGE acontece com foco em tr\u00eas pilares: capacitar, ou seja, auxiliar os participantes por meio de oportunidades de qualifica\u00e7\u00e3o; inspirar, com hist\u00f3rias e li\u00e7\u00f5es aprendidas por empreendedores; e conectar institui\u00e7\u00f5es e pessoas que fomentem um ambiente empreendedor. S\u00e3o com esses prop\u00f3sitos que atuamos na IMPERA, a fim de despertar e gerar networking para o nosso ecossistema e de toda a regi\u00e3o de Franca\u201d, ressalta Jean.<\/p>\n<p>A &#8220;Semana Global do\u00a0Empreendedorismo&#8221; foi criada em 2007 pelo ex-primeiro ministro brit\u00e2nico Gordon Brown. No Brasil, foi institu\u00edda no calend\u00e1rio nacional pela Lei 14.135, de 2021, sancionada em abril pelo presidente Jair Bolsonaro. A norma prev\u00ea a realiza\u00e7\u00e3o de atividades sobre o tema na terceira semana de novembro de cada ano e tem como objetivo desenvolver palestras, debates, semin\u00e1rios e outros eventos para fortalecer e disseminar a cultura empreendedora no pa\u00eds. A Lei pretende ainda estimular pol\u00edticas p\u00fablicas para melhorar o ambiente empreendedor brasileiro e apoiar atividades desenvolvidas por organiza\u00e7\u00f5es da sociedade civil em prol de um Brasil mais empreendedor.<\/p>\n<p><strong>SERVI\u00c7O<\/strong><br \/>\n<strong>\u2018Semana Global do\u00a0Empreendedorismo\u2019 na IMPERA<\/strong><br \/>\n<strong>Data:\u00a0<\/strong>de segunda (15\/11) a sexta-feira (19\/11)<br \/>\n<strong>Hor\u00e1rio:\u00a0<\/strong>10h (palestra), 16h (oficina) e 18h (mesa-redonda)<br \/>\n<strong>Local:\u00a0<\/strong>IMPERA \u2013 Rua Major Mendon\u00e7a, 1659 \u2013 Cidade Nova \u2013 Franca\/SP<br \/>\n<strong>Inscri\u00e7\u00f5es gratuitas:<\/strong>\u00a0<a href=\"https:\/\/linktr.ee\/impera.franca\">linktr.ee\/impera.franca<\/a><br \/>\n<strong>Informa\u00e7\u00f5es:<\/strong>\u00a0(16) 99974-5209 \/\u00a0<a href=\"mailto:impera.franca@gmail.com\">impera.franca@gmail.com<\/a>\u00a0\u00a0\/ Instagram: @impera.franca<\/p>\n<p><strong>A IMPERA<\/strong><br \/>\nInaugurada em novembro de 2018, com apoio da Prefeitura de Franca, junto ao Instituto Cidade do Cal\u00e7ado, a IMPERA (Incubadora de Empresas de Base Tecnol\u00f3gica de Franca) tem como objetivo fomentar o empreendedorismo, atrav\u00e9s do suporte a projetos e empresas com prop\u00f3sitos inovadores que est\u00e3o em fase inicial ou de desenvolvimento, e consolidar seus produtos e servi\u00e7os no mercado.<br \/>\nAtualmente, a IMPERA atende 13 startups (ADSrock, Coffee Box, Go Cluster, Homea, Mercad\u00e3o do Fabricante, NFeAgro, OLO, Omink, Perfil Sertanejo, Personal Alternativo, Pluga Cuca, Profinanc e Sistema Metha) que apresentam como proposta a inova\u00e7\u00e3o, incremental ou disruptiva, e solu\u00e7\u00f5es tecnol\u00f3gicas para os diversos segmentos como ind\u00fastria, varejo, educa\u00e7\u00e3o, agroneg\u00f3cio, sa\u00fade, alimenta\u00e7\u00e3o, mercado automotivo, e-commerce, marketplace, entre outros.<br \/>\nA IMPERA atua na integra\u00e7\u00e3o dos projetos incubados com o mercado, universidades e institui\u00e7\u00f5es, fornecendo estrutura f\u00edsica, capacita\u00e7\u00e3o e mentorias, propiciando um ambiente favor\u00e1vel para o desenvolvimento do ecossistema empreendedor.<\/p>\n<p>&nbsp;<\/p>\n<p><img data-recalc-dims=\"1\" loading=\"lazy\" decoding=\"async\" class=\"alignnone size-full wp-image-20962\" src=\"https:\/\/i0.wp.com\/verdadeon.com.br\/portal\/wp-content\/uploads\/2021\/11\/WhatsApp-Image-2021-11-12-at-11.47.19.jpeg?resize=915%2C1280&#038;ssl=1\" alt=\"\" width=\"915\" height=\"1280\" srcset=\"https:\/\/i0.wp.com\/verdadeon.com.br\/portal\/wp-content\/uploads\/2021\/11\/WhatsApp-Image-2021-11-12-at-11.47.19.jpeg?w=915&amp;ssl=1 915w, https:\/\/i0.wp.com\/verdadeon.com.br\/portal\/wp-content\/uploads\/2021\/11\/WhatsApp-Image-2021-11-12-at-11.47.19.jpeg?resize=214%2C300&amp;ssl=1 214w, https:\/\/i0.wp.com\/verdadeon.com.br\/portal\/wp-content\/uploads\/2021\/11\/WhatsApp-Image-2021-11-12-at-11.47.19.jpeg?resize=732%2C1024&amp;ssl=1 732w, https:\/\/i0.wp.com\/verdadeon.com.br\/portal\/wp-content\/uploads\/2021\/11\/WhatsApp-Image-2021-11-12-at-11.47.19.jpeg?resize=768%2C1074&amp;ssl=1 768w, https:\/\/i0.wp.com\/verdadeon.com.br\/portal\/wp-content\/uploads\/2021\/11\/WhatsApp-Image-2021-11-12-at-11.47.19.jpeg?resize=104%2C146&amp;ssl=1 104w, https:\/\/i0.wp.com\/verdadeon.com.br\/portal\/wp-content\/uploads\/2021\/11\/WhatsApp-Image-2021-11-12-at-11.47.19.jpeg?resize=36%2C50&amp;ssl=1 36w, https:\/\/i0.wp.com\/verdadeon.com.br\/portal\/wp-content\/uploads\/2021\/11\/WhatsApp-Image-2021-11-12-at-11.47.19.jpeg?resize=54%2C75&amp;ssl=1 54w\" sizes=\"auto, (max-width: 915px) 100vw, 915px\" \/><\/p>\n","protected":false},"excerpt":{"rendered":"<p>De 15 a 19 de novembro est\u00e3o programadas palestras, oficinas e mesas-redondas sobre temas diversos para empreendedores, na sede da Incubadora de Empresas de Base Tecnol\u00f3gica<span class=\"excerpt-hellip\"> [\u2026]<\/span><\/p>\n","protected":false},"author":4,"featured_media":20963,"comment_status":"open","ping_status":"open","sticky":false,"template":"","format":"standard","meta":{"_jetpack_memberships_contains_paid_content":false,"footnotes":"","jetpack_publicize_message":"","jetpack_publicize_feature_enabled":true,"jetpack_social_post_already_shared":false,"jetpack_social_options":{"image_generator_settings":{"template":"highway","default_image_id":0,"enabled":false},"version":2}},"categories":[28,44],"tags":[],"class_list":["post-20961","post","type-post","status-publish","format-standard","has-post-thumbnail","hentry","category-cotidiano","category-noticias"],"yoast_head":"<!-- This site is optimized with the Yoast SEO plugin v25.6 - https:\/\/yoast.com\/wordpress\/plugins\/seo\/ -->\n<title>IMPERA promove a \u2018Semana Global do Empreendedorismo\u2019 com v\u00e1rias atividades em Franca - VerdadeOn<\/title>\n<meta name=\"robots\" content=\"index, follow, max-snippet:-1, max-image-preview:large, max-video-preview:-1\" \/>\n<link rel=\"canonical\" href=\"https:\/\/verdadeon.com.br\/portal\/2021\/11\/12\/impera-promove-a-semana-global-do-empreendedorismo-com-varias-atividades-em-franca\/\" \/>\n<meta property=\"og:locale\" content=\"pt_BR\" \/>\n<meta property=\"og:type\" content=\"article\" \/>\n<meta property=\"og:title\" content=\"IMPERA promove a \u2018Semana Global do Empreendedorismo\u2019 com v\u00e1rias atividades em Franca - VerdadeOn\" \/>\n<meta property=\"og:description\" content=\"De 15 a 19 de novembro est\u00e3o programadas palestras, oficinas e mesas-redondas sobre temas diversos para empreendedores, na sede da Incubadora de Empresas de Base Tecnol\u00f3gica [\u2026]\" \/>\n<meta property=\"og:url\" content=\"https:\/\/verdadeon.com.br\/portal\/2021\/11\/12\/impera-promove-a-semana-global-do-empreendedorismo-com-varias-atividades-em-franca\/\" \/>\n<meta property=\"og:site_name\" content=\"VerdadeOn\" \/>\n<meta property=\"article:published_time\" content=\"2021-11-12T15:22:54+00:00\" \/>\n<meta property=\"og:image\" content=\"https:\/\/verdadeon.com.br\/portal\/wp-content\/uploads\/2021\/11\/ed0a71e7-30aa-0af7-bd53-9314004c7b85.jpg\" \/>\n\t<meta property=\"og:image:width\" content=\"1000\" \/>\n\t<meta property=\"og:image:height\" content=\"670\" \/>\n\t<meta property=\"og:image:type\" content=\"image\/jpeg\" \/>\n<meta name=\"author\" content=\"Fernando Calixto\" \/>\n<meta name=\"twitter:card\" content=\"summary_large_image\" \/>\n<meta name=\"twitter:label1\" content=\"Escrito por\" \/>\n\t<meta name=\"twitter:data1\" content=\"Fernando Calixto\" \/>\n\t<meta name=\"twitter:label2\" content=\"Est. tempo de leitura\" \/>\n\t<meta name=\"twitter:data2\" content=\"4 minutos\" \/>\n<script type=\"application\/ld+json\" class=\"yoast-schema-graph\">{\"@context\":\"https:\/\/schema.org\",\"@graph\":[{\"@type\":\"WebPage\",\"@id\":\"https:\/\/verdadeon.com.br\/portal\/2021\/11\/12\/impera-promove-a-semana-global-do-empreendedorismo-com-varias-atividades-em-franca\/\",\"url\":\"https:\/\/verdadeon.com.br\/portal\/2021\/11\/12\/impera-promove-a-semana-global-do-empreendedorismo-com-varias-atividades-em-franca\/\",\"name\":\"IMPERA promove a \u2018Semana Global do Empreendedorismo\u2019 com v\u00e1rias atividades em Franca - VerdadeOn\",\"isPartOf\":{\"@id\":\"https:\/\/verdadeon.com.br\/portal\/#website\"},\"primaryImageOfPage\":{\"@id\":\"https:\/\/verdadeon.com.br\/portal\/2021\/11\/12\/impera-promove-a-semana-global-do-empreendedorismo-com-varias-atividades-em-franca\/#primaryimage\"},\"image\":{\"@id\":\"https:\/\/verdadeon.com.br\/portal\/2021\/11\/12\/impera-promove-a-semana-global-do-empreendedorismo-com-varias-atividades-em-franca\/#primaryimage\"},\"thumbnailUrl\":\"https:\/\/i0.wp.com\/verdadeon.com.br\/portal\/wp-content\/uploads\/2021\/11\/ed0a71e7-30aa-0af7-bd53-9314004c7b85.jpg?fit=1000%2C670&ssl=1\",\"datePublished\":\"2021-11-12T15:22:54+00:00\",\"author\":{\"@id\":\"https:\/\/verdadeon.com.br\/portal\/#\/schema\/person\/8994718f49ee62ba5610471e29ca1f62\"},\"breadcrumb\":{\"@id\":\"https:\/\/verdadeon.com.br\/portal\/2021\/11\/12\/impera-promove-a-semana-global-do-empreendedorismo-com-varias-atividades-em-franca\/#breadcrumb\"},\"inLanguage\":\"pt-BR\",\"potentialAction\":[{\"@type\":\"ReadAction\",\"target\":[\"https:\/\/verdadeon.com.br\/portal\/2021\/11\/12\/impera-promove-a-semana-global-do-empreendedorismo-com-varias-atividades-em-franca\/\"]}]},{\"@type\":\"ImageObject\",\"inLanguage\":\"pt-BR\",\"@id\":\"https:\/\/verdadeon.com.br\/portal\/2021\/11\/12\/impera-promove-a-semana-global-do-empreendedorismo-com-varias-atividades-em-franca\/#primaryimage\",\"url\":\"https:\/\/i0.wp.com\/verdadeon.com.br\/portal\/wp-content\/uploads\/2021\/11\/ed0a71e7-30aa-0af7-bd53-9314004c7b85.jpg?fit=1000%2C670&ssl=1\",\"contentUrl\":\"https:\/\/i0.wp.com\/verdadeon.com.br\/portal\/wp-content\/uploads\/2021\/11\/ed0a71e7-30aa-0af7-bd53-9314004c7b85.jpg?fit=1000%2C670&ssl=1\",\"width\":1000,\"height\":670},{\"@type\":\"BreadcrumbList\",\"@id\":\"https:\/\/verdadeon.com.br\/portal\/2021\/11\/12\/impera-promove-a-semana-global-do-empreendedorismo-com-varias-atividades-em-franca\/#breadcrumb\",\"itemListElement\":[{\"@type\":\"ListItem\",\"position\":1,\"name\":\"In\u00edcio\",\"item\":\"https:\/\/verdadeon.com.br\/portal\/\"},{\"@type\":\"ListItem\",\"position\":2,\"name\":\"IMPERA promove a \u2018Semana Global do Empreendedorismo\u2019 com v\u00e1rias atividades em Franca\"}]},{\"@type\":\"WebSite\",\"@id\":\"https:\/\/verdadeon.com.br\/portal\/#website\",\"url\":\"https:\/\/verdadeon.com.br\/portal\/\",\"name\":\"VerdadeOn\",\"description\":\"Not\u00edcias di\u00e1rias sobre Franca, Regi\u00e3o, Esporte, Cultura, Cotidiano, Colunas. Cobertura nos principais eventos da cidade \u00e9 aqui - Verdadeon Franca\",\"potentialAction\":[{\"@type\":\"SearchAction\",\"target\":{\"@type\":\"EntryPoint\",\"urlTemplate\":\"https:\/\/verdadeon.com.br\/portal\/?s={search_term_string}\"},\"query-input\":{\"@type\":\"PropertyValueSpecification\",\"valueRequired\":true,\"valueName\":\"search_term_string\"}}],\"inLanguage\":\"pt-BR\"},{\"@type\":\"Person\",\"@id\":\"https:\/\/verdadeon.com.br\/portal\/#\/schema\/person\/8994718f49ee62ba5610471e29ca1f62\",\"name\":\"Fernando Calixto\",\"image\":{\"@type\":\"ImageObject\",\"inLanguage\":\"pt-BR\",\"@id\":\"https:\/\/verdadeon.com.br\/portal\/#\/schema\/person\/image\/\",\"url\":\"https:\/\/secure.gravatar.com\/avatar\/7578910c24966c0316c340f9dbd601e93ee9f9212e1033968b367af9306bd9fb?s=96&d=mm&r=g\",\"contentUrl\":\"https:\/\/secure.gravatar.com\/avatar\/7578910c24966c0316c340f9dbd601e93ee9f9212e1033968b367af9306bd9fb?s=96&d=mm&r=g\",\"caption\":\"Fernando Calixto\"},\"url\":\"https:\/\/verdadeon.com.br\/portal\/author\/fernando-calixto\/\"}]}<\/script>\n<!-- \/ Yoast SEO plugin. -->","yoast_head_json":{"title":"IMPERA promove a \u2018Semana Global do Empreendedorismo\u2019 com v\u00e1rias atividades em Franca - VerdadeOn","robots":{"index":"index","follow":"follow","max-snippet":"max-snippet:-1","max-image-preview":"max-image-preview:large","max-video-preview":"max-video-preview:-1"},"canonical":"https:\/\/verdadeon.com.br\/portal\/2021\/11\/12\/impera-promove-a-semana-global-do-empreendedorismo-com-varias-atividades-em-franca\/","og_locale":"pt_BR","og_type":"article","og_title":"IMPERA promove a \u2018Semana Global do Empreendedorismo\u2019 com v\u00e1rias atividades em Franca - VerdadeOn","og_description":"De 15 a 19 de novembro est\u00e3o programadas palestras, oficinas e mesas-redondas sobre temas diversos para empreendedores, na sede da Incubadora de Empresas de Base Tecnol\u00f3gica [\u2026]","og_url":"https:\/\/verdadeon.com.br\/portal\/2021\/11\/12\/impera-promove-a-semana-global-do-empreendedorismo-com-varias-atividades-em-franca\/","og_site_name":"VerdadeOn","article_published_time":"2021-11-12T15:22:54+00:00","og_image":[{"width":1000,"height":670,"url":"https:\/\/verdadeon.com.br\/portal\/wp-content\/uploads\/2021\/11\/ed0a71e7-30aa-0af7-bd53-9314004c7b85.jpg","type":"image\/jpeg"}],"author":"Fernando Calixto","twitter_card":"summary_large_image","twitter_misc":{"Escrito por":"Fernando Calixto","Est. tempo de leitura":"4 minutos"},"schema":{"@context":"https:\/\/schema.org","@graph":[{"@type":"WebPage","@id":"https:\/\/verdadeon.com.br\/portal\/2021\/11\/12\/impera-promove-a-semana-global-do-empreendedorismo-com-varias-atividades-em-franca\/","url":"https:\/\/verdadeon.com.br\/portal\/2021\/11\/12\/impera-promove-a-semana-global-do-empreendedorismo-com-varias-atividades-em-franca\/","name":"IMPERA promove a \u2018Semana Global do Empreendedorismo\u2019 com v\u00e1rias atividades em Franca - VerdadeOn","isPartOf":{"@id":"https:\/\/verdadeon.com.br\/portal\/#website"},"primaryImageOfPage":{"@id":"https:\/\/verdadeon.com.br\/portal\/2021\/11\/12\/impera-promove-a-semana-global-do-empreendedorismo-com-varias-atividades-em-franca\/#primaryimage"},"image":{"@id":"https:\/\/verdadeon.com.br\/portal\/2021\/11\/12\/impera-promove-a-semana-global-do-empreendedorismo-com-varias-atividades-em-franca\/#primaryimage"},"thumbnailUrl":"https:\/\/i0.wp.com\/verdadeon.com.br\/portal\/wp-content\/uploads\/2021\/11\/ed0a71e7-30aa-0af7-bd53-9314004c7b85.jpg?fit=1000%2C670&ssl=1","datePublished":"2021-11-12T15:22:54+00:00","author":{"@id":"https:\/\/verdadeon.com.br\/portal\/#\/schema\/person\/8994718f49ee62ba5610471e29ca1f62"},"breadcrumb":{"@id":"https:\/\/verdadeon.com.br\/portal\/2021\/11\/12\/impera-promove-a-semana-global-do-empreendedorismo-com-varias-atividades-em-franca\/#breadcrumb"},"inLanguage":"pt-BR","potentialAction":[{"@type":"ReadAction","target":["https:\/\/verdadeon.com.br\/portal\/2021\/11\/12\/impera-promove-a-semana-global-do-empreendedorismo-com-varias-atividades-em-franca\/"]}]},{"@type":"ImageObject","inLanguage":"pt-BR","@id":"https:\/\/verdadeon.com.br\/portal\/2021\/11\/12\/impera-promove-a-semana-global-do-empreendedorismo-com-varias-atividades-em-franca\/#primaryimage","url":"https:\/\/i0.wp.com\/verdadeon.com.br\/portal\/wp-content\/uploads\/2021\/11\/ed0a71e7-30aa-0af7-bd53-9314004c7b85.jpg?fit=1000%2C670&ssl=1","contentUrl":"https:\/\/i0.wp.com\/verdadeon.com.br\/portal\/wp-content\/uploads\/2021\/11\/ed0a71e7-30aa-0af7-bd53-9314004c7b85.jpg?fit=1000%2C670&ssl=1","width":1000,"height":670},{"@type":"BreadcrumbList","@id":"https:\/\/verdadeon.com.br\/portal\/2021\/11\/12\/impera-promove-a-semana-global-do-empreendedorismo-com-varias-atividades-em-franca\/#breadcrumb","itemListElement":[{"@type":"ListItem","position":1,"name":"In\u00edcio","item":"https:\/\/verdadeon.com.br\/portal\/"},{"@type":"ListItem","position":2,"name":"IMPERA promove a \u2018Semana Global do Empreendedorismo\u2019 com v\u00e1rias atividades em Franca"}]},{"@type":"WebSite","@id":"https:\/\/verdadeon.com.br\/portal\/#website","url":"https:\/\/verdadeon.com.br\/portal\/","name":"VerdadeOn","description":"Not\u00edcias di\u00e1rias sobre Franca, Regi\u00e3o, Esporte, Cultura, Cotidiano, Colunas. Cobertura nos principais eventos da cidade \u00e9 aqui - Verdadeon Franca","potentialAction":[{"@type":"SearchAction","target":{"@type":"EntryPoint","urlTemplate":"https:\/\/verdadeon.com.br\/portal\/?s={search_term_string}"},"query-input":{"@type":"PropertyValueSpecification","valueRequired":true,"valueName":"search_term_string"}}],"inLanguage":"pt-BR"},{"@type":"Person","@id":"https:\/\/verdadeon.com.br\/portal\/#\/schema\/person\/8994718f49ee62ba5610471e29ca1f62","name":"Fernando Calixto","image":{"@type":"ImageObject","inLanguage":"pt-BR","@id":"https:\/\/verdadeon.com.br\/portal\/#\/schema\/person\/image\/","url":"https:\/\/secure.gravatar.com\/avatar\/7578910c24966c0316c340f9dbd601e93ee9f9212e1033968b367af9306bd9fb?s=96&d=mm&r=g","contentUrl":"https:\/\/secure.gravatar.com\/avatar\/7578910c24966c0316c340f9dbd601e93ee9f9212e1033968b367af9306bd9fb?s=96&d=mm&r=g","caption":"Fernando Calixto"},"url":"https:\/\/verdadeon.com.br\/portal\/author\/fernando-calixto\/"}]}},"jetpack_publicize_connections":[],"jetpack_featured_media_url":"https:\/\/i0.wp.com\/verdadeon.com.br\/portal\/wp-content\/uploads\/2021\/11\/ed0a71e7-30aa-0af7-bd53-9314004c7b85.jpg?fit=1000%2C670&ssl=1","jetpack_sharing_enabled":true,"_links":{"self":[{"href":"https:\/\/verdadeon.com.br\/portal\/wp-json\/wp\/v2\/posts\/20961","targetHints":{"allow":["GET"]}}],"collection":[{"href":"https:\/\/verdadeon.com.br\/portal\/wp-json\/wp\/v2\/posts"}],"about":[{"href":"https:\/\/verdadeon.com.br\/portal\/wp-json\/wp\/v2\/types\/post"}],"author":[{"embeddable":true,"href":"https:\/\/verdadeon.com.br\/portal\/wp-json\/wp\/v2\/users\/4"}],"replies":[{"embeddable":true,"href":"https:\/\/verdadeon.com.br\/portal\/wp-json\/wp\/v2\/comments?post=20961"}],"version-history":[{"count":0,"href":"https:\/\/verdadeon.com.br\/portal\/wp-json\/wp\/v2\/posts\/20961\/revisions"}],"wp:featuredmedia":[{"embeddable":true,"href":"https:\/\/verdadeon.com.br\/portal\/wp-json\/wp\/v2\/media\/20963"}],"wp:attachment":[{"href":"https:\/\/verdadeon.com.br\/portal\/wp-json\/wp\/v2\/media?parent=20961"}],"wp:term":[{"taxonomy":"category","embeddable":true,"href":"https:\/\/verdadeon.com.br\/portal\/wp-json\/wp\/v2\/categories?post=20961"},{"taxonomy":"post_tag","embeddable":true,"href":"https:\/\/verdadeon.com.br\/portal\/wp-json\/wp\/v2\/tags?post=20961"}],"curies":[{"name":"wp","href":"https:\/\/api.w.org\/{rel}","templated":true}]}}