{"id":20954,"date":"2021-11-12T08:58:44","date_gmt":"2021-11-12T11:58:44","guid":{"rendered":"https:\/\/verdadeon.com.br\/portal\/?p=20954"},"modified":"2021-11-12T08:58:44","modified_gmt":"2021-11-12T11:58:44","slug":"sabesp-passa-a-entregar-novo-modelo-de-conta-de-agua-aos-clientes","status":"publish","type":"post","link":"https:\/\/verdadeon.com.br\/portal\/2021\/11\/12\/sabesp-passa-a-entregar-novo-modelo-de-conta-de-agua-aos-clientes\/","title":{"rendered":"Sabesp passa a entregar novo modelo de conta de \u00e1gua aos clientes"},"content":{"rendered":"<h2>Fatura mensal est\u00e1 de cara nova, com identifica\u00e7\u00e3o do im\u00f3vel pelo n\u00famero do fornecimento e mais facilidades para o cliente no sistema comercial<\/h2>\n<p>A conta de \u00e1gua da Sabesp mudou. Desde 13 de outubro a fatura mensal que os clientes recebem em casa traz uma s\u00e9rie de mudan\u00e7as em rela\u00e7\u00e3o ao modelo anterior, a come\u00e7ar pela identifica\u00e7\u00e3o do im\u00f3vel. Com a nova conta, a liga\u00e7\u00e3o de \u00e1gua passa a ser identificada pelo n\u00famero de fornecimento inscrito no canto superior esquerdo do impresso e logo abaixo h\u00e1 o c\u00f3digo para solicitar o cadastramento da conta em d\u00e9bito autom\u00e1tico.<\/p>\n<p>\u00c9 importante que o cliente fique atento, j\u00e1 que t\u00eam circulado nas redes sociais postagens equivocadas sobre supostas contas falsas. As novas faturas n\u00e3o s\u00e3o falsas e, daqui em diante, passam a ser o modelo oficial da Sabesp. Neste link \u00e9 poss\u00edvel conhecer a nova conta: https:\/\/www9.sabesp.com.br\/entenda-sua-fatura<\/p>\n<p>A nova fatura \u00e9 uma das mudan\u00e7as implantadas pela Sabesp na nova plataforma digital que traz melhorias no relacionamento com o cliente. Trata-se de um processo de transforma\u00e7\u00e3o digital da Companhia, personalizando o atendimento ao levar em conta as necessidades e expectativas de cada cliente, com novas funcionalidades e mais rapidez.<\/p>\n<p>Clientes com cadastro atualizado receberam informa\u00e7\u00f5es sobre a nova plataforma e sobre as mudan\u00e7as nas contas anteriores e por SMS. Com o novo sistema comercial, o cliente agora passa a ser cadastrado por seu CPF ou CNPJ, facilitando, por exemplo, mudan\u00e7as de titularidade. O cliente tamb\u00e9m ter\u00e1 facilidade para escolher a data de vencimento das contas, com seis op\u00e7\u00f5es de dias: 01, 05, 10, 15, 20 e 25. Mais informa\u00e7\u00f5es sobre o novo sistema comercial est\u00e3o dispon\u00edveis em https:\/\/youtu.be\/6s_fizM1S3c<\/p>\n<p>&nbsp;<\/p>\n<p><img data-recalc-dims=\"1\" loading=\"lazy\" decoding=\"async\" class=\"alignnone size-full wp-image-20955\" src=\"https:\/\/i0.wp.com\/verdadeon.com.br\/portal\/wp-content\/uploads\/2021\/11\/WhatsApp-Image-2021-11-12-at-08.53.15.jpeg?resize=1024%2C1489&#038;ssl=1\" alt=\"\" width=\"1024\" height=\"1489\" srcset=\"https:\/\/i0.wp.com\/verdadeon.com.br\/portal\/wp-content\/uploads\/2021\/11\/WhatsApp-Image-2021-11-12-at-08.53.15.jpeg?w=1024&amp;ssl=1 1024w, https:\/\/i0.wp.com\/verdadeon.com.br\/portal\/wp-content\/uploads\/2021\/11\/WhatsApp-Image-2021-11-12-at-08.53.15.jpeg?resize=206%2C300&amp;ssl=1 206w, https:\/\/i0.wp.com\/verdadeon.com.br\/portal\/wp-content\/uploads\/2021\/11\/WhatsApp-Image-2021-11-12-at-08.53.15.jpeg?resize=704%2C1024&amp;ssl=1 704w, https:\/\/i0.wp.com\/verdadeon.com.br\/portal\/wp-content\/uploads\/2021\/11\/WhatsApp-Image-2021-11-12-at-08.53.15.jpeg?resize=768%2C1117&amp;ssl=1 768w, https:\/\/i0.wp.com\/verdadeon.com.br\/portal\/wp-content\/uploads\/2021\/11\/WhatsApp-Image-2021-11-12-at-08.53.15.jpeg?resize=100%2C146&amp;ssl=1 100w, https:\/\/i0.wp.com\/verdadeon.com.br\/portal\/wp-content\/uploads\/2021\/11\/WhatsApp-Image-2021-11-12-at-08.53.15.jpeg?resize=34%2C50&amp;ssl=1 34w, https:\/\/i0.wp.com\/verdadeon.com.br\/portal\/wp-content\/uploads\/2021\/11\/WhatsApp-Image-2021-11-12-at-08.53.15.jpeg?resize=52%2C75&amp;ssl=1 52w\" sizes=\"auto, (max-width: 1024px) 100vw, 1024px\" \/><\/p>\n","protected":false},"excerpt":{"rendered":"<p>Fatura mensal est\u00e1 de cara nova, com identifica\u00e7\u00e3o do im\u00f3vel pelo n\u00famero do fornecimento e mais facilidades para o cliente no sistema comercial A conta de<span class=\"excerpt-hellip\"> [\u2026]<\/span><\/p>\n","protected":false},"author":4,"featured_media":20956,"comment_status":"open","ping_status":"open","sticky":false,"template":"","format":"standard","meta":{"_jetpack_memberships_contains_paid_content":false,"footnotes":"","jetpack_publicize_message":"","jetpack_publicize_feature_enabled":true,"jetpack_social_post_already_shared":false,"jetpack_social_options":{"image_generator_settings":{"template":"highway","default_image_id":0,"enabled":false},"version":2}},"categories":[28,44],"tags":[],"class_list":["post-20954","post","type-post","status-publish","format-standard","has-post-thumbnail","hentry","category-cotidiano","category-noticias"],"yoast_head":"<!-- This site is optimized with the Yoast SEO plugin v25.6 - https:\/\/yoast.com\/wordpress\/plugins\/seo\/ -->\n<title>Sabesp passa a entregar novo modelo de conta de \u00e1gua aos clientes - VerdadeOn<\/title>\n<meta name=\"robots\" content=\"index, follow, max-snippet:-1, max-image-preview:large, max-video-preview:-1\" \/>\n<link rel=\"canonical\" href=\"https:\/\/verdadeon.com.br\/portal\/2021\/11\/12\/sabesp-passa-a-entregar-novo-modelo-de-conta-de-agua-aos-clientes\/\" \/>\n<meta property=\"og:locale\" content=\"pt_BR\" \/>\n<meta property=\"og:type\" content=\"article\" \/>\n<meta property=\"og:title\" content=\"Sabesp passa a entregar novo modelo de conta de \u00e1gua aos clientes - VerdadeOn\" \/>\n<meta property=\"og:description\" content=\"Fatura mensal est\u00e1 de cara nova, com identifica\u00e7\u00e3o do im\u00f3vel pelo n\u00famero do fornecimento e mais facilidades para o cliente no sistema comercial A conta de [\u2026]\" \/>\n<meta property=\"og:url\" content=\"https:\/\/verdadeon.com.br\/portal\/2021\/11\/12\/sabesp-passa-a-entregar-novo-modelo-de-conta-de-agua-aos-clientes\/\" \/>\n<meta property=\"og:site_name\" content=\"VerdadeOn\" \/>\n<meta property=\"article:published_time\" content=\"2021-11-12T11:58:44+00:00\" \/>\n<meta property=\"og:image\" content=\"https:\/\/verdadeon.com.br\/portal\/wp-content\/uploads\/2021\/11\/WhatsApp-Image-2021-11-12-at-08.53.15-2.jpg\" \/>\n\t<meta property=\"og:image:width\" content=\"1000\" \/>\n\t<meta property=\"og:image:height\" content=\"670\" \/>\n\t<meta property=\"og:image:type\" content=\"image\/jpeg\" \/>\n<meta name=\"author\" content=\"Fernando Calixto\" \/>\n<meta name=\"twitter:card\" content=\"summary_large_image\" \/>\n<meta name=\"twitter:label1\" content=\"Escrito por\" \/>\n\t<meta name=\"twitter:data1\" content=\"Fernando Calixto\" \/>\n\t<meta name=\"twitter:label2\" content=\"Est. tempo de leitura\" \/>\n\t<meta name=\"twitter:data2\" content=\"2 minutos\" \/>\n<script type=\"application\/ld+json\" class=\"yoast-schema-graph\">{\"@context\":\"https:\/\/schema.org\",\"@graph\":[{\"@type\":\"WebPage\",\"@id\":\"https:\/\/verdadeon.com.br\/portal\/2021\/11\/12\/sabesp-passa-a-entregar-novo-modelo-de-conta-de-agua-aos-clientes\/\",\"url\":\"https:\/\/verdadeon.com.br\/portal\/2021\/11\/12\/sabesp-passa-a-entregar-novo-modelo-de-conta-de-agua-aos-clientes\/\",\"name\":\"Sabesp passa a entregar novo modelo de conta de \u00e1gua aos clientes - VerdadeOn\",\"isPartOf\":{\"@id\":\"https:\/\/verdadeon.com.br\/portal\/#website\"},\"primaryImageOfPage\":{\"@id\":\"https:\/\/verdadeon.com.br\/portal\/2021\/11\/12\/sabesp-passa-a-entregar-novo-modelo-de-conta-de-agua-aos-clientes\/#primaryimage\"},\"image\":{\"@id\":\"https:\/\/verdadeon.com.br\/portal\/2021\/11\/12\/sabesp-passa-a-entregar-novo-modelo-de-conta-de-agua-aos-clientes\/#primaryimage\"},\"thumbnailUrl\":\"https:\/\/i0.wp.com\/verdadeon.com.br\/portal\/wp-content\/uploads\/2021\/11\/WhatsApp-Image-2021-11-12-at-08.53.15-2.jpg?fit=1000%2C670&ssl=1\",\"datePublished\":\"2021-11-12T11:58:44+00:00\",\"author\":{\"@id\":\"https:\/\/verdadeon.com.br\/portal\/#\/schema\/person\/8994718f49ee62ba5610471e29ca1f62\"},\"breadcrumb\":{\"@id\":\"https:\/\/verdadeon.com.br\/portal\/2021\/11\/12\/sabesp-passa-a-entregar-novo-modelo-de-conta-de-agua-aos-clientes\/#breadcrumb\"},\"inLanguage\":\"pt-BR\",\"potentialAction\":[{\"@type\":\"ReadAction\",\"target\":[\"https:\/\/verdadeon.com.br\/portal\/2021\/11\/12\/sabesp-passa-a-entregar-novo-modelo-de-conta-de-agua-aos-clientes\/\"]}]},{\"@type\":\"ImageObject\",\"inLanguage\":\"pt-BR\",\"@id\":\"https:\/\/verdadeon.com.br\/portal\/2021\/11\/12\/sabesp-passa-a-entregar-novo-modelo-de-conta-de-agua-aos-clientes\/#primaryimage\",\"url\":\"https:\/\/i0.wp.com\/verdadeon.com.br\/portal\/wp-content\/uploads\/2021\/11\/WhatsApp-Image-2021-11-12-at-08.53.15-2.jpg?fit=1000%2C670&ssl=1\",\"contentUrl\":\"https:\/\/i0.wp.com\/verdadeon.com.br\/portal\/wp-content\/uploads\/2021\/11\/WhatsApp-Image-2021-11-12-at-08.53.15-2.jpg?fit=1000%2C670&ssl=1\",\"width\":1000,\"height\":670},{\"@type\":\"BreadcrumbList\",\"@id\":\"https:\/\/verdadeon.com.br\/portal\/2021\/11\/12\/sabesp-passa-a-entregar-novo-modelo-de-conta-de-agua-aos-clientes\/#breadcrumb\",\"itemListElement\":[{\"@type\":\"ListItem\",\"position\":1,\"name\":\"In\u00edcio\",\"item\":\"https:\/\/verdadeon.com.br\/portal\/\"},{\"@type\":\"ListItem\",\"position\":2,\"name\":\"Sabesp passa a entregar novo modelo de conta de \u00e1gua aos clientes\"}]},{\"@type\":\"WebSite\",\"@id\":\"https:\/\/verdadeon.com.br\/portal\/#website\",\"url\":\"https:\/\/verdadeon.com.br\/portal\/\",\"name\":\"VerdadeOn\",\"description\":\"Not\u00edcias di\u00e1rias sobre Franca, Regi\u00e3o, Esporte, Cultura, Cotidiano, Colunas. Cobertura nos principais eventos da cidade \u00e9 aqui - Verdadeon Franca\",\"potentialAction\":[{\"@type\":\"SearchAction\",\"target\":{\"@type\":\"EntryPoint\",\"urlTemplate\":\"https:\/\/verdadeon.com.br\/portal\/?s={search_term_string}\"},\"query-input\":{\"@type\":\"PropertyValueSpecification\",\"valueRequired\":true,\"valueName\":\"search_term_string\"}}],\"inLanguage\":\"pt-BR\"},{\"@type\":\"Person\",\"@id\":\"https:\/\/verdadeon.com.br\/portal\/#\/schema\/person\/8994718f49ee62ba5610471e29ca1f62\",\"name\":\"Fernando Calixto\",\"image\":{\"@type\":\"ImageObject\",\"inLanguage\":\"pt-BR\",\"@id\":\"https:\/\/verdadeon.com.br\/portal\/#\/schema\/person\/image\/\",\"url\":\"https:\/\/secure.gravatar.com\/avatar\/7578910c24966c0316c340f9dbd601e93ee9f9212e1033968b367af9306bd9fb?s=96&d=mm&r=g\",\"contentUrl\":\"https:\/\/secure.gravatar.com\/avatar\/7578910c24966c0316c340f9dbd601e93ee9f9212e1033968b367af9306bd9fb?s=96&d=mm&r=g\",\"caption\":\"Fernando Calixto\"},\"url\":\"https:\/\/verdadeon.com.br\/portal\/author\/fernando-calixto\/\"}]}<\/script>\n<!-- \/ Yoast SEO plugin. -->","yoast_head_json":{"title":"Sabesp passa a entregar novo modelo de conta de \u00e1gua aos clientes - VerdadeOn","robots":{"index":"index","follow":"follow","max-snippet":"max-snippet:-1","max-image-preview":"max-image-preview:large","max-video-preview":"max-video-preview:-1"},"canonical":"https:\/\/verdadeon.com.br\/portal\/2021\/11\/12\/sabesp-passa-a-entregar-novo-modelo-de-conta-de-agua-aos-clientes\/","og_locale":"pt_BR","og_type":"article","og_title":"Sabesp passa a entregar novo modelo de conta de \u00e1gua aos clientes - VerdadeOn","og_description":"Fatura mensal est\u00e1 de cara nova, com identifica\u00e7\u00e3o do im\u00f3vel pelo n\u00famero do fornecimento e mais facilidades para o cliente no sistema comercial A conta de [\u2026]","og_url":"https:\/\/verdadeon.com.br\/portal\/2021\/11\/12\/sabesp-passa-a-entregar-novo-modelo-de-conta-de-agua-aos-clientes\/","og_site_name":"VerdadeOn","article_published_time":"2021-11-12T11:58:44+00:00","og_image":[{"width":1000,"height":670,"url":"https:\/\/verdadeon.com.br\/portal\/wp-content\/uploads\/2021\/11\/WhatsApp-Image-2021-11-12-at-08.53.15-2.jpg","type":"image\/jpeg"}],"author":"Fernando Calixto","twitter_card":"summary_large_image","twitter_misc":{"Escrito por":"Fernando Calixto","Est. tempo de leitura":"2 minutos"},"schema":{"@context":"https:\/\/schema.org","@graph":[{"@type":"WebPage","@id":"https:\/\/verdadeon.com.br\/portal\/2021\/11\/12\/sabesp-passa-a-entregar-novo-modelo-de-conta-de-agua-aos-clientes\/","url":"https:\/\/verdadeon.com.br\/portal\/2021\/11\/12\/sabesp-passa-a-entregar-novo-modelo-de-conta-de-agua-aos-clientes\/","name":"Sabesp passa a entregar novo modelo de conta de \u00e1gua aos clientes - VerdadeOn","isPartOf":{"@id":"https:\/\/verdadeon.com.br\/portal\/#website"},"primaryImageOfPage":{"@id":"https:\/\/verdadeon.com.br\/portal\/2021\/11\/12\/sabesp-passa-a-entregar-novo-modelo-de-conta-de-agua-aos-clientes\/#primaryimage"},"image":{"@id":"https:\/\/verdadeon.com.br\/portal\/2021\/11\/12\/sabesp-passa-a-entregar-novo-modelo-de-conta-de-agua-aos-clientes\/#primaryimage"},"thumbnailUrl":"https:\/\/i0.wp.com\/verdadeon.com.br\/portal\/wp-content\/uploads\/2021\/11\/WhatsApp-Image-2021-11-12-at-08.53.15-2.jpg?fit=1000%2C670&ssl=1","datePublished":"2021-11-12T11:58:44+00:00","author":{"@id":"https:\/\/verdadeon.com.br\/portal\/#\/schema\/person\/8994718f49ee62ba5610471e29ca1f62"},"breadcrumb":{"@id":"https:\/\/verdadeon.com.br\/portal\/2021\/11\/12\/sabesp-passa-a-entregar-novo-modelo-de-conta-de-agua-aos-clientes\/#breadcrumb"},"inLanguage":"pt-BR","potentialAction":[{"@type":"ReadAction","target":["https:\/\/verdadeon.com.br\/portal\/2021\/11\/12\/sabesp-passa-a-entregar-novo-modelo-de-conta-de-agua-aos-clientes\/"]}]},{"@type":"ImageObject","inLanguage":"pt-BR","@id":"https:\/\/verdadeon.com.br\/portal\/2021\/11\/12\/sabesp-passa-a-entregar-novo-modelo-de-conta-de-agua-aos-clientes\/#primaryimage","url":"https:\/\/i0.wp.com\/verdadeon.com.br\/portal\/wp-content\/uploads\/2021\/11\/WhatsApp-Image-2021-11-12-at-08.53.15-2.jpg?fit=1000%2C670&ssl=1","contentUrl":"https:\/\/i0.wp.com\/verdadeon.com.br\/portal\/wp-content\/uploads\/2021\/11\/WhatsApp-Image-2021-11-12-at-08.53.15-2.jpg?fit=1000%2C670&ssl=1","width":1000,"height":670},{"@type":"BreadcrumbList","@id":"https:\/\/verdadeon.com.br\/portal\/2021\/11\/12\/sabesp-passa-a-entregar-novo-modelo-de-conta-de-agua-aos-clientes\/#breadcrumb","itemListElement":[{"@type":"ListItem","position":1,"name":"In\u00edcio","item":"https:\/\/verdadeon.com.br\/portal\/"},{"@type":"ListItem","position":2,"name":"Sabesp passa a entregar novo modelo de conta de \u00e1gua aos clientes"}]},{"@type":"WebSite","@id":"https:\/\/verdadeon.com.br\/portal\/#website","url":"https:\/\/verdadeon.com.br\/portal\/","name":"VerdadeOn","description":"Not\u00edcias di\u00e1rias sobre Franca, Regi\u00e3o, Esporte, Cultura, Cotidiano, Colunas. Cobertura nos principais eventos da cidade \u00e9 aqui - Verdadeon Franca","potentialAction":[{"@type":"SearchAction","target":{"@type":"EntryPoint","urlTemplate":"https:\/\/verdadeon.com.br\/portal\/?s={search_term_string}"},"query-input":{"@type":"PropertyValueSpecification","valueRequired":true,"valueName":"search_term_string"}}],"inLanguage":"pt-BR"},{"@type":"Person","@id":"https:\/\/verdadeon.com.br\/portal\/#\/schema\/person\/8994718f49ee62ba5610471e29ca1f62","name":"Fernando Calixto","image":{"@type":"ImageObject","inLanguage":"pt-BR","@id":"https:\/\/verdadeon.com.br\/portal\/#\/schema\/person\/image\/","url":"https:\/\/secure.gravatar.com\/avatar\/7578910c24966c0316c340f9dbd601e93ee9f9212e1033968b367af9306bd9fb?s=96&d=mm&r=g","contentUrl":"https:\/\/secure.gravatar.com\/avatar\/7578910c24966c0316c340f9dbd601e93ee9f9212e1033968b367af9306bd9fb?s=96&d=mm&r=g","caption":"Fernando Calixto"},"url":"https:\/\/verdadeon.com.br\/portal\/author\/fernando-calixto\/"}]}},"jetpack_publicize_connections":[],"jetpack_featured_media_url":"https:\/\/i0.wp.com\/verdadeon.com.br\/portal\/wp-content\/uploads\/2021\/11\/WhatsApp-Image-2021-11-12-at-08.53.15-2.jpg?fit=1000%2C670&ssl=1","jetpack_sharing_enabled":true,"_links":{"self":[{"href":"https:\/\/verdadeon.com.br\/portal\/wp-json\/wp\/v2\/posts\/20954","targetHints":{"allow":["GET"]}}],"collection":[{"href":"https:\/\/verdadeon.com.br\/portal\/wp-json\/wp\/v2\/posts"}],"about":[{"href":"https:\/\/verdadeon.com.br\/portal\/wp-json\/wp\/v2\/types\/post"}],"author":[{"embeddable":true,"href":"https:\/\/verdadeon.com.br\/portal\/wp-json\/wp\/v2\/users\/4"}],"replies":[{"embeddable":true,"href":"https:\/\/verdadeon.com.br\/portal\/wp-json\/wp\/v2\/comments?post=20954"}],"version-history":[{"count":0,"href":"https:\/\/verdadeon.com.br\/portal\/wp-json\/wp\/v2\/posts\/20954\/revisions"}],"wp:featuredmedia":[{"embeddable":true,"href":"https:\/\/verdadeon.com.br\/portal\/wp-json\/wp\/v2\/media\/20956"}],"wp:attachment":[{"href":"https:\/\/verdadeon.com.br\/portal\/wp-json\/wp\/v2\/media?parent=20954"}],"wp:term":[{"taxonomy":"category","embeddable":true,"href":"https:\/\/verdadeon.com.br\/portal\/wp-json\/wp\/v2\/categories?post=20954"},{"taxonomy":"post_tag","embeddable":true,"href":"https:\/\/verdadeon.com.br\/portal\/wp-json\/wp\/v2\/tags?post=20954"}],"curies":[{"name":"wp","href":"https:\/\/api.w.org\/{rel}","templated":true}]}}