{"id":20920,"date":"2021-11-10T18:11:42","date_gmt":"2021-11-10T21:11:42","guid":{"rendered":"https:\/\/verdadeon.com.br\/portal\/?p=20920"},"modified":"2021-11-10T18:10:28","modified_gmt":"2021-11-10T21:10:28","slug":"mortalidade-infantil-sp-registra-menor-taxa-de-obitos-da-historia","status":"publish","type":"post","link":"https:\/\/verdadeon.com.br\/portal\/2021\/11\/10\/mortalidade-infantil-sp-registra-menor-taxa-de-obitos-da-historia\/","title":{"rendered":"Mortalidade infantil: SP registra menor taxa de \u00f3bitos da hist\u00f3ria"},"content":{"rendered":"<h2><span style=\"font-weight: 400;\">Pela primeira vez o \u00edndice no estado chegou a um patamar de um d\u00edgito; em 20 anos a redu\u00e7\u00e3o de 42,6%<\/span><\/h2>\n<p><span style=\"font-weight: 400;\">O Estado de S\u00e3o Paulo teve a menor taxa de mortalidade infantil da hist\u00f3ria em 2020. Pela primeira vez, o \u00edndice alcan\u00e7ou o patamar de um d\u00edgito, chegando a 9,75 \u00f3bitos de menores de um ano por mil nascidos vivos.\u00a0<\/span><\/p>\n<p><span style=\"font-weight: 400;\">Os dados foram anunciados na tarde desta quarta-feira pelo governo de S\u00e3o Paulo. &#8220;\u00c9 gratificante e recompensador para todos n\u00f3s, que atuamos na gest\u00e3o p\u00fablica, o registro de mais um feito in\u00e9dito na hist\u00f3ria de S\u00e3o Paulo e do Brasil. Especialmente em rela\u00e7\u00e3o a um ano t\u00e3o dif\u00edcil como foi 2020&#8221;, declarou o governador Jo\u00e3o Doria.\u00a0<\/span><\/p>\n<p><span style=\"font-weight: 400;\">Nas \u00faltimas duas d\u00e9cadas, o estado registrou uma queda de 42,6%. Em 2000, a taxa era de 17 por mil nascidos vivos. Os dados s\u00e3o da publica\u00e7\u00e3o anual realizada pelo Seade (Funda\u00e7\u00e3o Sistema Estadual de An\u00e1lise de Dados).\u00a0<\/span><\/p>\n<p><span style=\"font-weight: 400;\">Os \u00edndices refletem a melhoria nas estrat\u00e9gias preventivas de assist\u00eancia na rede p\u00fablica de sa\u00fade do Governo de SP, como investimentos em saneamento b\u00e1sico, al\u00e9m de iniciativas rotineiras e campanha de imuniza\u00e7\u00e3o. Ao longo dos \u00faltimos dois anos, a Secretaria de Estado da Sa\u00fade vem desenvolvendo a\u00e7\u00f5es compartilhadas com diversas \u00e1reas t\u00e9cnicas da pasta, al\u00e9m de parcerias com a Secretaria de Desenvolvimento Social por meio do Comit\u00ea Estadual pela Primeira Inf\u00e2ncia, o programa Sa\u00fade na Escola com a Educa\u00e7\u00e3o e o programa Parcerias Municipais com a Secretaria de Desenvolvimento Regional.\u00a0<\/span><\/p>\n<p><span style=\"font-weight: 400;\">Al\u00e9m disso, a Secretaria de Estado da Sa\u00fade realiza articula\u00e7\u00e3o com os Comit\u00eas de Vigil\u00e2ncia de \u00d3bitos municipais e regionais; qualifica\u00e7\u00e3o do pr\u00e9-natal orientado pela linha de Cuidado da Gestante; qualifica\u00e7\u00e3o ao parto e ao rec\u00e9m-nascido, por meio de processos de treinamentos espec\u00edficos; apoio t\u00e9cnico para as regi\u00f5es de sa\u00fade atrav\u00e9s reuni\u00f5es macrorregionais com os pontos de atendimento da rede\u00a0 e Ciclo Grav\u00eddico Puerperal e Neonatal, incluindo Alto Risco; amplia\u00e7\u00e3o da rede de assist\u00eancia \u00e0s crian\u00e7as v\u00edtimas de viol\u00eancias; a\u00e7\u00f5es de supervis\u00e3o e apoio para as a\u00e7\u00f5es da rede estadual de Bancos de Leite de Humano (BLH).<\/span><\/p>\n<p><span style=\"font-weight: 400;\">\u201cEst\u00e1 \u00e9 uma marca hist\u00f3rica fruto de um trabalho conjunto e cont\u00ednuo entre o Estado e os 645 munic\u00edpios. As iniciativas e a\u00e7\u00f5es preventivas voltadas para a sa\u00fade da mulher e da crian\u00e7a fizeram com que S\u00e3o Paulo chegasse a um patamar \u00fanico em sua hist\u00f3ria. O objetivo agora \u00e9 ainda mais desafiador e vamos trabalhar para continuar diminuindo estes \u00edndices\u201d, destaca o Secret\u00e1rio de Estado da Sa\u00fade, Jean Gorinchteyn.\u00a0<\/span><\/p>\n<h4><span style=\"font-weight: 400;\">Principais riscos<\/span><\/h4>\n<p><span style=\"font-weight: 400;\">Considerando a idade da m\u00e3e, as principais redu\u00e7\u00f5es est\u00e3o na faixa de 25 a 40 anos, com maior risco de morte antes do primeiro ano de vida nos casos de mulheres que deram \u00e0 luz antes dos 19 e ap\u00f3s os 40.\u00a0<\/span><\/p>\n<p><span style=\"font-weight: 400;\">Cerca de nove a cada dez mortes infantis est\u00e3o relacionadas a doen\u00e7as originadas no per\u00edodo perinatal (entre 22 semanas de gesta\u00e7\u00e3o at\u00e9 os 7 dias ap\u00f3s o nascimento do beb\u00ea), malforma\u00e7\u00f5es cong\u00eanitas; doen\u00e7as infecciosas e parasit\u00e1rias, e do aparelho respirat\u00f3rio.\u00a0<\/span><\/p>\n<p><span style=\"font-weight: 400;\">O per\u00edodo neonatal precoce, de 0 a 6 dias de vida, representa a maior propor\u00e7\u00e3o dos \u00f3bitos infantis, com 51% do total.<\/span><\/p>\n","protected":false},"excerpt":{"rendered":"<p>Pela primeira vez o \u00edndice no estado chegou a um patamar de um d\u00edgito; em 20 anos a redu\u00e7\u00e3o de 42,6% O Estado de S\u00e3o Paulo<span class=\"excerpt-hellip\"> [\u2026]<\/span><\/p>\n","protected":false},"author":10,"featured_media":20921,"comment_status":"open","ping_status":"open","sticky":false,"template":"","format":"standard","meta":{"_jetpack_memberships_contains_paid_content":false,"footnotes":"","jetpack_publicize_message":"","jetpack_publicize_feature_enabled":true,"jetpack_social_post_already_shared":false,"jetpack_social_options":{"image_generator_settings":{"template":"highway","default_image_id":0,"enabled":false},"version":2}},"categories":[28,44],"tags":[],"class_list":["post-20920","post","type-post","status-publish","format-standard","has-post-thumbnail","hentry","category-cotidiano","category-noticias"],"yoast_head":"<!-- This site is optimized with the Yoast SEO plugin v25.6 - https:\/\/yoast.com\/wordpress\/plugins\/seo\/ -->\n<title>Mortalidade infantil: SP registra menor taxa de \u00f3bitos da hist\u00f3ria - VerdadeOn<\/title>\n<meta name=\"robots\" content=\"index, follow, max-snippet:-1, max-image-preview:large, max-video-preview:-1\" \/>\n<link rel=\"canonical\" href=\"https:\/\/verdadeon.com.br\/portal\/2021\/11\/10\/mortalidade-infantil-sp-registra-menor-taxa-de-obitos-da-historia\/\" \/>\n<meta property=\"og:locale\" content=\"pt_BR\" \/>\n<meta property=\"og:type\" content=\"article\" \/>\n<meta property=\"og:title\" content=\"Mortalidade infantil: SP registra menor taxa de \u00f3bitos da hist\u00f3ria - VerdadeOn\" \/>\n<meta property=\"og:description\" content=\"Pela primeira vez o \u00edndice no estado chegou a um patamar de um d\u00edgito; em 20 anos a redu\u00e7\u00e3o de 42,6% O Estado de S\u00e3o Paulo [\u2026]\" \/>\n<meta property=\"og:url\" content=\"https:\/\/verdadeon.com.br\/portal\/2021\/11\/10\/mortalidade-infantil-sp-registra-menor-taxa-de-obitos-da-historia\/\" \/>\n<meta property=\"og:site_name\" content=\"VerdadeOn\" \/>\n<meta property=\"article:published_time\" content=\"2021-11-10T21:11:42+00:00\" \/>\n<meta property=\"og:image\" content=\"https:\/\/verdadeon.com.br\/portal\/wp-content\/uploads\/2021\/11\/Coletiva-de-Imprensa-com-Area-do-Governo-e-Area-da-Saude.jpeg\" \/>\n\t<meta property=\"og:image:width\" content=\"1000\" \/>\n\t<meta property=\"og:image:height\" content=\"670\" \/>\n\t<meta property=\"og:image:type\" content=\"image\/jpeg\" \/>\n<meta name=\"author\" content=\"Redacao VerdadeOn\" \/>\n<meta name=\"twitter:card\" content=\"summary_large_image\" \/>\n<meta name=\"twitter:label1\" content=\"Escrito por\" \/>\n\t<meta name=\"twitter:data1\" content=\"Redacao VerdadeOn\" \/>\n\t<meta name=\"twitter:label2\" content=\"Est. tempo de leitura\" \/>\n\t<meta name=\"twitter:data2\" content=\"3 minutos\" \/>\n<script type=\"application\/ld+json\" class=\"yoast-schema-graph\">{\"@context\":\"https:\/\/schema.org\",\"@graph\":[{\"@type\":\"WebPage\",\"@id\":\"https:\/\/verdadeon.com.br\/portal\/2021\/11\/10\/mortalidade-infantil-sp-registra-menor-taxa-de-obitos-da-historia\/\",\"url\":\"https:\/\/verdadeon.com.br\/portal\/2021\/11\/10\/mortalidade-infantil-sp-registra-menor-taxa-de-obitos-da-historia\/\",\"name\":\"Mortalidade infantil: SP registra menor taxa de \u00f3bitos da hist\u00f3ria - VerdadeOn\",\"isPartOf\":{\"@id\":\"https:\/\/verdadeon.com.br\/portal\/#website\"},\"primaryImageOfPage\":{\"@id\":\"https:\/\/verdadeon.com.br\/portal\/2021\/11\/10\/mortalidade-infantil-sp-registra-menor-taxa-de-obitos-da-historia\/#primaryimage\"},\"image\":{\"@id\":\"https:\/\/verdadeon.com.br\/portal\/2021\/11\/10\/mortalidade-infantil-sp-registra-menor-taxa-de-obitos-da-historia\/#primaryimage\"},\"thumbnailUrl\":\"https:\/\/i0.wp.com\/verdadeon.com.br\/portal\/wp-content\/uploads\/2021\/11\/Coletiva-de-Imprensa-com-Area-do-Governo-e-Area-da-Saude.jpeg?fit=1000%2C670&ssl=1\",\"datePublished\":\"2021-11-10T21:11:42+00:00\",\"author\":{\"@id\":\"https:\/\/verdadeon.com.br\/portal\/#\/schema\/person\/a5060ad1e9ea3df545188fc93ce43d2f\"},\"breadcrumb\":{\"@id\":\"https:\/\/verdadeon.com.br\/portal\/2021\/11\/10\/mortalidade-infantil-sp-registra-menor-taxa-de-obitos-da-historia\/#breadcrumb\"},\"inLanguage\":\"pt-BR\",\"potentialAction\":[{\"@type\":\"ReadAction\",\"target\":[\"https:\/\/verdadeon.com.br\/portal\/2021\/11\/10\/mortalidade-infantil-sp-registra-menor-taxa-de-obitos-da-historia\/\"]}]},{\"@type\":\"ImageObject\",\"inLanguage\":\"pt-BR\",\"@id\":\"https:\/\/verdadeon.com.br\/portal\/2021\/11\/10\/mortalidade-infantil-sp-registra-menor-taxa-de-obitos-da-historia\/#primaryimage\",\"url\":\"https:\/\/i0.wp.com\/verdadeon.com.br\/portal\/wp-content\/uploads\/2021\/11\/Coletiva-de-Imprensa-com-Area-do-Governo-e-Area-da-Saude.jpeg?fit=1000%2C670&ssl=1\",\"contentUrl\":\"https:\/\/i0.wp.com\/verdadeon.com.br\/portal\/wp-content\/uploads\/2021\/11\/Coletiva-de-Imprensa-com-Area-do-Governo-e-Area-da-Saude.jpeg?fit=1000%2C670&ssl=1\",\"width\":1000,\"height\":670,\"caption\":\"Em coletiva de imprensa com a \u00c1rea da Sa\u00fade, o governador Jo\u00e3o D\u00f3ria destacou a\u00e7\u00f5es para ajudar a reduzir mortes na inf\u00e2ncia\"},{\"@type\":\"BreadcrumbList\",\"@id\":\"https:\/\/verdadeon.com.br\/portal\/2021\/11\/10\/mortalidade-infantil-sp-registra-menor-taxa-de-obitos-da-historia\/#breadcrumb\",\"itemListElement\":[{\"@type\":\"ListItem\",\"position\":1,\"name\":\"In\u00edcio\",\"item\":\"https:\/\/verdadeon.com.br\/portal\/\"},{\"@type\":\"ListItem\",\"position\":2,\"name\":\"Mortalidade infantil: SP registra menor taxa de \u00f3bitos da hist\u00f3ria\"}]},{\"@type\":\"WebSite\",\"@id\":\"https:\/\/verdadeon.com.br\/portal\/#website\",\"url\":\"https:\/\/verdadeon.com.br\/portal\/\",\"name\":\"VerdadeOn\",\"description\":\"Not\u00edcias di\u00e1rias sobre Franca, Regi\u00e3o, Esporte, Cultura, Cotidiano, Colunas. Cobertura nos principais eventos da cidade \u00e9 aqui - Verdadeon Franca\",\"potentialAction\":[{\"@type\":\"SearchAction\",\"target\":{\"@type\":\"EntryPoint\",\"urlTemplate\":\"https:\/\/verdadeon.com.br\/portal\/?s={search_term_string}\"},\"query-input\":{\"@type\":\"PropertyValueSpecification\",\"valueRequired\":true,\"valueName\":\"search_term_string\"}}],\"inLanguage\":\"pt-BR\"},{\"@type\":\"Person\",\"@id\":\"https:\/\/verdadeon.com.br\/portal\/#\/schema\/person\/a5060ad1e9ea3df545188fc93ce43d2f\",\"name\":\"Redacao VerdadeOn\",\"image\":{\"@type\":\"ImageObject\",\"inLanguage\":\"pt-BR\",\"@id\":\"https:\/\/verdadeon.com.br\/portal\/#\/schema\/person\/image\/\",\"url\":\"https:\/\/secure.gravatar.com\/avatar\/459a9613caaaf07f582c3d0841eea68bdd66f533e465e6ba8b9cb45619572cf4?s=96&d=mm&r=g\",\"contentUrl\":\"https:\/\/secure.gravatar.com\/avatar\/459a9613caaaf07f582c3d0841eea68bdd66f533e465e6ba8b9cb45619572cf4?s=96&d=mm&r=g\",\"caption\":\"Redacao VerdadeOn\"},\"url\":\"https:\/\/verdadeon.com.br\/portal\/author\/redacao\/\"}]}<\/script>\n<!-- \/ Yoast SEO plugin. -->","yoast_head_json":{"title":"Mortalidade infantil: SP registra menor taxa de \u00f3bitos da hist\u00f3ria - VerdadeOn","robots":{"index":"index","follow":"follow","max-snippet":"max-snippet:-1","max-image-preview":"max-image-preview:large","max-video-preview":"max-video-preview:-1"},"canonical":"https:\/\/verdadeon.com.br\/portal\/2021\/11\/10\/mortalidade-infantil-sp-registra-menor-taxa-de-obitos-da-historia\/","og_locale":"pt_BR","og_type":"article","og_title":"Mortalidade infantil: SP registra menor taxa de \u00f3bitos da hist\u00f3ria - VerdadeOn","og_description":"Pela primeira vez o \u00edndice no estado chegou a um patamar de um d\u00edgito; em 20 anos a redu\u00e7\u00e3o de 42,6% O Estado de S\u00e3o Paulo [\u2026]","og_url":"https:\/\/verdadeon.com.br\/portal\/2021\/11\/10\/mortalidade-infantil-sp-registra-menor-taxa-de-obitos-da-historia\/","og_site_name":"VerdadeOn","article_published_time":"2021-11-10T21:11:42+00:00","og_image":[{"width":1000,"height":670,"url":"https:\/\/verdadeon.com.br\/portal\/wp-content\/uploads\/2021\/11\/Coletiva-de-Imprensa-com-Area-do-Governo-e-Area-da-Saude.jpeg","type":"image\/jpeg"}],"author":"Redacao VerdadeOn","twitter_card":"summary_large_image","twitter_misc":{"Escrito por":"Redacao VerdadeOn","Est. tempo de leitura":"3 minutos"},"schema":{"@context":"https:\/\/schema.org","@graph":[{"@type":"WebPage","@id":"https:\/\/verdadeon.com.br\/portal\/2021\/11\/10\/mortalidade-infantil-sp-registra-menor-taxa-de-obitos-da-historia\/","url":"https:\/\/verdadeon.com.br\/portal\/2021\/11\/10\/mortalidade-infantil-sp-registra-menor-taxa-de-obitos-da-historia\/","name":"Mortalidade infantil: SP registra menor taxa de \u00f3bitos da hist\u00f3ria - VerdadeOn","isPartOf":{"@id":"https:\/\/verdadeon.com.br\/portal\/#website"},"primaryImageOfPage":{"@id":"https:\/\/verdadeon.com.br\/portal\/2021\/11\/10\/mortalidade-infantil-sp-registra-menor-taxa-de-obitos-da-historia\/#primaryimage"},"image":{"@id":"https:\/\/verdadeon.com.br\/portal\/2021\/11\/10\/mortalidade-infantil-sp-registra-menor-taxa-de-obitos-da-historia\/#primaryimage"},"thumbnailUrl":"https:\/\/i0.wp.com\/verdadeon.com.br\/portal\/wp-content\/uploads\/2021\/11\/Coletiva-de-Imprensa-com-Area-do-Governo-e-Area-da-Saude.jpeg?fit=1000%2C670&ssl=1","datePublished":"2021-11-10T21:11:42+00:00","author":{"@id":"https:\/\/verdadeon.com.br\/portal\/#\/schema\/person\/a5060ad1e9ea3df545188fc93ce43d2f"},"breadcrumb":{"@id":"https:\/\/verdadeon.com.br\/portal\/2021\/11\/10\/mortalidade-infantil-sp-registra-menor-taxa-de-obitos-da-historia\/#breadcrumb"},"inLanguage":"pt-BR","potentialAction":[{"@type":"ReadAction","target":["https:\/\/verdadeon.com.br\/portal\/2021\/11\/10\/mortalidade-infantil-sp-registra-menor-taxa-de-obitos-da-historia\/"]}]},{"@type":"ImageObject","inLanguage":"pt-BR","@id":"https:\/\/verdadeon.com.br\/portal\/2021\/11\/10\/mortalidade-infantil-sp-registra-menor-taxa-de-obitos-da-historia\/#primaryimage","url":"https:\/\/i0.wp.com\/verdadeon.com.br\/portal\/wp-content\/uploads\/2021\/11\/Coletiva-de-Imprensa-com-Area-do-Governo-e-Area-da-Saude.jpeg?fit=1000%2C670&ssl=1","contentUrl":"https:\/\/i0.wp.com\/verdadeon.com.br\/portal\/wp-content\/uploads\/2021\/11\/Coletiva-de-Imprensa-com-Area-do-Governo-e-Area-da-Saude.jpeg?fit=1000%2C670&ssl=1","width":1000,"height":670,"caption":"Em coletiva de imprensa com a \u00c1rea da Sa\u00fade, o governador Jo\u00e3o D\u00f3ria destacou a\u00e7\u00f5es para ajudar a reduzir mortes na inf\u00e2ncia"},{"@type":"BreadcrumbList","@id":"https:\/\/verdadeon.com.br\/portal\/2021\/11\/10\/mortalidade-infantil-sp-registra-menor-taxa-de-obitos-da-historia\/#breadcrumb","itemListElement":[{"@type":"ListItem","position":1,"name":"In\u00edcio","item":"https:\/\/verdadeon.com.br\/portal\/"},{"@type":"ListItem","position":2,"name":"Mortalidade infantil: SP registra menor taxa de \u00f3bitos da hist\u00f3ria"}]},{"@type":"WebSite","@id":"https:\/\/verdadeon.com.br\/portal\/#website","url":"https:\/\/verdadeon.com.br\/portal\/","name":"VerdadeOn","description":"Not\u00edcias di\u00e1rias sobre Franca, Regi\u00e3o, Esporte, Cultura, Cotidiano, Colunas. Cobertura nos principais eventos da cidade \u00e9 aqui - Verdadeon Franca","potentialAction":[{"@type":"SearchAction","target":{"@type":"EntryPoint","urlTemplate":"https:\/\/verdadeon.com.br\/portal\/?s={search_term_string}"},"query-input":{"@type":"PropertyValueSpecification","valueRequired":true,"valueName":"search_term_string"}}],"inLanguage":"pt-BR"},{"@type":"Person","@id":"https:\/\/verdadeon.com.br\/portal\/#\/schema\/person\/a5060ad1e9ea3df545188fc93ce43d2f","name":"Redacao VerdadeOn","image":{"@type":"ImageObject","inLanguage":"pt-BR","@id":"https:\/\/verdadeon.com.br\/portal\/#\/schema\/person\/image\/","url":"https:\/\/secure.gravatar.com\/avatar\/459a9613caaaf07f582c3d0841eea68bdd66f533e465e6ba8b9cb45619572cf4?s=96&d=mm&r=g","contentUrl":"https:\/\/secure.gravatar.com\/avatar\/459a9613caaaf07f582c3d0841eea68bdd66f533e465e6ba8b9cb45619572cf4?s=96&d=mm&r=g","caption":"Redacao VerdadeOn"},"url":"https:\/\/verdadeon.com.br\/portal\/author\/redacao\/"}]}},"jetpack_publicize_connections":[],"jetpack_featured_media_url":"https:\/\/i0.wp.com\/verdadeon.com.br\/portal\/wp-content\/uploads\/2021\/11\/Coletiva-de-Imprensa-com-Area-do-Governo-e-Area-da-Saude.jpeg?fit=1000%2C670&ssl=1","jetpack_sharing_enabled":true,"_links":{"self":[{"href":"https:\/\/verdadeon.com.br\/portal\/wp-json\/wp\/v2\/posts\/20920","targetHints":{"allow":["GET"]}}],"collection":[{"href":"https:\/\/verdadeon.com.br\/portal\/wp-json\/wp\/v2\/posts"}],"about":[{"href":"https:\/\/verdadeon.com.br\/portal\/wp-json\/wp\/v2\/types\/post"}],"author":[{"embeddable":true,"href":"https:\/\/verdadeon.com.br\/portal\/wp-json\/wp\/v2\/users\/10"}],"replies":[{"embeddable":true,"href":"https:\/\/verdadeon.com.br\/portal\/wp-json\/wp\/v2\/comments?post=20920"}],"version-history":[{"count":0,"href":"https:\/\/verdadeon.com.br\/portal\/wp-json\/wp\/v2\/posts\/20920\/revisions"}],"wp:featuredmedia":[{"embeddable":true,"href":"https:\/\/verdadeon.com.br\/portal\/wp-json\/wp\/v2\/media\/20921"}],"wp:attachment":[{"href":"https:\/\/verdadeon.com.br\/portal\/wp-json\/wp\/v2\/media?parent=20920"}],"wp:term":[{"taxonomy":"category","embeddable":true,"href":"https:\/\/verdadeon.com.br\/portal\/wp-json\/wp\/v2\/categories?post=20920"},{"taxonomy":"post_tag","embeddable":true,"href":"https:\/\/verdadeon.com.br\/portal\/wp-json\/wp\/v2\/tags?post=20920"}],"curies":[{"name":"wp","href":"https:\/\/api.w.org\/{rel}","templated":true}]}}