{"id":20899,"date":"2021-11-09T18:29:43","date_gmt":"2021-11-09T21:29:43","guid":{"rendered":"https:\/\/verdadeon.com.br\/portal\/?p=20899"},"modified":"2021-11-09T18:29:43","modified_gmt":"2021-11-09T21:29:43","slug":"camara-de-franca-mantem-vetos-propostos-pela-prefeitura","status":"publish","type":"post","link":"https:\/\/verdadeon.com.br\/portal\/2021\/11\/09\/camara-de-franca-mantem-vetos-propostos-pela-prefeitura\/","title":{"rendered":"C\u00e2mara de Franca mant\u00e9m vetos propostos pela Prefeitura"},"content":{"rendered":"<h2>No total 11 mat\u00e9rias foram aprovadas pela C\u00e2mara Municipal na sess\u00e3o desta ter\u00e7a-feira<\/h2>\n<p>A C\u00e2mara Municipal de Franca manteve os dois vetos da Prefeitura \u00e0s emendas propositivas que foram apresentadas pelos vereadores ao or\u00e7amento municipal.\u00a0 As duas propostas haviam recebido parecer contr\u00e1rio na \u00faltima reuni\u00e3o entre a Comiss\u00e3o de legisla\u00e7\u00e3o, Justi\u00e7a e Reda\u00e7\u00e3o e Comiss\u00e3o de Finan\u00e7as e Or\u00e7amento da C\u00e2mara Municipal. Os vetos receberam 9 votos favor\u00e1veis e 5 contra.<\/p>\n<p>\u201cIsso aqui \u00e9 uma aberra\u00e7\u00e3o jur\u00eddica. Eu penso assim: se o prefeito tem alguma coisa contr\u00e1rio \u00a0a apresenta\u00e7\u00e3o das emendas que foram propostas, que ele use um argumento pol\u00edtico\u201d, argumentou Gilson Pelizaro (PT).\u00a0\u00a0Marcelo Tidy (DEM)\u00a0citou os muitos pedidos da popula\u00e7\u00e3o que recebe em seu gabinete, como constru\u00e7\u00e3o de creches e unidades b\u00e1sicas de sa\u00fade. O parlamentar, por\u00e9m, defendeu a manuten\u00e7\u00e3o dos Vetos, pois, em sua vers\u00e3o, havia sido acordado com o Executivo a apresenta\u00e7\u00e3o das emendas apenas na forma impositiva: \u201cSe fosse para ter mexido no cronograma que foi apresentado aqui, eu tinha mudado Franca inteira\u201d, argumentou Tidy.<\/p>\n<p>O\u00a0vereador Daniel Bassi (PSDB)\u00a0afirmou que a C\u00e2mara Municipal n\u00e3o pode ser mero \u2018despachante\u2019 da Prefeitura. O parlamentar defendeu a atua\u00e7\u00e3o dos vereadores no planejamento or\u00e7ament\u00e1rio da cidade, assim como o parecer apresentado pelas Comiss\u00f5es, votando pela rejei\u00e7\u00e3o dos Vetos: \u201cO parecer jur\u00eddico da prefeitura \u00e9 uma furada\u201d, enalteceu.\u00a0<strong>\u00a0<\/strong><\/p>\n<p>Pastor Palamoni (PSD), comentou a respeito das reuni\u00f5es realizadas com o prefeito acerca das emendas parlamentares, onde, de acordo com sua explana\u00e7\u00e3o, havia sido combinado para quais setores seriam destinadas as impositivas. Palamoni, que votou pela manuten\u00e7\u00e3o dos Vetos, utilizou-se do argumento de que nada resolveria atender ao pedido de Alexandre quanto \u00e0s impositivas e, em contrapartida, apresentar emendas propositivas, comprometendo o or\u00e7amento do munic\u00edpio:\u00a0 \u201cN\u00f3s ajudamos com uma m\u00e3o e tiramos com a outra\u201d, ilustrou.<\/p>\n<p>O vereador Ilton Ferreira (PL), l\u00edder do Executivo na C\u00e2mara, solicitou aos vereadores um voto de confian\u00e7a no trabalho feito pelo prefeito. Na vis\u00e3o do parlamentar, est\u00e1 havendo uma colabora\u00e7\u00e3o entre os poderes, visando o desenvolvimento da cidade: \u201cEu n\u00e3o vejo neste momento uma hora de n\u00e3o ter a confian\u00e7a em todo o trabalho que ele est\u00e1 fazendo\u201d, acrescentou Ilton.<\/p>\n<p>\u201cN\u00f3s temos que botar na cabe\u00e7a que esta Casa \u00e9 soberana. Esta Casa aqui \u00e9 o lugar mais importante que tem na cidade de Franca. S\u00f3 que n\u00f3s n\u00e3o respeitamos isso\u201d, lamentou o vereador Della Motta (PODE).\u00a0Donizete da Farm\u00e1cia (MDB), que tamb\u00e9m foi contra aos Vetos, pediu valoriza\u00e7\u00e3o dos parlamentares e do poder de legislar no or\u00e7amento do munic\u00edpio, atrav\u00e9s das emendas parlamentares:\u00a0\u201cN\u00f3s estamos perdendo oportunidade de impor um neg\u00f3cio que n\u00f3s temos direito\u201d, explicou Donizete.<\/p>\n<p>Ainda de autoria do chefe do Poder Executivo, foi aprovado o projeto que altera a Lei n\u00ba 8.934\/2020, que na pr\u00e1tica trata de permiss\u00e3o para ampliar o prazo de aplica\u00e7\u00e3o dos recursos transferidos atrav\u00e9s das parcerias celebradas com a Associa\u00e7\u00e3o de Pais e Amigos dos Excepcionais de Franca e com Funda\u00e7\u00e3o Esp\u00edrita Allan Kardec.<\/p>\n<p>Tamb\u00e9m de Alexandre, os vereadores aprovaram a proposta que autoriza receber em doa\u00e7\u00e3o e celebrar escritura p\u00fablica de revers\u00e3o de im\u00f3veis situados no Conjunto Habitacional denominado Franca B \u2013 Oct\u00e1vio Cilurzo. \u201cAs doa\u00e7\u00f5es aqui tratadas ser\u00e3o realizadas de forma incondicionada, sem contrapartida, encargo ou indeniza\u00e7\u00e3o de qualquer natureza\u201d esclareceu o prefeito.<\/p>\n<h4>Vereadores<\/h4>\n<p>A C\u00e2mara tamb\u00e9m aprovou projetos de autoria dos pr\u00f3prios parlamentares, um deles autoria dos\u00a0vereadores Donizete da Farm\u00e1cia (MDB)\u00a0e\u00a0Daniel Bassi (PSDB) disp\u00f5e sobre a obrigatoriedade de fixa\u00e7\u00e3o em braile das informa\u00e7\u00f5es contidas nas g\u00f4ndolas de supermercados e hipermercados.\u00a0O texto prev\u00ea que lojas com tamanho superior a 2.000 (dois mil) metros quadrados e hipermercados em funcionamento no munic\u00edpio de Franca, garantam aos deficientes visuais informa\u00e7\u00f5es em braile sobre os produtos contidos nas g\u00f4ndolas, seguidos dos pre\u00e7os.\u00a0 Tamb\u00e9m fica garantido que, em caso de solicita\u00e7\u00e3o, os estabelecimentos poder\u00e3o disponibilizar funcion\u00e1rios para auxiliar e acompanhar as pessoas com defici\u00eancia visual, a fim de esclarecer d\u00favidas ou auxiliar em eventuais dificuldades.<\/p>\n<p>Os vereadores aprovaram ainda o texto de autoria dovereador Donizete da Farm\u00e1cia (MDB), que disp\u00f5e sobre a obrigatoriedade de instala\u00e7\u00e3o de brinquedos adaptados \u00e0s crian\u00e7as com defici\u00eancia, em pra\u00e7as, parques, escolas e creches municipais, bem como em locais de divers\u00e3o em geral abertos ao p\u00fablico. O texto assegura que os locais dever\u00e3o possuir inclusive brinquedos adaptados para atender crian\u00e7as com defici\u00eancia visual, tais como jogos de tabuleiro e baralhos t\u00e1teis. Al\u00e9m disso, toda a estrutura de acessibilidade instalada dever\u00e1 estar dentro dos padr\u00f5es da ABNT &#8211; Associa\u00e7\u00e3o Brasileira de Normas T\u00e9cnicas.<\/p>\n<p>Foi aprovado ainda o\u00a0Projeto de Lei Ordin\u00e1ria n\u00ba 141\/2021, de autoria dos\u00a0vereadores Donizete da Farm\u00e1cia (MDB),\u00a0Daniel Bassi (PSDB),\u00a0Marcelo Tidy (DEM)\u00a0e\u00a0Luiz Amaral (REP), que modifica a Lei Municipal n\u00ba 5.582, de 07 de novembro de 2001, para contemplar o direito ao atendimento priorit\u00e1rio \u00e0s pessoas portadoras de acromatose (albinismo), na marca\u00e7\u00e3o de consultas dermatol\u00f3gicas e oftalmol\u00f3gicas em hospitais, postos de sa\u00fade e unidades b\u00e1sicas de sa\u00fade.<\/p>\n<p>O texto esclarece que para ter direito ao atendimento priorit\u00e1rio, o paciente dever\u00e1 comprovar tal condi\u00e7\u00e3o, mediante apresenta\u00e7\u00e3o de laudo m\u00e9dico, contendo o respectivo CID &#8211; Classifica\u00e7\u00e3o Internacional de Doen\u00e7as, a assinatura e o carimbo com o n\u00famero do CRM do m\u00e9dico competente.<\/p>\n<p>De autoria do\u00a0vereador Gilson Pelizaro (PT), foi aprovado o\u00a0Projeto de Lei que estabelece diretrizes para a promo\u00e7\u00e3o da Dignidade Menstrual no Munic\u00edpio de Franca. O projeto prev\u00ea o desenvolvimento de a\u00e7\u00f5es e articula\u00e7\u00e3o entre \u00f3rg\u00e3os p\u00fablicos, sociedade civil e a iniciativa privada, que visem ao desenvolvimento do pensamento livre de preconceito em torno da menstrua\u00e7\u00e3o.<\/p>\n<p>Al\u00e9m disso, a proposta tem por objetivo incentivar a promo\u00e7\u00e3o de palestras e cursos nos quais a menstrua\u00e7\u00e3o seja abordada como um processo natural do corpo feminino, com vistas \u00e0 prote\u00e7\u00e3o da sa\u00fade da mulher, al\u00e9m da elabora\u00e7\u00e3o e distribui\u00e7\u00e3o de cartilhas e folhetos explicativos que abordem o tema da menstrua\u00e7\u00e3o, objetivando ampliar o conhecimento e desmistificar a quest\u00e3o. O projeto ainda contempla a disponibiliza\u00e7\u00e3o e distribui\u00e7\u00e3o gratuita de absorventes pelo Poder P\u00fablico Municipal.<\/p>\n","protected":false},"excerpt":{"rendered":"<p>No total 11 mat\u00e9rias foram aprovadas pela C\u00e2mara Municipal na sess\u00e3o desta ter\u00e7a-feira A C\u00e2mara Municipal de Franca manteve os dois vetos da Prefeitura \u00e0s emendas<span class=\"excerpt-hellip\"> [\u2026]<\/span><\/p>\n","protected":false},"author":7,"featured_media":20901,"comment_status":"open","ping_status":"open","sticky":false,"template":"","format":"standard","meta":{"_jetpack_memberships_contains_paid_content":false,"footnotes":"","jetpack_publicize_message":"","jetpack_publicize_feature_enabled":true,"jetpack_social_post_already_shared":false,"jetpack_social_options":{"image_generator_settings":{"template":"highway","default_image_id":0,"enabled":false},"version":2}},"categories":[28,44],"tags":[],"class_list":["post-20899","post","type-post","status-publish","format-standard","has-post-thumbnail","hentry","category-cotidiano","category-noticias"],"yoast_head":"<!-- This site is optimized with the Yoast SEO plugin v25.6 - https:\/\/yoast.com\/wordpress\/plugins\/seo\/ -->\n<title>C\u00e2mara de Franca mant\u00e9m vetos propostos pela Prefeitura - VerdadeOn<\/title>\n<meta name=\"robots\" content=\"index, follow, max-snippet:-1, max-image-preview:large, max-video-preview:-1\" \/>\n<link rel=\"canonical\" href=\"https:\/\/verdadeon.com.br\/portal\/2021\/11\/09\/camara-de-franca-mantem-vetos-propostos-pela-prefeitura\/\" \/>\n<meta property=\"og:locale\" content=\"pt_BR\" \/>\n<meta property=\"og:type\" content=\"article\" \/>\n<meta property=\"og:title\" content=\"C\u00e2mara de Franca mant\u00e9m vetos propostos pela Prefeitura - VerdadeOn\" \/>\n<meta property=\"og:description\" content=\"No total 11 mat\u00e9rias foram aprovadas pela C\u00e2mara Municipal na sess\u00e3o desta ter\u00e7a-feira A C\u00e2mara Municipal de Franca manteve os dois vetos da Prefeitura \u00e0s emendas [\u2026]\" \/>\n<meta property=\"og:url\" content=\"https:\/\/verdadeon.com.br\/portal\/2021\/11\/09\/camara-de-franca-mantem-vetos-propostos-pela-prefeitura\/\" \/>\n<meta property=\"og:site_name\" content=\"VerdadeOn\" \/>\n<meta property=\"article:published_time\" content=\"2021-11-09T21:29:43+00:00\" \/>\n<meta property=\"og:image\" content=\"https:\/\/verdadeon.com.br\/portal\/wp-content\/uploads\/2021\/11\/WhatsApp-Image-2021-11-09-at-10.01.39-e1636493199172.jpeg\" \/>\n\t<meta property=\"og:image:width\" content=\"1000\" \/>\n\t<meta property=\"og:image:height\" content=\"672\" \/>\n\t<meta property=\"og:image:type\" content=\"image\/jpeg\" \/>\n<meta name=\"author\" content=\"Fernando Lima\" \/>\n<meta name=\"twitter:card\" content=\"summary_large_image\" \/>\n<meta name=\"twitter:label1\" content=\"Escrito por\" \/>\n\t<meta name=\"twitter:data1\" content=\"Fernando Lima\" \/>\n\t<meta name=\"twitter:label2\" content=\"Est. tempo de leitura\" \/>\n\t<meta name=\"twitter:data2\" content=\"5 minutos\" \/>\n<script type=\"application\/ld+json\" class=\"yoast-schema-graph\">{\"@context\":\"https:\/\/schema.org\",\"@graph\":[{\"@type\":\"WebPage\",\"@id\":\"https:\/\/verdadeon.com.br\/portal\/2021\/11\/09\/camara-de-franca-mantem-vetos-propostos-pela-prefeitura\/\",\"url\":\"https:\/\/verdadeon.com.br\/portal\/2021\/11\/09\/camara-de-franca-mantem-vetos-propostos-pela-prefeitura\/\",\"name\":\"C\u00e2mara de Franca mant\u00e9m vetos propostos pela Prefeitura - VerdadeOn\",\"isPartOf\":{\"@id\":\"https:\/\/verdadeon.com.br\/portal\/#website\"},\"primaryImageOfPage\":{\"@id\":\"https:\/\/verdadeon.com.br\/portal\/2021\/11\/09\/camara-de-franca-mantem-vetos-propostos-pela-prefeitura\/#primaryimage\"},\"image\":{\"@id\":\"https:\/\/verdadeon.com.br\/portal\/2021\/11\/09\/camara-de-franca-mantem-vetos-propostos-pela-prefeitura\/#primaryimage\"},\"thumbnailUrl\":\"https:\/\/i0.wp.com\/verdadeon.com.br\/portal\/wp-content\/uploads\/2021\/11\/WhatsApp-Image-2021-11-09-at-10.01.39-e1636493199172.jpeg?fit=1000%2C672&ssl=1\",\"datePublished\":\"2021-11-09T21:29:43+00:00\",\"author\":{\"@id\":\"https:\/\/verdadeon.com.br\/portal\/#\/schema\/person\/cc32be22b8e8599387c480bc83e1d11a\"},\"breadcrumb\":{\"@id\":\"https:\/\/verdadeon.com.br\/portal\/2021\/11\/09\/camara-de-franca-mantem-vetos-propostos-pela-prefeitura\/#breadcrumb\"},\"inLanguage\":\"pt-BR\",\"potentialAction\":[{\"@type\":\"ReadAction\",\"target\":[\"https:\/\/verdadeon.com.br\/portal\/2021\/11\/09\/camara-de-franca-mantem-vetos-propostos-pela-prefeitura\/\"]}]},{\"@type\":\"ImageObject\",\"inLanguage\":\"pt-BR\",\"@id\":\"https:\/\/verdadeon.com.br\/portal\/2021\/11\/09\/camara-de-franca-mantem-vetos-propostos-pela-prefeitura\/#primaryimage\",\"url\":\"https:\/\/i0.wp.com\/verdadeon.com.br\/portal\/wp-content\/uploads\/2021\/11\/WhatsApp-Image-2021-11-09-at-10.01.39-e1636493199172.jpeg?fit=1000%2C672&ssl=1\",\"contentUrl\":\"https:\/\/i0.wp.com\/verdadeon.com.br\/portal\/wp-content\/uploads\/2021\/11\/WhatsApp-Image-2021-11-09-at-10.01.39-e1636493199172.jpeg?fit=1000%2C672&ssl=1\",\"width\":1000,\"height\":672,\"caption\":\"Sess\u00e3o foi realizada na sede do Legislativo nesta ter\u00e7a-feira, al\u00e9m do plen\u00e1rio, p\u00fablico p\u00f4de acompanhar reuni\u00e3o atrav\u00e9s da TV C\u00e2mara e tamb\u00e9m das redes sociais | Foto: C\u00e2mara Municipal\"},{\"@type\":\"BreadcrumbList\",\"@id\":\"https:\/\/verdadeon.com.br\/portal\/2021\/11\/09\/camara-de-franca-mantem-vetos-propostos-pela-prefeitura\/#breadcrumb\",\"itemListElement\":[{\"@type\":\"ListItem\",\"position\":1,\"name\":\"In\u00edcio\",\"item\":\"https:\/\/verdadeon.com.br\/portal\/\"},{\"@type\":\"ListItem\",\"position\":2,\"name\":\"C\u00e2mara de Franca mant\u00e9m vetos propostos pela Prefeitura\"}]},{\"@type\":\"WebSite\",\"@id\":\"https:\/\/verdadeon.com.br\/portal\/#website\",\"url\":\"https:\/\/verdadeon.com.br\/portal\/\",\"name\":\"VerdadeOn\",\"description\":\"Not\u00edcias di\u00e1rias sobre Franca, Regi\u00e3o, Esporte, Cultura, Cotidiano, Colunas. Cobertura nos principais eventos da cidade \u00e9 aqui - Verdadeon Franca\",\"potentialAction\":[{\"@type\":\"SearchAction\",\"target\":{\"@type\":\"EntryPoint\",\"urlTemplate\":\"https:\/\/verdadeon.com.br\/portal\/?s={search_term_string}\"},\"query-input\":{\"@type\":\"PropertyValueSpecification\",\"valueRequired\":true,\"valueName\":\"search_term_string\"}}],\"inLanguage\":\"pt-BR\"},{\"@type\":\"Person\",\"@id\":\"https:\/\/verdadeon.com.br\/portal\/#\/schema\/person\/cc32be22b8e8599387c480bc83e1d11a\",\"name\":\"Fernando Lima\",\"image\":{\"@type\":\"ImageObject\",\"inLanguage\":\"pt-BR\",\"@id\":\"https:\/\/verdadeon.com.br\/portal\/#\/schema\/person\/image\/\",\"url\":\"https:\/\/secure.gravatar.com\/avatar\/df4c8e132080d2b3a4841d5d232045464e0eed11a1d6e43115ca0843d48768d3?s=96&d=mm&r=g\",\"contentUrl\":\"https:\/\/secure.gravatar.com\/avatar\/df4c8e132080d2b3a4841d5d232045464e0eed11a1d6e43115ca0843d48768d3?s=96&d=mm&r=g\",\"caption\":\"Fernando Lima\"},\"sameAs\":[\"http:\/\/verdadeon.com.br\/\"],\"url\":\"https:\/\/verdadeon.com.br\/portal\/author\/fernando-lima\/\"}]}<\/script>\n<!-- \/ Yoast SEO plugin. -->","yoast_head_json":{"title":"C\u00e2mara de Franca mant\u00e9m vetos propostos pela Prefeitura - VerdadeOn","robots":{"index":"index","follow":"follow","max-snippet":"max-snippet:-1","max-image-preview":"max-image-preview:large","max-video-preview":"max-video-preview:-1"},"canonical":"https:\/\/verdadeon.com.br\/portal\/2021\/11\/09\/camara-de-franca-mantem-vetos-propostos-pela-prefeitura\/","og_locale":"pt_BR","og_type":"article","og_title":"C\u00e2mara de Franca mant\u00e9m vetos propostos pela Prefeitura - VerdadeOn","og_description":"No total 11 mat\u00e9rias foram aprovadas pela C\u00e2mara Municipal na sess\u00e3o desta ter\u00e7a-feira A C\u00e2mara Municipal de Franca manteve os dois vetos da Prefeitura \u00e0s emendas [\u2026]","og_url":"https:\/\/verdadeon.com.br\/portal\/2021\/11\/09\/camara-de-franca-mantem-vetos-propostos-pela-prefeitura\/","og_site_name":"VerdadeOn","article_published_time":"2021-11-09T21:29:43+00:00","og_image":[{"width":1000,"height":672,"url":"https:\/\/verdadeon.com.br\/portal\/wp-content\/uploads\/2021\/11\/WhatsApp-Image-2021-11-09-at-10.01.39-e1636493199172.jpeg","type":"image\/jpeg"}],"author":"Fernando Lima","twitter_card":"summary_large_image","twitter_misc":{"Escrito por":"Fernando Lima","Est. tempo de leitura":"5 minutos"},"schema":{"@context":"https:\/\/schema.org","@graph":[{"@type":"WebPage","@id":"https:\/\/verdadeon.com.br\/portal\/2021\/11\/09\/camara-de-franca-mantem-vetos-propostos-pela-prefeitura\/","url":"https:\/\/verdadeon.com.br\/portal\/2021\/11\/09\/camara-de-franca-mantem-vetos-propostos-pela-prefeitura\/","name":"C\u00e2mara de Franca mant\u00e9m vetos propostos pela Prefeitura - VerdadeOn","isPartOf":{"@id":"https:\/\/verdadeon.com.br\/portal\/#website"},"primaryImageOfPage":{"@id":"https:\/\/verdadeon.com.br\/portal\/2021\/11\/09\/camara-de-franca-mantem-vetos-propostos-pela-prefeitura\/#primaryimage"},"image":{"@id":"https:\/\/verdadeon.com.br\/portal\/2021\/11\/09\/camara-de-franca-mantem-vetos-propostos-pela-prefeitura\/#primaryimage"},"thumbnailUrl":"https:\/\/i0.wp.com\/verdadeon.com.br\/portal\/wp-content\/uploads\/2021\/11\/WhatsApp-Image-2021-11-09-at-10.01.39-e1636493199172.jpeg?fit=1000%2C672&ssl=1","datePublished":"2021-11-09T21:29:43+00:00","author":{"@id":"https:\/\/verdadeon.com.br\/portal\/#\/schema\/person\/cc32be22b8e8599387c480bc83e1d11a"},"breadcrumb":{"@id":"https:\/\/verdadeon.com.br\/portal\/2021\/11\/09\/camara-de-franca-mantem-vetos-propostos-pela-prefeitura\/#breadcrumb"},"inLanguage":"pt-BR","potentialAction":[{"@type":"ReadAction","target":["https:\/\/verdadeon.com.br\/portal\/2021\/11\/09\/camara-de-franca-mantem-vetos-propostos-pela-prefeitura\/"]}]},{"@type":"ImageObject","inLanguage":"pt-BR","@id":"https:\/\/verdadeon.com.br\/portal\/2021\/11\/09\/camara-de-franca-mantem-vetos-propostos-pela-prefeitura\/#primaryimage","url":"https:\/\/i0.wp.com\/verdadeon.com.br\/portal\/wp-content\/uploads\/2021\/11\/WhatsApp-Image-2021-11-09-at-10.01.39-e1636493199172.jpeg?fit=1000%2C672&ssl=1","contentUrl":"https:\/\/i0.wp.com\/verdadeon.com.br\/portal\/wp-content\/uploads\/2021\/11\/WhatsApp-Image-2021-11-09-at-10.01.39-e1636493199172.jpeg?fit=1000%2C672&ssl=1","width":1000,"height":672,"caption":"Sess\u00e3o foi realizada na sede do Legislativo nesta ter\u00e7a-feira, al\u00e9m do plen\u00e1rio, p\u00fablico p\u00f4de acompanhar reuni\u00e3o atrav\u00e9s da TV C\u00e2mara e tamb\u00e9m das redes sociais | Foto: C\u00e2mara Municipal"},{"@type":"BreadcrumbList","@id":"https:\/\/verdadeon.com.br\/portal\/2021\/11\/09\/camara-de-franca-mantem-vetos-propostos-pela-prefeitura\/#breadcrumb","itemListElement":[{"@type":"ListItem","position":1,"name":"In\u00edcio","item":"https:\/\/verdadeon.com.br\/portal\/"},{"@type":"ListItem","position":2,"name":"C\u00e2mara de Franca mant\u00e9m vetos propostos pela Prefeitura"}]},{"@type":"WebSite","@id":"https:\/\/verdadeon.com.br\/portal\/#website","url":"https:\/\/verdadeon.com.br\/portal\/","name":"VerdadeOn","description":"Not\u00edcias di\u00e1rias sobre Franca, Regi\u00e3o, Esporte, Cultura, Cotidiano, Colunas. Cobertura nos principais eventos da cidade \u00e9 aqui - Verdadeon Franca","potentialAction":[{"@type":"SearchAction","target":{"@type":"EntryPoint","urlTemplate":"https:\/\/verdadeon.com.br\/portal\/?s={search_term_string}"},"query-input":{"@type":"PropertyValueSpecification","valueRequired":true,"valueName":"search_term_string"}}],"inLanguage":"pt-BR"},{"@type":"Person","@id":"https:\/\/verdadeon.com.br\/portal\/#\/schema\/person\/cc32be22b8e8599387c480bc83e1d11a","name":"Fernando Lima","image":{"@type":"ImageObject","inLanguage":"pt-BR","@id":"https:\/\/verdadeon.com.br\/portal\/#\/schema\/person\/image\/","url":"https:\/\/secure.gravatar.com\/avatar\/df4c8e132080d2b3a4841d5d232045464e0eed11a1d6e43115ca0843d48768d3?s=96&d=mm&r=g","contentUrl":"https:\/\/secure.gravatar.com\/avatar\/df4c8e132080d2b3a4841d5d232045464e0eed11a1d6e43115ca0843d48768d3?s=96&d=mm&r=g","caption":"Fernando Lima"},"sameAs":["http:\/\/verdadeon.com.br\/"],"url":"https:\/\/verdadeon.com.br\/portal\/author\/fernando-lima\/"}]}},"jetpack_publicize_connections":[],"jetpack_featured_media_url":"https:\/\/i0.wp.com\/verdadeon.com.br\/portal\/wp-content\/uploads\/2021\/11\/WhatsApp-Image-2021-11-09-at-10.01.39-e1636493199172.jpeg?fit=1000%2C672&ssl=1","jetpack_sharing_enabled":true,"_links":{"self":[{"href":"https:\/\/verdadeon.com.br\/portal\/wp-json\/wp\/v2\/posts\/20899","targetHints":{"allow":["GET"]}}],"collection":[{"href":"https:\/\/verdadeon.com.br\/portal\/wp-json\/wp\/v2\/posts"}],"about":[{"href":"https:\/\/verdadeon.com.br\/portal\/wp-json\/wp\/v2\/types\/post"}],"author":[{"embeddable":true,"href":"https:\/\/verdadeon.com.br\/portal\/wp-json\/wp\/v2\/users\/7"}],"replies":[{"embeddable":true,"href":"https:\/\/verdadeon.com.br\/portal\/wp-json\/wp\/v2\/comments?post=20899"}],"version-history":[{"count":0,"href":"https:\/\/verdadeon.com.br\/portal\/wp-json\/wp\/v2\/posts\/20899\/revisions"}],"wp:featuredmedia":[{"embeddable":true,"href":"https:\/\/verdadeon.com.br\/portal\/wp-json\/wp\/v2\/media\/20901"}],"wp:attachment":[{"href":"https:\/\/verdadeon.com.br\/portal\/wp-json\/wp\/v2\/media?parent=20899"}],"wp:term":[{"taxonomy":"category","embeddable":true,"href":"https:\/\/verdadeon.com.br\/portal\/wp-json\/wp\/v2\/categories?post=20899"},{"taxonomy":"post_tag","embeddable":true,"href":"https:\/\/verdadeon.com.br\/portal\/wp-json\/wp\/v2\/tags?post=20899"}],"curies":[{"name":"wp","href":"https:\/\/api.w.org\/{rel}","templated":true}]}}