{"id":20831,"date":"2021-11-06T15:10:57","date_gmt":"2021-11-06T18:10:57","guid":{"rendered":"https:\/\/verdadeon.com.br\/portal\/?p=20831"},"modified":"2021-11-06T10:41:11","modified_gmt":"2021-11-06T13:41:11","slug":"temos-que-fazer-o-melhor-para-o-proximo-para-quem-seja-salvar-e-resgatar-diz-bombeiro-civil","status":"publish","type":"post","link":"https:\/\/verdadeon.com.br\/portal\/2021\/11\/06\/temos-que-fazer-o-melhor-para-o-proximo-para-quem-seja-salvar-e-resgatar-diz-bombeiro-civil\/","title":{"rendered":"\u2018Temos que fazer o melhor para o pr\u00f3ximo, para quem seja, salvar e resgatar\u2019, diz bombeiro civil"},"content":{"rendered":"<h2><span style=\"font-weight: 400;\">Heitor Campos tem uma escola de bombeiros civis e atua no combate a inc\u00eandios e como guarda-vida. Ele comenta o caso que vitimou nove bombeiros civis em Altin\u00f3polis<\/span><\/h2>\n<p>&nbsp;<\/p>\n<p><b>Nelise Luques<\/b><\/p>\n<p><span style=\"font-weight: 400;\">A trag\u00e9dia do \u00faltimo domingo, 31 de outubro, na Gruta Duas Bocas de Altin\u00f3polis, que terminou com a morte de nove bombeiros civis, chamou a aten\u00e7\u00e3o pelo treinamento que o grupo realizava no local.<\/span><\/p>\n<p><span style=\"font-weight: 400;\">O Jornal Verdade entrevistou nesta semana Heitor Campos, que tamb\u00e9m \u00e9 bombeiro civil, para conhecer mais sobre a profiss\u00e3o e os locais onde costumam atuar. Heitor tem 50 anos, \u00e9 propriet\u00e1rio de uma escola de forma\u00e7\u00e3o de bombeiros civis em Franca e compartilha as experi\u00eancias emocionantes que j\u00e1 viveu como bombeiro. Uma delas foi conseguir reanimar uma crian\u00e7a pequena que se afogou, al\u00e9m das vidas que salvou durante a sua trajet\u00f3ria.\u00a0<\/span><\/p>\n<p><span style=\"font-weight: 400;\">Conhe\u00e7a mais sobre o papel dos bombeiros civis e um pouco da hist\u00f3ria de Heitor Campos.\u00a0<\/span><\/p>\n<p>&nbsp;<\/p>\n<p><b>Como surgiu a oportunidade de ser bombeiro civil e h\u00e1 quanto tempo o senhor atua na \u00e1rea?\u00a0<\/b><\/p>\n<p><span style=\"font-weight: 400;\">Eu venho da \u00e1rea militar j\u00e1 faz um bom tempo e atrav\u00e9s disso eu conheci o trabalho do bombeiro civil e me interessei bastante, ent\u00e3o surgiu essa oportunidade de forma\u00e7\u00e3o de bombeiro civil. Da\u00ed em diante eu comecei a me especializar mais, j\u00e1 passei a ser instrutor, me credenciei no Corpo de Bombeiro da Pol\u00edcia Militar do Estado de S\u00e3o Paulo e assim come\u00e7ou a minha carreira, isso j\u00e1 faz mais de dez anos. Presto assessoria em seguran\u00e7a do trabalho e sou instrutor credenciado em duas ag\u00eancias americanas de APH\u00a0 (<\/span><span style=\"font-weight: 400;\">Atendimento Pr\u00e9-Hospitalar)<\/span><span style=\"font-weight: 400;\"> avan\u00e7ado, a American Safety Health Institute e European Emergency Circle.<\/span><\/p>\n<p><b>Heitor, como podemos explicar o que \u00e9 um bombeiro civil e a diferen\u00e7a com os militares?<\/b><\/p>\n<p><span style=\"font-weight: 400;\">De uma forma r\u00e1pida, vou explicar a diferen\u00e7a entre bombeiro civil e militar. O civil trabalha mais em empresas privadas e tamb\u00e9m em grandes eventos, ent\u00e3o o civil \u00e9 um bombeiro que \u00e9 contratado por uma empresa particular para efetuar a preven\u00e7\u00e3o de combate \u00e0 inc\u00eandio, primeiros socorros, dependendo da estrutura da empresa, do grau de risco, porque hoje tem o bombeiro classe I, II e III, ent\u00e3o dependendo do grau de risco, a empresa contrata esse bombeiro civil. J\u00e1 os militares s\u00e3o concursados pelo Estado e recebem pelo Estado tamb\u00e9m, ent\u00e3o o treinamento deles \u00e9 totalmente diferente, muito mais aprimorado. Essa \u00e9 a diferen\u00e7a principal.<\/span><\/p>\n<p><b>O senhor tem uma escola de forma\u00e7\u00e3o de bombeiros civis em Franca?<\/b><\/p>\n<p><span style=\"font-weight: 400;\">Sim, aqui em Franca tenho uma escola que se chama Campos SOS Resgate e eu atuou muito na \u00e1rea de APH, socorrista avan\u00e7ado e tamb\u00e9m assessoria e t\u00e9cnico de seguran\u00e7a do trabalho, fa\u00e7o curso das NRs, que s\u00e3o as normas regulamentadoras, e altura e resgate veicular, dentre outros, ent\u00e3o eu fa\u00e7o esse treinamento com bombeiros civis.\u00a0\u00a0<\/span><\/p>\n<p><b>Como \u00e9 a forma\u00e7\u00e3o de um bombeiro civil?<\/b><\/p>\n<p><span style=\"font-weight: 400;\">A forma\u00e7\u00e3o de um bombeiro civil gira em torno de 240 horas a 360, mas com a NBR 16877 essa carga hor\u00e1ria pode aumentar devido a classifica\u00e7\u00e3o do bombeiro civil, I, II e III. A forma\u00e7\u00e3o \u00e9 feita dentro de um estabelecimento, de uma escola privada, onde o aluno abrange todo o treinamento pr\u00e1tico e te\u00f3rico dentro dessa \u00e1rea da escola. Alguns cursos extracurriculares como em cachoeira, treinamento em mata n\u00e3o est\u00e3o no cronograma normal do bombeiro civil, por\u00e9m s\u00e3o cursos extras que o pessoal gosta muito de fazer para obter um pouco mais de conhecimento na \u00e1rea, como o resgate em altura. Todo treinamento, toda forma\u00e7\u00e3o e uniforme \u00e9 a escola que providencia, a escola tem o seu centro de treinamento, onde ele faz pr\u00e1tica te\u00f3rica, \u00e9 uma grade curricular bastante extensa.<\/span><\/p>\n<p><b>Que atividades os bombeiros civis realizam?<\/b><\/p>\n<p><span style=\"font-weight: 400;\">As atividades do bombeiro civil s\u00e3o bastante extensas, ele trabalha nesses resgates rodovi\u00e1rios, hoje est\u00e1 tendo grande crescimento de bombeiros civis nas a\u00e7\u00f5es de combate a inc\u00eandios florestais tamb\u00e9m, al\u00e9m de trabalhar na empresa privada, ele trabalha em grandes e pequenos eventos, ent\u00e3o o bombeiro \u00e9 bastante ativo tamb\u00e9m no trabalho de orienta\u00e7\u00e3o nas escolas. Nessa pandemia, tivemos bastante bombeiros civis fazendo blitze de orienta\u00e7\u00e3o, ent\u00e3o o bombeiro civil tem uma ampla \u00e1rea de trabalho, \u00e9 um bombeiro que se estiver preparado pode fazer um AVCB (<\/span><span style=\"font-weight: 400;\">Auto de Vistoria do Corpo de Bombeiros)<\/span><span style=\"font-weight: 400;\">, fazer uma adequa\u00e7\u00e3o, como eu fiz a adequa\u00e7\u00e3o no nosso gin\u00e1sio Pedroc\u00e3o aqui em Franca, para aprova\u00e7\u00e3o dos bombeiros militares, ent\u00e3o a realiza\u00e7\u00e3o do trabalho deles \u00e9 ampla, \u00e9 muito bacana.\u00a0<\/span><\/p>\n<p><b>Como s\u00e3o os treinamentos e onde acontecem?\u00a0<\/b><\/p>\n<p><span style=\"font-weight: 400;\">Os treinamentos acontecem dentro da escola de bombeiro civil. Na realidade, essa escola tem que estar credenciada no Corpo de Bombeiro da Pol\u00edcia Militar do Estado de S\u00e3o Paulo, seus instrutores tamb\u00e9m devem estar credenciados no Corpo de Bombeiro Militar e essa escola tem que ter esse amplo campo de treinamento, onde o bombeiro civil faz a\u00e7\u00f5es te\u00f3ricas e pr\u00e1ticas, algum curso extracurricular que a escola pode oferecer ao aluno pode ser feito fora da escola, em outros lugares, a partir de um acordo entre escola e aluno.<\/span><\/p>\n<p><b>Quem pode ser um bombeiro civil?<\/b><\/p>\n<p><span style=\"font-weight: 400;\">O Bombeiro Civil n\u00e3o tem limite de idade, mas a pessoa tem que estar com um bom preparo f\u00edsico, com a sa\u00fade em dia porque algumas escolas pedem um atestado m\u00e9dico de sa\u00fade, pede tamb\u00e9m antecedentes criminais. A pessoa tem que estar em boa forma, n\u00e3o ser atleta, mas estar em boa forma e com sa\u00fade para essa forma\u00e7\u00e3o de bombeiro civil.\u00a0<\/span><\/p>\n<p><b>O senhor tem ideia de quantos bombeiros civis atuam em Franca? Qual a faixa et\u00e1ria deles e quais as profiss\u00f5es?<\/b><\/p>\n<p><span style=\"font-weight: 400;\">Aqui em Franca, eu acredito que devem ter em m\u00e9dia 30 bombeiros civis em ind\u00fastrias, trabalhando registrados, mas tem mais de 200 bombeiros na cidade que atuam em eventos, anivers\u00e1rios, conven\u00e7\u00f5es, entre outros. E esses bombeiros que atuam em eventos normalmente trabalham na ind\u00fastria de cal\u00e7ados ou t\u00eam algum outro trabalho e exercem a fun\u00e7\u00e3o de bombeiro como se fosse uma renda extra nesses eventos.<\/span><\/p>\n<p><b>Heitor, o senhor j\u00e1 participou do socorro ou combate a inc\u00eandios reais? Conte nos um pouco dessas experi\u00eancias.<\/b><\/p>\n<p><span style=\"font-weight: 400;\">Sim, trabalhei muito tempo no resgate rodovi\u00e1rio, trabalhei em algumas empresas privadas de ambul\u00e2ncias da cidade, faz quatro anos que atuo nos inc\u00eandios florestais que \u00e9 um dos piores inc\u00eandios para se combater, sem d\u00favida nenhuma, \u00e9 muito dif\u00edcil. Em 2020 e 2021, eu participei de dois grandes inc\u00eandios numa das maiores unidades do Estado de S\u00e3o Paulo de mata de cerrado, ficamos 20 dias combatendo o inc\u00eandio, 15 dias de rescaldo, fogo de subsolo, fogo de copa, foi uma experi\u00eancia \u00fanica na minha vida. Uma experi\u00eancia triste pela devasta\u00e7\u00e3o, mas para a gente ela \u00e9 \u00fanica, do fogo com dimens\u00e3o de dez metros de altura, com a mudan\u00e7a clim\u00e1tica que \u00e9 uma coisa assim inexplic\u00e1vel. Ent\u00e3o toda essa experi\u00eancia, que eu tive nessa \u00e1rea florestal, eu passo para os meus alunos tamb\u00e9m, s\u00e3o coisas \u00fanicas, como neste ano de 2021 um inc\u00eandio em que o fogo estava chegando pr\u00f3ximo a uma casa onde tinha um cachorro amarrado, eu escutei esse cachorro chorando e gritando. Peguei o meu equipamento, passei por cima dessas chamas e fui l\u00e1 e ele estava amarrado no p\u00e9 de uma \u00e1rvore com as patinhas j\u00e1 todas queimadas, \u00e9 uma situa\u00e7\u00e3o triste, mas cortei essa corda, peguei esse cachorro e retornei com ele. Como bombeiro, a vida importa, pode ser animal, ser humano, o importante \u00e9 salvar, resgatar e tirar ele desse perigo. \u00c9 uma situa\u00e7\u00e3o triste uma pessoa largar um animal amarrado no meio das chamas, mas consegui cumprir meu objetivo que era resgatar esse animal.<\/span><\/p>\n<p><b>Qual a sensa\u00e7\u00e3o e a parte mais dif\u00edcil de fazer parte dessas hist\u00f3rias?<\/b><\/p>\n<p><span style=\"font-weight: 400;\">A sensa\u00e7\u00e3o \u00e9 uma coisa inigual\u00e1vel. \u00c9 uma sensa\u00e7\u00e3o de prazer, sensa\u00e7\u00e3o de tristeza, de raiva, tudo isso vem junto, porque s\u00e3o situa\u00e7\u00f5es que mudam a todo tempo, \u00e9 uma coisa que mexe com a gente. E a hist\u00f3ria, acredito, n\u00e3o s\u00f3 minha, mas de todos os bombeiros \u00e9 ter o dever cumprido, fazer o melhor para o pr\u00f3ximo, para quem seja, \u00e9 salvar, resgatar e a gente tem um lema que fala: a vida por vidas, ent\u00e3o a gente leva muito a s\u00e9rio isso.\u00a0<\/span><\/p>\n<p><b>Existe alguma hist\u00f3ria que marcou voc\u00ea neste tempo como bombeiro?<\/b><\/p>\n<p><span style=\"font-weight: 400;\">At\u00e9 esqueci de comentar que o bombeiro civil pode trabalhar de guarda-vidas tamb\u00e9m, fazendo um curso espec\u00edfico aqu\u00e1tico, ele pode atuar. E uma hist\u00f3ria que me marcou foi quando eu atuava como guarda-vida e peguei uma crian\u00e7a em afogamento. Essa crian\u00e7a tinha em torno de 4, 5 anos, por ser crian\u00e7a, j\u00e1 mexe com a gente e ao ver o desespero dos pais e a crian\u00e7a na m\u00e3o da gente, para a gente fazer algo e socorrer e fazer com que essa crian\u00e7a reanime novamente. Para mim, foi uma coisa que marcou muito, porque a crian\u00e7a demorou em torno de uns dez minutos para retornar, mas eu consegui fazer esse retorno e para mim foi uma alegria muito grande, por ter filhos tamb\u00e9m e ver a alegria dos pais. Resgate que envolve crian\u00e7a mexe um pouco com a gente por ser pai tamb\u00e9m, por ver o desespero dos pais, aquela vida est\u00e1 na sua m\u00e3o, ent\u00e3o \u00e9 uma coisa maravilhosa. Uma outra coisa que me marcou foi um parto que eu participei, \u00e9 uma vida que eu salvei e depois uma vida que veio na minha m\u00e3o, ent\u00e3o \u00e9 incr\u00edvel, s\u00e3o situa\u00e7\u00f5es e experi\u00eancias que marcam a gente e a gente fica at\u00e9 emocionado.<\/span><\/p>\n<p><b>Voc\u00ea conhece a Gruta Duas Bocas, em Altin\u00f3polis, onde aconteceu o acidente que vitimou nove bombeiros civis h\u00e1 poucos dias?<\/b><\/p>\n<p><span style=\"font-weight: 400;\">A Gruta de Altin\u00f3polis eu conhe\u00e7o, sim.\u00a0<\/span><\/p>\n<p><b>Realmente \u00e9 um lugar perigoso e com condi\u00e7\u00f5es adversas?<\/b><\/p>\n<p><span style=\"font-weight: 400;\">Todo ambiente hostil j\u00e1 tem condi\u00e7\u00f5es adversas e por ser natureza, por estar sempre em movimento, j\u00e1 traz condi\u00e7\u00f5es adversas.<\/span><\/p>\n<p><b>O que pode ter acontecido, na sua opini\u00e3o e pela sua experi\u00eancia, para o desmoronamento do teto da gruta?<\/b><\/p>\n<p><span style=\"font-weight: 400;\">Sobre o desmoronamento do teto da gruta, pela minha experi\u00eancia, posso dizer que \u00e9 dif\u00edcil a gente comentar um fato acontecido, que envolveu vidas, que s\u00e3o irm\u00e3os de farda que estavam naquele local, pais e m\u00e3es de fam\u00edlias, filhos e filhas. Pela minha experi\u00eancia, existia chuva, um ambiente adverso, onde pode acontecer qualquer tipo de colapso e junta a semana inteira de chuva mais a localidade e tudo mais, geralmente corre esse risco. Acredito que fizeram an\u00e1lise de risco, a escola est\u00e1 dando todo apoio aos familiares e tudo mais e isso \u00e9 importante, mas s\u00e3o lugares adversos e falar realmente o que aconteceu somente a Pol\u00edcia Civil e especialistas no local v\u00e3o especificar. Eu n\u00e3o estava l\u00e1, ent\u00e3o \u00e9 dif\u00edcil a gente comentar, existem v\u00e1rias opini\u00f5es, mas quando envolve vidas assim a gente fica at\u00e9 triste de fazer algum tipo de coment\u00e1rio porque nada vai mudar isso, tem que mudar de agora para frente, de que forma trabalhar e tudo mais.<\/span><\/p>\n<p>&nbsp;<\/p>\n<p><img data-recalc-dims=\"1\" loading=\"lazy\" decoding=\"async\" class=\"alignnone size-medium wp-image-20834\" src=\"https:\/\/i0.wp.com\/verdadeon.com.br\/portal\/wp-content\/uploads\/2021\/11\/BOMBEIRO-CIVIL-HEITOR-CAMPOS-2.jpeg?resize=300%2C225&#038;ssl=1\" alt=\"\" width=\"300\" height=\"225\" srcset=\"https:\/\/i0.wp.com\/verdadeon.com.br\/portal\/wp-content\/uploads\/2021\/11\/BOMBEIRO-CIVIL-HEITOR-CAMPOS-2.jpeg?resize=300%2C225&amp;ssl=1 300w, https:\/\/i0.wp.com\/verdadeon.com.br\/portal\/wp-content\/uploads\/2021\/11\/BOMBEIRO-CIVIL-HEITOR-CAMPOS-2.jpeg?resize=1024%2C768&amp;ssl=1 1024w, https:\/\/i0.wp.com\/verdadeon.com.br\/portal\/wp-content\/uploads\/2021\/11\/BOMBEIRO-CIVIL-HEITOR-CAMPOS-2.jpeg?resize=768%2C576&amp;ssl=1 768w, https:\/\/i0.wp.com\/verdadeon.com.br\/portal\/wp-content\/uploads\/2021\/11\/BOMBEIRO-CIVIL-HEITOR-CAMPOS-2.jpeg?resize=195%2C146&amp;ssl=1 195w, https:\/\/i0.wp.com\/verdadeon.com.br\/portal\/wp-content\/uploads\/2021\/11\/BOMBEIRO-CIVIL-HEITOR-CAMPOS-2.jpeg?resize=50%2C38&amp;ssl=1 50w, https:\/\/i0.wp.com\/verdadeon.com.br\/portal\/wp-content\/uploads\/2021\/11\/BOMBEIRO-CIVIL-HEITOR-CAMPOS-2.jpeg?resize=100%2C75&amp;ssl=1 100w, https:\/\/i0.wp.com\/verdadeon.com.br\/portal\/wp-content\/uploads\/2021\/11\/BOMBEIRO-CIVIL-HEITOR-CAMPOS-2.jpeg?w=1280&amp;ssl=1 1280w\" sizes=\"auto, (max-width: 300px) 100vw, 300px\" \/><\/p>\n<p><img data-recalc-dims=\"1\" loading=\"lazy\" decoding=\"async\" class=\"alignnone size-medium wp-image-20832\" src=\"https:\/\/i0.wp.com\/verdadeon.com.br\/portal\/wp-content\/uploads\/2021\/11\/BOMBEIRO-CIVIL-HEITOR-CAMPOS-4.jpeg?resize=300%2C300&#038;ssl=1\" alt=\"\" width=\"300\" height=\"300\" srcset=\"https:\/\/i0.wp.com\/verdadeon.com.br\/portal\/wp-content\/uploads\/2021\/11\/BOMBEIRO-CIVIL-HEITOR-CAMPOS-4.jpeg?resize=300%2C300&amp;ssl=1 300w, https:\/\/i0.wp.com\/verdadeon.com.br\/portal\/wp-content\/uploads\/2021\/11\/BOMBEIRO-CIVIL-HEITOR-CAMPOS-4.jpeg?resize=1024%2C1024&amp;ssl=1 1024w, https:\/\/i0.wp.com\/verdadeon.com.br\/portal\/wp-content\/uploads\/2021\/11\/BOMBEIRO-CIVIL-HEITOR-CAMPOS-4.jpeg?resize=150%2C150&amp;ssl=1 150w, https:\/\/i0.wp.com\/verdadeon.com.br\/portal\/wp-content\/uploads\/2021\/11\/BOMBEIRO-CIVIL-HEITOR-CAMPOS-4.jpeg?resize=768%2C768&amp;ssl=1 768w, https:\/\/i0.wp.com\/verdadeon.com.br\/portal\/wp-content\/uploads\/2021\/11\/BOMBEIRO-CIVIL-HEITOR-CAMPOS-4.jpeg?resize=146%2C146&amp;ssl=1 146w, https:\/\/i0.wp.com\/verdadeon.com.br\/portal\/wp-content\/uploads\/2021\/11\/BOMBEIRO-CIVIL-HEITOR-CAMPOS-4.jpeg?resize=50%2C50&amp;ssl=1 50w, https:\/\/i0.wp.com\/verdadeon.com.br\/portal\/wp-content\/uploads\/2021\/11\/BOMBEIRO-CIVIL-HEITOR-CAMPOS-4.jpeg?resize=75%2C75&amp;ssl=1 75w, https:\/\/i0.wp.com\/verdadeon.com.br\/portal\/wp-content\/uploads\/2021\/11\/BOMBEIRO-CIVIL-HEITOR-CAMPOS-4.jpeg?resize=85%2C85&amp;ssl=1 85w, https:\/\/i0.wp.com\/verdadeon.com.br\/portal\/wp-content\/uploads\/2021\/11\/BOMBEIRO-CIVIL-HEITOR-CAMPOS-4.jpeg?resize=80%2C80&amp;ssl=1 80w, https:\/\/i0.wp.com\/verdadeon.com.br\/portal\/wp-content\/uploads\/2021\/11\/BOMBEIRO-CIVIL-HEITOR-CAMPOS-4.jpeg?resize=1200%2C1200&amp;ssl=1 1200w, https:\/\/i0.wp.com\/verdadeon.com.br\/portal\/wp-content\/uploads\/2021\/11\/BOMBEIRO-CIVIL-HEITOR-CAMPOS-4.jpeg?w=1280&amp;ssl=1 1280w\" sizes=\"auto, (max-width: 300px) 100vw, 300px\" \/><\/p>\n<p><img data-recalc-dims=\"1\" loading=\"lazy\" decoding=\"async\" class=\"alignnone size-medium wp-image-20836\" src=\"https:\/\/i0.wp.com\/verdadeon.com.br\/portal\/wp-content\/uploads\/2021\/11\/WhatsApp-Image-2021-11-03-at-16.17.09.jpeg?resize=225%2C300&#038;ssl=1\" alt=\"\" width=\"225\" height=\"300\" srcset=\"https:\/\/i0.wp.com\/verdadeon.com.br\/portal\/wp-content\/uploads\/2021\/11\/WhatsApp-Image-2021-11-03-at-16.17.09.jpeg?resize=225%2C300&amp;ssl=1 225w, https:\/\/i0.wp.com\/verdadeon.com.br\/portal\/wp-content\/uploads\/2021\/11\/WhatsApp-Image-2021-11-03-at-16.17.09.jpeg?resize=768%2C1024&amp;ssl=1 768w, https:\/\/i0.wp.com\/verdadeon.com.br\/portal\/wp-content\/uploads\/2021\/11\/WhatsApp-Image-2021-11-03-at-16.17.09.jpeg?resize=110%2C146&amp;ssl=1 110w, https:\/\/i0.wp.com\/verdadeon.com.br\/portal\/wp-content\/uploads\/2021\/11\/WhatsApp-Image-2021-11-03-at-16.17.09.jpeg?resize=38%2C50&amp;ssl=1 38w, https:\/\/i0.wp.com\/verdadeon.com.br\/portal\/wp-content\/uploads\/2021\/11\/WhatsApp-Image-2021-11-03-at-16.17.09.jpeg?resize=56%2C75&amp;ssl=1 56w, https:\/\/i0.wp.com\/verdadeon.com.br\/portal\/wp-content\/uploads\/2021\/11\/WhatsApp-Image-2021-11-03-at-16.17.09.jpeg?w=960&amp;ssl=1 960w\" sizes=\"auto, (max-width: 225px) 100vw, 225px\" \/><\/p>\n<p><img data-recalc-dims=\"1\" loading=\"lazy\" decoding=\"async\" class=\"alignnone size-medium wp-image-20837\" src=\"https:\/\/i0.wp.com\/verdadeon.com.br\/portal\/wp-content\/uploads\/2021\/11\/WhatsApp-Image-2021-11-03-at-16.31.10.jpeg?resize=300%2C300&#038;ssl=1\" alt=\"\" width=\"300\" height=\"300\" srcset=\"https:\/\/i0.wp.com\/verdadeon.com.br\/portal\/wp-content\/uploads\/2021\/11\/WhatsApp-Image-2021-11-03-at-16.31.10.jpeg?resize=300%2C300&amp;ssl=1 300w, https:\/\/i0.wp.com\/verdadeon.com.br\/portal\/wp-content\/uploads\/2021\/11\/WhatsApp-Image-2021-11-03-at-16.31.10.jpeg?resize=1024%2C1024&amp;ssl=1 1024w, https:\/\/i0.wp.com\/verdadeon.com.br\/portal\/wp-content\/uploads\/2021\/11\/WhatsApp-Image-2021-11-03-at-16.31.10.jpeg?resize=150%2C150&amp;ssl=1 150w, https:\/\/i0.wp.com\/verdadeon.com.br\/portal\/wp-content\/uploads\/2021\/11\/WhatsApp-Image-2021-11-03-at-16.31.10.jpeg?resize=768%2C768&amp;ssl=1 768w, https:\/\/i0.wp.com\/verdadeon.com.br\/portal\/wp-content\/uploads\/2021\/11\/WhatsApp-Image-2021-11-03-at-16.31.10.jpeg?resize=146%2C146&amp;ssl=1 146w, https:\/\/i0.wp.com\/verdadeon.com.br\/portal\/wp-content\/uploads\/2021\/11\/WhatsApp-Image-2021-11-03-at-16.31.10.jpeg?resize=50%2C50&amp;ssl=1 50w, https:\/\/i0.wp.com\/verdadeon.com.br\/portal\/wp-content\/uploads\/2021\/11\/WhatsApp-Image-2021-11-03-at-16.31.10.jpeg?resize=75%2C75&amp;ssl=1 75w, https:\/\/i0.wp.com\/verdadeon.com.br\/portal\/wp-content\/uploads\/2021\/11\/WhatsApp-Image-2021-11-03-at-16.31.10.jpeg?resize=85%2C85&amp;ssl=1 85w, https:\/\/i0.wp.com\/verdadeon.com.br\/portal\/wp-content\/uploads\/2021\/11\/WhatsApp-Image-2021-11-03-at-16.31.10.jpeg?resize=80%2C80&amp;ssl=1 80w, https:\/\/i0.wp.com\/verdadeon.com.br\/portal\/wp-content\/uploads\/2021\/11\/WhatsApp-Image-2021-11-03-at-16.31.10.jpeg?w=1080&amp;ssl=1 1080w\" sizes=\"auto, (max-width: 300px) 100vw, 300px\" \/><\/p>\n","protected":false},"excerpt":{"rendered":"<p>Heitor Campos tem uma escola de bombeiros civis e atua no combate a inc\u00eandios e como guarda-vida. Ele comenta o caso que vitimou nove bombeiros civis<span class=\"excerpt-hellip\"> [\u2026]<\/span><\/p>\n","protected":false},"author":12,"featured_media":20835,"comment_status":"open","ping_status":"open","sticky":false,"template":"","format":"standard","meta":{"_jetpack_memberships_contains_paid_content":false,"footnotes":"","jetpack_publicize_message":"","jetpack_publicize_feature_enabled":true,"jetpack_social_post_already_shared":false,"jetpack_social_options":{"image_generator_settings":{"template":"highway","default_image_id":0,"enabled":false},"version":2}},"categories":[28,81],"tags":[],"class_list":["post-20831","post","type-post","status-publish","format-standard","has-post-thumbnail","hentry","category-cotidiano","category-manchete"],"yoast_head":"<!-- This site is optimized with the Yoast SEO plugin v25.6 - https:\/\/yoast.com\/wordpress\/plugins\/seo\/ -->\n<title>\u2018Temos que fazer o melhor para o pr\u00f3ximo, para quem seja, salvar e resgatar\u2019, diz bombeiro civil - VerdadeOn<\/title>\n<meta name=\"robots\" content=\"index, follow, max-snippet:-1, max-image-preview:large, max-video-preview:-1\" \/>\n<link rel=\"canonical\" href=\"https:\/\/verdadeon.com.br\/portal\/2021\/11\/06\/temos-que-fazer-o-melhor-para-o-proximo-para-quem-seja-salvar-e-resgatar-diz-bombeiro-civil\/\" \/>\n<meta property=\"og:locale\" content=\"pt_BR\" \/>\n<meta property=\"og:type\" content=\"article\" \/>\n<meta property=\"og:title\" content=\"\u2018Temos que fazer o melhor para o pr\u00f3ximo, para quem seja, salvar e resgatar\u2019, diz bombeiro civil - VerdadeOn\" \/>\n<meta property=\"og:description\" content=\"Heitor Campos tem uma escola de bombeiros civis e atua no combate a inc\u00eandios e como guarda-vida. Ele comenta o caso que vitimou nove bombeiros civis [\u2026]\" \/>\n<meta property=\"og:url\" content=\"https:\/\/verdadeon.com.br\/portal\/2021\/11\/06\/temos-que-fazer-o-melhor-para-o-proximo-para-quem-seja-salvar-e-resgatar-diz-bombeiro-civil\/\" \/>\n<meta property=\"og:site_name\" content=\"VerdadeOn\" \/>\n<meta property=\"article:published_time\" content=\"2021-11-06T18:10:57+00:00\" \/>\n<meta property=\"og:image\" content=\"https:\/\/verdadeon.com.br\/portal\/wp-content\/uploads\/2021\/11\/BOMBEIRO-CIVIL-HEITOR-CAMPOS-3.jpeg\" \/>\n\t<meta property=\"og:image:width\" content=\"780\" \/>\n\t<meta property=\"og:image:height\" content=\"780\" \/>\n\t<meta property=\"og:image:type\" content=\"image\/jpeg\" \/>\n<meta name=\"author\" content=\"Nelise Luques\" \/>\n<meta name=\"twitter:card\" content=\"summary_large_image\" \/>\n<meta name=\"twitter:label1\" content=\"Escrito por\" \/>\n\t<meta name=\"twitter:data1\" content=\"Nelise Luques\" \/>\n\t<meta name=\"twitter:label2\" content=\"Est. tempo de leitura\" \/>\n\t<meta name=\"twitter:data2\" content=\"9 minutos\" \/>\n<script type=\"application\/ld+json\" class=\"yoast-schema-graph\">{\"@context\":\"https:\/\/schema.org\",\"@graph\":[{\"@type\":\"WebPage\",\"@id\":\"https:\/\/verdadeon.com.br\/portal\/2021\/11\/06\/temos-que-fazer-o-melhor-para-o-proximo-para-quem-seja-salvar-e-resgatar-diz-bombeiro-civil\/\",\"url\":\"https:\/\/verdadeon.com.br\/portal\/2021\/11\/06\/temos-que-fazer-o-melhor-para-o-proximo-para-quem-seja-salvar-e-resgatar-diz-bombeiro-civil\/\",\"name\":\"\u2018Temos que fazer o melhor para o pr\u00f3ximo, para quem seja, salvar e resgatar\u2019, diz bombeiro civil - VerdadeOn\",\"isPartOf\":{\"@id\":\"https:\/\/verdadeon.com.br\/portal\/#website\"},\"primaryImageOfPage\":{\"@id\":\"https:\/\/verdadeon.com.br\/portal\/2021\/11\/06\/temos-que-fazer-o-melhor-para-o-proximo-para-quem-seja-salvar-e-resgatar-diz-bombeiro-civil\/#primaryimage\"},\"image\":{\"@id\":\"https:\/\/verdadeon.com.br\/portal\/2021\/11\/06\/temos-que-fazer-o-melhor-para-o-proximo-para-quem-seja-salvar-e-resgatar-diz-bombeiro-civil\/#primaryimage\"},\"thumbnailUrl\":\"https:\/\/i0.wp.com\/verdadeon.com.br\/portal\/wp-content\/uploads\/2021\/11\/BOMBEIRO-CIVIL-HEITOR-CAMPOS-3.jpeg?fit=780%2C780&ssl=1\",\"datePublished\":\"2021-11-06T18:10:57+00:00\",\"author\":{\"@id\":\"https:\/\/verdadeon.com.br\/portal\/#\/schema\/person\/8248726d36015c1916636fabb175d972\"},\"breadcrumb\":{\"@id\":\"https:\/\/verdadeon.com.br\/portal\/2021\/11\/06\/temos-que-fazer-o-melhor-para-o-proximo-para-quem-seja-salvar-e-resgatar-diz-bombeiro-civil\/#breadcrumb\"},\"inLanguage\":\"pt-BR\",\"potentialAction\":[{\"@type\":\"ReadAction\",\"target\":[\"https:\/\/verdadeon.com.br\/portal\/2021\/11\/06\/temos-que-fazer-o-melhor-para-o-proximo-para-quem-seja-salvar-e-resgatar-diz-bombeiro-civil\/\"]}]},{\"@type\":\"ImageObject\",\"inLanguage\":\"pt-BR\",\"@id\":\"https:\/\/verdadeon.com.br\/portal\/2021\/11\/06\/temos-que-fazer-o-melhor-para-o-proximo-para-quem-seja-salvar-e-resgatar-diz-bombeiro-civil\/#primaryimage\",\"url\":\"https:\/\/i0.wp.com\/verdadeon.com.br\/portal\/wp-content\/uploads\/2021\/11\/BOMBEIRO-CIVIL-HEITOR-CAMPOS-3.jpeg?fit=780%2C780&ssl=1\",\"contentUrl\":\"https:\/\/i0.wp.com\/verdadeon.com.br\/portal\/wp-content\/uploads\/2021\/11\/BOMBEIRO-CIVIL-HEITOR-CAMPOS-3.jpeg?fit=780%2C780&ssl=1\",\"width\":780,\"height\":780,\"caption\":\"O bombeiro civil Heitor Campos sobre a trag\u00e9dia na Gruta de Altin\u00f3polis: \\\"Quando envolve vidas, a gente fica at\u00e9 triste de fazer coment\u00e1rio porque nada vai mudar, tem que mudar de agora para frente, de que forma trabalhar\\\"\"},{\"@type\":\"BreadcrumbList\",\"@id\":\"https:\/\/verdadeon.com.br\/portal\/2021\/11\/06\/temos-que-fazer-o-melhor-para-o-proximo-para-quem-seja-salvar-e-resgatar-diz-bombeiro-civil\/#breadcrumb\",\"itemListElement\":[{\"@type\":\"ListItem\",\"position\":1,\"name\":\"In\u00edcio\",\"item\":\"https:\/\/verdadeon.com.br\/portal\/\"},{\"@type\":\"ListItem\",\"position\":2,\"name\":\"\u2018Temos que fazer o melhor para o pr\u00f3ximo, para quem seja, salvar e resgatar\u2019, diz bombeiro civil\"}]},{\"@type\":\"WebSite\",\"@id\":\"https:\/\/verdadeon.com.br\/portal\/#website\",\"url\":\"https:\/\/verdadeon.com.br\/portal\/\",\"name\":\"VerdadeOn\",\"description\":\"Not\u00edcias di\u00e1rias sobre Franca, Regi\u00e3o, Esporte, Cultura, Cotidiano, Colunas. Cobertura nos principais eventos da cidade \u00e9 aqui - Verdadeon Franca\",\"potentialAction\":[{\"@type\":\"SearchAction\",\"target\":{\"@type\":\"EntryPoint\",\"urlTemplate\":\"https:\/\/verdadeon.com.br\/portal\/?s={search_term_string}\"},\"query-input\":{\"@type\":\"PropertyValueSpecification\",\"valueRequired\":true,\"valueName\":\"search_term_string\"}}],\"inLanguage\":\"pt-BR\"},{\"@type\":\"Person\",\"@id\":\"https:\/\/verdadeon.com.br\/portal\/#\/schema\/person\/8248726d36015c1916636fabb175d972\",\"name\":\"Nelise Luques\",\"image\":{\"@type\":\"ImageObject\",\"inLanguage\":\"pt-BR\",\"@id\":\"https:\/\/verdadeon.com.br\/portal\/#\/schema\/person\/image\/\",\"url\":\"https:\/\/secure.gravatar.com\/avatar\/29b2a17f5bcadeb827411b66f48ac13c3e0ecaf5906c0f5745ecc5d41c24eada?s=96&d=mm&r=g\",\"contentUrl\":\"https:\/\/secure.gravatar.com\/avatar\/29b2a17f5bcadeb827411b66f48ac13c3e0ecaf5906c0f5745ecc5d41c24eada?s=96&d=mm&r=g\",\"caption\":\"Nelise Luques\"},\"url\":\"https:\/\/verdadeon.com.br\/portal\/author\/verdade\/\"}]}<\/script>\n<!-- \/ Yoast SEO plugin. -->","yoast_head_json":{"title":"\u2018Temos que fazer o melhor para o pr\u00f3ximo, para quem seja, salvar e resgatar\u2019, diz bombeiro civil - VerdadeOn","robots":{"index":"index","follow":"follow","max-snippet":"max-snippet:-1","max-image-preview":"max-image-preview:large","max-video-preview":"max-video-preview:-1"},"canonical":"https:\/\/verdadeon.com.br\/portal\/2021\/11\/06\/temos-que-fazer-o-melhor-para-o-proximo-para-quem-seja-salvar-e-resgatar-diz-bombeiro-civil\/","og_locale":"pt_BR","og_type":"article","og_title":"\u2018Temos que fazer o melhor para o pr\u00f3ximo, para quem seja, salvar e resgatar\u2019, diz bombeiro civil - VerdadeOn","og_description":"Heitor Campos tem uma escola de bombeiros civis e atua no combate a inc\u00eandios e como guarda-vida. Ele comenta o caso que vitimou nove bombeiros civis [\u2026]","og_url":"https:\/\/verdadeon.com.br\/portal\/2021\/11\/06\/temos-que-fazer-o-melhor-para-o-proximo-para-quem-seja-salvar-e-resgatar-diz-bombeiro-civil\/","og_site_name":"VerdadeOn","article_published_time":"2021-11-06T18:10:57+00:00","og_image":[{"width":780,"height":780,"url":"https:\/\/verdadeon.com.br\/portal\/wp-content\/uploads\/2021\/11\/BOMBEIRO-CIVIL-HEITOR-CAMPOS-3.jpeg","type":"image\/jpeg"}],"author":"Nelise Luques","twitter_card":"summary_large_image","twitter_misc":{"Escrito por":"Nelise Luques","Est. tempo de leitura":"9 minutos"},"schema":{"@context":"https:\/\/schema.org","@graph":[{"@type":"WebPage","@id":"https:\/\/verdadeon.com.br\/portal\/2021\/11\/06\/temos-que-fazer-o-melhor-para-o-proximo-para-quem-seja-salvar-e-resgatar-diz-bombeiro-civil\/","url":"https:\/\/verdadeon.com.br\/portal\/2021\/11\/06\/temos-que-fazer-o-melhor-para-o-proximo-para-quem-seja-salvar-e-resgatar-diz-bombeiro-civil\/","name":"\u2018Temos que fazer o melhor para o pr\u00f3ximo, para quem seja, salvar e resgatar\u2019, diz bombeiro civil - VerdadeOn","isPartOf":{"@id":"https:\/\/verdadeon.com.br\/portal\/#website"},"primaryImageOfPage":{"@id":"https:\/\/verdadeon.com.br\/portal\/2021\/11\/06\/temos-que-fazer-o-melhor-para-o-proximo-para-quem-seja-salvar-e-resgatar-diz-bombeiro-civil\/#primaryimage"},"image":{"@id":"https:\/\/verdadeon.com.br\/portal\/2021\/11\/06\/temos-que-fazer-o-melhor-para-o-proximo-para-quem-seja-salvar-e-resgatar-diz-bombeiro-civil\/#primaryimage"},"thumbnailUrl":"https:\/\/i0.wp.com\/verdadeon.com.br\/portal\/wp-content\/uploads\/2021\/11\/BOMBEIRO-CIVIL-HEITOR-CAMPOS-3.jpeg?fit=780%2C780&ssl=1","datePublished":"2021-11-06T18:10:57+00:00","author":{"@id":"https:\/\/verdadeon.com.br\/portal\/#\/schema\/person\/8248726d36015c1916636fabb175d972"},"breadcrumb":{"@id":"https:\/\/verdadeon.com.br\/portal\/2021\/11\/06\/temos-que-fazer-o-melhor-para-o-proximo-para-quem-seja-salvar-e-resgatar-diz-bombeiro-civil\/#breadcrumb"},"inLanguage":"pt-BR","potentialAction":[{"@type":"ReadAction","target":["https:\/\/verdadeon.com.br\/portal\/2021\/11\/06\/temos-que-fazer-o-melhor-para-o-proximo-para-quem-seja-salvar-e-resgatar-diz-bombeiro-civil\/"]}]},{"@type":"ImageObject","inLanguage":"pt-BR","@id":"https:\/\/verdadeon.com.br\/portal\/2021\/11\/06\/temos-que-fazer-o-melhor-para-o-proximo-para-quem-seja-salvar-e-resgatar-diz-bombeiro-civil\/#primaryimage","url":"https:\/\/i0.wp.com\/verdadeon.com.br\/portal\/wp-content\/uploads\/2021\/11\/BOMBEIRO-CIVIL-HEITOR-CAMPOS-3.jpeg?fit=780%2C780&ssl=1","contentUrl":"https:\/\/i0.wp.com\/verdadeon.com.br\/portal\/wp-content\/uploads\/2021\/11\/BOMBEIRO-CIVIL-HEITOR-CAMPOS-3.jpeg?fit=780%2C780&ssl=1","width":780,"height":780,"caption":"O bombeiro civil Heitor Campos sobre a trag\u00e9dia na Gruta de Altin\u00f3polis: \"Quando envolve vidas, a gente fica at\u00e9 triste de fazer coment\u00e1rio porque nada vai mudar, tem que mudar de agora para frente, de que forma trabalhar\""},{"@type":"BreadcrumbList","@id":"https:\/\/verdadeon.com.br\/portal\/2021\/11\/06\/temos-que-fazer-o-melhor-para-o-proximo-para-quem-seja-salvar-e-resgatar-diz-bombeiro-civil\/#breadcrumb","itemListElement":[{"@type":"ListItem","position":1,"name":"In\u00edcio","item":"https:\/\/verdadeon.com.br\/portal\/"},{"@type":"ListItem","position":2,"name":"\u2018Temos que fazer o melhor para o pr\u00f3ximo, para quem seja, salvar e resgatar\u2019, diz bombeiro civil"}]},{"@type":"WebSite","@id":"https:\/\/verdadeon.com.br\/portal\/#website","url":"https:\/\/verdadeon.com.br\/portal\/","name":"VerdadeOn","description":"Not\u00edcias di\u00e1rias sobre Franca, Regi\u00e3o, Esporte, Cultura, Cotidiano, Colunas. Cobertura nos principais eventos da cidade \u00e9 aqui - Verdadeon Franca","potentialAction":[{"@type":"SearchAction","target":{"@type":"EntryPoint","urlTemplate":"https:\/\/verdadeon.com.br\/portal\/?s={search_term_string}"},"query-input":{"@type":"PropertyValueSpecification","valueRequired":true,"valueName":"search_term_string"}}],"inLanguage":"pt-BR"},{"@type":"Person","@id":"https:\/\/verdadeon.com.br\/portal\/#\/schema\/person\/8248726d36015c1916636fabb175d972","name":"Nelise Luques","image":{"@type":"ImageObject","inLanguage":"pt-BR","@id":"https:\/\/verdadeon.com.br\/portal\/#\/schema\/person\/image\/","url":"https:\/\/secure.gravatar.com\/avatar\/29b2a17f5bcadeb827411b66f48ac13c3e0ecaf5906c0f5745ecc5d41c24eada?s=96&d=mm&r=g","contentUrl":"https:\/\/secure.gravatar.com\/avatar\/29b2a17f5bcadeb827411b66f48ac13c3e0ecaf5906c0f5745ecc5d41c24eada?s=96&d=mm&r=g","caption":"Nelise Luques"},"url":"https:\/\/verdadeon.com.br\/portal\/author\/verdade\/"}]}},"jetpack_publicize_connections":[],"jetpack_featured_media_url":"https:\/\/i0.wp.com\/verdadeon.com.br\/portal\/wp-content\/uploads\/2021\/11\/BOMBEIRO-CIVIL-HEITOR-CAMPOS-3.jpeg?fit=780%2C780&ssl=1","jetpack_sharing_enabled":true,"_links":{"self":[{"href":"https:\/\/verdadeon.com.br\/portal\/wp-json\/wp\/v2\/posts\/20831","targetHints":{"allow":["GET"]}}],"collection":[{"href":"https:\/\/verdadeon.com.br\/portal\/wp-json\/wp\/v2\/posts"}],"about":[{"href":"https:\/\/verdadeon.com.br\/portal\/wp-json\/wp\/v2\/types\/post"}],"author":[{"embeddable":true,"href":"https:\/\/verdadeon.com.br\/portal\/wp-json\/wp\/v2\/users\/12"}],"replies":[{"embeddable":true,"href":"https:\/\/verdadeon.com.br\/portal\/wp-json\/wp\/v2\/comments?post=20831"}],"version-history":[{"count":0,"href":"https:\/\/verdadeon.com.br\/portal\/wp-json\/wp\/v2\/posts\/20831\/revisions"}],"wp:featuredmedia":[{"embeddable":true,"href":"https:\/\/verdadeon.com.br\/portal\/wp-json\/wp\/v2\/media\/20835"}],"wp:attachment":[{"href":"https:\/\/verdadeon.com.br\/portal\/wp-json\/wp\/v2\/media?parent=20831"}],"wp:term":[{"taxonomy":"category","embeddable":true,"href":"https:\/\/verdadeon.com.br\/portal\/wp-json\/wp\/v2\/categories?post=20831"},{"taxonomy":"post_tag","embeddable":true,"href":"https:\/\/verdadeon.com.br\/portal\/wp-json\/wp\/v2\/tags?post=20831"}],"curies":[{"name":"wp","href":"https:\/\/api.w.org\/{rel}","templated":true}]}}