{"id":20825,"date":"2021-11-06T07:00:24","date_gmt":"2021-11-06T10:00:24","guid":{"rendered":"https:\/\/verdadeon.com.br\/portal\/?p=20825"},"modified":"2021-11-05T20:10:38","modified_gmt":"2021-11-05T23:10:38","slug":"efeito-manada-como-se-destacar-sem-ser-maria-vai-com-as-outras","status":"publish","type":"post","link":"https:\/\/verdadeon.com.br\/portal\/2021\/11\/06\/efeito-manada-como-se-destacar-sem-ser-maria-vai-com-as-outras\/","title":{"rendered":"Efeito manada: como se destacar sem ser \u201cmaria vai com as outras\u201d"},"content":{"rendered":"<p>Sabe aquela situa\u00e7\u00e3o em que voc\u00ea agiu guiado pela maioria e n\u00e3o por conta pr\u00f3pria? Esse \u00e9 o comportamento provocado pelo efeito manada.<\/p>\n<p>A psicologia explica esse evento como \u201cuma a\u00e7\u00e3o de fuga coletiva de animais da mesma esp\u00e9cie\u201d e ele ocorre como uma forma de prote\u00e7\u00e3o adquirida atrav\u00e9s de sua evolu\u00e7\u00e3o. Mas, quando trazemos para a nossa realidade, estamos falando das decis\u00f5es influenciadas por um l\u00edder, um grupo de influenciadores ou ainda, como cham\u00e1vamos h\u00e1 poucos anos, os formadores de opini\u00e3o.<\/p>\n<p>Segundo a psicologia, quando isso acontece os riscos e consequ\u00eancias n\u00e3o s\u00e3o levados em considera\u00e7\u00e3o e a tend\u00eancia \u00e9 que sejam desconsideradas quaisquer diferen\u00e7as, havendo um consenso de pensamentos, opini\u00f5es e atitudes.<\/p>\n<p>As causas deste comportamento s\u00e3o justificadas pela necessidade de o indiv\u00edduo se sentir aceito por um determinado grupo, pelo medo de se posicionar de forma contr\u00e1ria e, com isso, sofrer san\u00e7\u00f5es e puni\u00e7\u00f5es, ou ainda por acreditar que exista uma l\u00f3gica ou benef\u00edcio em seguir tal caminho.<\/p>\n<p>Quanto aos riscos, o maior deles \u00e9 agir de maneira impensada ou inconsequente, podendo colocar em perigo a pr\u00f3pria vida ou a de terceiros. No mercado financeiro, o efeito manada causou preju\u00edzos imensur\u00e1veis e, na pol\u00edtica, a manipula\u00e7\u00e3o das massas atrav\u00e9s de informa\u00e7\u00f5es, na maioria das vezes n\u00e3o fundamentadas, as <em>fake news<\/em>.<\/p>\n<p>Nas empresas, com o passar do tempo, as pessoas come\u00e7am a ter atitudes muito parecidas, adotando o mesmo ritmo de trabalho, padr\u00f5es e comportamentos, e este sincronismo tem explica\u00e7\u00e3o: todos tendem a vibrar na mesma sintonia do ambiente que os cerca.<\/p>\n<p>No mercado, mais especificamente nas redes sociais, os influenciadores s\u00e3o como artistas para as atuais gera\u00e7\u00f5es. Agindo de maneira muito pr\u00f3xima de seus seguidores, que se identificam por seu estilo, conte\u00fado ou ideologias, movimentam suas redes, geram engajamento e criam demandas para marcas e produtos. \u00c9 uma das profiss\u00f5es \u201cdo futuro\u201d.<\/p>\n<p>Vender atrav\u00e9s dos <em>influencers <\/em>\u00e9 uma das a\u00e7\u00f5es mais realizadas pelas empresas na atualidade. Muito disso se deve ao comportamento das novas gera\u00e7\u00f5es, que s\u00e3o muito conectadas, multitelas e seguem tend\u00eancias. O desafio \u00e9 se diferenciar neste ambiente em que os comportamentos s\u00e3o padronizados.<\/p>\n<p>Nas redes sociais, chamamos de <em>trend<\/em> as tend\u00eancias do momento, as modinhas. Uma m\u00fasica, uma dublagem, parte de um filme, uma coreografia ou qualquer outro tipo de conte\u00fado, que de um dia para outro cai no gosto dos usu\u00e1rios e estoura. Rapidamente e, sem muita estrat\u00e9gia, vimos empresas correrem para entrar na <em>trend<\/em> e ganhar seus minutos de fama. Por\u00e9m, essa a\u00e7\u00e3o sem planejamento pode custar caro para uma marca, que pode ser associada a algum conte\u00fado que n\u00e3o esteja alinhado ao seu posicionamento, seus objetivos e seus valores.<\/p>\n<p>Falamos muito em humanizar as marcas e vemos cada vez mais a distribui\u00e7\u00e3o das a\u00e7\u00f5es, que hora s\u00e3o desenvolvidas em car\u00e1ter institucional e hora acontecem de maneira mais informal, despojada, onde os pr\u00f3prios colaboradores geram algum material para divulga\u00e7\u00e3o, n\u00e3o apenas nas redes corporativas, mas entre seus contatos pessoais tamb\u00e9m. Neste caso, por mais que possa parecer algo feito de maneira despretensiosa, \u00e9 importante que exista um alinhamento de limites, do tipo de v\u00eddeo, cen\u00e1rio e at\u00e9 onde a marca pode ser exposta.<\/p>\n<p>Recentemente, um colaborador americano de uma das maiores franquias de alimentos <em>fast food<\/em> do mundo, fez um v\u00eddeo onde ele colocava frios em um vaso sanit\u00e1rio, pisava em p\u00e3es e outros recheios utilizados na montagem dos lanches dos clientes, vandalizando a loja e expondo a marca de forma absurdamente negativa. O motivo? Desespero pela fama.<\/p>\n<p>Para evitar entrar nessa onda, o primeiro passo \u00e9 estarmos atentos \u00e0 nossa maneira de se relacionar com os ambientes em que estamos inseridos. A forma\u00e7\u00e3o de nosso pensamento cr\u00edtico precisa contemplar a avalia\u00e7\u00e3o dos riscos e impactos de nossas a\u00e7\u00f5es e, por fim, fundamentar nossas teorias e saber defend\u00ea-las de forma inteligente, independentemente de agradar a todos.<\/p>\n<p>&nbsp;<\/p>\n<p><strong>Jean Dunkl<\/strong><\/p>\n<p>@jeandunkl<\/p>\n<p>CEO da CPD Consultoria e da Espacio de Color, mentor em Gest\u00e3o Estrat\u00e9gica de Neg\u00f3cios, gestor da Impera e volunt\u00e1rio da Singularity University<\/p>\n","protected":false},"excerpt":{"rendered":"<p>Sabe aquela situa\u00e7\u00e3o em que voc\u00ea agiu guiado pela maioria e n\u00e3o por conta pr\u00f3pria? Esse \u00e9 o comportamento provocado pelo efeito manada. A psicologia explica<span class=\"excerpt-hellip\"> [\u2026]<\/span><\/p>\n","protected":false},"author":4,"featured_media":0,"comment_status":"open","ping_status":"open","sticky":false,"template":"","format":"standard","meta":{"_jetpack_memberships_contains_paid_content":false,"footnotes":"","jetpack_publicize_message":"","jetpack_publicize_feature_enabled":true,"jetpack_social_post_already_shared":false,"jetpack_social_options":{"image_generator_settings":{"template":"highway","default_image_id":0,"enabled":false},"version":2}},"categories":[132],"tags":[],"class_list":["post-20825","post","type-post","status-publish","format-standard","hentry","category-artigos"],"yoast_head":"<!-- This site is optimized with the Yoast SEO plugin v25.6 - https:\/\/yoast.com\/wordpress\/plugins\/seo\/ -->\n<title>Efeito manada: como se destacar sem ser \u201cmaria vai com as outras\u201d - VerdadeOn<\/title>\n<meta name=\"robots\" content=\"index, follow, max-snippet:-1, max-image-preview:large, max-video-preview:-1\" \/>\n<link rel=\"canonical\" href=\"https:\/\/verdadeon.com.br\/portal\/2021\/11\/06\/efeito-manada-como-se-destacar-sem-ser-maria-vai-com-as-outras\/\" \/>\n<meta property=\"og:locale\" content=\"pt_BR\" \/>\n<meta property=\"og:type\" content=\"article\" \/>\n<meta property=\"og:title\" content=\"Efeito manada: como se destacar sem ser \u201cmaria vai com as outras\u201d - VerdadeOn\" \/>\n<meta property=\"og:description\" content=\"Sabe aquela situa\u00e7\u00e3o em que voc\u00ea agiu guiado pela maioria e n\u00e3o por conta pr\u00f3pria? Esse \u00e9 o comportamento provocado pelo efeito manada. A psicologia explica [\u2026]\" \/>\n<meta property=\"og:url\" content=\"https:\/\/verdadeon.com.br\/portal\/2021\/11\/06\/efeito-manada-como-se-destacar-sem-ser-maria-vai-com-as-outras\/\" \/>\n<meta property=\"og:site_name\" content=\"VerdadeOn\" \/>\n<meta property=\"article:published_time\" content=\"2021-11-06T10:00:24+00:00\" \/>\n<meta name=\"author\" content=\"Fernando Calixto\" \/>\n<meta name=\"twitter:card\" content=\"summary_large_image\" \/>\n<meta name=\"twitter:label1\" content=\"Escrito por\" \/>\n\t<meta name=\"twitter:data1\" content=\"Fernando Calixto\" \/>\n\t<meta name=\"twitter:label2\" content=\"Est. tempo de leitura\" \/>\n\t<meta name=\"twitter:data2\" content=\"3 minutos\" \/>\n<script type=\"application\/ld+json\" class=\"yoast-schema-graph\">{\"@context\":\"https:\/\/schema.org\",\"@graph\":[{\"@type\":\"WebPage\",\"@id\":\"https:\/\/verdadeon.com.br\/portal\/2021\/11\/06\/efeito-manada-como-se-destacar-sem-ser-maria-vai-com-as-outras\/\",\"url\":\"https:\/\/verdadeon.com.br\/portal\/2021\/11\/06\/efeito-manada-como-se-destacar-sem-ser-maria-vai-com-as-outras\/\",\"name\":\"Efeito manada: como se destacar sem ser \u201cmaria vai com as outras\u201d - VerdadeOn\",\"isPartOf\":{\"@id\":\"https:\/\/verdadeon.com.br\/portal\/#website\"},\"datePublished\":\"2021-11-06T10:00:24+00:00\",\"author\":{\"@id\":\"https:\/\/verdadeon.com.br\/portal\/#\/schema\/person\/8994718f49ee62ba5610471e29ca1f62\"},\"breadcrumb\":{\"@id\":\"https:\/\/verdadeon.com.br\/portal\/2021\/11\/06\/efeito-manada-como-se-destacar-sem-ser-maria-vai-com-as-outras\/#breadcrumb\"},\"inLanguage\":\"pt-BR\",\"potentialAction\":[{\"@type\":\"ReadAction\",\"target\":[\"https:\/\/verdadeon.com.br\/portal\/2021\/11\/06\/efeito-manada-como-se-destacar-sem-ser-maria-vai-com-as-outras\/\"]}]},{\"@type\":\"BreadcrumbList\",\"@id\":\"https:\/\/verdadeon.com.br\/portal\/2021\/11\/06\/efeito-manada-como-se-destacar-sem-ser-maria-vai-com-as-outras\/#breadcrumb\",\"itemListElement\":[{\"@type\":\"ListItem\",\"position\":1,\"name\":\"In\u00edcio\",\"item\":\"https:\/\/verdadeon.com.br\/portal\/\"},{\"@type\":\"ListItem\",\"position\":2,\"name\":\"Efeito manada: como se destacar sem ser \u201cmaria vai com as outras\u201d\"}]},{\"@type\":\"WebSite\",\"@id\":\"https:\/\/verdadeon.com.br\/portal\/#website\",\"url\":\"https:\/\/verdadeon.com.br\/portal\/\",\"name\":\"VerdadeOn\",\"description\":\"Not\u00edcias di\u00e1rias sobre Franca, Regi\u00e3o, Esporte, Cultura, Cotidiano, Colunas. Cobertura nos principais eventos da cidade \u00e9 aqui - Verdadeon Franca\",\"potentialAction\":[{\"@type\":\"SearchAction\",\"target\":{\"@type\":\"EntryPoint\",\"urlTemplate\":\"https:\/\/verdadeon.com.br\/portal\/?s={search_term_string}\"},\"query-input\":{\"@type\":\"PropertyValueSpecification\",\"valueRequired\":true,\"valueName\":\"search_term_string\"}}],\"inLanguage\":\"pt-BR\"},{\"@type\":\"Person\",\"@id\":\"https:\/\/verdadeon.com.br\/portal\/#\/schema\/person\/8994718f49ee62ba5610471e29ca1f62\",\"name\":\"Fernando Calixto\",\"image\":{\"@type\":\"ImageObject\",\"inLanguage\":\"pt-BR\",\"@id\":\"https:\/\/verdadeon.com.br\/portal\/#\/schema\/person\/image\/\",\"url\":\"https:\/\/secure.gravatar.com\/avatar\/7578910c24966c0316c340f9dbd601e93ee9f9212e1033968b367af9306bd9fb?s=96&d=mm&r=g\",\"contentUrl\":\"https:\/\/secure.gravatar.com\/avatar\/7578910c24966c0316c340f9dbd601e93ee9f9212e1033968b367af9306bd9fb?s=96&d=mm&r=g\",\"caption\":\"Fernando Calixto\"},\"url\":\"https:\/\/verdadeon.com.br\/portal\/author\/fernando-calixto\/\"}]}<\/script>\n<!-- \/ Yoast SEO plugin. -->","yoast_head_json":{"title":"Efeito manada: como se destacar sem ser \u201cmaria vai com as outras\u201d - VerdadeOn","robots":{"index":"index","follow":"follow","max-snippet":"max-snippet:-1","max-image-preview":"max-image-preview:large","max-video-preview":"max-video-preview:-1"},"canonical":"https:\/\/verdadeon.com.br\/portal\/2021\/11\/06\/efeito-manada-como-se-destacar-sem-ser-maria-vai-com-as-outras\/","og_locale":"pt_BR","og_type":"article","og_title":"Efeito manada: como se destacar sem ser \u201cmaria vai com as outras\u201d - VerdadeOn","og_description":"Sabe aquela situa\u00e7\u00e3o em que voc\u00ea agiu guiado pela maioria e n\u00e3o por conta pr\u00f3pria? Esse \u00e9 o comportamento provocado pelo efeito manada. A psicologia explica [\u2026]","og_url":"https:\/\/verdadeon.com.br\/portal\/2021\/11\/06\/efeito-manada-como-se-destacar-sem-ser-maria-vai-com-as-outras\/","og_site_name":"VerdadeOn","article_published_time":"2021-11-06T10:00:24+00:00","author":"Fernando Calixto","twitter_card":"summary_large_image","twitter_misc":{"Escrito por":"Fernando Calixto","Est. tempo de leitura":"3 minutos"},"schema":{"@context":"https:\/\/schema.org","@graph":[{"@type":"WebPage","@id":"https:\/\/verdadeon.com.br\/portal\/2021\/11\/06\/efeito-manada-como-se-destacar-sem-ser-maria-vai-com-as-outras\/","url":"https:\/\/verdadeon.com.br\/portal\/2021\/11\/06\/efeito-manada-como-se-destacar-sem-ser-maria-vai-com-as-outras\/","name":"Efeito manada: como se destacar sem ser \u201cmaria vai com as outras\u201d - VerdadeOn","isPartOf":{"@id":"https:\/\/verdadeon.com.br\/portal\/#website"},"datePublished":"2021-11-06T10:00:24+00:00","author":{"@id":"https:\/\/verdadeon.com.br\/portal\/#\/schema\/person\/8994718f49ee62ba5610471e29ca1f62"},"breadcrumb":{"@id":"https:\/\/verdadeon.com.br\/portal\/2021\/11\/06\/efeito-manada-como-se-destacar-sem-ser-maria-vai-com-as-outras\/#breadcrumb"},"inLanguage":"pt-BR","potentialAction":[{"@type":"ReadAction","target":["https:\/\/verdadeon.com.br\/portal\/2021\/11\/06\/efeito-manada-como-se-destacar-sem-ser-maria-vai-com-as-outras\/"]}]},{"@type":"BreadcrumbList","@id":"https:\/\/verdadeon.com.br\/portal\/2021\/11\/06\/efeito-manada-como-se-destacar-sem-ser-maria-vai-com-as-outras\/#breadcrumb","itemListElement":[{"@type":"ListItem","position":1,"name":"In\u00edcio","item":"https:\/\/verdadeon.com.br\/portal\/"},{"@type":"ListItem","position":2,"name":"Efeito manada: como se destacar sem ser \u201cmaria vai com as outras\u201d"}]},{"@type":"WebSite","@id":"https:\/\/verdadeon.com.br\/portal\/#website","url":"https:\/\/verdadeon.com.br\/portal\/","name":"VerdadeOn","description":"Not\u00edcias di\u00e1rias sobre Franca, Regi\u00e3o, Esporte, Cultura, Cotidiano, Colunas. Cobertura nos principais eventos da cidade \u00e9 aqui - Verdadeon Franca","potentialAction":[{"@type":"SearchAction","target":{"@type":"EntryPoint","urlTemplate":"https:\/\/verdadeon.com.br\/portal\/?s={search_term_string}"},"query-input":{"@type":"PropertyValueSpecification","valueRequired":true,"valueName":"search_term_string"}}],"inLanguage":"pt-BR"},{"@type":"Person","@id":"https:\/\/verdadeon.com.br\/portal\/#\/schema\/person\/8994718f49ee62ba5610471e29ca1f62","name":"Fernando Calixto","image":{"@type":"ImageObject","inLanguage":"pt-BR","@id":"https:\/\/verdadeon.com.br\/portal\/#\/schema\/person\/image\/","url":"https:\/\/secure.gravatar.com\/avatar\/7578910c24966c0316c340f9dbd601e93ee9f9212e1033968b367af9306bd9fb?s=96&d=mm&r=g","contentUrl":"https:\/\/secure.gravatar.com\/avatar\/7578910c24966c0316c340f9dbd601e93ee9f9212e1033968b367af9306bd9fb?s=96&d=mm&r=g","caption":"Fernando Calixto"},"url":"https:\/\/verdadeon.com.br\/portal\/author\/fernando-calixto\/"}]}},"jetpack_publicize_connections":[],"jetpack_featured_media_url":"","jetpack_sharing_enabled":true,"_links":{"self":[{"href":"https:\/\/verdadeon.com.br\/portal\/wp-json\/wp\/v2\/posts\/20825","targetHints":{"allow":["GET"]}}],"collection":[{"href":"https:\/\/verdadeon.com.br\/portal\/wp-json\/wp\/v2\/posts"}],"about":[{"href":"https:\/\/verdadeon.com.br\/portal\/wp-json\/wp\/v2\/types\/post"}],"author":[{"embeddable":true,"href":"https:\/\/verdadeon.com.br\/portal\/wp-json\/wp\/v2\/users\/4"}],"replies":[{"embeddable":true,"href":"https:\/\/verdadeon.com.br\/portal\/wp-json\/wp\/v2\/comments?post=20825"}],"version-history":[{"count":0,"href":"https:\/\/verdadeon.com.br\/portal\/wp-json\/wp\/v2\/posts\/20825\/revisions"}],"wp:attachment":[{"href":"https:\/\/verdadeon.com.br\/portal\/wp-json\/wp\/v2\/media?parent=20825"}],"wp:term":[{"taxonomy":"category","embeddable":true,"href":"https:\/\/verdadeon.com.br\/portal\/wp-json\/wp\/v2\/categories?post=20825"},{"taxonomy":"post_tag","embeddable":true,"href":"https:\/\/verdadeon.com.br\/portal\/wp-json\/wp\/v2\/tags?post=20825"}],"curies":[{"name":"wp","href":"https:\/\/api.w.org\/{rel}","templated":true}]}}