{"id":20810,"date":"2021-11-05T18:55:21","date_gmt":"2021-11-05T21:55:21","guid":{"rendered":"https:\/\/verdadeon.com.br\/portal\/?p=20810"},"modified":"2021-11-05T18:55:21","modified_gmt":"2021-11-05T21:55:21","slug":"anvisa-se-reune-com-butantan-para-tratar-de-vacinacao-em-criancas","status":"publish","type":"post","link":"https:\/\/verdadeon.com.br\/portal\/2021\/11\/05\/anvisa-se-reune-com-butantan-para-tratar-de-vacinacao-em-criancas\/","title":{"rendered":"Anvisa se re\u00fane com Butantan para tratar de vacina\u00e7\u00e3o em crian\u00e7as"},"content":{"rendered":"<h2>De acordo com os \u00f3rg\u00e3os, uma nova reuni\u00e3o est\u00e1 prevista para a semana que vem, mas sem data certa<\/h2>\n<p>Representantes da Ag\u00eancia Nacional de Vigil\u00e2ncia Sanit\u00e1ria (Anvisa) se reuniram nesta sexta-feira (5) com integrantes do Instituto Butantan para tratar sobre a possibilidade de aplica\u00e7\u00e3o da vacina contra a covid-19 Coronavac em crian\u00e7as e adolescentes.<img data-recalc-dims=\"1\" decoding=\"async\" src=\"https:\/\/i0.wp.com\/agenciabrasil.ebc.com.br\/ebc.png?w=1220&#038;ssl=1\" \/><img data-recalc-dims=\"1\" decoding=\"async\" src=\"https:\/\/i0.wp.com\/agenciabrasil.ebc.com.br\/ebc.gif?w=1220&#038;ssl=1\" \/><\/p>\n<p>O Instituto Butantan, vinculado ao governo de S\u00e3o Paulo, possui parceria com a farmac\u00eautica chinesa Sinovac para a produ\u00e7\u00e3o e distribui\u00e7\u00e3o de doses da vacina Coronavac no Brasil, como vem sendo feito para o combate \u00e0 pandemia neste ano.<\/p>\n<p>Segundo a Anvisa, os integrantes do instituto apresentaram o andamento de estudos que est\u00e3o sendo realizados na China sobre a seguran\u00e7a e a efic\u00e1cia do imunizante para pessoas com menos de 17 anos.<\/p>\n<p>A ag\u00eancia informou que indicou aos representantes do Butantan a necessidade de apresentar os resultados dos estudos sobre a imunogenicidade e que as pesquisas mostrem uma rela\u00e7\u00e3o favor\u00e1vel entre risco e benef\u00edcios, sobretudo no p\u00fablico de tr\u00eas a 12 anos. Uma nova reuni\u00e3o est\u00e1 prevista para a pr\u00f3xima semana.<\/p>\n<p>A institui\u00e7\u00e3o de pesquisa ainda n\u00e3o entrou com novo requerimento de autoriza\u00e7\u00e3o para a inclus\u00e3o desse segmento entre aqueles que podem receber o imunizante.<\/p>\n<p>O Instituto Butantan j\u00e1 havia entrado com pedido juntamente \u00e0 Anvisa para autoriza\u00e7\u00e3o da inclus\u00e3o de pessoas menores de 17 anos, mas a solicita\u00e7\u00e3o foi negada em agosto pela dire\u00e7\u00e3o da ag\u00eancia.<\/p>\n<p>Foto: Ag\u00eancia Brasil<\/p>\n","protected":false},"excerpt":{"rendered":"<p>De acordo com os \u00f3rg\u00e3os, uma nova reuni\u00e3o est\u00e1 prevista para a semana que vem, mas sem data certa Representantes da Ag\u00eancia Nacional de Vigil\u00e2ncia Sanit\u00e1ria<span class=\"excerpt-hellip\"> [\u2026]<\/span><\/p>\n","protected":false},"author":7,"featured_media":20811,"comment_status":"open","ping_status":"open","sticky":false,"template":"","format":"standard","meta":{"_jetpack_memberships_contains_paid_content":false,"footnotes":"","jetpack_publicize_message":"","jetpack_publicize_feature_enabled":true,"jetpack_social_post_already_shared":false,"jetpack_social_options":{"image_generator_settings":{"template":"highway","default_image_id":0,"enabled":false},"version":2}},"categories":[28,44],"tags":[],"class_list":["post-20810","post","type-post","status-publish","format-standard","has-post-thumbnail","hentry","category-cotidiano","category-noticias"],"yoast_head":"<!-- This site is optimized with the Yoast SEO plugin v25.6 - https:\/\/yoast.com\/wordpress\/plugins\/seo\/ -->\n<title>Anvisa se re\u00fane com Butantan para tratar de vacina\u00e7\u00e3o em crian\u00e7as - VerdadeOn<\/title>\n<meta name=\"robots\" content=\"index, follow, max-snippet:-1, max-image-preview:large, max-video-preview:-1\" \/>\n<link rel=\"canonical\" href=\"https:\/\/verdadeon.com.br\/portal\/2021\/11\/05\/anvisa-se-reune-com-butantan-para-tratar-de-vacinacao-em-criancas\/\" \/>\n<meta property=\"og:locale\" content=\"pt_BR\" \/>\n<meta property=\"og:type\" content=\"article\" \/>\n<meta property=\"og:title\" content=\"Anvisa se re\u00fane com Butantan para tratar de vacina\u00e7\u00e3o em crian\u00e7as - VerdadeOn\" \/>\n<meta property=\"og:description\" content=\"De acordo com os \u00f3rg\u00e3os, uma nova reuni\u00e3o est\u00e1 prevista para a semana que vem, mas sem data certa Representantes da Ag\u00eancia Nacional de Vigil\u00e2ncia Sanit\u00e1ria [\u2026]\" \/>\n<meta property=\"og:url\" content=\"https:\/\/verdadeon.com.br\/portal\/2021\/11\/05\/anvisa-se-reune-com-butantan-para-tratar-de-vacinacao-em-criancas\/\" \/>\n<meta property=\"og:site_name\" content=\"VerdadeOn\" \/>\n<meta property=\"article:published_time\" content=\"2021-11-05T21:55:21+00:00\" \/>\n<meta property=\"og:image\" content=\"https:\/\/verdadeon.com.br\/portal\/wp-content\/uploads\/2021\/11\/Anvisa-Agencia-Brasil-e1636149258627.jpg\" \/>\n\t<meta property=\"og:image:width\" content=\"1000\" \/>\n\t<meta property=\"og:image:height\" content=\"669\" \/>\n\t<meta property=\"og:image:type\" content=\"image\/jpeg\" \/>\n<meta name=\"author\" content=\"Fernando Lima\" \/>\n<meta name=\"twitter:card\" content=\"summary_large_image\" \/>\n<meta name=\"twitter:label1\" content=\"Escrito por\" \/>\n\t<meta name=\"twitter:data1\" content=\"Fernando Lima\" \/>\n\t<meta name=\"twitter:label2\" content=\"Est. tempo de leitura\" \/>\n\t<meta name=\"twitter:data2\" content=\"2 minutos\" \/>\n<script type=\"application\/ld+json\" class=\"yoast-schema-graph\">{\"@context\":\"https:\/\/schema.org\",\"@graph\":[{\"@type\":\"WebPage\",\"@id\":\"https:\/\/verdadeon.com.br\/portal\/2021\/11\/05\/anvisa-se-reune-com-butantan-para-tratar-de-vacinacao-em-criancas\/\",\"url\":\"https:\/\/verdadeon.com.br\/portal\/2021\/11\/05\/anvisa-se-reune-com-butantan-para-tratar-de-vacinacao-em-criancas\/\",\"name\":\"Anvisa se re\u00fane com Butantan para tratar de vacina\u00e7\u00e3o em crian\u00e7as - VerdadeOn\",\"isPartOf\":{\"@id\":\"https:\/\/verdadeon.com.br\/portal\/#website\"},\"primaryImageOfPage\":{\"@id\":\"https:\/\/verdadeon.com.br\/portal\/2021\/11\/05\/anvisa-se-reune-com-butantan-para-tratar-de-vacinacao-em-criancas\/#primaryimage\"},\"image\":{\"@id\":\"https:\/\/verdadeon.com.br\/portal\/2021\/11\/05\/anvisa-se-reune-com-butantan-para-tratar-de-vacinacao-em-criancas\/#primaryimage\"},\"thumbnailUrl\":\"https:\/\/i0.wp.com\/verdadeon.com.br\/portal\/wp-content\/uploads\/2021\/11\/Anvisa-Agencia-Brasil-e1636149258627.jpg?fit=1000%2C669&ssl=1\",\"datePublished\":\"2021-11-05T21:55:21+00:00\",\"author\":{\"@id\":\"https:\/\/verdadeon.com.br\/portal\/#\/schema\/person\/cc32be22b8e8599387c480bc83e1d11a\"},\"breadcrumb\":{\"@id\":\"https:\/\/verdadeon.com.br\/portal\/2021\/11\/05\/anvisa-se-reune-com-butantan-para-tratar-de-vacinacao-em-criancas\/#breadcrumb\"},\"inLanguage\":\"pt-BR\",\"potentialAction\":[{\"@type\":\"ReadAction\",\"target\":[\"https:\/\/verdadeon.com.br\/portal\/2021\/11\/05\/anvisa-se-reune-com-butantan-para-tratar-de-vacinacao-em-criancas\/\"]}]},{\"@type\":\"ImageObject\",\"inLanguage\":\"pt-BR\",\"@id\":\"https:\/\/verdadeon.com.br\/portal\/2021\/11\/05\/anvisa-se-reune-com-butantan-para-tratar-de-vacinacao-em-criancas\/#primaryimage\",\"url\":\"https:\/\/i0.wp.com\/verdadeon.com.br\/portal\/wp-content\/uploads\/2021\/11\/Anvisa-Agencia-Brasil-e1636149258627.jpg?fit=1000%2C669&ssl=1\",\"contentUrl\":\"https:\/\/i0.wp.com\/verdadeon.com.br\/portal\/wp-content\/uploads\/2021\/11\/Anvisa-Agencia-Brasil-e1636149258627.jpg?fit=1000%2C669&ssl=1\",\"width\":1000,\"height\":669,\"caption\":\"Fachada do edif\u00edcio sede da Ag\u00eancia Nacional de Vigil\u00e2ncia Sanit\u00e1ria (Anvisa) | Foto: Ag\u00eancia Brasil\"},{\"@type\":\"BreadcrumbList\",\"@id\":\"https:\/\/verdadeon.com.br\/portal\/2021\/11\/05\/anvisa-se-reune-com-butantan-para-tratar-de-vacinacao-em-criancas\/#breadcrumb\",\"itemListElement\":[{\"@type\":\"ListItem\",\"position\":1,\"name\":\"In\u00edcio\",\"item\":\"https:\/\/verdadeon.com.br\/portal\/\"},{\"@type\":\"ListItem\",\"position\":2,\"name\":\"Anvisa se re\u00fane com Butantan para tratar de vacina\u00e7\u00e3o em crian\u00e7as\"}]},{\"@type\":\"WebSite\",\"@id\":\"https:\/\/verdadeon.com.br\/portal\/#website\",\"url\":\"https:\/\/verdadeon.com.br\/portal\/\",\"name\":\"VerdadeOn\",\"description\":\"Not\u00edcias di\u00e1rias sobre Franca, Regi\u00e3o, Esporte, Cultura, Cotidiano, Colunas. Cobertura nos principais eventos da cidade \u00e9 aqui - Verdadeon Franca\",\"potentialAction\":[{\"@type\":\"SearchAction\",\"target\":{\"@type\":\"EntryPoint\",\"urlTemplate\":\"https:\/\/verdadeon.com.br\/portal\/?s={search_term_string}\"},\"query-input\":{\"@type\":\"PropertyValueSpecification\",\"valueRequired\":true,\"valueName\":\"search_term_string\"}}],\"inLanguage\":\"pt-BR\"},{\"@type\":\"Person\",\"@id\":\"https:\/\/verdadeon.com.br\/portal\/#\/schema\/person\/cc32be22b8e8599387c480bc83e1d11a\",\"name\":\"Fernando Lima\",\"image\":{\"@type\":\"ImageObject\",\"inLanguage\":\"pt-BR\",\"@id\":\"https:\/\/verdadeon.com.br\/portal\/#\/schema\/person\/image\/\",\"url\":\"https:\/\/secure.gravatar.com\/avatar\/df4c8e132080d2b3a4841d5d232045464e0eed11a1d6e43115ca0843d48768d3?s=96&d=mm&r=g\",\"contentUrl\":\"https:\/\/secure.gravatar.com\/avatar\/df4c8e132080d2b3a4841d5d232045464e0eed11a1d6e43115ca0843d48768d3?s=96&d=mm&r=g\",\"caption\":\"Fernando Lima\"},\"sameAs\":[\"http:\/\/verdadeon.com.br\/\"],\"url\":\"https:\/\/verdadeon.com.br\/portal\/author\/fernando-lima\/\"}]}<\/script>\n<!-- \/ Yoast SEO plugin. -->","yoast_head_json":{"title":"Anvisa se re\u00fane com Butantan para tratar de vacina\u00e7\u00e3o em crian\u00e7as - VerdadeOn","robots":{"index":"index","follow":"follow","max-snippet":"max-snippet:-1","max-image-preview":"max-image-preview:large","max-video-preview":"max-video-preview:-1"},"canonical":"https:\/\/verdadeon.com.br\/portal\/2021\/11\/05\/anvisa-se-reune-com-butantan-para-tratar-de-vacinacao-em-criancas\/","og_locale":"pt_BR","og_type":"article","og_title":"Anvisa se re\u00fane com Butantan para tratar de vacina\u00e7\u00e3o em crian\u00e7as - VerdadeOn","og_description":"De acordo com os \u00f3rg\u00e3os, uma nova reuni\u00e3o est\u00e1 prevista para a semana que vem, mas sem data certa Representantes da Ag\u00eancia Nacional de Vigil\u00e2ncia Sanit\u00e1ria [\u2026]","og_url":"https:\/\/verdadeon.com.br\/portal\/2021\/11\/05\/anvisa-se-reune-com-butantan-para-tratar-de-vacinacao-em-criancas\/","og_site_name":"VerdadeOn","article_published_time":"2021-11-05T21:55:21+00:00","og_image":[{"width":1000,"height":669,"url":"https:\/\/verdadeon.com.br\/portal\/wp-content\/uploads\/2021\/11\/Anvisa-Agencia-Brasil-e1636149258627.jpg","type":"image\/jpeg"}],"author":"Fernando Lima","twitter_card":"summary_large_image","twitter_misc":{"Escrito por":"Fernando Lima","Est. tempo de leitura":"2 minutos"},"schema":{"@context":"https:\/\/schema.org","@graph":[{"@type":"WebPage","@id":"https:\/\/verdadeon.com.br\/portal\/2021\/11\/05\/anvisa-se-reune-com-butantan-para-tratar-de-vacinacao-em-criancas\/","url":"https:\/\/verdadeon.com.br\/portal\/2021\/11\/05\/anvisa-se-reune-com-butantan-para-tratar-de-vacinacao-em-criancas\/","name":"Anvisa se re\u00fane com Butantan para tratar de vacina\u00e7\u00e3o em crian\u00e7as - VerdadeOn","isPartOf":{"@id":"https:\/\/verdadeon.com.br\/portal\/#website"},"primaryImageOfPage":{"@id":"https:\/\/verdadeon.com.br\/portal\/2021\/11\/05\/anvisa-se-reune-com-butantan-para-tratar-de-vacinacao-em-criancas\/#primaryimage"},"image":{"@id":"https:\/\/verdadeon.com.br\/portal\/2021\/11\/05\/anvisa-se-reune-com-butantan-para-tratar-de-vacinacao-em-criancas\/#primaryimage"},"thumbnailUrl":"https:\/\/i0.wp.com\/verdadeon.com.br\/portal\/wp-content\/uploads\/2021\/11\/Anvisa-Agencia-Brasil-e1636149258627.jpg?fit=1000%2C669&ssl=1","datePublished":"2021-11-05T21:55:21+00:00","author":{"@id":"https:\/\/verdadeon.com.br\/portal\/#\/schema\/person\/cc32be22b8e8599387c480bc83e1d11a"},"breadcrumb":{"@id":"https:\/\/verdadeon.com.br\/portal\/2021\/11\/05\/anvisa-se-reune-com-butantan-para-tratar-de-vacinacao-em-criancas\/#breadcrumb"},"inLanguage":"pt-BR","potentialAction":[{"@type":"ReadAction","target":["https:\/\/verdadeon.com.br\/portal\/2021\/11\/05\/anvisa-se-reune-com-butantan-para-tratar-de-vacinacao-em-criancas\/"]}]},{"@type":"ImageObject","inLanguage":"pt-BR","@id":"https:\/\/verdadeon.com.br\/portal\/2021\/11\/05\/anvisa-se-reune-com-butantan-para-tratar-de-vacinacao-em-criancas\/#primaryimage","url":"https:\/\/i0.wp.com\/verdadeon.com.br\/portal\/wp-content\/uploads\/2021\/11\/Anvisa-Agencia-Brasil-e1636149258627.jpg?fit=1000%2C669&ssl=1","contentUrl":"https:\/\/i0.wp.com\/verdadeon.com.br\/portal\/wp-content\/uploads\/2021\/11\/Anvisa-Agencia-Brasil-e1636149258627.jpg?fit=1000%2C669&ssl=1","width":1000,"height":669,"caption":"Fachada do edif\u00edcio sede da Ag\u00eancia Nacional de Vigil\u00e2ncia Sanit\u00e1ria (Anvisa) | Foto: Ag\u00eancia Brasil"},{"@type":"BreadcrumbList","@id":"https:\/\/verdadeon.com.br\/portal\/2021\/11\/05\/anvisa-se-reune-com-butantan-para-tratar-de-vacinacao-em-criancas\/#breadcrumb","itemListElement":[{"@type":"ListItem","position":1,"name":"In\u00edcio","item":"https:\/\/verdadeon.com.br\/portal\/"},{"@type":"ListItem","position":2,"name":"Anvisa se re\u00fane com Butantan para tratar de vacina\u00e7\u00e3o em crian\u00e7as"}]},{"@type":"WebSite","@id":"https:\/\/verdadeon.com.br\/portal\/#website","url":"https:\/\/verdadeon.com.br\/portal\/","name":"VerdadeOn","description":"Not\u00edcias di\u00e1rias sobre Franca, Regi\u00e3o, Esporte, Cultura, Cotidiano, Colunas. Cobertura nos principais eventos da cidade \u00e9 aqui - Verdadeon Franca","potentialAction":[{"@type":"SearchAction","target":{"@type":"EntryPoint","urlTemplate":"https:\/\/verdadeon.com.br\/portal\/?s={search_term_string}"},"query-input":{"@type":"PropertyValueSpecification","valueRequired":true,"valueName":"search_term_string"}}],"inLanguage":"pt-BR"},{"@type":"Person","@id":"https:\/\/verdadeon.com.br\/portal\/#\/schema\/person\/cc32be22b8e8599387c480bc83e1d11a","name":"Fernando Lima","image":{"@type":"ImageObject","inLanguage":"pt-BR","@id":"https:\/\/verdadeon.com.br\/portal\/#\/schema\/person\/image\/","url":"https:\/\/secure.gravatar.com\/avatar\/df4c8e132080d2b3a4841d5d232045464e0eed11a1d6e43115ca0843d48768d3?s=96&d=mm&r=g","contentUrl":"https:\/\/secure.gravatar.com\/avatar\/df4c8e132080d2b3a4841d5d232045464e0eed11a1d6e43115ca0843d48768d3?s=96&d=mm&r=g","caption":"Fernando Lima"},"sameAs":["http:\/\/verdadeon.com.br\/"],"url":"https:\/\/verdadeon.com.br\/portal\/author\/fernando-lima\/"}]}},"jetpack_publicize_connections":[],"jetpack_featured_media_url":"https:\/\/i0.wp.com\/verdadeon.com.br\/portal\/wp-content\/uploads\/2021\/11\/Anvisa-Agencia-Brasil-e1636149258627.jpg?fit=1000%2C669&ssl=1","jetpack_sharing_enabled":true,"_links":{"self":[{"href":"https:\/\/verdadeon.com.br\/portal\/wp-json\/wp\/v2\/posts\/20810","targetHints":{"allow":["GET"]}}],"collection":[{"href":"https:\/\/verdadeon.com.br\/portal\/wp-json\/wp\/v2\/posts"}],"about":[{"href":"https:\/\/verdadeon.com.br\/portal\/wp-json\/wp\/v2\/types\/post"}],"author":[{"embeddable":true,"href":"https:\/\/verdadeon.com.br\/portal\/wp-json\/wp\/v2\/users\/7"}],"replies":[{"embeddable":true,"href":"https:\/\/verdadeon.com.br\/portal\/wp-json\/wp\/v2\/comments?post=20810"}],"version-history":[{"count":0,"href":"https:\/\/verdadeon.com.br\/portal\/wp-json\/wp\/v2\/posts\/20810\/revisions"}],"wp:featuredmedia":[{"embeddable":true,"href":"https:\/\/verdadeon.com.br\/portal\/wp-json\/wp\/v2\/media\/20811"}],"wp:attachment":[{"href":"https:\/\/verdadeon.com.br\/portal\/wp-json\/wp\/v2\/media?parent=20810"}],"wp:term":[{"taxonomy":"category","embeddable":true,"href":"https:\/\/verdadeon.com.br\/portal\/wp-json\/wp\/v2\/categories?post=20810"},{"taxonomy":"post_tag","embeddable":true,"href":"https:\/\/verdadeon.com.br\/portal\/wp-json\/wp\/v2\/tags?post=20810"}],"curies":[{"name":"wp","href":"https:\/\/api.w.org\/{rel}","templated":true}]}}