{"id":20772,"date":"2021-11-04T17:58:43","date_gmt":"2021-11-04T20:58:43","guid":{"rendered":"https:\/\/verdadeon.com.br\/portal\/?p=20772"},"modified":"2021-11-04T17:58:43","modified_gmt":"2021-11-04T20:58:43","slug":"ha-mais-de-um-ano-desaparecido-wesley-pires-completa-15-anos","status":"publish","type":"post","link":"https:\/\/verdadeon.com.br\/portal\/2021\/11\/04\/ha-mais-de-um-ano-desaparecido-wesley-pires-completa-15-anos\/","title":{"rendered":"H\u00e1 mais de um ano desaparecido, Wesley Pires completa 15 anos"},"content":{"rendered":"<h2>Adolescente francano desapareceu em 2020 na zona sul de Franca, at\u00e9 hoje ele n\u00e3o foi encontrado<\/h2>\n<p>O adolescente francano Wesley Pires Alves Filho, completou 15 anos no dia 3 de novembro, este \u00e9 o segundo anivers\u00e1rio que ele passa longe da fam\u00edlia. Nas redes sociais a m\u00e3e lembrou a data com uma publica\u00e7\u00e3o onde relata a dor de n\u00e3o ter o filho por perto.<\/p>\n<div dir=\"auto\">&#8220;Hoje dia 03\/11 meu filho completa 15 anos, uma data t\u00e3o especial e n\u00e3o posso abra\u00e7a-lo nem dar um beijo e desejar parab\u00e9ns, simplesmente porque algu\u00e9m decidiu tirar esse direito de mim, tirar o direito de uma m\u00e3e poder abra\u00e7ar um filho. N\u00e3o sei nem afirmar se completa ou se completaria 15 anos, pois n\u00e3o tenho nem ideia se est\u00e1 vivo ou n\u00e3o. E pior \u00e9 saber que algu\u00e9m tem essa resposta, algu\u00e9m viu o que aconteceu, algu\u00e9m levou ele pra algum lugar, ou talvez tem algu\u00e9m com ele e n\u00e3o me conta, n\u00e3o me d\u00e1 essa felicidade, basta apenas uma mensagem, uma foto, um endere\u00e7o. Meu cora\u00e7\u00e3o est\u00e1 partido ao meio, sangrando sem parar e n\u00e3o tenho certeza que ele est\u00e1 em algum lugar, n\u00e3o tenho um t\u00famulo para chorar, n\u00e3o tenho uma doen\u00e7a pra culpar por ter levado meu filho, n\u00e3o posso dizer que foi um acidente que o levou, eu n\u00e3o sei o que aconteceu, se ainda vou rever ele ou se vai ficar esse vazio o resto da minha vida&#8221;, escreveu Camila no facebook.<\/div>\n<div dir=\"auto\">Ainda no desabafo, a m\u00e3e desabafou que n\u00e3o tem apoio de autoridades e que est\u00e1 se desfazendo um pouco a cada dia. &#8220;E estou aqui esperando uma foto que o DHPP est\u00e1 fazendo para eu imaginar como ele estaria hoje, penso se vou ficar o resto da minha vida vendo meu filho por.essas progress\u00f5es de 3 em 3 anos. Eu imploro a cada dia que se passa para que essa pessoa que sabe o que realmente aconteceu me d\u00ea essa paz que preciso no meu cora\u00e7\u00e3o. Um dia quem sabe poderei fechar os olhos em paz porque eu o encontrei, ou talvez at\u00e9 por simplesmente saber qual o fim dessa hist\u00f3ria. Uma coisa descobri essa \u00e9 a pior dor que uma m\u00e3e, uma fam\u00edlia pode sentir, n\u00e3o saber onde um filho est\u00e1&#8221;.<\/div>\n<div dir=\"auto\">Camila finalizou escrevendo que onde quer que Wesley esteja, ela desejo os parab\u00e9ns. &#8220;Quero muito te abra\u00e7ar, te beijar e te mostrar o quanto eu te amo, o quanto voc\u00ea \u00e9 amado, um menino lindo, cheio de sonhos que merece toda felicidade do mundo, o filho perfeito, carinhoso, educado, nunca sequer respondeu mau a ningu\u00e9m. Que Deus te ilumine e que nos d\u00ea a chance de sermos felizes novamente. O mundo te ama!!&#8221;, escreveu.<\/div>\n<h4 dir=\"auto\">O caso<\/h4>\n<div dir=\"auto\">No dia 28 de agosto de 2020, Wesley ent\u00e3o com 13 anos, saiu de casa na zona sul de Franca para ir at\u00e9 um varej\u00e3o pr\u00f3ximo de onde morava com os pais e as irm\u00e3s. At\u00e9 ent\u00e3o tudo era a rotina normal da fam\u00edlia. Ap\u00f3s n\u00e3o voltar, os pais come\u00e7aram a procurar Wesley nas imedia\u00e7\u00f5es. C\u00e2meras de seguran\u00e7a mostraram o menino caminhando tranquilamente ainda na zona sul, e ap\u00f3s em uma bicicleta na rodovia Ronan Rocha, sentido a cidade de Patroc\u00ednio Paulista.<\/div>\n<div dir=\"auto\">Desde ent\u00e3o v\u00e1rias pistas davam conta de que Wesley estaria em diversas cidades da regi\u00e3o, al\u00e9m de outras cidades do litoral e at\u00e9 no ABC Paulista, mas at\u00e9 hoje ele segue desaparecido.<\/div>\n<div dir=\"auto\">A \u00faltima atualiza\u00e7\u00e3o do caso veio com a Delegacia de Investiga\u00e7\u00f5es Gerais (DIG) de Franca, que pediu um retrato atualizado do adolescente, o que na avalia\u00e7\u00e3o da delegacia, pode colaborar com as investiga\u00e7\u00f5es.<\/div>\n","protected":false},"excerpt":{"rendered":"<p>Adolescente francano desapareceu em 2020 na zona sul de Franca, at\u00e9 hoje ele n\u00e3o foi encontrado O adolescente francano Wesley Pires Alves Filho, completou 15 anos<span class=\"excerpt-hellip\"> [\u2026]<\/span><\/p>\n","protected":false},"author":7,"featured_media":19054,"comment_status":"open","ping_status":"open","sticky":false,"template":"","format":"standard","meta":{"_jetpack_memberships_contains_paid_content":false,"footnotes":"","jetpack_publicize_message":"","jetpack_publicize_feature_enabled":true,"jetpack_social_post_already_shared":false,"jetpack_social_options":{"image_generator_settings":{"template":"highway","default_image_id":0,"enabled":false},"version":2}},"categories":[28,44],"tags":[],"class_list":["post-20772","post","type-post","status-publish","format-standard","has-post-thumbnail","hentry","category-cotidiano","category-noticias"],"yoast_head":"<!-- This site is optimized with the Yoast SEO plugin v25.6 - https:\/\/yoast.com\/wordpress\/plugins\/seo\/ -->\n<title>H\u00e1 mais de um ano desaparecido, Wesley Pires completa 15 anos - VerdadeOn<\/title>\n<meta name=\"robots\" content=\"index, follow, max-snippet:-1, max-image-preview:large, max-video-preview:-1\" \/>\n<link rel=\"canonical\" href=\"https:\/\/verdadeon.com.br\/portal\/2021\/11\/04\/ha-mais-de-um-ano-desaparecido-wesley-pires-completa-15-anos\/\" \/>\n<meta property=\"og:locale\" content=\"pt_BR\" \/>\n<meta property=\"og:type\" content=\"article\" \/>\n<meta property=\"og:title\" content=\"H\u00e1 mais de um ano desaparecido, Wesley Pires completa 15 anos - VerdadeOn\" \/>\n<meta property=\"og:description\" content=\"Adolescente francano desapareceu em 2020 na zona sul de Franca, at\u00e9 hoje ele n\u00e3o foi encontrado O adolescente francano Wesley Pires Alves Filho, completou 15 anos [\u2026]\" \/>\n<meta property=\"og:url\" content=\"https:\/\/verdadeon.com.br\/portal\/2021\/11\/04\/ha-mais-de-um-ano-desaparecido-wesley-pires-completa-15-anos\/\" \/>\n<meta property=\"og:site_name\" content=\"VerdadeOn\" \/>\n<meta property=\"article:published_time\" content=\"2021-11-04T20:58:43+00:00\" \/>\n<meta property=\"og:image\" content=\"https:\/\/verdadeon.com.br\/portal\/wp-content\/uploads\/2021\/08\/MONTAGEM-WESLEY-e1630091770941.png\" \/>\n\t<meta property=\"og:image:width\" content=\"1001\" \/>\n\t<meta property=\"og:image:height\" content=\"668\" \/>\n\t<meta property=\"og:image:type\" content=\"image\/png\" \/>\n<meta name=\"author\" content=\"Fernando Lima\" \/>\n<meta name=\"twitter:card\" content=\"summary_large_image\" \/>\n<meta name=\"twitter:label1\" content=\"Escrito por\" \/>\n\t<meta name=\"twitter:data1\" content=\"Fernando Lima\" \/>\n\t<meta name=\"twitter:label2\" content=\"Est. tempo de leitura\" \/>\n\t<meta name=\"twitter:data2\" content=\"3 minutos\" \/>\n<script type=\"application\/ld+json\" class=\"yoast-schema-graph\">{\"@context\":\"https:\/\/schema.org\",\"@graph\":[{\"@type\":\"WebPage\",\"@id\":\"https:\/\/verdadeon.com.br\/portal\/2021\/11\/04\/ha-mais-de-um-ano-desaparecido-wesley-pires-completa-15-anos\/\",\"url\":\"https:\/\/verdadeon.com.br\/portal\/2021\/11\/04\/ha-mais-de-um-ano-desaparecido-wesley-pires-completa-15-anos\/\",\"name\":\"H\u00e1 mais de um ano desaparecido, Wesley Pires completa 15 anos - VerdadeOn\",\"isPartOf\":{\"@id\":\"https:\/\/verdadeon.com.br\/portal\/#website\"},\"primaryImageOfPage\":{\"@id\":\"https:\/\/verdadeon.com.br\/portal\/2021\/11\/04\/ha-mais-de-um-ano-desaparecido-wesley-pires-completa-15-anos\/#primaryimage\"},\"image\":{\"@id\":\"https:\/\/verdadeon.com.br\/portal\/2021\/11\/04\/ha-mais-de-um-ano-desaparecido-wesley-pires-completa-15-anos\/#primaryimage\"},\"thumbnailUrl\":\"https:\/\/i0.wp.com\/verdadeon.com.br\/portal\/wp-content\/uploads\/2021\/08\/MONTAGEM-WESLEY-e1630091770941.png?fit=1001%2C668&ssl=1\",\"datePublished\":\"2021-11-04T20:58:43+00:00\",\"author\":{\"@id\":\"https:\/\/verdadeon.com.br\/portal\/#\/schema\/person\/cc32be22b8e8599387c480bc83e1d11a\"},\"breadcrumb\":{\"@id\":\"https:\/\/verdadeon.com.br\/portal\/2021\/11\/04\/ha-mais-de-um-ano-desaparecido-wesley-pires-completa-15-anos\/#breadcrumb\"},\"inLanguage\":\"pt-BR\",\"potentialAction\":[{\"@type\":\"ReadAction\",\"target\":[\"https:\/\/verdadeon.com.br\/portal\/2021\/11\/04\/ha-mais-de-um-ano-desaparecido-wesley-pires-completa-15-anos\/\"]}]},{\"@type\":\"ImageObject\",\"inLanguage\":\"pt-BR\",\"@id\":\"https:\/\/verdadeon.com.br\/portal\/2021\/11\/04\/ha-mais-de-um-ano-desaparecido-wesley-pires-completa-15-anos\/#primaryimage\",\"url\":\"https:\/\/i0.wp.com\/verdadeon.com.br\/portal\/wp-content\/uploads\/2021\/08\/MONTAGEM-WESLEY-e1630091770941.png?fit=1001%2C668&ssl=1\",\"contentUrl\":\"https:\/\/i0.wp.com\/verdadeon.com.br\/portal\/wp-content\/uploads\/2021\/08\/MONTAGEM-WESLEY-e1630091770941.png?fit=1001%2C668&ssl=1\",\"width\":1001,\"height\":668,\"caption\":\"A ang\u00fastia da fam\u00edlia de Wesley Pires j\u00e1 dura mais de um ano. Desde que saiu de casa no dia 28 de agosto de 2020, ele n\u00e3o foi mais visto | Foto: Divulga\u00e7\u00e3o\"},{\"@type\":\"BreadcrumbList\",\"@id\":\"https:\/\/verdadeon.com.br\/portal\/2021\/11\/04\/ha-mais-de-um-ano-desaparecido-wesley-pires-completa-15-anos\/#breadcrumb\",\"itemListElement\":[{\"@type\":\"ListItem\",\"position\":1,\"name\":\"In\u00edcio\",\"item\":\"https:\/\/verdadeon.com.br\/portal\/\"},{\"@type\":\"ListItem\",\"position\":2,\"name\":\"H\u00e1 mais de um ano desaparecido, Wesley Pires completa 15 anos\"}]},{\"@type\":\"WebSite\",\"@id\":\"https:\/\/verdadeon.com.br\/portal\/#website\",\"url\":\"https:\/\/verdadeon.com.br\/portal\/\",\"name\":\"VerdadeOn\",\"description\":\"Not\u00edcias di\u00e1rias sobre Franca, Regi\u00e3o, Esporte, Cultura, Cotidiano, Colunas. Cobertura nos principais eventos da cidade \u00e9 aqui - Verdadeon Franca\",\"potentialAction\":[{\"@type\":\"SearchAction\",\"target\":{\"@type\":\"EntryPoint\",\"urlTemplate\":\"https:\/\/verdadeon.com.br\/portal\/?s={search_term_string}\"},\"query-input\":{\"@type\":\"PropertyValueSpecification\",\"valueRequired\":true,\"valueName\":\"search_term_string\"}}],\"inLanguage\":\"pt-BR\"},{\"@type\":\"Person\",\"@id\":\"https:\/\/verdadeon.com.br\/portal\/#\/schema\/person\/cc32be22b8e8599387c480bc83e1d11a\",\"name\":\"Fernando Lima\",\"image\":{\"@type\":\"ImageObject\",\"inLanguage\":\"pt-BR\",\"@id\":\"https:\/\/verdadeon.com.br\/portal\/#\/schema\/person\/image\/\",\"url\":\"https:\/\/secure.gravatar.com\/avatar\/df4c8e132080d2b3a4841d5d232045464e0eed11a1d6e43115ca0843d48768d3?s=96&d=mm&r=g\",\"contentUrl\":\"https:\/\/secure.gravatar.com\/avatar\/df4c8e132080d2b3a4841d5d232045464e0eed11a1d6e43115ca0843d48768d3?s=96&d=mm&r=g\",\"caption\":\"Fernando Lima\"},\"sameAs\":[\"http:\/\/verdadeon.com.br\/\"],\"url\":\"https:\/\/verdadeon.com.br\/portal\/author\/fernando-lima\/\"}]}<\/script>\n<!-- \/ Yoast SEO plugin. -->","yoast_head_json":{"title":"H\u00e1 mais de um ano desaparecido, Wesley Pires completa 15 anos - VerdadeOn","robots":{"index":"index","follow":"follow","max-snippet":"max-snippet:-1","max-image-preview":"max-image-preview:large","max-video-preview":"max-video-preview:-1"},"canonical":"https:\/\/verdadeon.com.br\/portal\/2021\/11\/04\/ha-mais-de-um-ano-desaparecido-wesley-pires-completa-15-anos\/","og_locale":"pt_BR","og_type":"article","og_title":"H\u00e1 mais de um ano desaparecido, Wesley Pires completa 15 anos - VerdadeOn","og_description":"Adolescente francano desapareceu em 2020 na zona sul de Franca, at\u00e9 hoje ele n\u00e3o foi encontrado O adolescente francano Wesley Pires Alves Filho, completou 15 anos [\u2026]","og_url":"https:\/\/verdadeon.com.br\/portal\/2021\/11\/04\/ha-mais-de-um-ano-desaparecido-wesley-pires-completa-15-anos\/","og_site_name":"VerdadeOn","article_published_time":"2021-11-04T20:58:43+00:00","og_image":[{"width":1001,"height":668,"url":"https:\/\/verdadeon.com.br\/portal\/wp-content\/uploads\/2021\/08\/MONTAGEM-WESLEY-e1630091770941.png","type":"image\/png"}],"author":"Fernando Lima","twitter_card":"summary_large_image","twitter_misc":{"Escrito por":"Fernando Lima","Est. tempo de leitura":"3 minutos"},"schema":{"@context":"https:\/\/schema.org","@graph":[{"@type":"WebPage","@id":"https:\/\/verdadeon.com.br\/portal\/2021\/11\/04\/ha-mais-de-um-ano-desaparecido-wesley-pires-completa-15-anos\/","url":"https:\/\/verdadeon.com.br\/portal\/2021\/11\/04\/ha-mais-de-um-ano-desaparecido-wesley-pires-completa-15-anos\/","name":"H\u00e1 mais de um ano desaparecido, Wesley Pires completa 15 anos - VerdadeOn","isPartOf":{"@id":"https:\/\/verdadeon.com.br\/portal\/#website"},"primaryImageOfPage":{"@id":"https:\/\/verdadeon.com.br\/portal\/2021\/11\/04\/ha-mais-de-um-ano-desaparecido-wesley-pires-completa-15-anos\/#primaryimage"},"image":{"@id":"https:\/\/verdadeon.com.br\/portal\/2021\/11\/04\/ha-mais-de-um-ano-desaparecido-wesley-pires-completa-15-anos\/#primaryimage"},"thumbnailUrl":"https:\/\/i0.wp.com\/verdadeon.com.br\/portal\/wp-content\/uploads\/2021\/08\/MONTAGEM-WESLEY-e1630091770941.png?fit=1001%2C668&ssl=1","datePublished":"2021-11-04T20:58:43+00:00","author":{"@id":"https:\/\/verdadeon.com.br\/portal\/#\/schema\/person\/cc32be22b8e8599387c480bc83e1d11a"},"breadcrumb":{"@id":"https:\/\/verdadeon.com.br\/portal\/2021\/11\/04\/ha-mais-de-um-ano-desaparecido-wesley-pires-completa-15-anos\/#breadcrumb"},"inLanguage":"pt-BR","potentialAction":[{"@type":"ReadAction","target":["https:\/\/verdadeon.com.br\/portal\/2021\/11\/04\/ha-mais-de-um-ano-desaparecido-wesley-pires-completa-15-anos\/"]}]},{"@type":"ImageObject","inLanguage":"pt-BR","@id":"https:\/\/verdadeon.com.br\/portal\/2021\/11\/04\/ha-mais-de-um-ano-desaparecido-wesley-pires-completa-15-anos\/#primaryimage","url":"https:\/\/i0.wp.com\/verdadeon.com.br\/portal\/wp-content\/uploads\/2021\/08\/MONTAGEM-WESLEY-e1630091770941.png?fit=1001%2C668&ssl=1","contentUrl":"https:\/\/i0.wp.com\/verdadeon.com.br\/portal\/wp-content\/uploads\/2021\/08\/MONTAGEM-WESLEY-e1630091770941.png?fit=1001%2C668&ssl=1","width":1001,"height":668,"caption":"A ang\u00fastia da fam\u00edlia de Wesley Pires j\u00e1 dura mais de um ano. Desde que saiu de casa no dia 28 de agosto de 2020, ele n\u00e3o foi mais visto | Foto: Divulga\u00e7\u00e3o"},{"@type":"BreadcrumbList","@id":"https:\/\/verdadeon.com.br\/portal\/2021\/11\/04\/ha-mais-de-um-ano-desaparecido-wesley-pires-completa-15-anos\/#breadcrumb","itemListElement":[{"@type":"ListItem","position":1,"name":"In\u00edcio","item":"https:\/\/verdadeon.com.br\/portal\/"},{"@type":"ListItem","position":2,"name":"H\u00e1 mais de um ano desaparecido, Wesley Pires completa 15 anos"}]},{"@type":"WebSite","@id":"https:\/\/verdadeon.com.br\/portal\/#website","url":"https:\/\/verdadeon.com.br\/portal\/","name":"VerdadeOn","description":"Not\u00edcias di\u00e1rias sobre Franca, Regi\u00e3o, Esporte, Cultura, Cotidiano, Colunas. Cobertura nos principais eventos da cidade \u00e9 aqui - Verdadeon Franca","potentialAction":[{"@type":"SearchAction","target":{"@type":"EntryPoint","urlTemplate":"https:\/\/verdadeon.com.br\/portal\/?s={search_term_string}"},"query-input":{"@type":"PropertyValueSpecification","valueRequired":true,"valueName":"search_term_string"}}],"inLanguage":"pt-BR"},{"@type":"Person","@id":"https:\/\/verdadeon.com.br\/portal\/#\/schema\/person\/cc32be22b8e8599387c480bc83e1d11a","name":"Fernando Lima","image":{"@type":"ImageObject","inLanguage":"pt-BR","@id":"https:\/\/verdadeon.com.br\/portal\/#\/schema\/person\/image\/","url":"https:\/\/secure.gravatar.com\/avatar\/df4c8e132080d2b3a4841d5d232045464e0eed11a1d6e43115ca0843d48768d3?s=96&d=mm&r=g","contentUrl":"https:\/\/secure.gravatar.com\/avatar\/df4c8e132080d2b3a4841d5d232045464e0eed11a1d6e43115ca0843d48768d3?s=96&d=mm&r=g","caption":"Fernando Lima"},"sameAs":["http:\/\/verdadeon.com.br\/"],"url":"https:\/\/verdadeon.com.br\/portal\/author\/fernando-lima\/"}]}},"jetpack_publicize_connections":[],"jetpack_featured_media_url":"https:\/\/i0.wp.com\/verdadeon.com.br\/portal\/wp-content\/uploads\/2021\/08\/MONTAGEM-WESLEY-e1630091770941.png?fit=1001%2C668&ssl=1","jetpack_sharing_enabled":true,"_links":{"self":[{"href":"https:\/\/verdadeon.com.br\/portal\/wp-json\/wp\/v2\/posts\/20772","targetHints":{"allow":["GET"]}}],"collection":[{"href":"https:\/\/verdadeon.com.br\/portal\/wp-json\/wp\/v2\/posts"}],"about":[{"href":"https:\/\/verdadeon.com.br\/portal\/wp-json\/wp\/v2\/types\/post"}],"author":[{"embeddable":true,"href":"https:\/\/verdadeon.com.br\/portal\/wp-json\/wp\/v2\/users\/7"}],"replies":[{"embeddable":true,"href":"https:\/\/verdadeon.com.br\/portal\/wp-json\/wp\/v2\/comments?post=20772"}],"version-history":[{"count":0,"href":"https:\/\/verdadeon.com.br\/portal\/wp-json\/wp\/v2\/posts\/20772\/revisions"}],"wp:featuredmedia":[{"embeddable":true,"href":"https:\/\/verdadeon.com.br\/portal\/wp-json\/wp\/v2\/media\/19054"}],"wp:attachment":[{"href":"https:\/\/verdadeon.com.br\/portal\/wp-json\/wp\/v2\/media?parent=20772"}],"wp:term":[{"taxonomy":"category","embeddable":true,"href":"https:\/\/verdadeon.com.br\/portal\/wp-json\/wp\/v2\/categories?post=20772"},{"taxonomy":"post_tag","embeddable":true,"href":"https:\/\/verdadeon.com.br\/portal\/wp-json\/wp\/v2\/tags?post=20772"}],"curies":[{"name":"wp","href":"https:\/\/api.w.org\/{rel}","templated":true}]}}