{"id":20767,"date":"2021-11-04T14:55:46","date_gmt":"2021-11-04T17:55:46","guid":{"rendered":"https:\/\/verdadeon.com.br\/portal\/?p=20767"},"modified":"2021-11-04T14:55:46","modified_gmt":"2021-11-04T17:55:46","slug":"cirurgias-eletivas-sao-retomadas-em-franca-mais-de-13-mil-pacientes-aguardam-na-fila","status":"publish","type":"post","link":"https:\/\/verdadeon.com.br\/portal\/2021\/11\/04\/cirurgias-eletivas-sao-retomadas-em-franca-mais-de-13-mil-pacientes-aguardam-na-fila\/","title":{"rendered":"Cirurgias eletivas s\u00e3o retomadas em Franca, mais de 13 mil pacientes aguardam na fila"},"content":{"rendered":"<h2>Com recursos extras Prefeitura pretende zerar fila de espera que cresceu por conta da pandemia<\/h2>\n<p>A Prefeitura de Franca anunciou na manh\u00e3 desta quinta-feira (4), que vai celebrar um contrato extra com a Santa Casa para a realiza\u00e7\u00e3o de cirurgias eletivas. Na cidade a fila de espera por estas cirurgias j\u00e1 ultrapassou a casa de 13 mil pessoas, a demanda cresceu por conta da pandemia.<\/p>\n<p>Na coletiva de imprensa, o prefeito Alexandre Ferreira afirmou que as cirurgias j\u00e1 foram retomadas em setembro, pelo Ambulat\u00f3rio M\u00e9dico de Especialidades (AME), e que os novos procedimentos ser\u00e3o feitos com recursos extras. Ferreira explicou que todos os meses a Santa Casa j\u00e1 realiza cerca de 192 a 200 cirurgias eletivas, e que com os recursos extras o objetivo \u00e9 zerar a fila de espera.<\/p>\n<p>\u201cSe levarmos em conta a fila de espera em Franca s\u00e3o mais de 13 mil pessoas, agora na regi\u00e3o que tamb\u00e9m \u00e9 atendida por Franca, essa fila ultrapassa 21 mil pessoas. O programa para avan\u00e7ar com as cirurgias atende a DRS8, a qual fazemos parte, ent\u00e3o pode at\u00e9 haver um interc\u00e2mbio de pacientes, como por exemplo uma Santa Casa da regi\u00e3o oferece uma cirurgia que aqui n\u00e3o temos, o paciente pode ser levado para l\u00e1, e o contr\u00e1rio tamb\u00e9m ser\u00e1 feito\u201d, explicou o prefeito.<\/p>\n<p>Ainda na coletiva, o chefe do Executivo explicou que ser\u00e3o investidos cerca de R$ 25 milh\u00f5es para atender as cirurgias. A maior parte dos recursos s\u00e3o vindas do Governo do Estado, mas existem tamb\u00e9m recursos do Governo Federal e recursos pr\u00f3prios do munic\u00edpio. \u201cAs emendas impositivas da C\u00e2mara ser\u00e3o usadas tamb\u00e9m para este fim. Elas s\u00e3o aquelas indica\u00e7\u00f5es dos vereadores, ficou acordado de que elas seriam usadas para esta demanda crescente\u201d.<\/p>\n<h4>Consultas<\/h4>\n<p>Um problema cr\u00f4nico em Franca h\u00e1 anos, \u00e9 a falta de m\u00e9dicos ginecologistas. Durante a coletiva, o prefeito explicou que tamb\u00e9m ser\u00e1 lan\u00e7ado o programa \u201cMais Consultas\u201d, ele consiste na compra de consultas na rede particular para mulheres que s\u00e3o atendidas pelo SUS. A fila por consulta j\u00e1 beira 4.500.<\/p>\n<p>\u201cS\u00e3o 86 mil mulheres atendidas pela rede p\u00fablica de sa\u00fade de Franca, recentemente fizemos um concurso para contratar 40 ginecologistas, mas apenas quatro foram aprovados. A sa\u00edda foi buscar na rede particular. Nesta sexta-feira vamos abrir licita\u00e7\u00e3o para comprar essas consultas, ser\u00e3o 4.500 por cerca de R$ 50 cada, um alto investimento\u201d, finalizou Alexandre.<\/p>\n","protected":false},"excerpt":{"rendered":"<p>Com recursos extras Prefeitura pretende zerar fila de espera que cresceu por conta da pandemia A Prefeitura de Franca anunciou na manh\u00e3 desta quinta-feira (4), que<span class=\"excerpt-hellip\"> [\u2026]<\/span><\/p>\n","protected":false},"author":7,"featured_media":20768,"comment_status":"open","ping_status":"open","sticky":false,"template":"","format":"standard","meta":{"_jetpack_memberships_contains_paid_content":false,"footnotes":"","jetpack_publicize_message":"","jetpack_publicize_feature_enabled":true,"jetpack_social_post_already_shared":false,"jetpack_social_options":{"image_generator_settings":{"template":"highway","default_image_id":0,"enabled":false},"version":2}},"categories":[28,81],"tags":[],"class_list":["post-20767","post","type-post","status-publish","format-standard","has-post-thumbnail","hentry","category-cotidiano","category-manchete"],"yoast_head":"<!-- This site is optimized with the Yoast SEO plugin v25.6 - https:\/\/yoast.com\/wordpress\/plugins\/seo\/ -->\n<title>Cirurgias eletivas s\u00e3o retomadas em Franca, mais de 13 mil pacientes aguardam na fila - VerdadeOn<\/title>\n<meta name=\"robots\" content=\"index, follow, max-snippet:-1, max-image-preview:large, max-video-preview:-1\" \/>\n<link rel=\"canonical\" href=\"https:\/\/verdadeon.com.br\/portal\/2021\/11\/04\/cirurgias-eletivas-sao-retomadas-em-franca-mais-de-13-mil-pacientes-aguardam-na-fila\/\" \/>\n<meta property=\"og:locale\" content=\"pt_BR\" \/>\n<meta property=\"og:type\" content=\"article\" \/>\n<meta property=\"og:title\" content=\"Cirurgias eletivas s\u00e3o retomadas em Franca, mais de 13 mil pacientes aguardam na fila - VerdadeOn\" \/>\n<meta property=\"og:description\" content=\"Com recursos extras Prefeitura pretende zerar fila de espera que cresceu por conta da pandemia A Prefeitura de Franca anunciou na manh\u00e3 desta quinta-feira (4), que [\u2026]\" \/>\n<meta property=\"og:url\" content=\"https:\/\/verdadeon.com.br\/portal\/2021\/11\/04\/cirurgias-eletivas-sao-retomadas-em-franca-mais-de-13-mil-pacientes-aguardam-na-fila\/\" \/>\n<meta property=\"og:site_name\" content=\"VerdadeOn\" \/>\n<meta property=\"article:published_time\" content=\"2021-11-04T17:55:46+00:00\" \/>\n<meta property=\"og:image\" content=\"https:\/\/verdadeon.com.br\/portal\/wp-content\/uploads\/2021\/11\/PREFEITURA-COLETIVA-e1636048422444.png\" \/>\n\t<meta property=\"og:image:width\" content=\"999\" \/>\n\t<meta property=\"og:image:height\" content=\"668\" \/>\n\t<meta property=\"og:image:type\" content=\"image\/png\" \/>\n<meta name=\"author\" content=\"Fernando Lima\" \/>\n<meta name=\"twitter:card\" content=\"summary_large_image\" \/>\n<meta name=\"twitter:label1\" content=\"Escrito por\" \/>\n\t<meta name=\"twitter:data1\" content=\"Fernando Lima\" \/>\n\t<meta name=\"twitter:label2\" content=\"Est. tempo de leitura\" \/>\n\t<meta name=\"twitter:data2\" content=\"2 minutos\" \/>\n<script type=\"application\/ld+json\" class=\"yoast-schema-graph\">{\"@context\":\"https:\/\/schema.org\",\"@graph\":[{\"@type\":\"WebPage\",\"@id\":\"https:\/\/verdadeon.com.br\/portal\/2021\/11\/04\/cirurgias-eletivas-sao-retomadas-em-franca-mais-de-13-mil-pacientes-aguardam-na-fila\/\",\"url\":\"https:\/\/verdadeon.com.br\/portal\/2021\/11\/04\/cirurgias-eletivas-sao-retomadas-em-franca-mais-de-13-mil-pacientes-aguardam-na-fila\/\",\"name\":\"Cirurgias eletivas s\u00e3o retomadas em Franca, mais de 13 mil pacientes aguardam na fila - VerdadeOn\",\"isPartOf\":{\"@id\":\"https:\/\/verdadeon.com.br\/portal\/#website\"},\"primaryImageOfPage\":{\"@id\":\"https:\/\/verdadeon.com.br\/portal\/2021\/11\/04\/cirurgias-eletivas-sao-retomadas-em-franca-mais-de-13-mil-pacientes-aguardam-na-fila\/#primaryimage\"},\"image\":{\"@id\":\"https:\/\/verdadeon.com.br\/portal\/2021\/11\/04\/cirurgias-eletivas-sao-retomadas-em-franca-mais-de-13-mil-pacientes-aguardam-na-fila\/#primaryimage\"},\"thumbnailUrl\":\"https:\/\/i0.wp.com\/verdadeon.com.br\/portal\/wp-content\/uploads\/2021\/11\/PREFEITURA-COLETIVA-e1636048422444.png?fit=999%2C668&ssl=1\",\"datePublished\":\"2021-11-04T17:55:46+00:00\",\"author\":{\"@id\":\"https:\/\/verdadeon.com.br\/portal\/#\/schema\/person\/cc32be22b8e8599387c480bc83e1d11a\"},\"breadcrumb\":{\"@id\":\"https:\/\/verdadeon.com.br\/portal\/2021\/11\/04\/cirurgias-eletivas-sao-retomadas-em-franca-mais-de-13-mil-pacientes-aguardam-na-fila\/#breadcrumb\"},\"inLanguage\":\"pt-BR\",\"potentialAction\":[{\"@type\":\"ReadAction\",\"target\":[\"https:\/\/verdadeon.com.br\/portal\/2021\/11\/04\/cirurgias-eletivas-sao-retomadas-em-franca-mais-de-13-mil-pacientes-aguardam-na-fila\/\"]}]},{\"@type\":\"ImageObject\",\"inLanguage\":\"pt-BR\",\"@id\":\"https:\/\/verdadeon.com.br\/portal\/2021\/11\/04\/cirurgias-eletivas-sao-retomadas-em-franca-mais-de-13-mil-pacientes-aguardam-na-fila\/#primaryimage\",\"url\":\"https:\/\/i0.wp.com\/verdadeon.com.br\/portal\/wp-content\/uploads\/2021\/11\/PREFEITURA-COLETIVA-e1636048422444.png?fit=999%2C668&ssl=1\",\"contentUrl\":\"https:\/\/i0.wp.com\/verdadeon.com.br\/portal\/wp-content\/uploads\/2021\/11\/PREFEITURA-COLETIVA-e1636048422444.png?fit=999%2C668&ssl=1\",\"width\":999,\"height\":668,\"caption\":\"An\u00fancio foi realizado pela Prefeitura de Franca durante coletiva de imprensa na manh\u00e3 desta quinta-feira, no gabinete | Foto: Reprodu\u00e7\u00e3o\"},{\"@type\":\"BreadcrumbList\",\"@id\":\"https:\/\/verdadeon.com.br\/portal\/2021\/11\/04\/cirurgias-eletivas-sao-retomadas-em-franca-mais-de-13-mil-pacientes-aguardam-na-fila\/#breadcrumb\",\"itemListElement\":[{\"@type\":\"ListItem\",\"position\":1,\"name\":\"In\u00edcio\",\"item\":\"https:\/\/verdadeon.com.br\/portal\/\"},{\"@type\":\"ListItem\",\"position\":2,\"name\":\"Cirurgias eletivas s\u00e3o retomadas em Franca, mais de 13 mil pacientes aguardam na fila\"}]},{\"@type\":\"WebSite\",\"@id\":\"https:\/\/verdadeon.com.br\/portal\/#website\",\"url\":\"https:\/\/verdadeon.com.br\/portal\/\",\"name\":\"VerdadeOn\",\"description\":\"Not\u00edcias di\u00e1rias sobre Franca, Regi\u00e3o, Esporte, Cultura, Cotidiano, Colunas. Cobertura nos principais eventos da cidade \u00e9 aqui - Verdadeon Franca\",\"potentialAction\":[{\"@type\":\"SearchAction\",\"target\":{\"@type\":\"EntryPoint\",\"urlTemplate\":\"https:\/\/verdadeon.com.br\/portal\/?s={search_term_string}\"},\"query-input\":{\"@type\":\"PropertyValueSpecification\",\"valueRequired\":true,\"valueName\":\"search_term_string\"}}],\"inLanguage\":\"pt-BR\"},{\"@type\":\"Person\",\"@id\":\"https:\/\/verdadeon.com.br\/portal\/#\/schema\/person\/cc32be22b8e8599387c480bc83e1d11a\",\"name\":\"Fernando Lima\",\"image\":{\"@type\":\"ImageObject\",\"inLanguage\":\"pt-BR\",\"@id\":\"https:\/\/verdadeon.com.br\/portal\/#\/schema\/person\/image\/\",\"url\":\"https:\/\/secure.gravatar.com\/avatar\/df4c8e132080d2b3a4841d5d232045464e0eed11a1d6e43115ca0843d48768d3?s=96&d=mm&r=g\",\"contentUrl\":\"https:\/\/secure.gravatar.com\/avatar\/df4c8e132080d2b3a4841d5d232045464e0eed11a1d6e43115ca0843d48768d3?s=96&d=mm&r=g\",\"caption\":\"Fernando Lima\"},\"sameAs\":[\"http:\/\/verdadeon.com.br\/\"],\"url\":\"https:\/\/verdadeon.com.br\/portal\/author\/fernando-lima\/\"}]}<\/script>\n<!-- \/ Yoast SEO plugin. -->","yoast_head_json":{"title":"Cirurgias eletivas s\u00e3o retomadas em Franca, mais de 13 mil pacientes aguardam na fila - VerdadeOn","robots":{"index":"index","follow":"follow","max-snippet":"max-snippet:-1","max-image-preview":"max-image-preview:large","max-video-preview":"max-video-preview:-1"},"canonical":"https:\/\/verdadeon.com.br\/portal\/2021\/11\/04\/cirurgias-eletivas-sao-retomadas-em-franca-mais-de-13-mil-pacientes-aguardam-na-fila\/","og_locale":"pt_BR","og_type":"article","og_title":"Cirurgias eletivas s\u00e3o retomadas em Franca, mais de 13 mil pacientes aguardam na fila - VerdadeOn","og_description":"Com recursos extras Prefeitura pretende zerar fila de espera que cresceu por conta da pandemia A Prefeitura de Franca anunciou na manh\u00e3 desta quinta-feira (4), que [\u2026]","og_url":"https:\/\/verdadeon.com.br\/portal\/2021\/11\/04\/cirurgias-eletivas-sao-retomadas-em-franca-mais-de-13-mil-pacientes-aguardam-na-fila\/","og_site_name":"VerdadeOn","article_published_time":"2021-11-04T17:55:46+00:00","og_image":[{"width":999,"height":668,"url":"https:\/\/verdadeon.com.br\/portal\/wp-content\/uploads\/2021\/11\/PREFEITURA-COLETIVA-e1636048422444.png","type":"image\/png"}],"author":"Fernando Lima","twitter_card":"summary_large_image","twitter_misc":{"Escrito por":"Fernando Lima","Est. tempo de leitura":"2 minutos"},"schema":{"@context":"https:\/\/schema.org","@graph":[{"@type":"WebPage","@id":"https:\/\/verdadeon.com.br\/portal\/2021\/11\/04\/cirurgias-eletivas-sao-retomadas-em-franca-mais-de-13-mil-pacientes-aguardam-na-fila\/","url":"https:\/\/verdadeon.com.br\/portal\/2021\/11\/04\/cirurgias-eletivas-sao-retomadas-em-franca-mais-de-13-mil-pacientes-aguardam-na-fila\/","name":"Cirurgias eletivas s\u00e3o retomadas em Franca, mais de 13 mil pacientes aguardam na fila - VerdadeOn","isPartOf":{"@id":"https:\/\/verdadeon.com.br\/portal\/#website"},"primaryImageOfPage":{"@id":"https:\/\/verdadeon.com.br\/portal\/2021\/11\/04\/cirurgias-eletivas-sao-retomadas-em-franca-mais-de-13-mil-pacientes-aguardam-na-fila\/#primaryimage"},"image":{"@id":"https:\/\/verdadeon.com.br\/portal\/2021\/11\/04\/cirurgias-eletivas-sao-retomadas-em-franca-mais-de-13-mil-pacientes-aguardam-na-fila\/#primaryimage"},"thumbnailUrl":"https:\/\/i0.wp.com\/verdadeon.com.br\/portal\/wp-content\/uploads\/2021\/11\/PREFEITURA-COLETIVA-e1636048422444.png?fit=999%2C668&ssl=1","datePublished":"2021-11-04T17:55:46+00:00","author":{"@id":"https:\/\/verdadeon.com.br\/portal\/#\/schema\/person\/cc32be22b8e8599387c480bc83e1d11a"},"breadcrumb":{"@id":"https:\/\/verdadeon.com.br\/portal\/2021\/11\/04\/cirurgias-eletivas-sao-retomadas-em-franca-mais-de-13-mil-pacientes-aguardam-na-fila\/#breadcrumb"},"inLanguage":"pt-BR","potentialAction":[{"@type":"ReadAction","target":["https:\/\/verdadeon.com.br\/portal\/2021\/11\/04\/cirurgias-eletivas-sao-retomadas-em-franca-mais-de-13-mil-pacientes-aguardam-na-fila\/"]}]},{"@type":"ImageObject","inLanguage":"pt-BR","@id":"https:\/\/verdadeon.com.br\/portal\/2021\/11\/04\/cirurgias-eletivas-sao-retomadas-em-franca-mais-de-13-mil-pacientes-aguardam-na-fila\/#primaryimage","url":"https:\/\/i0.wp.com\/verdadeon.com.br\/portal\/wp-content\/uploads\/2021\/11\/PREFEITURA-COLETIVA-e1636048422444.png?fit=999%2C668&ssl=1","contentUrl":"https:\/\/i0.wp.com\/verdadeon.com.br\/portal\/wp-content\/uploads\/2021\/11\/PREFEITURA-COLETIVA-e1636048422444.png?fit=999%2C668&ssl=1","width":999,"height":668,"caption":"An\u00fancio foi realizado pela Prefeitura de Franca durante coletiva de imprensa na manh\u00e3 desta quinta-feira, no gabinete | Foto: Reprodu\u00e7\u00e3o"},{"@type":"BreadcrumbList","@id":"https:\/\/verdadeon.com.br\/portal\/2021\/11\/04\/cirurgias-eletivas-sao-retomadas-em-franca-mais-de-13-mil-pacientes-aguardam-na-fila\/#breadcrumb","itemListElement":[{"@type":"ListItem","position":1,"name":"In\u00edcio","item":"https:\/\/verdadeon.com.br\/portal\/"},{"@type":"ListItem","position":2,"name":"Cirurgias eletivas s\u00e3o retomadas em Franca, mais de 13 mil pacientes aguardam na fila"}]},{"@type":"WebSite","@id":"https:\/\/verdadeon.com.br\/portal\/#website","url":"https:\/\/verdadeon.com.br\/portal\/","name":"VerdadeOn","description":"Not\u00edcias di\u00e1rias sobre Franca, Regi\u00e3o, Esporte, Cultura, Cotidiano, Colunas. Cobertura nos principais eventos da cidade \u00e9 aqui - Verdadeon Franca","potentialAction":[{"@type":"SearchAction","target":{"@type":"EntryPoint","urlTemplate":"https:\/\/verdadeon.com.br\/portal\/?s={search_term_string}"},"query-input":{"@type":"PropertyValueSpecification","valueRequired":true,"valueName":"search_term_string"}}],"inLanguage":"pt-BR"},{"@type":"Person","@id":"https:\/\/verdadeon.com.br\/portal\/#\/schema\/person\/cc32be22b8e8599387c480bc83e1d11a","name":"Fernando Lima","image":{"@type":"ImageObject","inLanguage":"pt-BR","@id":"https:\/\/verdadeon.com.br\/portal\/#\/schema\/person\/image\/","url":"https:\/\/secure.gravatar.com\/avatar\/df4c8e132080d2b3a4841d5d232045464e0eed11a1d6e43115ca0843d48768d3?s=96&d=mm&r=g","contentUrl":"https:\/\/secure.gravatar.com\/avatar\/df4c8e132080d2b3a4841d5d232045464e0eed11a1d6e43115ca0843d48768d3?s=96&d=mm&r=g","caption":"Fernando Lima"},"sameAs":["http:\/\/verdadeon.com.br\/"],"url":"https:\/\/verdadeon.com.br\/portal\/author\/fernando-lima\/"}]}},"jetpack_publicize_connections":[],"jetpack_featured_media_url":"https:\/\/i0.wp.com\/verdadeon.com.br\/portal\/wp-content\/uploads\/2021\/11\/PREFEITURA-COLETIVA-e1636048422444.png?fit=999%2C668&ssl=1","jetpack_sharing_enabled":true,"_links":{"self":[{"href":"https:\/\/verdadeon.com.br\/portal\/wp-json\/wp\/v2\/posts\/20767","targetHints":{"allow":["GET"]}}],"collection":[{"href":"https:\/\/verdadeon.com.br\/portal\/wp-json\/wp\/v2\/posts"}],"about":[{"href":"https:\/\/verdadeon.com.br\/portal\/wp-json\/wp\/v2\/types\/post"}],"author":[{"embeddable":true,"href":"https:\/\/verdadeon.com.br\/portal\/wp-json\/wp\/v2\/users\/7"}],"replies":[{"embeddable":true,"href":"https:\/\/verdadeon.com.br\/portal\/wp-json\/wp\/v2\/comments?post=20767"}],"version-history":[{"count":0,"href":"https:\/\/verdadeon.com.br\/portal\/wp-json\/wp\/v2\/posts\/20767\/revisions"}],"wp:featuredmedia":[{"embeddable":true,"href":"https:\/\/verdadeon.com.br\/portal\/wp-json\/wp\/v2\/media\/20768"}],"wp:attachment":[{"href":"https:\/\/verdadeon.com.br\/portal\/wp-json\/wp\/v2\/media?parent=20767"}],"wp:term":[{"taxonomy":"category","embeddable":true,"href":"https:\/\/verdadeon.com.br\/portal\/wp-json\/wp\/v2\/categories?post=20767"},{"taxonomy":"post_tag","embeddable":true,"href":"https:\/\/verdadeon.com.br\/portal\/wp-json\/wp\/v2\/tags?post=20767"}],"curies":[{"name":"wp","href":"https:\/\/api.w.org\/{rel}","templated":true}]}}