{"id":20759,"date":"2021-11-03T21:20:13","date_gmt":"2021-11-04T00:20:13","guid":{"rendered":"https:\/\/verdadeon.com.br\/portal\/?p=20759"},"modified":"2021-11-03T21:20:13","modified_gmt":"2021-11-04T00:20:13","slug":"rede-municipal-de-ensino-retorna-com-100-de-aulas-presenciais-na-proxima-segunda-feira","status":"publish","type":"post","link":"https:\/\/verdadeon.com.br\/portal\/2021\/11\/03\/rede-municipal-de-ensino-retorna-com-100-de-aulas-presenciais-na-proxima-segunda-feira\/","title":{"rendered":"Rede municipal de ensino retorna com 100% de aulas presenciais na pr\u00f3xima segunda-feira"},"content":{"rendered":"<h2>O an\u00fancio foi feito pela Prefeitura de Franca nesta quarta-feira, quando restri\u00e7\u00f5es acabaram em todo o estado<\/h2>\n<div>Foi anunciado na tarde desta quarta-feira (3), pela Secretaria Municipal de Educa\u00e7\u00e3o de Franca,\u00a0 o retorno das aulas e atividades presenciais, com 100% dos alunos nas escolas e creches municipais. Elas ser\u00e3o retomadas a partir da pr\u00f3xima segunda-feira (8).<\/div>\n<div>A partir desta data, ser\u00e1 obrigat\u00f3ria a frequ\u00eancia dos estudantes nas unidades escolares, em cumprimento as recomenda\u00e7\u00f5es do Centro de Conting\u00eancia do Coronav\u00edrus, que resultaram no Decreto Estadual que trata da retomada das aulas e atividades presenciais da Educa\u00e7\u00e3o Infantil, dos Ensinos Fundamental, M\u00e9dio e da Educa\u00e7\u00e3o Profissional T\u00e9cnica de N\u00edvel M\u00e9dio.<\/div>\n<div>No mesmo comunicado, a Prefeitura explicou que a exce\u00e7\u00e3o ficar\u00e1 para os estudantes que apresentarem atestado m\u00e9dico, que indique o impedimento de comparecer \u00e0s aulas presenciais. Para estes alunos, dever\u00e3o ser providenciadas as atividades domiciliares, e se poss\u00edvel, manter o atendimento remoto. As a\u00e7\u00f5es de busca ativa dos estudantes dever\u00e3o ser intensificadas neste per\u00edodo.<\/div>\n<div>M\u00e1rcia Gatti, secret\u00e1ria de Educa\u00e7\u00e3o, informou que a partir desta quinta-feira, as equipes escolares far\u00e3o um trabalho de orienta\u00e7\u00e3o e conscientiza\u00e7\u00e3o junto aos pais e respons\u00e1veis sobre a obrigatoriedade da frequ\u00eancia de 100% dos estudantes, nas aulas presenciais, simultaneamente, a partir do pr\u00f3ximo dia 8.<\/div>\n<div>A secret\u00e1ria aproveitou para enfatizar que, assim como ocorreu em todas as etapas do Plano de Retomada Gradual das Aulas Presenciais, a partir de agosto, todos os protocolos sanit\u00e1rios de preven\u00e7\u00e3o a Covid-19, permanecer\u00e3o sendo cumpridos, com a obrigatoriedade do uso de m\u00e1scara durante todo o per\u00edodo, a aferi\u00e7\u00e3o de temperatura no momento da entrada dos alunos, a higieniza\u00e7\u00e3o constante das m\u00e3os e o uso de \u00e1lcool gel, al\u00e9m das demais recomenda\u00e7\u00f5es.<\/div>\n<div>As escolas devem passar por limpeza e higieniza\u00e7\u00e3o para receber aos estudantes, todos os dias antes e ap\u00f3s as atividades presenciais.\u00a0 Os alunos dever\u00e3o levar garrafas de \u00e1gua para reposi\u00e7\u00e3o nos bebedouros durante o per\u00edodo em que estiverem nas escolas e creches. Sempre que for poss\u00edvel, dever\u00e3o ser priorizadas as aulas e atividades ao ar livre. Os intervalos e os recreios dever\u00e3o ser realizados, com revezamento das turmas em hor\u00e1rios alternados.<\/div>\n<h4>Sintomas<\/h4>\n<div>Ainda de acordo com M\u00e1rcia Gatti, os alunos que apresentarem sintomas de s\u00edndrome gripal ou outros relacionados \u00e0 Covid-19, n\u00e3o dever\u00e3o comparecer as escolas e devem ser encaminhados para atendimentos m\u00e9dicos. Todas as unidades de ensino submetidas \u00e0 jurisdi\u00e7\u00e3o do Conselho Estadual de Educa\u00e7\u00e3o s\u00e3o obrigadas a registrar as ocorr\u00eancias de casos suspeitos e confirmados de Covid-19, no Sistema de Informa\u00e7\u00e3o e Monitoramento da Educa\u00e7\u00e3o para Covid-19 (SIMED).<\/div>\n","protected":false},"excerpt":{"rendered":"<p>O an\u00fancio foi feito pela Prefeitura de Franca nesta quarta-feira, quando restri\u00e7\u00f5es acabaram em todo o estado Foi anunciado na tarde desta quarta-feira (3), pela Secretaria<span class=\"excerpt-hellip\"> [\u2026]<\/span><\/p>\n","protected":false},"author":7,"featured_media":12921,"comment_status":"open","ping_status":"open","sticky":false,"template":"","format":"standard","meta":{"_jetpack_memberships_contains_paid_content":false,"footnotes":"","jetpack_publicize_message":"","jetpack_publicize_feature_enabled":true,"jetpack_social_post_already_shared":false,"jetpack_social_options":{"image_generator_settings":{"template":"highway","default_image_id":0,"enabled":false},"version":2}},"categories":[28,44],"tags":[],"class_list":["post-20759","post","type-post","status-publish","format-standard","has-post-thumbnail","hentry","category-cotidiano","category-noticias"],"yoast_head":"<!-- This site is optimized with the Yoast SEO plugin v25.6 - https:\/\/yoast.com\/wordpress\/plugins\/seo\/ -->\n<title>Rede municipal de ensino retorna com 100% de aulas presenciais na pr\u00f3xima segunda-feira - VerdadeOn<\/title>\n<meta name=\"robots\" content=\"index, follow, max-snippet:-1, max-image-preview:large, max-video-preview:-1\" \/>\n<link rel=\"canonical\" href=\"https:\/\/verdadeon.com.br\/portal\/2021\/11\/03\/rede-municipal-de-ensino-retorna-com-100-de-aulas-presenciais-na-proxima-segunda-feira\/\" \/>\n<meta property=\"og:locale\" content=\"pt_BR\" \/>\n<meta property=\"og:type\" content=\"article\" \/>\n<meta property=\"og:title\" content=\"Rede municipal de ensino retorna com 100% de aulas presenciais na pr\u00f3xima segunda-feira - VerdadeOn\" \/>\n<meta property=\"og:description\" content=\"O an\u00fancio foi feito pela Prefeitura de Franca nesta quarta-feira, quando restri\u00e7\u00f5es acabaram em todo o estado Foi anunciado na tarde desta quarta-feira (3), pela Secretaria [\u2026]\" \/>\n<meta property=\"og:url\" content=\"https:\/\/verdadeon.com.br\/portal\/2021\/11\/03\/rede-municipal-de-ensino-retorna-com-100-de-aulas-presenciais-na-proxima-segunda-feira\/\" \/>\n<meta property=\"og:site_name\" content=\"VerdadeOn\" \/>\n<meta property=\"article:published_time\" content=\"2021-11-04T00:20:13+00:00\" \/>\n<meta property=\"og:image\" content=\"https:\/\/verdadeon.com.br\/portal\/wp-content\/uploads\/2020\/12\/fachada-creche-tropical-4.jpg\" \/>\n\t<meta property=\"og:image:width\" content=\"1000\" \/>\n\t<meta property=\"og:image:height\" content=\"670\" \/>\n\t<meta property=\"og:image:type\" content=\"image\/jpeg\" \/>\n<meta name=\"author\" content=\"Fernando Lima\" \/>\n<meta name=\"twitter:card\" content=\"summary_large_image\" \/>\n<meta name=\"twitter:label1\" content=\"Escrito por\" \/>\n\t<meta name=\"twitter:data1\" content=\"Fernando Lima\" \/>\n\t<meta name=\"twitter:label2\" content=\"Est. tempo de leitura\" \/>\n\t<meta name=\"twitter:data2\" content=\"2 minutos\" \/>\n<script type=\"application\/ld+json\" class=\"yoast-schema-graph\">{\"@context\":\"https:\/\/schema.org\",\"@graph\":[{\"@type\":\"WebPage\",\"@id\":\"https:\/\/verdadeon.com.br\/portal\/2021\/11\/03\/rede-municipal-de-ensino-retorna-com-100-de-aulas-presenciais-na-proxima-segunda-feira\/\",\"url\":\"https:\/\/verdadeon.com.br\/portal\/2021\/11\/03\/rede-municipal-de-ensino-retorna-com-100-de-aulas-presenciais-na-proxima-segunda-feira\/\",\"name\":\"Rede municipal de ensino retorna com 100% de aulas presenciais na pr\u00f3xima segunda-feira - VerdadeOn\",\"isPartOf\":{\"@id\":\"https:\/\/verdadeon.com.br\/portal\/#website\"},\"primaryImageOfPage\":{\"@id\":\"https:\/\/verdadeon.com.br\/portal\/2021\/11\/03\/rede-municipal-de-ensino-retorna-com-100-de-aulas-presenciais-na-proxima-segunda-feira\/#primaryimage\"},\"image\":{\"@id\":\"https:\/\/verdadeon.com.br\/portal\/2021\/11\/03\/rede-municipal-de-ensino-retorna-com-100-de-aulas-presenciais-na-proxima-segunda-feira\/#primaryimage\"},\"thumbnailUrl\":\"https:\/\/i0.wp.com\/verdadeon.com.br\/portal\/wp-content\/uploads\/2020\/12\/fachada-creche-tropical-4.jpg?fit=1000%2C670&ssl=1\",\"datePublished\":\"2021-11-04T00:20:13+00:00\",\"author\":{\"@id\":\"https:\/\/verdadeon.com.br\/portal\/#\/schema\/person\/cc32be22b8e8599387c480bc83e1d11a\"},\"breadcrumb\":{\"@id\":\"https:\/\/verdadeon.com.br\/portal\/2021\/11\/03\/rede-municipal-de-ensino-retorna-com-100-de-aulas-presenciais-na-proxima-segunda-feira\/#breadcrumb\"},\"inLanguage\":\"pt-BR\",\"potentialAction\":[{\"@type\":\"ReadAction\",\"target\":[\"https:\/\/verdadeon.com.br\/portal\/2021\/11\/03\/rede-municipal-de-ensino-retorna-com-100-de-aulas-presenciais-na-proxima-segunda-feira\/\"]}]},{\"@type\":\"ImageObject\",\"inLanguage\":\"pt-BR\",\"@id\":\"https:\/\/verdadeon.com.br\/portal\/2021\/11\/03\/rede-municipal-de-ensino-retorna-com-100-de-aulas-presenciais-na-proxima-segunda-feira\/#primaryimage\",\"url\":\"https:\/\/i0.wp.com\/verdadeon.com.br\/portal\/wp-content\/uploads\/2020\/12\/fachada-creche-tropical-4.jpg?fit=1000%2C670&ssl=1\",\"contentUrl\":\"https:\/\/i0.wp.com\/verdadeon.com.br\/portal\/wp-content\/uploads\/2020\/12\/fachada-creche-tropical-4.jpg?fit=1000%2C670&ssl=1\",\"width\":1000,\"height\":670,\"caption\":\"Mais de duas mil crian\u00e7as j\u00e1 foram imunizadas na campanha de multivacina\u00e7\u00e3o (\u00a9Jornal Verdade)\"},{\"@type\":\"BreadcrumbList\",\"@id\":\"https:\/\/verdadeon.com.br\/portal\/2021\/11\/03\/rede-municipal-de-ensino-retorna-com-100-de-aulas-presenciais-na-proxima-segunda-feira\/#breadcrumb\",\"itemListElement\":[{\"@type\":\"ListItem\",\"position\":1,\"name\":\"In\u00edcio\",\"item\":\"https:\/\/verdadeon.com.br\/portal\/\"},{\"@type\":\"ListItem\",\"position\":2,\"name\":\"Rede municipal de ensino retorna com 100% de aulas presenciais na pr\u00f3xima segunda-feira\"}]},{\"@type\":\"WebSite\",\"@id\":\"https:\/\/verdadeon.com.br\/portal\/#website\",\"url\":\"https:\/\/verdadeon.com.br\/portal\/\",\"name\":\"VerdadeOn\",\"description\":\"Not\u00edcias di\u00e1rias sobre Franca, Regi\u00e3o, Esporte, Cultura, Cotidiano, Colunas. Cobertura nos principais eventos da cidade \u00e9 aqui - Verdadeon Franca\",\"potentialAction\":[{\"@type\":\"SearchAction\",\"target\":{\"@type\":\"EntryPoint\",\"urlTemplate\":\"https:\/\/verdadeon.com.br\/portal\/?s={search_term_string}\"},\"query-input\":{\"@type\":\"PropertyValueSpecification\",\"valueRequired\":true,\"valueName\":\"search_term_string\"}}],\"inLanguage\":\"pt-BR\"},{\"@type\":\"Person\",\"@id\":\"https:\/\/verdadeon.com.br\/portal\/#\/schema\/person\/cc32be22b8e8599387c480bc83e1d11a\",\"name\":\"Fernando Lima\",\"image\":{\"@type\":\"ImageObject\",\"inLanguage\":\"pt-BR\",\"@id\":\"https:\/\/verdadeon.com.br\/portal\/#\/schema\/person\/image\/\",\"url\":\"https:\/\/secure.gravatar.com\/avatar\/df4c8e132080d2b3a4841d5d232045464e0eed11a1d6e43115ca0843d48768d3?s=96&d=mm&r=g\",\"contentUrl\":\"https:\/\/secure.gravatar.com\/avatar\/df4c8e132080d2b3a4841d5d232045464e0eed11a1d6e43115ca0843d48768d3?s=96&d=mm&r=g\",\"caption\":\"Fernando Lima\"},\"sameAs\":[\"http:\/\/verdadeon.com.br\/\"],\"url\":\"https:\/\/verdadeon.com.br\/portal\/author\/fernando-lima\/\"}]}<\/script>\n<!-- \/ Yoast SEO plugin. -->","yoast_head_json":{"title":"Rede municipal de ensino retorna com 100% de aulas presenciais na pr\u00f3xima segunda-feira - VerdadeOn","robots":{"index":"index","follow":"follow","max-snippet":"max-snippet:-1","max-image-preview":"max-image-preview:large","max-video-preview":"max-video-preview:-1"},"canonical":"https:\/\/verdadeon.com.br\/portal\/2021\/11\/03\/rede-municipal-de-ensino-retorna-com-100-de-aulas-presenciais-na-proxima-segunda-feira\/","og_locale":"pt_BR","og_type":"article","og_title":"Rede municipal de ensino retorna com 100% de aulas presenciais na pr\u00f3xima segunda-feira - VerdadeOn","og_description":"O an\u00fancio foi feito pela Prefeitura de Franca nesta quarta-feira, quando restri\u00e7\u00f5es acabaram em todo o estado Foi anunciado na tarde desta quarta-feira (3), pela Secretaria [\u2026]","og_url":"https:\/\/verdadeon.com.br\/portal\/2021\/11\/03\/rede-municipal-de-ensino-retorna-com-100-de-aulas-presenciais-na-proxima-segunda-feira\/","og_site_name":"VerdadeOn","article_published_time":"2021-11-04T00:20:13+00:00","og_image":[{"width":1000,"height":670,"url":"https:\/\/verdadeon.com.br\/portal\/wp-content\/uploads\/2020\/12\/fachada-creche-tropical-4.jpg","type":"image\/jpeg"}],"author":"Fernando Lima","twitter_card":"summary_large_image","twitter_misc":{"Escrito por":"Fernando Lima","Est. tempo de leitura":"2 minutos"},"schema":{"@context":"https:\/\/schema.org","@graph":[{"@type":"WebPage","@id":"https:\/\/verdadeon.com.br\/portal\/2021\/11\/03\/rede-municipal-de-ensino-retorna-com-100-de-aulas-presenciais-na-proxima-segunda-feira\/","url":"https:\/\/verdadeon.com.br\/portal\/2021\/11\/03\/rede-municipal-de-ensino-retorna-com-100-de-aulas-presenciais-na-proxima-segunda-feira\/","name":"Rede municipal de ensino retorna com 100% de aulas presenciais na pr\u00f3xima segunda-feira - VerdadeOn","isPartOf":{"@id":"https:\/\/verdadeon.com.br\/portal\/#website"},"primaryImageOfPage":{"@id":"https:\/\/verdadeon.com.br\/portal\/2021\/11\/03\/rede-municipal-de-ensino-retorna-com-100-de-aulas-presenciais-na-proxima-segunda-feira\/#primaryimage"},"image":{"@id":"https:\/\/verdadeon.com.br\/portal\/2021\/11\/03\/rede-municipal-de-ensino-retorna-com-100-de-aulas-presenciais-na-proxima-segunda-feira\/#primaryimage"},"thumbnailUrl":"https:\/\/i0.wp.com\/verdadeon.com.br\/portal\/wp-content\/uploads\/2020\/12\/fachada-creche-tropical-4.jpg?fit=1000%2C670&ssl=1","datePublished":"2021-11-04T00:20:13+00:00","author":{"@id":"https:\/\/verdadeon.com.br\/portal\/#\/schema\/person\/cc32be22b8e8599387c480bc83e1d11a"},"breadcrumb":{"@id":"https:\/\/verdadeon.com.br\/portal\/2021\/11\/03\/rede-municipal-de-ensino-retorna-com-100-de-aulas-presenciais-na-proxima-segunda-feira\/#breadcrumb"},"inLanguage":"pt-BR","potentialAction":[{"@type":"ReadAction","target":["https:\/\/verdadeon.com.br\/portal\/2021\/11\/03\/rede-municipal-de-ensino-retorna-com-100-de-aulas-presenciais-na-proxima-segunda-feira\/"]}]},{"@type":"ImageObject","inLanguage":"pt-BR","@id":"https:\/\/verdadeon.com.br\/portal\/2021\/11\/03\/rede-municipal-de-ensino-retorna-com-100-de-aulas-presenciais-na-proxima-segunda-feira\/#primaryimage","url":"https:\/\/i0.wp.com\/verdadeon.com.br\/portal\/wp-content\/uploads\/2020\/12\/fachada-creche-tropical-4.jpg?fit=1000%2C670&ssl=1","contentUrl":"https:\/\/i0.wp.com\/verdadeon.com.br\/portal\/wp-content\/uploads\/2020\/12\/fachada-creche-tropical-4.jpg?fit=1000%2C670&ssl=1","width":1000,"height":670,"caption":"Mais de duas mil crian\u00e7as j\u00e1 foram imunizadas na campanha de multivacina\u00e7\u00e3o (\u00a9Jornal Verdade)"},{"@type":"BreadcrumbList","@id":"https:\/\/verdadeon.com.br\/portal\/2021\/11\/03\/rede-municipal-de-ensino-retorna-com-100-de-aulas-presenciais-na-proxima-segunda-feira\/#breadcrumb","itemListElement":[{"@type":"ListItem","position":1,"name":"In\u00edcio","item":"https:\/\/verdadeon.com.br\/portal\/"},{"@type":"ListItem","position":2,"name":"Rede municipal de ensino retorna com 100% de aulas presenciais na pr\u00f3xima segunda-feira"}]},{"@type":"WebSite","@id":"https:\/\/verdadeon.com.br\/portal\/#website","url":"https:\/\/verdadeon.com.br\/portal\/","name":"VerdadeOn","description":"Not\u00edcias di\u00e1rias sobre Franca, Regi\u00e3o, Esporte, Cultura, Cotidiano, Colunas. Cobertura nos principais eventos da cidade \u00e9 aqui - Verdadeon Franca","potentialAction":[{"@type":"SearchAction","target":{"@type":"EntryPoint","urlTemplate":"https:\/\/verdadeon.com.br\/portal\/?s={search_term_string}"},"query-input":{"@type":"PropertyValueSpecification","valueRequired":true,"valueName":"search_term_string"}}],"inLanguage":"pt-BR"},{"@type":"Person","@id":"https:\/\/verdadeon.com.br\/portal\/#\/schema\/person\/cc32be22b8e8599387c480bc83e1d11a","name":"Fernando Lima","image":{"@type":"ImageObject","inLanguage":"pt-BR","@id":"https:\/\/verdadeon.com.br\/portal\/#\/schema\/person\/image\/","url":"https:\/\/secure.gravatar.com\/avatar\/df4c8e132080d2b3a4841d5d232045464e0eed11a1d6e43115ca0843d48768d3?s=96&d=mm&r=g","contentUrl":"https:\/\/secure.gravatar.com\/avatar\/df4c8e132080d2b3a4841d5d232045464e0eed11a1d6e43115ca0843d48768d3?s=96&d=mm&r=g","caption":"Fernando Lima"},"sameAs":["http:\/\/verdadeon.com.br\/"],"url":"https:\/\/verdadeon.com.br\/portal\/author\/fernando-lima\/"}]}},"jetpack_publicize_connections":[],"jetpack_featured_media_url":"https:\/\/i0.wp.com\/verdadeon.com.br\/portal\/wp-content\/uploads\/2020\/12\/fachada-creche-tropical-4.jpg?fit=1000%2C670&ssl=1","jetpack_sharing_enabled":true,"_links":{"self":[{"href":"https:\/\/verdadeon.com.br\/portal\/wp-json\/wp\/v2\/posts\/20759","targetHints":{"allow":["GET"]}}],"collection":[{"href":"https:\/\/verdadeon.com.br\/portal\/wp-json\/wp\/v2\/posts"}],"about":[{"href":"https:\/\/verdadeon.com.br\/portal\/wp-json\/wp\/v2\/types\/post"}],"author":[{"embeddable":true,"href":"https:\/\/verdadeon.com.br\/portal\/wp-json\/wp\/v2\/users\/7"}],"replies":[{"embeddable":true,"href":"https:\/\/verdadeon.com.br\/portal\/wp-json\/wp\/v2\/comments?post=20759"}],"version-history":[{"count":0,"href":"https:\/\/verdadeon.com.br\/portal\/wp-json\/wp\/v2\/posts\/20759\/revisions"}],"wp:featuredmedia":[{"embeddable":true,"href":"https:\/\/verdadeon.com.br\/portal\/wp-json\/wp\/v2\/media\/12921"}],"wp:attachment":[{"href":"https:\/\/verdadeon.com.br\/portal\/wp-json\/wp\/v2\/media?parent=20759"}],"wp:term":[{"taxonomy":"category","embeddable":true,"href":"https:\/\/verdadeon.com.br\/portal\/wp-json\/wp\/v2\/categories?post=20759"},{"taxonomy":"post_tag","embeddable":true,"href":"https:\/\/verdadeon.com.br\/portal\/wp-json\/wp\/v2\/tags?post=20759"}],"curies":[{"name":"wp","href":"https:\/\/api.w.org\/{rel}","templated":true}]}}