{"id":20751,"date":"2021-11-03T17:37:05","date_gmt":"2021-11-03T20:37:05","guid":{"rendered":"https:\/\/verdadeon.com.br\/portal\/?p=20751"},"modified":"2021-11-03T17:37:05","modified_gmt":"2021-11-03T20:37:05","slug":"homem-e-multado-pela-policia-ambiental-pescando-ilegalmente-durante-piracema","status":"publish","type":"post","link":"https:\/\/verdadeon.com.br\/portal\/2021\/11\/03\/homem-e-multado-pela-policia-ambiental-pescando-ilegalmente-durante-piracema\/","title":{"rendered":"Homem \u00e9 multado pela Pol\u00edcia Ambiental pescando ilegalmente durante Piracema"},"content":{"rendered":"<h2>Caso foi registrado em Aramina, na regi\u00e3o de Franca, homem foi multado em mais de R$ 1.000<\/h2>\n<p>Desde o dia primeiro de novembro foi dado o in\u00edcio do per\u00edodo da Piracema, que segundo a Pol\u00edcia Ambiental \u00e9 o per\u00edodo mais importante para a reprodu\u00e7\u00e3o dos peixes, quando eles se deslocam at\u00e9 a cabeceira dos rios para fazer a desova.<\/p>\n<p>A piracema no estado de S\u00e3o Paulo vai de 1\u00ba de novembro a 28 de fevereiro, per\u00edodo este que a pesca fica restrita.<\/p>\n<p>No primeiro dia dessa restri\u00e7\u00e3o, logo nas primeiras horas do dia, uma equipe da Policia Militar Ambiental durante policiamento n\u00e1utico, flagrou com uma ocorr\u00eancia de pesca, e autuou infrator por pescar com petrecho n\u00e3o permitido. Ele foi multado em R$ 1.025,20.<\/p>\n<p>A equipe avistou as redes dispostas no ambiente aqu\u00e1tico, na modalidade de espera amarradas em estacas de madeiras pr\u00f3ximas a margem do reservat\u00f3rio, na \u00e1rea rural do munic\u00edpio de Aramina\/SP.<\/p>\n<p>Quando os militares se aproximaram o propriet\u00e1rio se apresentou afirmando que \u00e9 pescador profissional. Foi constatada a exist\u00eancia de quatro redes confeccionadas em nylon, totalizando 58 metros de comprimento, e \u00a0mais de um quilo de peixes capturados, das esp\u00e9cies tucunar\u00e9, piau tr\u00eas pintas e piranha.<\/p>\n<p>Diante isso o homem foi autuado administrativamente por pescar mediante petrecho n\u00e3o permitido, conforme Auto de Infra\u00e7\u00e3o Ambiental por incorrer no par\u00e1grafo 1\u00b0, inciso II do art. 35 da Resolu\u00e7\u00e3o SIMA 05\/2021. A san\u00e7\u00e3o aplicada \u00e9 multa simples valorada em R$ 1.025,20.<\/p>\n<p>As redes foram apreendidas e acondicionadas no almoxarifado da Base Operacional de Ituverava, e os peixes foram descartados por estarem impr\u00f3prios para o consumo humano.<\/p>\n<p>\u201cVale lembrar que a pesca com a utiliza\u00e7\u00e3o de rede de emalhar \u00e9 proibida para o pescador profissional durante o per\u00edodo da Piracema, item este n\u00e3o descrito no artigo 7\u00b0 da Instru\u00e7\u00e3o Normativa 25\/2009. O infrator in tese infringiu na esfera penal o par\u00e1grafo \u00fanico, inciso II do artigo 34 da Lei Federal 9.605\/98\u201d, informou a Ambiental.<\/p>\n","protected":false},"excerpt":{"rendered":"<p>Caso foi registrado em Aramina, na regi\u00e3o de Franca, homem foi multado em mais de R$ 1.000 Desde o dia primeiro de novembro foi dado o<span class=\"excerpt-hellip\"> [\u2026]<\/span><\/p>\n","protected":false},"author":7,"featured_media":20753,"comment_status":"open","ping_status":"open","sticky":false,"template":"","format":"standard","meta":{"_jetpack_memberships_contains_paid_content":false,"footnotes":"","jetpack_publicize_message":"","jetpack_publicize_feature_enabled":true,"jetpack_social_post_already_shared":false,"jetpack_social_options":{"image_generator_settings":{"template":"highway","default_image_id":0,"enabled":false},"version":2}},"categories":[28,44],"tags":[],"class_list":["post-20751","post","type-post","status-publish","format-standard","has-post-thumbnail","hentry","category-cotidiano","category-noticias"],"yoast_head":"<!-- This site is optimized with the Yoast SEO plugin v25.6 - https:\/\/yoast.com\/wordpress\/plugins\/seo\/ -->\n<title>Homem \u00e9 multado pela Pol\u00edcia Ambiental pescando ilegalmente durante Piracema - VerdadeOn<\/title>\n<meta name=\"robots\" content=\"index, follow, max-snippet:-1, max-image-preview:large, max-video-preview:-1\" \/>\n<link rel=\"canonical\" href=\"https:\/\/verdadeon.com.br\/portal\/2021\/11\/03\/homem-e-multado-pela-policia-ambiental-pescando-ilegalmente-durante-piracema\/\" \/>\n<meta property=\"og:locale\" content=\"pt_BR\" \/>\n<meta property=\"og:type\" content=\"article\" \/>\n<meta property=\"og:title\" content=\"Homem \u00e9 multado pela Pol\u00edcia Ambiental pescando ilegalmente durante Piracema - VerdadeOn\" \/>\n<meta property=\"og:description\" content=\"Caso foi registrado em Aramina, na regi\u00e3o de Franca, homem foi multado em mais de R$ 1.000 Desde o dia primeiro de novembro foi dado o [\u2026]\" \/>\n<meta property=\"og:url\" content=\"https:\/\/verdadeon.com.br\/portal\/2021\/11\/03\/homem-e-multado-pela-policia-ambiental-pescando-ilegalmente-durante-piracema\/\" \/>\n<meta property=\"og:site_name\" content=\"VerdadeOn\" \/>\n<meta property=\"article:published_time\" content=\"2021-11-03T20:37:05+00:00\" \/>\n<meta property=\"og:image\" content=\"https:\/\/verdadeon.com.br\/portal\/wp-content\/uploads\/2021\/11\/PEIXES.png\" \/>\n\t<meta property=\"og:image:width\" content=\"1152\" \/>\n\t<meta property=\"og:image:height\" content=\"864\" \/>\n\t<meta property=\"og:image:type\" content=\"image\/png\" \/>\n<meta name=\"author\" content=\"Fernando Lima\" \/>\n<meta name=\"twitter:card\" content=\"summary_large_image\" \/>\n<meta name=\"twitter:label1\" content=\"Escrito por\" \/>\n\t<meta name=\"twitter:data1\" content=\"Fernando Lima\" \/>\n\t<meta name=\"twitter:label2\" content=\"Est. tempo de leitura\" \/>\n\t<meta name=\"twitter:data2\" content=\"2 minutos\" \/>\n<script type=\"application\/ld+json\" class=\"yoast-schema-graph\">{\"@context\":\"https:\/\/schema.org\",\"@graph\":[{\"@type\":\"WebPage\",\"@id\":\"https:\/\/verdadeon.com.br\/portal\/2021\/11\/03\/homem-e-multado-pela-policia-ambiental-pescando-ilegalmente-durante-piracema\/\",\"url\":\"https:\/\/verdadeon.com.br\/portal\/2021\/11\/03\/homem-e-multado-pela-policia-ambiental-pescando-ilegalmente-durante-piracema\/\",\"name\":\"Homem \u00e9 multado pela Pol\u00edcia Ambiental pescando ilegalmente durante Piracema - VerdadeOn\",\"isPartOf\":{\"@id\":\"https:\/\/verdadeon.com.br\/portal\/#website\"},\"primaryImageOfPage\":{\"@id\":\"https:\/\/verdadeon.com.br\/portal\/2021\/11\/03\/homem-e-multado-pela-policia-ambiental-pescando-ilegalmente-durante-piracema\/#primaryimage\"},\"image\":{\"@id\":\"https:\/\/verdadeon.com.br\/portal\/2021\/11\/03\/homem-e-multado-pela-policia-ambiental-pescando-ilegalmente-durante-piracema\/#primaryimage\"},\"thumbnailUrl\":\"https:\/\/i0.wp.com\/verdadeon.com.br\/portal\/wp-content\/uploads\/2021\/11\/PEIXES.png?fit=1152%2C864&ssl=1\",\"datePublished\":\"2021-11-03T20:37:05+00:00\",\"author\":{\"@id\":\"https:\/\/verdadeon.com.br\/portal\/#\/schema\/person\/cc32be22b8e8599387c480bc83e1d11a\"},\"breadcrumb\":{\"@id\":\"https:\/\/verdadeon.com.br\/portal\/2021\/11\/03\/homem-e-multado-pela-policia-ambiental-pescando-ilegalmente-durante-piracema\/#breadcrumb\"},\"inLanguage\":\"pt-BR\",\"potentialAction\":[{\"@type\":\"ReadAction\",\"target\":[\"https:\/\/verdadeon.com.br\/portal\/2021\/11\/03\/homem-e-multado-pela-policia-ambiental-pescando-ilegalmente-durante-piracema\/\"]}]},{\"@type\":\"ImageObject\",\"inLanguage\":\"pt-BR\",\"@id\":\"https:\/\/verdadeon.com.br\/portal\/2021\/11\/03\/homem-e-multado-pela-policia-ambiental-pescando-ilegalmente-durante-piracema\/#primaryimage\",\"url\":\"https:\/\/i0.wp.com\/verdadeon.com.br\/portal\/wp-content\/uploads\/2021\/11\/PEIXES.png?fit=1152%2C864&ssl=1\",\"contentUrl\":\"https:\/\/i0.wp.com\/verdadeon.com.br\/portal\/wp-content\/uploads\/2021\/11\/PEIXES.png?fit=1152%2C864&ssl=1\",\"width\":1152,\"height\":864,\"caption\":\"Peixes foram descartados por n\u00e3o estarem pr\u00f3prios para o consumo humano | Foto: Pol\u00edcia Ambiental\"},{\"@type\":\"BreadcrumbList\",\"@id\":\"https:\/\/verdadeon.com.br\/portal\/2021\/11\/03\/homem-e-multado-pela-policia-ambiental-pescando-ilegalmente-durante-piracema\/#breadcrumb\",\"itemListElement\":[{\"@type\":\"ListItem\",\"position\":1,\"name\":\"In\u00edcio\",\"item\":\"https:\/\/verdadeon.com.br\/portal\/\"},{\"@type\":\"ListItem\",\"position\":2,\"name\":\"Homem \u00e9 multado pela Pol\u00edcia Ambiental pescando ilegalmente durante Piracema\"}]},{\"@type\":\"WebSite\",\"@id\":\"https:\/\/verdadeon.com.br\/portal\/#website\",\"url\":\"https:\/\/verdadeon.com.br\/portal\/\",\"name\":\"VerdadeOn\",\"description\":\"Not\u00edcias di\u00e1rias sobre Franca, Regi\u00e3o, Esporte, Cultura, Cotidiano, Colunas. Cobertura nos principais eventos da cidade \u00e9 aqui - Verdadeon Franca\",\"potentialAction\":[{\"@type\":\"SearchAction\",\"target\":{\"@type\":\"EntryPoint\",\"urlTemplate\":\"https:\/\/verdadeon.com.br\/portal\/?s={search_term_string}\"},\"query-input\":{\"@type\":\"PropertyValueSpecification\",\"valueRequired\":true,\"valueName\":\"search_term_string\"}}],\"inLanguage\":\"pt-BR\"},{\"@type\":\"Person\",\"@id\":\"https:\/\/verdadeon.com.br\/portal\/#\/schema\/person\/cc32be22b8e8599387c480bc83e1d11a\",\"name\":\"Fernando Lima\",\"image\":{\"@type\":\"ImageObject\",\"inLanguage\":\"pt-BR\",\"@id\":\"https:\/\/verdadeon.com.br\/portal\/#\/schema\/person\/image\/\",\"url\":\"https:\/\/secure.gravatar.com\/avatar\/df4c8e132080d2b3a4841d5d232045464e0eed11a1d6e43115ca0843d48768d3?s=96&d=mm&r=g\",\"contentUrl\":\"https:\/\/secure.gravatar.com\/avatar\/df4c8e132080d2b3a4841d5d232045464e0eed11a1d6e43115ca0843d48768d3?s=96&d=mm&r=g\",\"caption\":\"Fernando Lima\"},\"sameAs\":[\"http:\/\/verdadeon.com.br\/\"],\"url\":\"https:\/\/verdadeon.com.br\/portal\/author\/fernando-lima\/\"}]}<\/script>\n<!-- \/ Yoast SEO plugin. -->","yoast_head_json":{"title":"Homem \u00e9 multado pela Pol\u00edcia Ambiental pescando ilegalmente durante Piracema - VerdadeOn","robots":{"index":"index","follow":"follow","max-snippet":"max-snippet:-1","max-image-preview":"max-image-preview:large","max-video-preview":"max-video-preview:-1"},"canonical":"https:\/\/verdadeon.com.br\/portal\/2021\/11\/03\/homem-e-multado-pela-policia-ambiental-pescando-ilegalmente-durante-piracema\/","og_locale":"pt_BR","og_type":"article","og_title":"Homem \u00e9 multado pela Pol\u00edcia Ambiental pescando ilegalmente durante Piracema - VerdadeOn","og_description":"Caso foi registrado em Aramina, na regi\u00e3o de Franca, homem foi multado em mais de R$ 1.000 Desde o dia primeiro de novembro foi dado o [\u2026]","og_url":"https:\/\/verdadeon.com.br\/portal\/2021\/11\/03\/homem-e-multado-pela-policia-ambiental-pescando-ilegalmente-durante-piracema\/","og_site_name":"VerdadeOn","article_published_time":"2021-11-03T20:37:05+00:00","og_image":[{"width":1152,"height":864,"url":"https:\/\/verdadeon.com.br\/portal\/wp-content\/uploads\/2021\/11\/PEIXES.png","type":"image\/png"}],"author":"Fernando Lima","twitter_card":"summary_large_image","twitter_misc":{"Escrito por":"Fernando Lima","Est. tempo de leitura":"2 minutos"},"schema":{"@context":"https:\/\/schema.org","@graph":[{"@type":"WebPage","@id":"https:\/\/verdadeon.com.br\/portal\/2021\/11\/03\/homem-e-multado-pela-policia-ambiental-pescando-ilegalmente-durante-piracema\/","url":"https:\/\/verdadeon.com.br\/portal\/2021\/11\/03\/homem-e-multado-pela-policia-ambiental-pescando-ilegalmente-durante-piracema\/","name":"Homem \u00e9 multado pela Pol\u00edcia Ambiental pescando ilegalmente durante Piracema - VerdadeOn","isPartOf":{"@id":"https:\/\/verdadeon.com.br\/portal\/#website"},"primaryImageOfPage":{"@id":"https:\/\/verdadeon.com.br\/portal\/2021\/11\/03\/homem-e-multado-pela-policia-ambiental-pescando-ilegalmente-durante-piracema\/#primaryimage"},"image":{"@id":"https:\/\/verdadeon.com.br\/portal\/2021\/11\/03\/homem-e-multado-pela-policia-ambiental-pescando-ilegalmente-durante-piracema\/#primaryimage"},"thumbnailUrl":"https:\/\/i0.wp.com\/verdadeon.com.br\/portal\/wp-content\/uploads\/2021\/11\/PEIXES.png?fit=1152%2C864&ssl=1","datePublished":"2021-11-03T20:37:05+00:00","author":{"@id":"https:\/\/verdadeon.com.br\/portal\/#\/schema\/person\/cc32be22b8e8599387c480bc83e1d11a"},"breadcrumb":{"@id":"https:\/\/verdadeon.com.br\/portal\/2021\/11\/03\/homem-e-multado-pela-policia-ambiental-pescando-ilegalmente-durante-piracema\/#breadcrumb"},"inLanguage":"pt-BR","potentialAction":[{"@type":"ReadAction","target":["https:\/\/verdadeon.com.br\/portal\/2021\/11\/03\/homem-e-multado-pela-policia-ambiental-pescando-ilegalmente-durante-piracema\/"]}]},{"@type":"ImageObject","inLanguage":"pt-BR","@id":"https:\/\/verdadeon.com.br\/portal\/2021\/11\/03\/homem-e-multado-pela-policia-ambiental-pescando-ilegalmente-durante-piracema\/#primaryimage","url":"https:\/\/i0.wp.com\/verdadeon.com.br\/portal\/wp-content\/uploads\/2021\/11\/PEIXES.png?fit=1152%2C864&ssl=1","contentUrl":"https:\/\/i0.wp.com\/verdadeon.com.br\/portal\/wp-content\/uploads\/2021\/11\/PEIXES.png?fit=1152%2C864&ssl=1","width":1152,"height":864,"caption":"Peixes foram descartados por n\u00e3o estarem pr\u00f3prios para o consumo humano | Foto: Pol\u00edcia Ambiental"},{"@type":"BreadcrumbList","@id":"https:\/\/verdadeon.com.br\/portal\/2021\/11\/03\/homem-e-multado-pela-policia-ambiental-pescando-ilegalmente-durante-piracema\/#breadcrumb","itemListElement":[{"@type":"ListItem","position":1,"name":"In\u00edcio","item":"https:\/\/verdadeon.com.br\/portal\/"},{"@type":"ListItem","position":2,"name":"Homem \u00e9 multado pela Pol\u00edcia Ambiental pescando ilegalmente durante Piracema"}]},{"@type":"WebSite","@id":"https:\/\/verdadeon.com.br\/portal\/#website","url":"https:\/\/verdadeon.com.br\/portal\/","name":"VerdadeOn","description":"Not\u00edcias di\u00e1rias sobre Franca, Regi\u00e3o, Esporte, Cultura, Cotidiano, Colunas. Cobertura nos principais eventos da cidade \u00e9 aqui - Verdadeon Franca","potentialAction":[{"@type":"SearchAction","target":{"@type":"EntryPoint","urlTemplate":"https:\/\/verdadeon.com.br\/portal\/?s={search_term_string}"},"query-input":{"@type":"PropertyValueSpecification","valueRequired":true,"valueName":"search_term_string"}}],"inLanguage":"pt-BR"},{"@type":"Person","@id":"https:\/\/verdadeon.com.br\/portal\/#\/schema\/person\/cc32be22b8e8599387c480bc83e1d11a","name":"Fernando Lima","image":{"@type":"ImageObject","inLanguage":"pt-BR","@id":"https:\/\/verdadeon.com.br\/portal\/#\/schema\/person\/image\/","url":"https:\/\/secure.gravatar.com\/avatar\/df4c8e132080d2b3a4841d5d232045464e0eed11a1d6e43115ca0843d48768d3?s=96&d=mm&r=g","contentUrl":"https:\/\/secure.gravatar.com\/avatar\/df4c8e132080d2b3a4841d5d232045464e0eed11a1d6e43115ca0843d48768d3?s=96&d=mm&r=g","caption":"Fernando Lima"},"sameAs":["http:\/\/verdadeon.com.br\/"],"url":"https:\/\/verdadeon.com.br\/portal\/author\/fernando-lima\/"}]}},"jetpack_publicize_connections":[],"jetpack_featured_media_url":"https:\/\/i0.wp.com\/verdadeon.com.br\/portal\/wp-content\/uploads\/2021\/11\/PEIXES.png?fit=1152%2C864&ssl=1","jetpack_sharing_enabled":true,"_links":{"self":[{"href":"https:\/\/verdadeon.com.br\/portal\/wp-json\/wp\/v2\/posts\/20751","targetHints":{"allow":["GET"]}}],"collection":[{"href":"https:\/\/verdadeon.com.br\/portal\/wp-json\/wp\/v2\/posts"}],"about":[{"href":"https:\/\/verdadeon.com.br\/portal\/wp-json\/wp\/v2\/types\/post"}],"author":[{"embeddable":true,"href":"https:\/\/verdadeon.com.br\/portal\/wp-json\/wp\/v2\/users\/7"}],"replies":[{"embeddable":true,"href":"https:\/\/verdadeon.com.br\/portal\/wp-json\/wp\/v2\/comments?post=20751"}],"version-history":[{"count":0,"href":"https:\/\/verdadeon.com.br\/portal\/wp-json\/wp\/v2\/posts\/20751\/revisions"}],"wp:featuredmedia":[{"embeddable":true,"href":"https:\/\/verdadeon.com.br\/portal\/wp-json\/wp\/v2\/media\/20753"}],"wp:attachment":[{"href":"https:\/\/verdadeon.com.br\/portal\/wp-json\/wp\/v2\/media?parent=20751"}],"wp:term":[{"taxonomy":"category","embeddable":true,"href":"https:\/\/verdadeon.com.br\/portal\/wp-json\/wp\/v2\/categories?post=20751"},{"taxonomy":"post_tag","embeddable":true,"href":"https:\/\/verdadeon.com.br\/portal\/wp-json\/wp\/v2\/tags?post=20751"}],"curies":[{"name":"wp","href":"https:\/\/api.w.org\/{rel}","templated":true}]}}