{"id":20740,"date":"2021-11-03T16:24:13","date_gmt":"2021-11-03T19:24:13","guid":{"rendered":"https:\/\/verdadeon.com.br\/portal\/?p=20740"},"modified":"2021-11-03T16:36:02","modified_gmt":"2021-11-03T19:36:02","slug":"dono-de-empresa-responsavel-por-treinamento-em-gruta-de-altinopolis-sera-ouvido-pela-policia-na-sexta","status":"publish","type":"post","link":"https:\/\/verdadeon.com.br\/portal\/2021\/11\/03\/dono-de-empresa-responsavel-por-treinamento-em-gruta-de-altinopolis-sera-ouvido-pela-policia-na-sexta\/","title":{"rendered":"Dono de empresa respons\u00e1vel por treinamento em gruta de Altin\u00f3polis ser\u00e1 ouvido pela pol\u00edcia na sexta"},"content":{"rendered":"<h2>A defesa do empres\u00e1rio pediu o adiamento do depoimento, o que foi atendido pela Pol\u00edcia Civil de Ribeir\u00e3o Preto<\/h2>\n<p>A Pol\u00edcia Civil de Ribeir\u00e3o Preto vai ouvir na pr\u00f3xima sexta-feira (5), o dono da escola \u201cReal Life\u201d, que prestava o servi\u00e7o de treinamento para os nove Bombeiros Civis, que morreram ap\u00f3s o teto da \u201cGruta Duas Bocas\u201d desabar na madrugada de domingo (31), em Altin\u00f3polis.<\/p>\n<p>A princ\u00edpio o empres\u00e1rio Sebasti\u00e3o Abreu, seria ouvido no in\u00edcio da semana, mas a defesa dele pediu que o depoimento fosse adiado, o que foi atendido pelo delegado Rodrigo Salvino, chefe das investiga\u00e7\u00f5es.<\/p>\n<p>O inqu\u00e9rito da P.C. investiga principalmente se houve neglig\u00eancia e se o acidente poderia ter sido evitado, j\u00e1 que as condi\u00e7\u00f5es clim\u00e1ticas eram desfavor\u00e1veis quando o treinamento teve in\u00edcio, ainda na noite de s\u00e1bado, horas antes da trag\u00e9dia. O inqu\u00e9rito deve ficar pronto em at\u00e9 30 dias, e testemunhas, sobreviventes tamb\u00e9m devem ser ouvidos.<\/p>\n<h4>Vers\u00e3o<\/h4>\n<p>Em nota a empresa \u201cReal Life\u201d, informou que tinha realizado uma an\u00e1lise de risco da gruta no dia 26 de outubro, ou seja, cinco dias antes do acidente que terminou com as mortes.<\/p>\n<p>Ainda segundo a empresa, no s\u00e1bado (30), por volta das 17h, os bombeiros civis e os instrutores chegaram at\u00e9 a gruta, momento em que n\u00e3o havia chuva e que por isso foi realizada uma nova an\u00e1lise de risco para entrar no local.<\/p>\n<p>A \u201cReal Life\u201d esclareceu tamb\u00e9m que o treinamento n\u00e3o era feito dentro da gruta totalmente. \u201cNo fat\u00eddico dia por volta das 20h, come\u00e7ou a chover muito forte, momento no qual os instrutores decidiram por cancelar o treinamento, pois era necess\u00e1rio esperar a chuva passar para poder subir com os equipamentos. Assim, decidiram descansar. Por volta das 00:40h, a gruta cedeu em cima dos bombeiros. A empresa ficou sabendo por volta das 01:40h da madrugada do dia 31, atrav\u00e9s de um sobrevivente, Rafael Sordi que \u00e9 instrutor de Ribeir\u00e3o Preto, momento em que a Real Life Treinamentos, prestou toda a assist\u00eancia junto ao aux\u00edlio das v\u00edtimas e familiares\u201d, informou.<\/p>\n<p>A empresa encerrou a nota afirmando que est\u00e1 realizando sindic\u00e2ncia interna para apurar eventuais erros e se coloca a disposi\u00e7\u00e3o da fam\u00edlia e dos \u00f3rg\u00e3os respons\u00e1veis para ajudar a elucidar o ocorrido, bem como est\u00e1 prestando aux\u00edlio aos familiares dos envolvidos.<\/p>\n<h4>Interdi\u00e7\u00e3o<\/h4>\n<p>Desde o dia do acidente a Prefeitura de Altin\u00f3polis interditou as grutas da regi\u00e3o, entre elas as principais, a do Itamb\u00e9 e tamb\u00e9m a Duas Bocas. De acordo com o comunicado foi solicitado ao Instituto de Pesquisa Tecnol\u00f3gica e Defesa Civil do Estado de S\u00e3o Paulo, uma vistoria t\u00e9cnica no local, a fim de garantir a seguran\u00e7a de todos. Apesar do comunicado, ainda n\u00e3o h\u00e1 uma data espec\u00edfica para que esta vistoria aconte\u00e7a e nem para que as visitas voltem a ser realizadas.<\/p>\n<h4>O acidente<\/h4>\n<p>Foi na madrugada de domingo (31), que o teto da Gruta Duas Bocas desabou durante treinamento de bombeiros civis, a maioria deles de Batatais. Segundo os bombeiros, 10 v\u00edtimas ficaram soterradas, nove delas morreram antes da chegada do socorro. Dois sobreviventes seguem internados.<\/p>\n<p>O resgate das v\u00edtimas durou o domingo inteiro, a situa\u00e7\u00e3o repercutiu no pa\u00eds todo e o vel\u00f3rio e enterro das v\u00edtimas causou luto e como\u00e7\u00e3o em toda a regi\u00e3o.<\/p>\n<p>Dos nove mortos, seis foram enterrados em Batatais, outra v\u00edtima em Altin\u00f3polis, uma em Sales Oliveira, e a \u00faltima em Minas Gerais, na cidade de Monte Santo de Minas.<\/p>\n","protected":false},"excerpt":{"rendered":"<p>A defesa do empres\u00e1rio pediu o adiamento do depoimento, o que foi atendido pela Pol\u00edcia Civil de Ribeir\u00e3o Preto A Pol\u00edcia Civil de Ribeir\u00e3o Preto vai<span class=\"excerpt-hellip\"> [\u2026]<\/span><\/p>\n","protected":false},"author":7,"featured_media":20741,"comment_status":"open","ping_status":"open","sticky":false,"template":"","format":"standard","meta":{"_jetpack_memberships_contains_paid_content":false,"footnotes":"","jetpack_publicize_message":"","jetpack_publicize_feature_enabled":true,"jetpack_social_post_already_shared":false,"jetpack_social_options":{"image_generator_settings":{"template":"highway","default_image_id":0,"enabled":false},"version":2}},"categories":[28,81],"tags":[],"class_list":["post-20740","post","type-post","status-publish","format-standard","has-post-thumbnail","hentry","category-cotidiano","category-manchete"],"yoast_head":"<!-- This site is optimized with the Yoast SEO plugin v25.6 - https:\/\/yoast.com\/wordpress\/plugins\/seo\/ -->\n<title>Dono de empresa respons\u00e1vel por treinamento em gruta de Altin\u00f3polis ser\u00e1 ouvido pela pol\u00edcia na sexta - VerdadeOn<\/title>\n<meta name=\"robots\" content=\"index, follow, max-snippet:-1, max-image-preview:large, max-video-preview:-1\" \/>\n<link rel=\"canonical\" href=\"https:\/\/verdadeon.com.br\/portal\/2021\/11\/03\/dono-de-empresa-responsavel-por-treinamento-em-gruta-de-altinopolis-sera-ouvido-pela-policia-na-sexta\/\" \/>\n<meta property=\"og:locale\" content=\"pt_BR\" \/>\n<meta property=\"og:type\" content=\"article\" \/>\n<meta property=\"og:title\" content=\"Dono de empresa respons\u00e1vel por treinamento em gruta de Altin\u00f3polis ser\u00e1 ouvido pela pol\u00edcia na sexta - VerdadeOn\" \/>\n<meta property=\"og:description\" content=\"A defesa do empres\u00e1rio pediu o adiamento do depoimento, o que foi atendido pela Pol\u00edcia Civil de Ribeir\u00e3o Preto A Pol\u00edcia Civil de Ribeir\u00e3o Preto vai [\u2026]\" \/>\n<meta property=\"og:url\" content=\"https:\/\/verdadeon.com.br\/portal\/2021\/11\/03\/dono-de-empresa-responsavel-por-treinamento-em-gruta-de-altinopolis-sera-ouvido-pela-policia-na-sexta\/\" \/>\n<meta property=\"og:site_name\" content=\"VerdadeOn\" \/>\n<meta property=\"article:published_time\" content=\"2021-11-03T19:24:13+00:00\" \/>\n<meta property=\"article:modified_time\" content=\"2021-11-03T19:36:02+00:00\" \/>\n<meta property=\"og:image\" content=\"https:\/\/verdadeon.com.br\/portal\/wp-content\/uploads\/2021\/11\/DEFESA-CIVIL-e1635967392366.jpg\" \/>\n\t<meta property=\"og:image:width\" content=\"999\" \/>\n\t<meta property=\"og:image:height\" content=\"669\" \/>\n\t<meta property=\"og:image:type\" content=\"image\/jpeg\" \/>\n<meta name=\"author\" content=\"Fernando Lima\" \/>\n<meta name=\"twitter:card\" content=\"summary_large_image\" \/>\n<meta name=\"twitter:label1\" content=\"Escrito por\" \/>\n\t<meta name=\"twitter:data1\" content=\"Fernando Lima\" \/>\n\t<meta name=\"twitter:label2\" content=\"Est. tempo de leitura\" \/>\n\t<meta name=\"twitter:data2\" content=\"3 minutos\" \/>\n<script type=\"application\/ld+json\" class=\"yoast-schema-graph\">{\"@context\":\"https:\/\/schema.org\",\"@graph\":[{\"@type\":\"WebPage\",\"@id\":\"https:\/\/verdadeon.com.br\/portal\/2021\/11\/03\/dono-de-empresa-responsavel-por-treinamento-em-gruta-de-altinopolis-sera-ouvido-pela-policia-na-sexta\/\",\"url\":\"https:\/\/verdadeon.com.br\/portal\/2021\/11\/03\/dono-de-empresa-responsavel-por-treinamento-em-gruta-de-altinopolis-sera-ouvido-pela-policia-na-sexta\/\",\"name\":\"Dono de empresa respons\u00e1vel por treinamento em gruta de Altin\u00f3polis ser\u00e1 ouvido pela pol\u00edcia na sexta - VerdadeOn\",\"isPartOf\":{\"@id\":\"https:\/\/verdadeon.com.br\/portal\/#website\"},\"primaryImageOfPage\":{\"@id\":\"https:\/\/verdadeon.com.br\/portal\/2021\/11\/03\/dono-de-empresa-responsavel-por-treinamento-em-gruta-de-altinopolis-sera-ouvido-pela-policia-na-sexta\/#primaryimage\"},\"image\":{\"@id\":\"https:\/\/verdadeon.com.br\/portal\/2021\/11\/03\/dono-de-empresa-responsavel-por-treinamento-em-gruta-de-altinopolis-sera-ouvido-pela-policia-na-sexta\/#primaryimage\"},\"thumbnailUrl\":\"https:\/\/i0.wp.com\/verdadeon.com.br\/portal\/wp-content\/uploads\/2021\/11\/DEFESA-CIVIL-e1635967392366.jpg?fit=999%2C669&ssl=1\",\"datePublished\":\"2021-11-03T19:24:13+00:00\",\"dateModified\":\"2021-11-03T19:36:02+00:00\",\"author\":{\"@id\":\"https:\/\/verdadeon.com.br\/portal\/#\/schema\/person\/cc32be22b8e8599387c480bc83e1d11a\"},\"breadcrumb\":{\"@id\":\"https:\/\/verdadeon.com.br\/portal\/2021\/11\/03\/dono-de-empresa-responsavel-por-treinamento-em-gruta-de-altinopolis-sera-ouvido-pela-policia-na-sexta\/#breadcrumb\"},\"inLanguage\":\"pt-BR\",\"potentialAction\":[{\"@type\":\"ReadAction\",\"target\":[\"https:\/\/verdadeon.com.br\/portal\/2021\/11\/03\/dono-de-empresa-responsavel-por-treinamento-em-gruta-de-altinopolis-sera-ouvido-pela-policia-na-sexta\/\"]}]},{\"@type\":\"ImageObject\",\"inLanguage\":\"pt-BR\",\"@id\":\"https:\/\/verdadeon.com.br\/portal\/2021\/11\/03\/dono-de-empresa-responsavel-por-treinamento-em-gruta-de-altinopolis-sera-ouvido-pela-policia-na-sexta\/#primaryimage\",\"url\":\"https:\/\/i0.wp.com\/verdadeon.com.br\/portal\/wp-content\/uploads\/2021\/11\/DEFESA-CIVIL-e1635967392366.jpg?fit=999%2C669&ssl=1\",\"contentUrl\":\"https:\/\/i0.wp.com\/verdadeon.com.br\/portal\/wp-content\/uploads\/2021\/11\/DEFESA-CIVIL-e1635967392366.jpg?fit=999%2C669&ssl=1\",\"width\":999,\"height\":669,\"caption\":\"Resgate no domingo (31), durou o dia todo, o local \u00e9 de dif\u00edcil acesso e a chuva s\u00f3 piorava a situa\u00e7\u00e3o | Foto: Defesa Civil\"},{\"@type\":\"BreadcrumbList\",\"@id\":\"https:\/\/verdadeon.com.br\/portal\/2021\/11\/03\/dono-de-empresa-responsavel-por-treinamento-em-gruta-de-altinopolis-sera-ouvido-pela-policia-na-sexta\/#breadcrumb\",\"itemListElement\":[{\"@type\":\"ListItem\",\"position\":1,\"name\":\"In\u00edcio\",\"item\":\"https:\/\/verdadeon.com.br\/portal\/\"},{\"@type\":\"ListItem\",\"position\":2,\"name\":\"Dono de empresa respons\u00e1vel por treinamento em gruta de Altin\u00f3polis ser\u00e1 ouvido pela pol\u00edcia na sexta\"}]},{\"@type\":\"WebSite\",\"@id\":\"https:\/\/verdadeon.com.br\/portal\/#website\",\"url\":\"https:\/\/verdadeon.com.br\/portal\/\",\"name\":\"VerdadeOn\",\"description\":\"Not\u00edcias di\u00e1rias sobre Franca, Regi\u00e3o, Esporte, Cultura, Cotidiano, Colunas. Cobertura nos principais eventos da cidade \u00e9 aqui - Verdadeon Franca\",\"potentialAction\":[{\"@type\":\"SearchAction\",\"target\":{\"@type\":\"EntryPoint\",\"urlTemplate\":\"https:\/\/verdadeon.com.br\/portal\/?s={search_term_string}\"},\"query-input\":{\"@type\":\"PropertyValueSpecification\",\"valueRequired\":true,\"valueName\":\"search_term_string\"}}],\"inLanguage\":\"pt-BR\"},{\"@type\":\"Person\",\"@id\":\"https:\/\/verdadeon.com.br\/portal\/#\/schema\/person\/cc32be22b8e8599387c480bc83e1d11a\",\"name\":\"Fernando Lima\",\"image\":{\"@type\":\"ImageObject\",\"inLanguage\":\"pt-BR\",\"@id\":\"https:\/\/verdadeon.com.br\/portal\/#\/schema\/person\/image\/\",\"url\":\"https:\/\/secure.gravatar.com\/avatar\/df4c8e132080d2b3a4841d5d232045464e0eed11a1d6e43115ca0843d48768d3?s=96&d=mm&r=g\",\"contentUrl\":\"https:\/\/secure.gravatar.com\/avatar\/df4c8e132080d2b3a4841d5d232045464e0eed11a1d6e43115ca0843d48768d3?s=96&d=mm&r=g\",\"caption\":\"Fernando Lima\"},\"sameAs\":[\"http:\/\/verdadeon.com.br\/\"],\"url\":\"https:\/\/verdadeon.com.br\/portal\/author\/fernando-lima\/\"}]}<\/script>\n<!-- \/ Yoast SEO plugin. -->","yoast_head_json":{"title":"Dono de empresa respons\u00e1vel por treinamento em gruta de Altin\u00f3polis ser\u00e1 ouvido pela pol\u00edcia na sexta - VerdadeOn","robots":{"index":"index","follow":"follow","max-snippet":"max-snippet:-1","max-image-preview":"max-image-preview:large","max-video-preview":"max-video-preview:-1"},"canonical":"https:\/\/verdadeon.com.br\/portal\/2021\/11\/03\/dono-de-empresa-responsavel-por-treinamento-em-gruta-de-altinopolis-sera-ouvido-pela-policia-na-sexta\/","og_locale":"pt_BR","og_type":"article","og_title":"Dono de empresa respons\u00e1vel por treinamento em gruta de Altin\u00f3polis ser\u00e1 ouvido pela pol\u00edcia na sexta - VerdadeOn","og_description":"A defesa do empres\u00e1rio pediu o adiamento do depoimento, o que foi atendido pela Pol\u00edcia Civil de Ribeir\u00e3o Preto A Pol\u00edcia Civil de Ribeir\u00e3o Preto vai [\u2026]","og_url":"https:\/\/verdadeon.com.br\/portal\/2021\/11\/03\/dono-de-empresa-responsavel-por-treinamento-em-gruta-de-altinopolis-sera-ouvido-pela-policia-na-sexta\/","og_site_name":"VerdadeOn","article_published_time":"2021-11-03T19:24:13+00:00","article_modified_time":"2021-11-03T19:36:02+00:00","og_image":[{"width":999,"height":669,"url":"https:\/\/verdadeon.com.br\/portal\/wp-content\/uploads\/2021\/11\/DEFESA-CIVIL-e1635967392366.jpg","type":"image\/jpeg"}],"author":"Fernando Lima","twitter_card":"summary_large_image","twitter_misc":{"Escrito por":"Fernando Lima","Est. tempo de leitura":"3 minutos"},"schema":{"@context":"https:\/\/schema.org","@graph":[{"@type":"WebPage","@id":"https:\/\/verdadeon.com.br\/portal\/2021\/11\/03\/dono-de-empresa-responsavel-por-treinamento-em-gruta-de-altinopolis-sera-ouvido-pela-policia-na-sexta\/","url":"https:\/\/verdadeon.com.br\/portal\/2021\/11\/03\/dono-de-empresa-responsavel-por-treinamento-em-gruta-de-altinopolis-sera-ouvido-pela-policia-na-sexta\/","name":"Dono de empresa respons\u00e1vel por treinamento em gruta de Altin\u00f3polis ser\u00e1 ouvido pela pol\u00edcia na sexta - VerdadeOn","isPartOf":{"@id":"https:\/\/verdadeon.com.br\/portal\/#website"},"primaryImageOfPage":{"@id":"https:\/\/verdadeon.com.br\/portal\/2021\/11\/03\/dono-de-empresa-responsavel-por-treinamento-em-gruta-de-altinopolis-sera-ouvido-pela-policia-na-sexta\/#primaryimage"},"image":{"@id":"https:\/\/verdadeon.com.br\/portal\/2021\/11\/03\/dono-de-empresa-responsavel-por-treinamento-em-gruta-de-altinopolis-sera-ouvido-pela-policia-na-sexta\/#primaryimage"},"thumbnailUrl":"https:\/\/i0.wp.com\/verdadeon.com.br\/portal\/wp-content\/uploads\/2021\/11\/DEFESA-CIVIL-e1635967392366.jpg?fit=999%2C669&ssl=1","datePublished":"2021-11-03T19:24:13+00:00","dateModified":"2021-11-03T19:36:02+00:00","author":{"@id":"https:\/\/verdadeon.com.br\/portal\/#\/schema\/person\/cc32be22b8e8599387c480bc83e1d11a"},"breadcrumb":{"@id":"https:\/\/verdadeon.com.br\/portal\/2021\/11\/03\/dono-de-empresa-responsavel-por-treinamento-em-gruta-de-altinopolis-sera-ouvido-pela-policia-na-sexta\/#breadcrumb"},"inLanguage":"pt-BR","potentialAction":[{"@type":"ReadAction","target":["https:\/\/verdadeon.com.br\/portal\/2021\/11\/03\/dono-de-empresa-responsavel-por-treinamento-em-gruta-de-altinopolis-sera-ouvido-pela-policia-na-sexta\/"]}]},{"@type":"ImageObject","inLanguage":"pt-BR","@id":"https:\/\/verdadeon.com.br\/portal\/2021\/11\/03\/dono-de-empresa-responsavel-por-treinamento-em-gruta-de-altinopolis-sera-ouvido-pela-policia-na-sexta\/#primaryimage","url":"https:\/\/i0.wp.com\/verdadeon.com.br\/portal\/wp-content\/uploads\/2021\/11\/DEFESA-CIVIL-e1635967392366.jpg?fit=999%2C669&ssl=1","contentUrl":"https:\/\/i0.wp.com\/verdadeon.com.br\/portal\/wp-content\/uploads\/2021\/11\/DEFESA-CIVIL-e1635967392366.jpg?fit=999%2C669&ssl=1","width":999,"height":669,"caption":"Resgate no domingo (31), durou o dia todo, o local \u00e9 de dif\u00edcil acesso e a chuva s\u00f3 piorava a situa\u00e7\u00e3o | Foto: Defesa Civil"},{"@type":"BreadcrumbList","@id":"https:\/\/verdadeon.com.br\/portal\/2021\/11\/03\/dono-de-empresa-responsavel-por-treinamento-em-gruta-de-altinopolis-sera-ouvido-pela-policia-na-sexta\/#breadcrumb","itemListElement":[{"@type":"ListItem","position":1,"name":"In\u00edcio","item":"https:\/\/verdadeon.com.br\/portal\/"},{"@type":"ListItem","position":2,"name":"Dono de empresa respons\u00e1vel por treinamento em gruta de Altin\u00f3polis ser\u00e1 ouvido pela pol\u00edcia na sexta"}]},{"@type":"WebSite","@id":"https:\/\/verdadeon.com.br\/portal\/#website","url":"https:\/\/verdadeon.com.br\/portal\/","name":"VerdadeOn","description":"Not\u00edcias di\u00e1rias sobre Franca, Regi\u00e3o, Esporte, Cultura, Cotidiano, Colunas. Cobertura nos principais eventos da cidade \u00e9 aqui - Verdadeon Franca","potentialAction":[{"@type":"SearchAction","target":{"@type":"EntryPoint","urlTemplate":"https:\/\/verdadeon.com.br\/portal\/?s={search_term_string}"},"query-input":{"@type":"PropertyValueSpecification","valueRequired":true,"valueName":"search_term_string"}}],"inLanguage":"pt-BR"},{"@type":"Person","@id":"https:\/\/verdadeon.com.br\/portal\/#\/schema\/person\/cc32be22b8e8599387c480bc83e1d11a","name":"Fernando Lima","image":{"@type":"ImageObject","inLanguage":"pt-BR","@id":"https:\/\/verdadeon.com.br\/portal\/#\/schema\/person\/image\/","url":"https:\/\/secure.gravatar.com\/avatar\/df4c8e132080d2b3a4841d5d232045464e0eed11a1d6e43115ca0843d48768d3?s=96&d=mm&r=g","contentUrl":"https:\/\/secure.gravatar.com\/avatar\/df4c8e132080d2b3a4841d5d232045464e0eed11a1d6e43115ca0843d48768d3?s=96&d=mm&r=g","caption":"Fernando Lima"},"sameAs":["http:\/\/verdadeon.com.br\/"],"url":"https:\/\/verdadeon.com.br\/portal\/author\/fernando-lima\/"}]}},"jetpack_publicize_connections":[],"jetpack_featured_media_url":"https:\/\/i0.wp.com\/verdadeon.com.br\/portal\/wp-content\/uploads\/2021\/11\/DEFESA-CIVIL-e1635967392366.jpg?fit=999%2C669&ssl=1","jetpack_sharing_enabled":true,"_links":{"self":[{"href":"https:\/\/verdadeon.com.br\/portal\/wp-json\/wp\/v2\/posts\/20740","targetHints":{"allow":["GET"]}}],"collection":[{"href":"https:\/\/verdadeon.com.br\/portal\/wp-json\/wp\/v2\/posts"}],"about":[{"href":"https:\/\/verdadeon.com.br\/portal\/wp-json\/wp\/v2\/types\/post"}],"author":[{"embeddable":true,"href":"https:\/\/verdadeon.com.br\/portal\/wp-json\/wp\/v2\/users\/7"}],"replies":[{"embeddable":true,"href":"https:\/\/verdadeon.com.br\/portal\/wp-json\/wp\/v2\/comments?post=20740"}],"version-history":[{"count":0,"href":"https:\/\/verdadeon.com.br\/portal\/wp-json\/wp\/v2\/posts\/20740\/revisions"}],"wp:featuredmedia":[{"embeddable":true,"href":"https:\/\/verdadeon.com.br\/portal\/wp-json\/wp\/v2\/media\/20741"}],"wp:attachment":[{"href":"https:\/\/verdadeon.com.br\/portal\/wp-json\/wp\/v2\/media?parent=20740"}],"wp:term":[{"taxonomy":"category","embeddable":true,"href":"https:\/\/verdadeon.com.br\/portal\/wp-json\/wp\/v2\/categories?post=20740"},{"taxonomy":"post_tag","embeddable":true,"href":"https:\/\/verdadeon.com.br\/portal\/wp-json\/wp\/v2\/tags?post=20740"}],"curies":[{"name":"wp","href":"https:\/\/api.w.org\/{rel}","templated":true}]}}