{"id":20721,"date":"2021-11-01T18:31:12","date_gmt":"2021-11-01T21:31:12","guid":{"rendered":"https:\/\/verdadeon.com.br\/portal\/?p=20721"},"modified":"2021-11-01T18:31:12","modified_gmt":"2021-11-01T21:31:12","slug":"centro-de-voluntarios-vendera-de-enxoval-a-quitutes-no-20o-grande-bazar","status":"publish","type":"post","link":"https:\/\/verdadeon.com.br\/portal\/2021\/11\/01\/centro-de-voluntarios-vendera-de-enxoval-a-quitutes-no-20o-grande-bazar\/","title":{"rendered":"Centro de Volunt\u00e1rios vender\u00e1 de enxoval a quitutes no 20\u00ba Grande Bazar"},"content":{"rendered":"<h2>Tradicional, evento volta a ser realizado ap\u00f3s suspens\u00e3o em 2020 por causa da pandemia; esta edi\u00e7\u00e3o ser\u00e1 nos dias 5 e 6<\/h2>\n<p><span style=\"font-weight: 400;\">Os integrantes do Centro de Volunt\u00e1rios da Sa\u00fade, que presta atendimentos a pacientes em tratamento contra o c\u00e2ncer em Franca e a seus familiares, est\u00e3o a todo vapor nos preparativos para a 20\u00aa edi\u00e7\u00e3o do Grande Bazar no pr\u00f3ximo fim de semana. O p\u00fablico poder\u00e1 comprar pe\u00e7as de artesanato, cama, mesa, banho, produtos natalinos e quitutes na sexta-feira, dia 5, <\/span><span style=\"font-weight: 400;\">das 13h30 \u00e0s 18h, e no dia 6, s\u00e1bado, das 9h \u00e0s 16h, no evento que ser\u00e1 realizado no sal\u00e3o do Centro de Volunt\u00e1rios, na Avenida Presidente Vargas, 2953, dentro do Complexo do Hospital do C\u00e2ncer.<\/span><\/p>\n<p><span style=\"font-weight: 400;\">\u201cEstamos euf\u00f3ricos e ansiosos pela realiza\u00e7\u00e3o do 20\u00b0 Grande Bazar, j\u00e1 que no ano passado n\u00e3o foi poss\u00edvel realiz\u00e1-lo devido \u00e0 pandemia da Covid-19. As volunt\u00e1rias n\u00e3o pararam o trabalho durante este per\u00edodo, pelo contr\u00e1rio, trabalharam com mais afinco em suas resid\u00eancias e prepararam artigos lindos para que o p\u00fablico se sinta extasiado de tanta novidade e beleza\u201d, afirmou Dalila Abr\u00e3o Elias Barini, presidente do Centro de Volunt\u00e1rios.<\/span><\/p>\n<p><span style=\"font-weight: 400;\">A entidade informou que ir\u00e1 adotar todos os protocolos sanit\u00e1rios para preven\u00e7\u00e3o do coronav\u00edrus. \u201cOs nossos fi\u00e9is compradores e aqueles que estar\u00e3o indo pela primeira vez podem ficar tranquilos, pois estaremos recebendo todas as medidas para que n\u00e3o haja aglomera\u00e7\u00e3o e o bazar ser\u00e1 em um ambiente arejado que permite que fa\u00e7am suas compras em seguran\u00e7a e com muita tranquilidade\u201d.<\/span><\/p>\n<h4>O trabalho<\/h4>\n<p><span style=\"font-weight: 400;\">O Centro de Volunt\u00e1rios da Sa\u00fade \u00e9 uma das entidades filantr\u00f3picas mais tradicionais de Franca. Criada em 1\u00ba de agosto de 2001 auxilia pacientes que lutam contra o c\u00e2ncer e tamb\u00e9m seus familiares.<\/span><\/p>\n<p><span style=\"font-weight: 400;\">Antes da pandemia, que restringiu parte dos atendimentos, a entidade contava com 600 volunt\u00e1rios. Dalila Barini explicou que a pandemia gerou muitos problemas, principalmente econ\u00f4micos, mas, cientes das necessidades dos pacientes, os volunt\u00e1rios n\u00e3o pararam os trabalhos. \u201cFizemos campanhas, recebemos doa\u00e7\u00f5es, e aumentamos o n\u00famero de assistidos. Fornecemos cerca de 400 latas de suplementos por m\u00eas, 50 cestas b\u00e1sicas todos os meses e 50 cestas de frutas, legumes e verduras semanalmente\u201d<\/span><\/p>\n<p><span style=\"font-weight: 400;\">O Centro de Volunt\u00e1rios tamb\u00e9m fornece caf\u00e9, p\u00e3o e bolachas as pessoas passam pelo Hospital o C\u00e2ncer de Franca, al\u00e9m de pr\u00f3teses mam\u00e1rias, turbantes, len\u00e7os e perucas para as pacientes em tratamento contra o c\u00e2ncer. \u201cNosso trabalho n\u00e3o parou e n\u00e3o para nunca\u201d.<\/span><\/p>\n<p><span style=\"font-weight: 400;\">Os recursos arrecadados com a venda dos artigos artesanais, de enxoval e natalinos ser\u00e3o revertidos para a manuten\u00e7\u00e3o dos trabalhos.<\/span><\/p>\n","protected":false},"excerpt":{"rendered":"<p>Tradicional, evento volta a ser realizado ap\u00f3s suspens\u00e3o em 2020 por causa da pandemia; esta edi\u00e7\u00e3o ser\u00e1 nos dias 5 e 6 Os integrantes do Centro<span class=\"excerpt-hellip\"> [\u2026]<\/span><\/p>\n","protected":false},"author":12,"featured_media":20724,"comment_status":"open","ping_status":"open","sticky":false,"template":"","format":"standard","meta":{"_jetpack_memberships_contains_paid_content":false,"footnotes":"","jetpack_publicize_message":"","jetpack_publicize_feature_enabled":true,"jetpack_social_post_already_shared":false,"jetpack_social_options":{"image_generator_settings":{"template":"highway","default_image_id":0,"enabled":false},"version":2}},"categories":[28,81],"tags":[],"class_list":["post-20721","post","type-post","status-publish","format-standard","has-post-thumbnail","hentry","category-cotidiano","category-manchete"],"yoast_head":"<!-- This site is optimized with the Yoast SEO plugin v25.6 - https:\/\/yoast.com\/wordpress\/plugins\/seo\/ -->\n<title>Centro de Volunt\u00e1rios vender\u00e1 de enxoval a quitutes no 20\u00ba Grande Bazar - VerdadeOn<\/title>\n<meta name=\"robots\" content=\"index, follow, max-snippet:-1, max-image-preview:large, max-video-preview:-1\" \/>\n<link rel=\"canonical\" href=\"https:\/\/verdadeon.com.br\/portal\/2021\/11\/01\/centro-de-voluntarios-vendera-de-enxoval-a-quitutes-no-20o-grande-bazar\/\" \/>\n<meta property=\"og:locale\" content=\"pt_BR\" \/>\n<meta property=\"og:type\" content=\"article\" \/>\n<meta property=\"og:title\" content=\"Centro de Volunt\u00e1rios vender\u00e1 de enxoval a quitutes no 20\u00ba Grande Bazar - VerdadeOn\" \/>\n<meta property=\"og:description\" content=\"Tradicional, evento volta a ser realizado ap\u00f3s suspens\u00e3o em 2020 por causa da pandemia; esta edi\u00e7\u00e3o ser\u00e1 nos dias 5 e 6 Os integrantes do Centro [\u2026]\" \/>\n<meta property=\"og:url\" content=\"https:\/\/verdadeon.com.br\/portal\/2021\/11\/01\/centro-de-voluntarios-vendera-de-enxoval-a-quitutes-no-20o-grande-bazar\/\" \/>\n<meta property=\"og:site_name\" content=\"VerdadeOn\" \/>\n<meta property=\"article:published_time\" content=\"2021-11-01T21:31:12+00:00\" \/>\n<meta property=\"og:image\" content=\"https:\/\/verdadeon.com.br\/portal\/wp-content\/uploads\/2021\/11\/PRODUTOS-QUE-SERAO-VENDIDOS-NO-GRANDE-BAZAR-DO-CENTRO-DE-VOLUNTARIOS.jpeg\" \/>\n\t<meta property=\"og:image:width\" content=\"1280\" \/>\n\t<meta property=\"og:image:height\" content=\"857\" \/>\n\t<meta property=\"og:image:type\" content=\"image\/jpeg\" \/>\n<meta name=\"author\" content=\"Nelise Luques\" \/>\n<meta name=\"twitter:card\" content=\"summary_large_image\" \/>\n<meta name=\"twitter:label1\" content=\"Escrito por\" \/>\n\t<meta name=\"twitter:data1\" content=\"Nelise Luques\" \/>\n\t<meta name=\"twitter:label2\" content=\"Est. tempo de leitura\" \/>\n\t<meta name=\"twitter:data2\" content=\"2 minutos\" \/>\n<script type=\"application\/ld+json\" class=\"yoast-schema-graph\">{\"@context\":\"https:\/\/schema.org\",\"@graph\":[{\"@type\":\"WebPage\",\"@id\":\"https:\/\/verdadeon.com.br\/portal\/2021\/11\/01\/centro-de-voluntarios-vendera-de-enxoval-a-quitutes-no-20o-grande-bazar\/\",\"url\":\"https:\/\/verdadeon.com.br\/portal\/2021\/11\/01\/centro-de-voluntarios-vendera-de-enxoval-a-quitutes-no-20o-grande-bazar\/\",\"name\":\"Centro de Volunt\u00e1rios vender\u00e1 de enxoval a quitutes no 20\u00ba Grande Bazar - VerdadeOn\",\"isPartOf\":{\"@id\":\"https:\/\/verdadeon.com.br\/portal\/#website\"},\"primaryImageOfPage\":{\"@id\":\"https:\/\/verdadeon.com.br\/portal\/2021\/11\/01\/centro-de-voluntarios-vendera-de-enxoval-a-quitutes-no-20o-grande-bazar\/#primaryimage\"},\"image\":{\"@id\":\"https:\/\/verdadeon.com.br\/portal\/2021\/11\/01\/centro-de-voluntarios-vendera-de-enxoval-a-quitutes-no-20o-grande-bazar\/#primaryimage\"},\"thumbnailUrl\":\"https:\/\/i0.wp.com\/verdadeon.com.br\/portal\/wp-content\/uploads\/2021\/11\/PRODUTOS-QUE-SERAO-VENDIDOS-NO-GRANDE-BAZAR-DO-CENTRO-DE-VOLUNTARIOS.jpeg?fit=1280%2C857&ssl=1\",\"datePublished\":\"2021-11-01T21:31:12+00:00\",\"author\":{\"@id\":\"https:\/\/verdadeon.com.br\/portal\/#\/schema\/person\/8248726d36015c1916636fabb175d972\"},\"breadcrumb\":{\"@id\":\"https:\/\/verdadeon.com.br\/portal\/2021\/11\/01\/centro-de-voluntarios-vendera-de-enxoval-a-quitutes-no-20o-grande-bazar\/#breadcrumb\"},\"inLanguage\":\"pt-BR\",\"potentialAction\":[{\"@type\":\"ReadAction\",\"target\":[\"https:\/\/verdadeon.com.br\/portal\/2021\/11\/01\/centro-de-voluntarios-vendera-de-enxoval-a-quitutes-no-20o-grande-bazar\/\"]}]},{\"@type\":\"ImageObject\",\"inLanguage\":\"pt-BR\",\"@id\":\"https:\/\/verdadeon.com.br\/portal\/2021\/11\/01\/centro-de-voluntarios-vendera-de-enxoval-a-quitutes-no-20o-grande-bazar\/#primaryimage\",\"url\":\"https:\/\/i0.wp.com\/verdadeon.com.br\/portal\/wp-content\/uploads\/2021\/11\/PRODUTOS-QUE-SERAO-VENDIDOS-NO-GRANDE-BAZAR-DO-CENTRO-DE-VOLUNTARIOS.jpeg?fit=1280%2C857&ssl=1\",\"contentUrl\":\"https:\/\/i0.wp.com\/verdadeon.com.br\/portal\/wp-content\/uploads\/2021\/11\/PRODUTOS-QUE-SERAO-VENDIDOS-NO-GRANDE-BAZAR-DO-CENTRO-DE-VOLUNTARIOS.jpeg?fit=1280%2C857&ssl=1\",\"width\":1280,\"height\":857,\"caption\":\"Artigos artesanais e de cama, mesa e banho ser\u00e3o vendidos no 20\u00ba Grande Bazar neste fim de semana | Fotos: Divulga\u00e7\u00e3o\"},{\"@type\":\"BreadcrumbList\",\"@id\":\"https:\/\/verdadeon.com.br\/portal\/2021\/11\/01\/centro-de-voluntarios-vendera-de-enxoval-a-quitutes-no-20o-grande-bazar\/#breadcrumb\",\"itemListElement\":[{\"@type\":\"ListItem\",\"position\":1,\"name\":\"In\u00edcio\",\"item\":\"https:\/\/verdadeon.com.br\/portal\/\"},{\"@type\":\"ListItem\",\"position\":2,\"name\":\"Centro de Volunt\u00e1rios vender\u00e1 de enxoval a quitutes no 20\u00ba Grande Bazar\"}]},{\"@type\":\"WebSite\",\"@id\":\"https:\/\/verdadeon.com.br\/portal\/#website\",\"url\":\"https:\/\/verdadeon.com.br\/portal\/\",\"name\":\"VerdadeOn\",\"description\":\"Not\u00edcias di\u00e1rias sobre Franca, Regi\u00e3o, Esporte, Cultura, Cotidiano, Colunas. Cobertura nos principais eventos da cidade \u00e9 aqui - Verdadeon Franca\",\"potentialAction\":[{\"@type\":\"SearchAction\",\"target\":{\"@type\":\"EntryPoint\",\"urlTemplate\":\"https:\/\/verdadeon.com.br\/portal\/?s={search_term_string}\"},\"query-input\":{\"@type\":\"PropertyValueSpecification\",\"valueRequired\":true,\"valueName\":\"search_term_string\"}}],\"inLanguage\":\"pt-BR\"},{\"@type\":\"Person\",\"@id\":\"https:\/\/verdadeon.com.br\/portal\/#\/schema\/person\/8248726d36015c1916636fabb175d972\",\"name\":\"Nelise Luques\",\"image\":{\"@type\":\"ImageObject\",\"inLanguage\":\"pt-BR\",\"@id\":\"https:\/\/verdadeon.com.br\/portal\/#\/schema\/person\/image\/\",\"url\":\"https:\/\/secure.gravatar.com\/avatar\/29b2a17f5bcadeb827411b66f48ac13c3e0ecaf5906c0f5745ecc5d41c24eada?s=96&d=mm&r=g\",\"contentUrl\":\"https:\/\/secure.gravatar.com\/avatar\/29b2a17f5bcadeb827411b66f48ac13c3e0ecaf5906c0f5745ecc5d41c24eada?s=96&d=mm&r=g\",\"caption\":\"Nelise Luques\"},\"url\":\"https:\/\/verdadeon.com.br\/portal\/author\/verdade\/\"}]}<\/script>\n<!-- \/ Yoast SEO plugin. -->","yoast_head_json":{"title":"Centro de Volunt\u00e1rios vender\u00e1 de enxoval a quitutes no 20\u00ba Grande Bazar - VerdadeOn","robots":{"index":"index","follow":"follow","max-snippet":"max-snippet:-1","max-image-preview":"max-image-preview:large","max-video-preview":"max-video-preview:-1"},"canonical":"https:\/\/verdadeon.com.br\/portal\/2021\/11\/01\/centro-de-voluntarios-vendera-de-enxoval-a-quitutes-no-20o-grande-bazar\/","og_locale":"pt_BR","og_type":"article","og_title":"Centro de Volunt\u00e1rios vender\u00e1 de enxoval a quitutes no 20\u00ba Grande Bazar - VerdadeOn","og_description":"Tradicional, evento volta a ser realizado ap\u00f3s suspens\u00e3o em 2020 por causa da pandemia; esta edi\u00e7\u00e3o ser\u00e1 nos dias 5 e 6 Os integrantes do Centro [\u2026]","og_url":"https:\/\/verdadeon.com.br\/portal\/2021\/11\/01\/centro-de-voluntarios-vendera-de-enxoval-a-quitutes-no-20o-grande-bazar\/","og_site_name":"VerdadeOn","article_published_time":"2021-11-01T21:31:12+00:00","og_image":[{"width":1280,"height":857,"url":"https:\/\/verdadeon.com.br\/portal\/wp-content\/uploads\/2021\/11\/PRODUTOS-QUE-SERAO-VENDIDOS-NO-GRANDE-BAZAR-DO-CENTRO-DE-VOLUNTARIOS.jpeg","type":"image\/jpeg"}],"author":"Nelise Luques","twitter_card":"summary_large_image","twitter_misc":{"Escrito por":"Nelise Luques","Est. tempo de leitura":"2 minutos"},"schema":{"@context":"https:\/\/schema.org","@graph":[{"@type":"WebPage","@id":"https:\/\/verdadeon.com.br\/portal\/2021\/11\/01\/centro-de-voluntarios-vendera-de-enxoval-a-quitutes-no-20o-grande-bazar\/","url":"https:\/\/verdadeon.com.br\/portal\/2021\/11\/01\/centro-de-voluntarios-vendera-de-enxoval-a-quitutes-no-20o-grande-bazar\/","name":"Centro de Volunt\u00e1rios vender\u00e1 de enxoval a quitutes no 20\u00ba Grande Bazar - VerdadeOn","isPartOf":{"@id":"https:\/\/verdadeon.com.br\/portal\/#website"},"primaryImageOfPage":{"@id":"https:\/\/verdadeon.com.br\/portal\/2021\/11\/01\/centro-de-voluntarios-vendera-de-enxoval-a-quitutes-no-20o-grande-bazar\/#primaryimage"},"image":{"@id":"https:\/\/verdadeon.com.br\/portal\/2021\/11\/01\/centro-de-voluntarios-vendera-de-enxoval-a-quitutes-no-20o-grande-bazar\/#primaryimage"},"thumbnailUrl":"https:\/\/i0.wp.com\/verdadeon.com.br\/portal\/wp-content\/uploads\/2021\/11\/PRODUTOS-QUE-SERAO-VENDIDOS-NO-GRANDE-BAZAR-DO-CENTRO-DE-VOLUNTARIOS.jpeg?fit=1280%2C857&ssl=1","datePublished":"2021-11-01T21:31:12+00:00","author":{"@id":"https:\/\/verdadeon.com.br\/portal\/#\/schema\/person\/8248726d36015c1916636fabb175d972"},"breadcrumb":{"@id":"https:\/\/verdadeon.com.br\/portal\/2021\/11\/01\/centro-de-voluntarios-vendera-de-enxoval-a-quitutes-no-20o-grande-bazar\/#breadcrumb"},"inLanguage":"pt-BR","potentialAction":[{"@type":"ReadAction","target":["https:\/\/verdadeon.com.br\/portal\/2021\/11\/01\/centro-de-voluntarios-vendera-de-enxoval-a-quitutes-no-20o-grande-bazar\/"]}]},{"@type":"ImageObject","inLanguage":"pt-BR","@id":"https:\/\/verdadeon.com.br\/portal\/2021\/11\/01\/centro-de-voluntarios-vendera-de-enxoval-a-quitutes-no-20o-grande-bazar\/#primaryimage","url":"https:\/\/i0.wp.com\/verdadeon.com.br\/portal\/wp-content\/uploads\/2021\/11\/PRODUTOS-QUE-SERAO-VENDIDOS-NO-GRANDE-BAZAR-DO-CENTRO-DE-VOLUNTARIOS.jpeg?fit=1280%2C857&ssl=1","contentUrl":"https:\/\/i0.wp.com\/verdadeon.com.br\/portal\/wp-content\/uploads\/2021\/11\/PRODUTOS-QUE-SERAO-VENDIDOS-NO-GRANDE-BAZAR-DO-CENTRO-DE-VOLUNTARIOS.jpeg?fit=1280%2C857&ssl=1","width":1280,"height":857,"caption":"Artigos artesanais e de cama, mesa e banho ser\u00e3o vendidos no 20\u00ba Grande Bazar neste fim de semana | Fotos: Divulga\u00e7\u00e3o"},{"@type":"BreadcrumbList","@id":"https:\/\/verdadeon.com.br\/portal\/2021\/11\/01\/centro-de-voluntarios-vendera-de-enxoval-a-quitutes-no-20o-grande-bazar\/#breadcrumb","itemListElement":[{"@type":"ListItem","position":1,"name":"In\u00edcio","item":"https:\/\/verdadeon.com.br\/portal\/"},{"@type":"ListItem","position":2,"name":"Centro de Volunt\u00e1rios vender\u00e1 de enxoval a quitutes no 20\u00ba Grande Bazar"}]},{"@type":"WebSite","@id":"https:\/\/verdadeon.com.br\/portal\/#website","url":"https:\/\/verdadeon.com.br\/portal\/","name":"VerdadeOn","description":"Not\u00edcias di\u00e1rias sobre Franca, Regi\u00e3o, Esporte, Cultura, Cotidiano, Colunas. Cobertura nos principais eventos da cidade \u00e9 aqui - Verdadeon Franca","potentialAction":[{"@type":"SearchAction","target":{"@type":"EntryPoint","urlTemplate":"https:\/\/verdadeon.com.br\/portal\/?s={search_term_string}"},"query-input":{"@type":"PropertyValueSpecification","valueRequired":true,"valueName":"search_term_string"}}],"inLanguage":"pt-BR"},{"@type":"Person","@id":"https:\/\/verdadeon.com.br\/portal\/#\/schema\/person\/8248726d36015c1916636fabb175d972","name":"Nelise Luques","image":{"@type":"ImageObject","inLanguage":"pt-BR","@id":"https:\/\/verdadeon.com.br\/portal\/#\/schema\/person\/image\/","url":"https:\/\/secure.gravatar.com\/avatar\/29b2a17f5bcadeb827411b66f48ac13c3e0ecaf5906c0f5745ecc5d41c24eada?s=96&d=mm&r=g","contentUrl":"https:\/\/secure.gravatar.com\/avatar\/29b2a17f5bcadeb827411b66f48ac13c3e0ecaf5906c0f5745ecc5d41c24eada?s=96&d=mm&r=g","caption":"Nelise Luques"},"url":"https:\/\/verdadeon.com.br\/portal\/author\/verdade\/"}]}},"jetpack_publicize_connections":[],"jetpack_featured_media_url":"https:\/\/i0.wp.com\/verdadeon.com.br\/portal\/wp-content\/uploads\/2021\/11\/PRODUTOS-QUE-SERAO-VENDIDOS-NO-GRANDE-BAZAR-DO-CENTRO-DE-VOLUNTARIOS.jpeg?fit=1280%2C857&ssl=1","jetpack_sharing_enabled":true,"_links":{"self":[{"href":"https:\/\/verdadeon.com.br\/portal\/wp-json\/wp\/v2\/posts\/20721","targetHints":{"allow":["GET"]}}],"collection":[{"href":"https:\/\/verdadeon.com.br\/portal\/wp-json\/wp\/v2\/posts"}],"about":[{"href":"https:\/\/verdadeon.com.br\/portal\/wp-json\/wp\/v2\/types\/post"}],"author":[{"embeddable":true,"href":"https:\/\/verdadeon.com.br\/portal\/wp-json\/wp\/v2\/users\/12"}],"replies":[{"embeddable":true,"href":"https:\/\/verdadeon.com.br\/portal\/wp-json\/wp\/v2\/comments?post=20721"}],"version-history":[{"count":0,"href":"https:\/\/verdadeon.com.br\/portal\/wp-json\/wp\/v2\/posts\/20721\/revisions"}],"wp:featuredmedia":[{"embeddable":true,"href":"https:\/\/verdadeon.com.br\/portal\/wp-json\/wp\/v2\/media\/20724"}],"wp:attachment":[{"href":"https:\/\/verdadeon.com.br\/portal\/wp-json\/wp\/v2\/media?parent=20721"}],"wp:term":[{"taxonomy":"category","embeddable":true,"href":"https:\/\/verdadeon.com.br\/portal\/wp-json\/wp\/v2\/categories?post=20721"},{"taxonomy":"post_tag","embeddable":true,"href":"https:\/\/verdadeon.com.br\/portal\/wp-json\/wp\/v2\/tags?post=20721"}],"curies":[{"name":"wp","href":"https:\/\/api.w.org\/{rel}","templated":true}]}}