{"id":20681,"date":"2021-10-30T00:10:47","date_gmt":"2021-10-30T03:10:47","guid":{"rendered":"https:\/\/verdadeon.com.br\/portal\/?p=20681"},"modified":"2021-10-30T00:10:47","modified_gmt":"2021-10-30T03:10:47","slug":"deputada-graciela-envia-van-para-bercario-dona-nina","status":"publish","type":"post","link":"https:\/\/verdadeon.com.br\/portal\/2021\/10\/30\/deputada-graciela-envia-van-para-bercario-dona-nina\/","title":{"rendered":"Deputada Graciela envia van para Ber\u00e7\u00e1rio Dona Nina"},"content":{"rendered":"<h2>O Ber\u00e7\u00e1rio Dona Nina, refer\u00eancia pelo atendimento prestado \u00e0s crian\u00e7as que necessitam de assist\u00eancia, recebeu esta semana uma moderna van que vai trazer grandes benef\u00edcios para as crian\u00e7as, adolescentes e suas fam\u00edlias.<\/h2>\n<p>O ve\u00edculo foi comprado com recursos de R$ 150 mil enviados pela deputada estadual Delegada Graciela e vai proporcionar melhor qualidade de vida \u00e0s crian\u00e7as. \u201cNossa gratid\u00e3o \u00e0 deputada que fez a doa\u00e7\u00e3o. N\u00f3s precisamos muito de uma van para levar e buscar as crian\u00e7as doentes. As fam\u00edlias n\u00e3o t\u00eam condi\u00e7\u00f5es. O ve\u00edculo \u00e9 confort\u00e1vel e seguro. Vai fazer diferen\u00e7a, n\u00e3o s\u00f3 para n\u00f3s do Ber\u00e7\u00e1rio, mas tamb\u00e9m para as fam\u00edlias. N\u00e3o \u00e9 s\u00f3 agora que fomos atendidos pela deputada. Ela est\u00e1 sempre ajudando as entidades. Eu sou uma das tantas que ela ajuda\u201d, comentou Rosinha Aylon, diretora do Ber\u00e7\u00e1rio.<br \/>\nNos dois primeiros anos do seu mandato, a deputada Graciela enviou mais de R$ 1,3 milh\u00e3o em emendas parlamentares para entidades assistenciais de Franca. Foram R$ 400 mil para a Apae, R$ 300 mil para o Allan Kardec, R$ 180 mil para o Iansa, R$ 180 mil para o Lar S\u00e3o Vicente de Paula, R$ 150 mil para o Ber\u00e7\u00e1rio Dona Nina e R$ 100 mil para os Volunt\u00e1rios do Hospital do C\u00e2ncer.<\/p>\n","protected":false},"excerpt":{"rendered":"<p>O Ber\u00e7\u00e1rio Dona Nina, refer\u00eancia pelo atendimento prestado \u00e0s crian\u00e7as que necessitam de assist\u00eancia, recebeu esta semana uma moderna van que vai trazer grandes benef\u00edcios para<span class=\"excerpt-hellip\"> [\u2026]<\/span><\/p>\n","protected":false},"author":4,"featured_media":20682,"comment_status":"open","ping_status":"open","sticky":false,"template":"","format":"standard","meta":{"_jetpack_memberships_contains_paid_content":false,"footnotes":"","jetpack_publicize_message":"","jetpack_publicize_feature_enabled":true,"jetpack_social_post_already_shared":false,"jetpack_social_options":{"image_generator_settings":{"template":"highway","default_image_id":0,"enabled":false},"version":2}},"categories":[28],"tags":[],"class_list":["post-20681","post","type-post","status-publish","format-standard","has-post-thumbnail","hentry","category-cotidiano"],"yoast_head":"<!-- This site is optimized with the Yoast SEO plugin v25.6 - https:\/\/yoast.com\/wordpress\/plugins\/seo\/ -->\n<title>Deputada Graciela envia van para Ber\u00e7\u00e1rio Dona Nina - VerdadeOn<\/title>\n<meta name=\"robots\" content=\"index, follow, max-snippet:-1, max-image-preview:large, max-video-preview:-1\" \/>\n<link rel=\"canonical\" href=\"https:\/\/verdadeon.com.br\/portal\/2021\/10\/30\/deputada-graciela-envia-van-para-bercario-dona-nina\/\" \/>\n<meta property=\"og:locale\" content=\"pt_BR\" \/>\n<meta property=\"og:type\" content=\"article\" \/>\n<meta property=\"og:title\" content=\"Deputada Graciela envia van para Ber\u00e7\u00e1rio Dona Nina - VerdadeOn\" \/>\n<meta property=\"og:description\" content=\"O Ber\u00e7\u00e1rio Dona Nina, refer\u00eancia pelo atendimento prestado \u00e0s crian\u00e7as que necessitam de assist\u00eancia, recebeu esta semana uma moderna van que vai trazer grandes benef\u00edcios para [\u2026]\" \/>\n<meta property=\"og:url\" content=\"https:\/\/verdadeon.com.br\/portal\/2021\/10\/30\/deputada-graciela-envia-van-para-bercario-dona-nina\/\" \/>\n<meta property=\"og:site_name\" content=\"VerdadeOn\" \/>\n<meta property=\"article:published_time\" content=\"2021-10-30T03:10:47+00:00\" \/>\n<meta property=\"og:image\" content=\"https:\/\/verdadeon.com.br\/portal\/wp-content\/uploads\/2021\/10\/WhatsApp-Image-2021-10-29-at-15.31.37.jpeg\" \/>\n\t<meta property=\"og:image:width\" content=\"1280\" \/>\n\t<meta property=\"og:image:height\" content=\"914\" \/>\n\t<meta property=\"og:image:type\" content=\"image\/jpeg\" \/>\n<meta name=\"author\" content=\"Fernando Calixto\" \/>\n<meta name=\"twitter:card\" content=\"summary_large_image\" \/>\n<meta name=\"twitter:label1\" content=\"Escrito por\" \/>\n\t<meta name=\"twitter:data1\" content=\"Fernando Calixto\" \/>\n\t<meta name=\"twitter:label2\" content=\"Est. tempo de leitura\" \/>\n\t<meta name=\"twitter:data2\" content=\"1 minuto\" \/>\n<script type=\"application\/ld+json\" class=\"yoast-schema-graph\">{\"@context\":\"https:\/\/schema.org\",\"@graph\":[{\"@type\":\"WebPage\",\"@id\":\"https:\/\/verdadeon.com.br\/portal\/2021\/10\/30\/deputada-graciela-envia-van-para-bercario-dona-nina\/\",\"url\":\"https:\/\/verdadeon.com.br\/portal\/2021\/10\/30\/deputada-graciela-envia-van-para-bercario-dona-nina\/\",\"name\":\"Deputada Graciela envia van para Ber\u00e7\u00e1rio Dona Nina - VerdadeOn\",\"isPartOf\":{\"@id\":\"https:\/\/verdadeon.com.br\/portal\/#website\"},\"primaryImageOfPage\":{\"@id\":\"https:\/\/verdadeon.com.br\/portal\/2021\/10\/30\/deputada-graciela-envia-van-para-bercario-dona-nina\/#primaryimage\"},\"image\":{\"@id\":\"https:\/\/verdadeon.com.br\/portal\/2021\/10\/30\/deputada-graciela-envia-van-para-bercario-dona-nina\/#primaryimage\"},\"thumbnailUrl\":\"https:\/\/i0.wp.com\/verdadeon.com.br\/portal\/wp-content\/uploads\/2021\/10\/WhatsApp-Image-2021-10-29-at-15.31.37.jpeg?fit=1280%2C914&ssl=1\",\"datePublished\":\"2021-10-30T03:10:47+00:00\",\"author\":{\"@id\":\"https:\/\/verdadeon.com.br\/portal\/#\/schema\/person\/8994718f49ee62ba5610471e29ca1f62\"},\"breadcrumb\":{\"@id\":\"https:\/\/verdadeon.com.br\/portal\/2021\/10\/30\/deputada-graciela-envia-van-para-bercario-dona-nina\/#breadcrumb\"},\"inLanguage\":\"pt-BR\",\"potentialAction\":[{\"@type\":\"ReadAction\",\"target\":[\"https:\/\/verdadeon.com.br\/portal\/2021\/10\/30\/deputada-graciela-envia-van-para-bercario-dona-nina\/\"]}]},{\"@type\":\"ImageObject\",\"inLanguage\":\"pt-BR\",\"@id\":\"https:\/\/verdadeon.com.br\/portal\/2021\/10\/30\/deputada-graciela-envia-van-para-bercario-dona-nina\/#primaryimage\",\"url\":\"https:\/\/i0.wp.com\/verdadeon.com.br\/portal\/wp-content\/uploads\/2021\/10\/WhatsApp-Image-2021-10-29-at-15.31.37.jpeg?fit=1280%2C914&ssl=1\",\"contentUrl\":\"https:\/\/i0.wp.com\/verdadeon.com.br\/portal\/wp-content\/uploads\/2021\/10\/WhatsApp-Image-2021-10-29-at-15.31.37.jpeg?fit=1280%2C914&ssl=1\",\"width\":1280,\"height\":914},{\"@type\":\"BreadcrumbList\",\"@id\":\"https:\/\/verdadeon.com.br\/portal\/2021\/10\/30\/deputada-graciela-envia-van-para-bercario-dona-nina\/#breadcrumb\",\"itemListElement\":[{\"@type\":\"ListItem\",\"position\":1,\"name\":\"In\u00edcio\",\"item\":\"https:\/\/verdadeon.com.br\/portal\/\"},{\"@type\":\"ListItem\",\"position\":2,\"name\":\"Deputada Graciela envia van para Ber\u00e7\u00e1rio Dona Nina\"}]},{\"@type\":\"WebSite\",\"@id\":\"https:\/\/verdadeon.com.br\/portal\/#website\",\"url\":\"https:\/\/verdadeon.com.br\/portal\/\",\"name\":\"VerdadeOn\",\"description\":\"Not\u00edcias di\u00e1rias sobre Franca, Regi\u00e3o, Esporte, Cultura, Cotidiano, Colunas. Cobertura nos principais eventos da cidade \u00e9 aqui - Verdadeon Franca\",\"potentialAction\":[{\"@type\":\"SearchAction\",\"target\":{\"@type\":\"EntryPoint\",\"urlTemplate\":\"https:\/\/verdadeon.com.br\/portal\/?s={search_term_string}\"},\"query-input\":{\"@type\":\"PropertyValueSpecification\",\"valueRequired\":true,\"valueName\":\"search_term_string\"}}],\"inLanguage\":\"pt-BR\"},{\"@type\":\"Person\",\"@id\":\"https:\/\/verdadeon.com.br\/portal\/#\/schema\/person\/8994718f49ee62ba5610471e29ca1f62\",\"name\":\"Fernando Calixto\",\"image\":{\"@type\":\"ImageObject\",\"inLanguage\":\"pt-BR\",\"@id\":\"https:\/\/verdadeon.com.br\/portal\/#\/schema\/person\/image\/\",\"url\":\"https:\/\/secure.gravatar.com\/avatar\/7578910c24966c0316c340f9dbd601e93ee9f9212e1033968b367af9306bd9fb?s=96&d=mm&r=g\",\"contentUrl\":\"https:\/\/secure.gravatar.com\/avatar\/7578910c24966c0316c340f9dbd601e93ee9f9212e1033968b367af9306bd9fb?s=96&d=mm&r=g\",\"caption\":\"Fernando Calixto\"},\"url\":\"https:\/\/verdadeon.com.br\/portal\/author\/fernando-calixto\/\"}]}<\/script>\n<!-- \/ Yoast SEO plugin. -->","yoast_head_json":{"title":"Deputada Graciela envia van para Ber\u00e7\u00e1rio Dona Nina - VerdadeOn","robots":{"index":"index","follow":"follow","max-snippet":"max-snippet:-1","max-image-preview":"max-image-preview:large","max-video-preview":"max-video-preview:-1"},"canonical":"https:\/\/verdadeon.com.br\/portal\/2021\/10\/30\/deputada-graciela-envia-van-para-bercario-dona-nina\/","og_locale":"pt_BR","og_type":"article","og_title":"Deputada Graciela envia van para Ber\u00e7\u00e1rio Dona Nina - VerdadeOn","og_description":"O Ber\u00e7\u00e1rio Dona Nina, refer\u00eancia pelo atendimento prestado \u00e0s crian\u00e7as que necessitam de assist\u00eancia, recebeu esta semana uma moderna van que vai trazer grandes benef\u00edcios para [\u2026]","og_url":"https:\/\/verdadeon.com.br\/portal\/2021\/10\/30\/deputada-graciela-envia-van-para-bercario-dona-nina\/","og_site_name":"VerdadeOn","article_published_time":"2021-10-30T03:10:47+00:00","og_image":[{"width":1280,"height":914,"url":"https:\/\/verdadeon.com.br\/portal\/wp-content\/uploads\/2021\/10\/WhatsApp-Image-2021-10-29-at-15.31.37.jpeg","type":"image\/jpeg"}],"author":"Fernando Calixto","twitter_card":"summary_large_image","twitter_misc":{"Escrito por":"Fernando Calixto","Est. tempo de leitura":"1 minuto"},"schema":{"@context":"https:\/\/schema.org","@graph":[{"@type":"WebPage","@id":"https:\/\/verdadeon.com.br\/portal\/2021\/10\/30\/deputada-graciela-envia-van-para-bercario-dona-nina\/","url":"https:\/\/verdadeon.com.br\/portal\/2021\/10\/30\/deputada-graciela-envia-van-para-bercario-dona-nina\/","name":"Deputada Graciela envia van para Ber\u00e7\u00e1rio Dona Nina - VerdadeOn","isPartOf":{"@id":"https:\/\/verdadeon.com.br\/portal\/#website"},"primaryImageOfPage":{"@id":"https:\/\/verdadeon.com.br\/portal\/2021\/10\/30\/deputada-graciela-envia-van-para-bercario-dona-nina\/#primaryimage"},"image":{"@id":"https:\/\/verdadeon.com.br\/portal\/2021\/10\/30\/deputada-graciela-envia-van-para-bercario-dona-nina\/#primaryimage"},"thumbnailUrl":"https:\/\/i0.wp.com\/verdadeon.com.br\/portal\/wp-content\/uploads\/2021\/10\/WhatsApp-Image-2021-10-29-at-15.31.37.jpeg?fit=1280%2C914&ssl=1","datePublished":"2021-10-30T03:10:47+00:00","author":{"@id":"https:\/\/verdadeon.com.br\/portal\/#\/schema\/person\/8994718f49ee62ba5610471e29ca1f62"},"breadcrumb":{"@id":"https:\/\/verdadeon.com.br\/portal\/2021\/10\/30\/deputada-graciela-envia-van-para-bercario-dona-nina\/#breadcrumb"},"inLanguage":"pt-BR","potentialAction":[{"@type":"ReadAction","target":["https:\/\/verdadeon.com.br\/portal\/2021\/10\/30\/deputada-graciela-envia-van-para-bercario-dona-nina\/"]}]},{"@type":"ImageObject","inLanguage":"pt-BR","@id":"https:\/\/verdadeon.com.br\/portal\/2021\/10\/30\/deputada-graciela-envia-van-para-bercario-dona-nina\/#primaryimage","url":"https:\/\/i0.wp.com\/verdadeon.com.br\/portal\/wp-content\/uploads\/2021\/10\/WhatsApp-Image-2021-10-29-at-15.31.37.jpeg?fit=1280%2C914&ssl=1","contentUrl":"https:\/\/i0.wp.com\/verdadeon.com.br\/portal\/wp-content\/uploads\/2021\/10\/WhatsApp-Image-2021-10-29-at-15.31.37.jpeg?fit=1280%2C914&ssl=1","width":1280,"height":914},{"@type":"BreadcrumbList","@id":"https:\/\/verdadeon.com.br\/portal\/2021\/10\/30\/deputada-graciela-envia-van-para-bercario-dona-nina\/#breadcrumb","itemListElement":[{"@type":"ListItem","position":1,"name":"In\u00edcio","item":"https:\/\/verdadeon.com.br\/portal\/"},{"@type":"ListItem","position":2,"name":"Deputada Graciela envia van para Ber\u00e7\u00e1rio Dona Nina"}]},{"@type":"WebSite","@id":"https:\/\/verdadeon.com.br\/portal\/#website","url":"https:\/\/verdadeon.com.br\/portal\/","name":"VerdadeOn","description":"Not\u00edcias di\u00e1rias sobre Franca, Regi\u00e3o, Esporte, Cultura, Cotidiano, Colunas. Cobertura nos principais eventos da cidade \u00e9 aqui - Verdadeon Franca","potentialAction":[{"@type":"SearchAction","target":{"@type":"EntryPoint","urlTemplate":"https:\/\/verdadeon.com.br\/portal\/?s={search_term_string}"},"query-input":{"@type":"PropertyValueSpecification","valueRequired":true,"valueName":"search_term_string"}}],"inLanguage":"pt-BR"},{"@type":"Person","@id":"https:\/\/verdadeon.com.br\/portal\/#\/schema\/person\/8994718f49ee62ba5610471e29ca1f62","name":"Fernando Calixto","image":{"@type":"ImageObject","inLanguage":"pt-BR","@id":"https:\/\/verdadeon.com.br\/portal\/#\/schema\/person\/image\/","url":"https:\/\/secure.gravatar.com\/avatar\/7578910c24966c0316c340f9dbd601e93ee9f9212e1033968b367af9306bd9fb?s=96&d=mm&r=g","contentUrl":"https:\/\/secure.gravatar.com\/avatar\/7578910c24966c0316c340f9dbd601e93ee9f9212e1033968b367af9306bd9fb?s=96&d=mm&r=g","caption":"Fernando Calixto"},"url":"https:\/\/verdadeon.com.br\/portal\/author\/fernando-calixto\/"}]}},"jetpack_publicize_connections":[],"jetpack_featured_media_url":"https:\/\/i0.wp.com\/verdadeon.com.br\/portal\/wp-content\/uploads\/2021\/10\/WhatsApp-Image-2021-10-29-at-15.31.37.jpeg?fit=1280%2C914&ssl=1","jetpack_sharing_enabled":true,"_links":{"self":[{"href":"https:\/\/verdadeon.com.br\/portal\/wp-json\/wp\/v2\/posts\/20681","targetHints":{"allow":["GET"]}}],"collection":[{"href":"https:\/\/verdadeon.com.br\/portal\/wp-json\/wp\/v2\/posts"}],"about":[{"href":"https:\/\/verdadeon.com.br\/portal\/wp-json\/wp\/v2\/types\/post"}],"author":[{"embeddable":true,"href":"https:\/\/verdadeon.com.br\/portal\/wp-json\/wp\/v2\/users\/4"}],"replies":[{"embeddable":true,"href":"https:\/\/verdadeon.com.br\/portal\/wp-json\/wp\/v2\/comments?post=20681"}],"version-history":[{"count":0,"href":"https:\/\/verdadeon.com.br\/portal\/wp-json\/wp\/v2\/posts\/20681\/revisions"}],"wp:featuredmedia":[{"embeddable":true,"href":"https:\/\/verdadeon.com.br\/portal\/wp-json\/wp\/v2\/media\/20682"}],"wp:attachment":[{"href":"https:\/\/verdadeon.com.br\/portal\/wp-json\/wp\/v2\/media?parent=20681"}],"wp:term":[{"taxonomy":"category","embeddable":true,"href":"https:\/\/verdadeon.com.br\/portal\/wp-json\/wp\/v2\/categories?post=20681"},{"taxonomy":"post_tag","embeddable":true,"href":"https:\/\/verdadeon.com.br\/portal\/wp-json\/wp\/v2\/tags?post=20681"}],"curies":[{"name":"wp","href":"https:\/\/api.w.org\/{rel}","templated":true}]}}