{"id":20677,"date":"2021-10-30T00:08:26","date_gmt":"2021-10-30T03:08:26","guid":{"rendered":"https:\/\/verdadeon.com.br\/portal\/?p=20677"},"modified":"2021-10-30T00:08:26","modified_gmt":"2021-10-30T03:08:26","slug":"assembleia-de-deus-comemora-jubileu-de-ouro-de-grupo-de-oracao","status":"publish","type":"post","link":"https:\/\/verdadeon.com.br\/portal\/2021\/10\/30\/assembleia-de-deus-comemora-jubileu-de-ouro-de-grupo-de-oracao\/","title":{"rendered":"Assembleia de Deus comemora jubileu de ouro de grupo de ora\u00e7\u00e3o"},"content":{"rendered":"<h2>O s\u00e1bado 30 de outubro ser\u00e1 de festa na Igreja Assembleia de Deus do bairro Santa Cruz: O C\u00edrculo de Ora\u00e7\u00e3o \u201cHero\u00ednas de Si\u00e3o\u201d vai celebrar 50 anos de atua\u00e7\u00e3o em Franca.<\/h2>\n<p>O c\u00edrculo foi implantado em 1971 pela irm\u00e3 Zilda e tem o objetivo de unir mulheres para estudar a palavra de Deus, orar e auxiliar aquelas que precisam de algum tipo de apoio. Atualmente, o grupo tem cerca de 80 participantes.<br \/>\nO Jubileu de Ouro do C\u00edrculo de Ora\u00e7\u00e3o ser\u00e1 comemorado a partir das 20 horas na Assembleia do Bairro Santa Cruz e reunir\u00e1 lideran\u00e7as da igreja e convidados. \u201cO C\u00edrculo \u00e9 um grupo de mulheres que t\u00eam sido um instrumento de b\u00ean\u00e7\u00e3o ao longo dos anos para nossa Igreja Assembleia de Deus, bem como para as demais igrejas e tamb\u00e9m para a cidade, pois s\u00e3o mulheres comprometidas com a ora\u00e7\u00e3o. Elas t\u00eam a meta de interceder e de buscar a Deus em favor das pessoas\u201d, comentou o pastor Isaac Ribeiro, presidente das Assembleias de Deus em Franca.<br \/>\nDirigente da Congrega\u00e7\u00e3o de Santa Cruz, o pastor Edson Cunha disse agradecer a Deus pelos 50 anos do C\u00edrculo de Ora\u00e7\u00e3o. \u201cSou grato por fazer parte deste momento t\u00e3o especial juntamente com todas as nossas irm\u00e3s que t\u00eam participado e orado. Neste s\u00e1bado, estaremos em um culto especial agradecendo a Deus pela vida dessas irm\u00e3s, que s\u00e3o colunas de ora\u00e7\u00e3o nas igrejas\u201d.<br \/>\nL\u00edder do C\u00edrculo de Ora\u00e7\u00e3o, Talita Kelly, avalia que o grupo \u00e9 uma fonte de ajuda aben\u00e7oada. \u201cEstamos sempre nos comunicando e ajudando umas \u00e0s outras nas necessidades. O C\u00edrculo de Ora\u00e7\u00e3o aben\u00e7oa a vida das mulheres. Muitas mulheres que passaram pelo C\u00edrculo tiveram suas vidas transformadas pelo poder de Deus atrav\u00e9s das ora\u00e7\u00f5es. \u00c9 um c\u00edrculo que transforma, que ajuda pessoas\u201d.<br \/>\nTalita disse que a solenidade festiva do Jubileu de Ouro vai marcar a hist\u00f3ria do Circo de Ora\u00e7\u00e3o e refor\u00e7ar a sua import\u00e2ncia. \u201cSomos mulheres reunidas num s\u00f3 prop\u00f3sito, num s\u00f3 objetivo de uni\u00e3o de estar uma pelas outras. Somos formiguinhas trabalhando para o mesmo reino. Quando uma cansa, a outra vem para apoiar\u201d.<\/p>\n","protected":false},"excerpt":{"rendered":"<p>O s\u00e1bado 30 de outubro ser\u00e1 de festa na Igreja Assembleia de Deus do bairro Santa Cruz: O C\u00edrculo de Ora\u00e7\u00e3o \u201cHero\u00ednas de Si\u00e3o\u201d vai celebrar<span class=\"excerpt-hellip\"> [\u2026]<\/span><\/p>\n","protected":false},"author":4,"featured_media":20679,"comment_status":"open","ping_status":"open","sticky":false,"template":"","format":"standard","meta":{"_jetpack_memberships_contains_paid_content":false,"footnotes":"","jetpack_publicize_message":"","jetpack_publicize_feature_enabled":true,"jetpack_social_post_already_shared":false,"jetpack_social_options":{"image_generator_settings":{"template":"highway","default_image_id":0,"enabled":false},"version":2}},"categories":[28],"tags":[],"class_list":["post-20677","post","type-post","status-publish","format-standard","has-post-thumbnail","hentry","category-cotidiano"],"yoast_head":"<!-- This site is optimized with the Yoast SEO plugin v25.6 - https:\/\/yoast.com\/wordpress\/plugins\/seo\/ -->\n<title>Assembleia de Deus comemora jubileu de ouro de grupo de ora\u00e7\u00e3o - VerdadeOn<\/title>\n<meta name=\"robots\" content=\"index, follow, max-snippet:-1, max-image-preview:large, max-video-preview:-1\" \/>\n<link rel=\"canonical\" href=\"https:\/\/verdadeon.com.br\/portal\/2021\/10\/30\/assembleia-de-deus-comemora-jubileu-de-ouro-de-grupo-de-oracao\/\" \/>\n<meta property=\"og:locale\" content=\"pt_BR\" \/>\n<meta property=\"og:type\" content=\"article\" \/>\n<meta property=\"og:title\" content=\"Assembleia de Deus comemora jubileu de ouro de grupo de ora\u00e7\u00e3o - VerdadeOn\" \/>\n<meta property=\"og:description\" content=\"O s\u00e1bado 30 de outubro ser\u00e1 de festa na Igreja Assembleia de Deus do bairro Santa Cruz: O C\u00edrculo de Ora\u00e7\u00e3o \u201cHero\u00ednas de Si\u00e3o\u201d vai celebrar [\u2026]\" \/>\n<meta property=\"og:url\" content=\"https:\/\/verdadeon.com.br\/portal\/2021\/10\/30\/assembleia-de-deus-comemora-jubileu-de-ouro-de-grupo-de-oracao\/\" \/>\n<meta property=\"og:site_name\" content=\"VerdadeOn\" \/>\n<meta property=\"article:published_time\" content=\"2021-10-30T03:08:26+00:00\" \/>\n<meta property=\"og:image\" content=\"https:\/\/verdadeon.com.br\/portal\/wp-content\/uploads\/2021\/10\/WhatsApp-Image-2021-10-29-at-14.15.42.jpeg\" \/>\n\t<meta property=\"og:image:width\" content=\"640\" \/>\n\t<meta property=\"og:image:height\" content=\"409\" \/>\n\t<meta property=\"og:image:type\" content=\"image\/jpeg\" \/>\n<meta name=\"author\" content=\"Fernando Calixto\" \/>\n<meta name=\"twitter:card\" content=\"summary_large_image\" \/>\n<meta name=\"twitter:label1\" content=\"Escrito por\" \/>\n\t<meta name=\"twitter:data1\" content=\"Fernando Calixto\" \/>\n\t<meta name=\"twitter:label2\" content=\"Est. tempo de leitura\" \/>\n\t<meta name=\"twitter:data2\" content=\"2 minutos\" \/>\n<script type=\"application\/ld+json\" class=\"yoast-schema-graph\">{\"@context\":\"https:\/\/schema.org\",\"@graph\":[{\"@type\":\"WebPage\",\"@id\":\"https:\/\/verdadeon.com.br\/portal\/2021\/10\/30\/assembleia-de-deus-comemora-jubileu-de-ouro-de-grupo-de-oracao\/\",\"url\":\"https:\/\/verdadeon.com.br\/portal\/2021\/10\/30\/assembleia-de-deus-comemora-jubileu-de-ouro-de-grupo-de-oracao\/\",\"name\":\"Assembleia de Deus comemora jubileu de ouro de grupo de ora\u00e7\u00e3o - VerdadeOn\",\"isPartOf\":{\"@id\":\"https:\/\/verdadeon.com.br\/portal\/#website\"},\"primaryImageOfPage\":{\"@id\":\"https:\/\/verdadeon.com.br\/portal\/2021\/10\/30\/assembleia-de-deus-comemora-jubileu-de-ouro-de-grupo-de-oracao\/#primaryimage\"},\"image\":{\"@id\":\"https:\/\/verdadeon.com.br\/portal\/2021\/10\/30\/assembleia-de-deus-comemora-jubileu-de-ouro-de-grupo-de-oracao\/#primaryimage\"},\"thumbnailUrl\":\"https:\/\/i0.wp.com\/verdadeon.com.br\/portal\/wp-content\/uploads\/2021\/10\/WhatsApp-Image-2021-10-29-at-14.15.42.jpeg?fit=640%2C409&ssl=1\",\"datePublished\":\"2021-10-30T03:08:26+00:00\",\"author\":{\"@id\":\"https:\/\/verdadeon.com.br\/portal\/#\/schema\/person\/8994718f49ee62ba5610471e29ca1f62\"},\"breadcrumb\":{\"@id\":\"https:\/\/verdadeon.com.br\/portal\/2021\/10\/30\/assembleia-de-deus-comemora-jubileu-de-ouro-de-grupo-de-oracao\/#breadcrumb\"},\"inLanguage\":\"pt-BR\",\"potentialAction\":[{\"@type\":\"ReadAction\",\"target\":[\"https:\/\/verdadeon.com.br\/portal\/2021\/10\/30\/assembleia-de-deus-comemora-jubileu-de-ouro-de-grupo-de-oracao\/\"]}]},{\"@type\":\"ImageObject\",\"inLanguage\":\"pt-BR\",\"@id\":\"https:\/\/verdadeon.com.br\/portal\/2021\/10\/30\/assembleia-de-deus-comemora-jubileu-de-ouro-de-grupo-de-oracao\/#primaryimage\",\"url\":\"https:\/\/i0.wp.com\/verdadeon.com.br\/portal\/wp-content\/uploads\/2021\/10\/WhatsApp-Image-2021-10-29-at-14.15.42.jpeg?fit=640%2C409&ssl=1\",\"contentUrl\":\"https:\/\/i0.wp.com\/verdadeon.com.br\/portal\/wp-content\/uploads\/2021\/10\/WhatsApp-Image-2021-10-29-at-14.15.42.jpeg?fit=640%2C409&ssl=1\",\"width\":640,\"height\":409},{\"@type\":\"BreadcrumbList\",\"@id\":\"https:\/\/verdadeon.com.br\/portal\/2021\/10\/30\/assembleia-de-deus-comemora-jubileu-de-ouro-de-grupo-de-oracao\/#breadcrumb\",\"itemListElement\":[{\"@type\":\"ListItem\",\"position\":1,\"name\":\"In\u00edcio\",\"item\":\"https:\/\/verdadeon.com.br\/portal\/\"},{\"@type\":\"ListItem\",\"position\":2,\"name\":\"Assembleia de Deus comemora jubileu de ouro de grupo de ora\u00e7\u00e3o\"}]},{\"@type\":\"WebSite\",\"@id\":\"https:\/\/verdadeon.com.br\/portal\/#website\",\"url\":\"https:\/\/verdadeon.com.br\/portal\/\",\"name\":\"VerdadeOn\",\"description\":\"Not\u00edcias di\u00e1rias sobre Franca, Regi\u00e3o, Esporte, Cultura, Cotidiano, Colunas. Cobertura nos principais eventos da cidade \u00e9 aqui - Verdadeon Franca\",\"potentialAction\":[{\"@type\":\"SearchAction\",\"target\":{\"@type\":\"EntryPoint\",\"urlTemplate\":\"https:\/\/verdadeon.com.br\/portal\/?s={search_term_string}\"},\"query-input\":{\"@type\":\"PropertyValueSpecification\",\"valueRequired\":true,\"valueName\":\"search_term_string\"}}],\"inLanguage\":\"pt-BR\"},{\"@type\":\"Person\",\"@id\":\"https:\/\/verdadeon.com.br\/portal\/#\/schema\/person\/8994718f49ee62ba5610471e29ca1f62\",\"name\":\"Fernando Calixto\",\"image\":{\"@type\":\"ImageObject\",\"inLanguage\":\"pt-BR\",\"@id\":\"https:\/\/verdadeon.com.br\/portal\/#\/schema\/person\/image\/\",\"url\":\"https:\/\/secure.gravatar.com\/avatar\/7578910c24966c0316c340f9dbd601e93ee9f9212e1033968b367af9306bd9fb?s=96&d=mm&r=g\",\"contentUrl\":\"https:\/\/secure.gravatar.com\/avatar\/7578910c24966c0316c340f9dbd601e93ee9f9212e1033968b367af9306bd9fb?s=96&d=mm&r=g\",\"caption\":\"Fernando Calixto\"},\"url\":\"https:\/\/verdadeon.com.br\/portal\/author\/fernando-calixto\/\"}]}<\/script>\n<!-- \/ Yoast SEO plugin. -->","yoast_head_json":{"title":"Assembleia de Deus comemora jubileu de ouro de grupo de ora\u00e7\u00e3o - VerdadeOn","robots":{"index":"index","follow":"follow","max-snippet":"max-snippet:-1","max-image-preview":"max-image-preview:large","max-video-preview":"max-video-preview:-1"},"canonical":"https:\/\/verdadeon.com.br\/portal\/2021\/10\/30\/assembleia-de-deus-comemora-jubileu-de-ouro-de-grupo-de-oracao\/","og_locale":"pt_BR","og_type":"article","og_title":"Assembleia de Deus comemora jubileu de ouro de grupo de ora\u00e7\u00e3o - VerdadeOn","og_description":"O s\u00e1bado 30 de outubro ser\u00e1 de festa na Igreja Assembleia de Deus do bairro Santa Cruz: O C\u00edrculo de Ora\u00e7\u00e3o \u201cHero\u00ednas de Si\u00e3o\u201d vai celebrar [\u2026]","og_url":"https:\/\/verdadeon.com.br\/portal\/2021\/10\/30\/assembleia-de-deus-comemora-jubileu-de-ouro-de-grupo-de-oracao\/","og_site_name":"VerdadeOn","article_published_time":"2021-10-30T03:08:26+00:00","og_image":[{"width":640,"height":409,"url":"https:\/\/verdadeon.com.br\/portal\/wp-content\/uploads\/2021\/10\/WhatsApp-Image-2021-10-29-at-14.15.42.jpeg","type":"image\/jpeg"}],"author":"Fernando Calixto","twitter_card":"summary_large_image","twitter_misc":{"Escrito por":"Fernando Calixto","Est. tempo de leitura":"2 minutos"},"schema":{"@context":"https:\/\/schema.org","@graph":[{"@type":"WebPage","@id":"https:\/\/verdadeon.com.br\/portal\/2021\/10\/30\/assembleia-de-deus-comemora-jubileu-de-ouro-de-grupo-de-oracao\/","url":"https:\/\/verdadeon.com.br\/portal\/2021\/10\/30\/assembleia-de-deus-comemora-jubileu-de-ouro-de-grupo-de-oracao\/","name":"Assembleia de Deus comemora jubileu de ouro de grupo de ora\u00e7\u00e3o - VerdadeOn","isPartOf":{"@id":"https:\/\/verdadeon.com.br\/portal\/#website"},"primaryImageOfPage":{"@id":"https:\/\/verdadeon.com.br\/portal\/2021\/10\/30\/assembleia-de-deus-comemora-jubileu-de-ouro-de-grupo-de-oracao\/#primaryimage"},"image":{"@id":"https:\/\/verdadeon.com.br\/portal\/2021\/10\/30\/assembleia-de-deus-comemora-jubileu-de-ouro-de-grupo-de-oracao\/#primaryimage"},"thumbnailUrl":"https:\/\/i0.wp.com\/verdadeon.com.br\/portal\/wp-content\/uploads\/2021\/10\/WhatsApp-Image-2021-10-29-at-14.15.42.jpeg?fit=640%2C409&ssl=1","datePublished":"2021-10-30T03:08:26+00:00","author":{"@id":"https:\/\/verdadeon.com.br\/portal\/#\/schema\/person\/8994718f49ee62ba5610471e29ca1f62"},"breadcrumb":{"@id":"https:\/\/verdadeon.com.br\/portal\/2021\/10\/30\/assembleia-de-deus-comemora-jubileu-de-ouro-de-grupo-de-oracao\/#breadcrumb"},"inLanguage":"pt-BR","potentialAction":[{"@type":"ReadAction","target":["https:\/\/verdadeon.com.br\/portal\/2021\/10\/30\/assembleia-de-deus-comemora-jubileu-de-ouro-de-grupo-de-oracao\/"]}]},{"@type":"ImageObject","inLanguage":"pt-BR","@id":"https:\/\/verdadeon.com.br\/portal\/2021\/10\/30\/assembleia-de-deus-comemora-jubileu-de-ouro-de-grupo-de-oracao\/#primaryimage","url":"https:\/\/i0.wp.com\/verdadeon.com.br\/portal\/wp-content\/uploads\/2021\/10\/WhatsApp-Image-2021-10-29-at-14.15.42.jpeg?fit=640%2C409&ssl=1","contentUrl":"https:\/\/i0.wp.com\/verdadeon.com.br\/portal\/wp-content\/uploads\/2021\/10\/WhatsApp-Image-2021-10-29-at-14.15.42.jpeg?fit=640%2C409&ssl=1","width":640,"height":409},{"@type":"BreadcrumbList","@id":"https:\/\/verdadeon.com.br\/portal\/2021\/10\/30\/assembleia-de-deus-comemora-jubileu-de-ouro-de-grupo-de-oracao\/#breadcrumb","itemListElement":[{"@type":"ListItem","position":1,"name":"In\u00edcio","item":"https:\/\/verdadeon.com.br\/portal\/"},{"@type":"ListItem","position":2,"name":"Assembleia de Deus comemora jubileu de ouro de grupo de ora\u00e7\u00e3o"}]},{"@type":"WebSite","@id":"https:\/\/verdadeon.com.br\/portal\/#website","url":"https:\/\/verdadeon.com.br\/portal\/","name":"VerdadeOn","description":"Not\u00edcias di\u00e1rias sobre Franca, Regi\u00e3o, Esporte, Cultura, Cotidiano, Colunas. Cobertura nos principais eventos da cidade \u00e9 aqui - Verdadeon Franca","potentialAction":[{"@type":"SearchAction","target":{"@type":"EntryPoint","urlTemplate":"https:\/\/verdadeon.com.br\/portal\/?s={search_term_string}"},"query-input":{"@type":"PropertyValueSpecification","valueRequired":true,"valueName":"search_term_string"}}],"inLanguage":"pt-BR"},{"@type":"Person","@id":"https:\/\/verdadeon.com.br\/portal\/#\/schema\/person\/8994718f49ee62ba5610471e29ca1f62","name":"Fernando Calixto","image":{"@type":"ImageObject","inLanguage":"pt-BR","@id":"https:\/\/verdadeon.com.br\/portal\/#\/schema\/person\/image\/","url":"https:\/\/secure.gravatar.com\/avatar\/7578910c24966c0316c340f9dbd601e93ee9f9212e1033968b367af9306bd9fb?s=96&d=mm&r=g","contentUrl":"https:\/\/secure.gravatar.com\/avatar\/7578910c24966c0316c340f9dbd601e93ee9f9212e1033968b367af9306bd9fb?s=96&d=mm&r=g","caption":"Fernando Calixto"},"url":"https:\/\/verdadeon.com.br\/portal\/author\/fernando-calixto\/"}]}},"jetpack_publicize_connections":[],"jetpack_featured_media_url":"https:\/\/i0.wp.com\/verdadeon.com.br\/portal\/wp-content\/uploads\/2021\/10\/WhatsApp-Image-2021-10-29-at-14.15.42.jpeg?fit=640%2C409&ssl=1","jetpack_sharing_enabled":true,"_links":{"self":[{"href":"https:\/\/verdadeon.com.br\/portal\/wp-json\/wp\/v2\/posts\/20677","targetHints":{"allow":["GET"]}}],"collection":[{"href":"https:\/\/verdadeon.com.br\/portal\/wp-json\/wp\/v2\/posts"}],"about":[{"href":"https:\/\/verdadeon.com.br\/portal\/wp-json\/wp\/v2\/types\/post"}],"author":[{"embeddable":true,"href":"https:\/\/verdadeon.com.br\/portal\/wp-json\/wp\/v2\/users\/4"}],"replies":[{"embeddable":true,"href":"https:\/\/verdadeon.com.br\/portal\/wp-json\/wp\/v2\/comments?post=20677"}],"version-history":[{"count":0,"href":"https:\/\/verdadeon.com.br\/portal\/wp-json\/wp\/v2\/posts\/20677\/revisions"}],"wp:featuredmedia":[{"embeddable":true,"href":"https:\/\/verdadeon.com.br\/portal\/wp-json\/wp\/v2\/media\/20679"}],"wp:attachment":[{"href":"https:\/\/verdadeon.com.br\/portal\/wp-json\/wp\/v2\/media?parent=20677"}],"wp:term":[{"taxonomy":"category","embeddable":true,"href":"https:\/\/verdadeon.com.br\/portal\/wp-json\/wp\/v2\/categories?post=20677"},{"taxonomy":"post_tag","embeddable":true,"href":"https:\/\/verdadeon.com.br\/portal\/wp-json\/wp\/v2\/tags?post=20677"}],"curies":[{"name":"wp","href":"https:\/\/api.w.org\/{rel}","templated":true}]}}