{"id":20667,"date":"2021-10-29T18:37:42","date_gmt":"2021-10-29T21:37:42","guid":{"rendered":"https:\/\/verdadeon.com.br\/portal\/?p=20667"},"modified":"2021-10-29T18:40:44","modified_gmt":"2021-10-29T21:40:44","slug":"prefeitura-anuncia-retorno-da-expoagro-em-maio-de-2022","status":"publish","type":"post","link":"https:\/\/verdadeon.com.br\/portal\/2021\/10\/29\/prefeitura-anuncia-retorno-da-expoagro-em-maio-de-2022\/","title":{"rendered":"Prefeitura anuncia retorno da Expoagro para maio de 2022"},"content":{"rendered":"<h2>Prefeito informou que evento ser\u00e1 realizado dos dias 19 a 22 de maio; promessa \u00e9 ter show gratuito e pre\u00e7os acess\u00edveis<\/h2>\n<p><span style=\"font-weight: 400;\">A Prefeitura confirmou para o ano que vem o retorno da Expoagro, considerada a maior festa popular de Franca. O evento j\u00e1 tem data para acontecer e ser\u00e1 realizado entre os dias 19 e 22 de maio de 2022. O an\u00fancio foi feito pelo prefeito Alexandre Ferreira nesta sexta-feira por meio de suas redes sociais. A \u00faltima edi\u00e7\u00e3o da feira agropecu\u00e1ria foi em 2018.\u00a0<\/span><\/p>\n<p><span style=\"font-weight: 400;\">A organiza\u00e7\u00e3o oficial para a realiza\u00e7\u00e3o da Expoagro 2022 j\u00e1 come\u00e7ou. Uma portaria com os nomes que comp\u00f5em a comiss\u00e3o especial de licita\u00e7\u00e3o para o evento foi publicada na edi\u00e7\u00e3o desta sexta-feira do Di\u00e1rio Oficial do Munic\u00edpio.\u00a0<\/span><\/p>\n<p><span style=\"font-weight: 400;\">O prefeito Alexandre Ferreira confirmou o in\u00edcio dos preparativos para que a Expoagro tenha shows musicais. Segundo ele, o edital para a defini\u00e7\u00e3o da empresa respons\u00e1vel pela organiza\u00e7\u00e3o das apresenta\u00e7\u00f5es ser\u00e1 divulgado nos pr\u00f3ximos dias.\u00a0<\/span><\/p>\n<p><span style=\"font-weight: 400;\">Ferreira explicou que a licita\u00e7\u00e3o dever\u00e1 apresentar a exig\u00eancia de pre\u00e7os acess\u00edveis e pelo menos um show gratuito \u00e0 popula\u00e7\u00e3o. \u201cJ\u00e1 determinei que sejam oferecidos pelo menos um show gratuito e setores com ingressos a pre\u00e7os populares\u201d, disse.<\/span><\/p>\n<p><span style=\"font-weight: 400;\">A comiss\u00e3o especial de licita\u00e7\u00e3o da 51\u00aa Expoagro ser\u00e1 presidida pela secret\u00e1ria de Desenvolvimento, Lucimara Prado.<\/span><\/p>\n<p><span style=\"font-weight: 400;\">O prefeito destacou que o n\u00famero de pessoas que estar\u00e3o com o ciclo vacinal completo at\u00e9 maio foi avaliado na decis\u00e3o pelo retorno da feira. \u201cOs avan\u00e7os na vacina\u00e7\u00e3o est\u00e3o sendo decisivos para a volta da Expoagro. Por isso, \u00e9 importante que, at\u00e9 l\u00e1, continuemos tomando todos os cuidados contra a Covid, para vencermos esta guerra e termos uma das melhores Expoagro de todos os tempos\u201d.<\/span><\/p>\n<h4>Expectativas<\/h4>\n<p><span style=\"font-weight: 400;\">A parte art\u00edstica da Expoagro \u00e9 bastante aguardada pela popula\u00e7\u00e3o, especialmente ap\u00f3s o \u201cjejum\u201d que o p\u00fablico enfrenta sem a realiza\u00e7\u00e3o das \u00faltimas edi\u00e7\u00f5es da festa. Mas a programa\u00e7\u00e3o t\u00e9cnica promovida pela feira francana \u00e9 destaque em todo pa\u00eds e movimenta milh\u00f5es.<\/span><\/p>\n<p><span style=\"font-weight: 400;\">Vequer Vaz do Amaral, diretor da <\/span><span style=\"font-weight: 400;\">Associa\u00e7\u00e3o Brasileira dos Criadores de Jumento P\u00eaga e do Sindicato de Produtores Rurais de Patos de Minas, participa de exposi\u00e7\u00f5es em v\u00e1rios Estados brasileiros e ressalta as peculiaridades de Franca para sediar eventos nacionais. \u201cEssas competi\u00e7\u00f5es recebem competidores de Goi\u00e1s, Paran\u00e1, Minas Gerais e S\u00e3o Paulo e Franca tem uma localiza\u00e7\u00e3o estrat\u00e9gica, porque \u00e9 uma cidade polo, al\u00e9m de ter uma estrutura de parque maravilhosa e ser uma cidade muito hospitaleira\u201d.<\/span><\/p>\n<p><span style=\"font-weight: 400;\">A expectativa de Vequer \u00e9 aproveitar a 51\u00aa edi\u00e7\u00e3o da Expoagro para realizar em Franca a competi\u00e7\u00e3o nacional de mulas e jumentos. \u201c\u00c9 um desejo que tenho, de realizar a edi\u00e7\u00e3o nacional de muares e jumentos na feira de Franca. Vamos trabalhar para dar certo\u201d.<\/span><\/p>\n","protected":false},"excerpt":{"rendered":"<p>Prefeito informou que evento ser\u00e1 realizado dos dias 19 a 22 de maio; promessa \u00e9 ter show gratuito e pre\u00e7os acess\u00edveis A Prefeitura confirmou para o<span class=\"excerpt-hellip\"> [\u2026]<\/span><\/p>\n","protected":false},"author":12,"featured_media":20669,"comment_status":"open","ping_status":"open","sticky":false,"template":"","format":"standard","meta":{"_jetpack_memberships_contains_paid_content":false,"footnotes":"","jetpack_publicize_message":"","jetpack_publicize_feature_enabled":true,"jetpack_social_post_already_shared":false,"jetpack_social_options":{"image_generator_settings":{"template":"highway","default_image_id":0,"enabled":false},"version":2}},"categories":[28,81],"tags":[],"class_list":["post-20667","post","type-post","status-publish","format-standard","has-post-thumbnail","hentry","category-cotidiano","category-manchete"],"yoast_head":"<!-- This site is optimized with the Yoast SEO plugin v25.6 - https:\/\/yoast.com\/wordpress\/plugins\/seo\/ -->\n<title>Prefeitura anuncia retorno da Expoagro para maio de 2022 - VerdadeOn<\/title>\n<meta name=\"robots\" content=\"index, follow, max-snippet:-1, max-image-preview:large, max-video-preview:-1\" \/>\n<link rel=\"canonical\" href=\"https:\/\/verdadeon.com.br\/portal\/2021\/10\/29\/prefeitura-anuncia-retorno-da-expoagro-em-maio-de-2022\/\" \/>\n<meta property=\"og:locale\" content=\"pt_BR\" \/>\n<meta property=\"og:type\" content=\"article\" \/>\n<meta property=\"og:title\" content=\"Prefeitura anuncia retorno da Expoagro para maio de 2022 - VerdadeOn\" \/>\n<meta property=\"og:description\" content=\"Prefeito informou que evento ser\u00e1 realizado dos dias 19 a 22 de maio; promessa \u00e9 ter show gratuito e pre\u00e7os acess\u00edveis A Prefeitura confirmou para o [\u2026]\" \/>\n<meta property=\"og:url\" content=\"https:\/\/verdadeon.com.br\/portal\/2021\/10\/29\/prefeitura-anuncia-retorno-da-expoagro-em-maio-de-2022\/\" \/>\n<meta property=\"og:site_name\" content=\"VerdadeOn\" \/>\n<meta property=\"article:published_time\" content=\"2021-10-29T21:37:42+00:00\" \/>\n<meta property=\"article:modified_time\" content=\"2021-10-29T21:40:44+00:00\" \/>\n<meta property=\"og:image\" content=\"https:\/\/verdadeon.com.br\/portal\/wp-content\/uploads\/2021\/10\/O-prefeito-Alexandre-Ferreira-anunciou-em-suas-redes-sociais-que-a-51a-edicao-da-Expoagro-sera-realizada-em-2022-Foto-Redes-Sociais.jpeg\" \/>\n\t<meta property=\"og:image:width\" content=\"1000\" \/>\n\t<meta property=\"og:image:height\" content=\"670\" \/>\n\t<meta property=\"og:image:type\" content=\"image\/jpeg\" \/>\n<meta name=\"author\" content=\"Nelise Luques\" \/>\n<meta name=\"twitter:card\" content=\"summary_large_image\" \/>\n<meta name=\"twitter:label1\" content=\"Escrito por\" \/>\n\t<meta name=\"twitter:data1\" content=\"Nelise Luques\" \/>\n\t<meta name=\"twitter:label2\" content=\"Est. tempo de leitura\" \/>\n\t<meta name=\"twitter:data2\" content=\"2 minutos\" \/>\n<script type=\"application\/ld+json\" class=\"yoast-schema-graph\">{\"@context\":\"https:\/\/schema.org\",\"@graph\":[{\"@type\":\"WebPage\",\"@id\":\"https:\/\/verdadeon.com.br\/portal\/2021\/10\/29\/prefeitura-anuncia-retorno-da-expoagro-em-maio-de-2022\/\",\"url\":\"https:\/\/verdadeon.com.br\/portal\/2021\/10\/29\/prefeitura-anuncia-retorno-da-expoagro-em-maio-de-2022\/\",\"name\":\"Prefeitura anuncia retorno da Expoagro para maio de 2022 - VerdadeOn\",\"isPartOf\":{\"@id\":\"https:\/\/verdadeon.com.br\/portal\/#website\"},\"primaryImageOfPage\":{\"@id\":\"https:\/\/verdadeon.com.br\/portal\/2021\/10\/29\/prefeitura-anuncia-retorno-da-expoagro-em-maio-de-2022\/#primaryimage\"},\"image\":{\"@id\":\"https:\/\/verdadeon.com.br\/portal\/2021\/10\/29\/prefeitura-anuncia-retorno-da-expoagro-em-maio-de-2022\/#primaryimage\"},\"thumbnailUrl\":\"https:\/\/i0.wp.com\/verdadeon.com.br\/portal\/wp-content\/uploads\/2021\/10\/O-prefeito-Alexandre-Ferreira-anunciou-em-suas-redes-sociais-que-a-51a-edicao-da-Expoagro-sera-realizada-em-2022-Foto-Redes-Sociais.jpeg?fit=1000%2C670&ssl=1\",\"datePublished\":\"2021-10-29T21:37:42+00:00\",\"dateModified\":\"2021-10-29T21:40:44+00:00\",\"author\":{\"@id\":\"https:\/\/verdadeon.com.br\/portal\/#\/schema\/person\/8248726d36015c1916636fabb175d972\"},\"breadcrumb\":{\"@id\":\"https:\/\/verdadeon.com.br\/portal\/2021\/10\/29\/prefeitura-anuncia-retorno-da-expoagro-em-maio-de-2022\/#breadcrumb\"},\"inLanguage\":\"pt-BR\",\"potentialAction\":[{\"@type\":\"ReadAction\",\"target\":[\"https:\/\/verdadeon.com.br\/portal\/2021\/10\/29\/prefeitura-anuncia-retorno-da-expoagro-em-maio-de-2022\/\"]}]},{\"@type\":\"ImageObject\",\"inLanguage\":\"pt-BR\",\"@id\":\"https:\/\/verdadeon.com.br\/portal\/2021\/10\/29\/prefeitura-anuncia-retorno-da-expoagro-em-maio-de-2022\/#primaryimage\",\"url\":\"https:\/\/i0.wp.com\/verdadeon.com.br\/portal\/wp-content\/uploads\/2021\/10\/O-prefeito-Alexandre-Ferreira-anunciou-em-suas-redes-sociais-que-a-51a-edicao-da-Expoagro-sera-realizada-em-2022-Foto-Redes-Sociais.jpeg?fit=1000%2C670&ssl=1\",\"contentUrl\":\"https:\/\/i0.wp.com\/verdadeon.com.br\/portal\/wp-content\/uploads\/2021\/10\/O-prefeito-Alexandre-Ferreira-anunciou-em-suas-redes-sociais-que-a-51a-edicao-da-Expoagro-sera-realizada-em-2022-Foto-Redes-Sociais.jpeg?fit=1000%2C670&ssl=1\",\"width\":1000,\"height\":670,\"caption\":\"O prefeito Alexandre Ferreira anunciou em suas redes sociais que a 51\u00aa edi\u00e7\u00e3o da Expoagro ser\u00e1 realizada em 2022 | Foto Redes Sociais\"},{\"@type\":\"BreadcrumbList\",\"@id\":\"https:\/\/verdadeon.com.br\/portal\/2021\/10\/29\/prefeitura-anuncia-retorno-da-expoagro-em-maio-de-2022\/#breadcrumb\",\"itemListElement\":[{\"@type\":\"ListItem\",\"position\":1,\"name\":\"In\u00edcio\",\"item\":\"https:\/\/verdadeon.com.br\/portal\/\"},{\"@type\":\"ListItem\",\"position\":2,\"name\":\"Prefeitura anuncia retorno da Expoagro para maio de 2022\"}]},{\"@type\":\"WebSite\",\"@id\":\"https:\/\/verdadeon.com.br\/portal\/#website\",\"url\":\"https:\/\/verdadeon.com.br\/portal\/\",\"name\":\"VerdadeOn\",\"description\":\"Not\u00edcias di\u00e1rias sobre Franca, Regi\u00e3o, Esporte, Cultura, Cotidiano, Colunas. Cobertura nos principais eventos da cidade \u00e9 aqui - Verdadeon Franca\",\"potentialAction\":[{\"@type\":\"SearchAction\",\"target\":{\"@type\":\"EntryPoint\",\"urlTemplate\":\"https:\/\/verdadeon.com.br\/portal\/?s={search_term_string}\"},\"query-input\":{\"@type\":\"PropertyValueSpecification\",\"valueRequired\":true,\"valueName\":\"search_term_string\"}}],\"inLanguage\":\"pt-BR\"},{\"@type\":\"Person\",\"@id\":\"https:\/\/verdadeon.com.br\/portal\/#\/schema\/person\/8248726d36015c1916636fabb175d972\",\"name\":\"Nelise Luques\",\"image\":{\"@type\":\"ImageObject\",\"inLanguage\":\"pt-BR\",\"@id\":\"https:\/\/verdadeon.com.br\/portal\/#\/schema\/person\/image\/\",\"url\":\"https:\/\/secure.gravatar.com\/avatar\/29b2a17f5bcadeb827411b66f48ac13c3e0ecaf5906c0f5745ecc5d41c24eada?s=96&d=mm&r=g\",\"contentUrl\":\"https:\/\/secure.gravatar.com\/avatar\/29b2a17f5bcadeb827411b66f48ac13c3e0ecaf5906c0f5745ecc5d41c24eada?s=96&d=mm&r=g\",\"caption\":\"Nelise Luques\"},\"url\":\"https:\/\/verdadeon.com.br\/portal\/author\/verdade\/\"}]}<\/script>\n<!-- \/ Yoast SEO plugin. -->","yoast_head_json":{"title":"Prefeitura anuncia retorno da Expoagro para maio de 2022 - VerdadeOn","robots":{"index":"index","follow":"follow","max-snippet":"max-snippet:-1","max-image-preview":"max-image-preview:large","max-video-preview":"max-video-preview:-1"},"canonical":"https:\/\/verdadeon.com.br\/portal\/2021\/10\/29\/prefeitura-anuncia-retorno-da-expoagro-em-maio-de-2022\/","og_locale":"pt_BR","og_type":"article","og_title":"Prefeitura anuncia retorno da Expoagro para maio de 2022 - VerdadeOn","og_description":"Prefeito informou que evento ser\u00e1 realizado dos dias 19 a 22 de maio; promessa \u00e9 ter show gratuito e pre\u00e7os acess\u00edveis A Prefeitura confirmou para o [\u2026]","og_url":"https:\/\/verdadeon.com.br\/portal\/2021\/10\/29\/prefeitura-anuncia-retorno-da-expoagro-em-maio-de-2022\/","og_site_name":"VerdadeOn","article_published_time":"2021-10-29T21:37:42+00:00","article_modified_time":"2021-10-29T21:40:44+00:00","og_image":[{"width":1000,"height":670,"url":"https:\/\/verdadeon.com.br\/portal\/wp-content\/uploads\/2021\/10\/O-prefeito-Alexandre-Ferreira-anunciou-em-suas-redes-sociais-que-a-51a-edicao-da-Expoagro-sera-realizada-em-2022-Foto-Redes-Sociais.jpeg","type":"image\/jpeg"}],"author":"Nelise Luques","twitter_card":"summary_large_image","twitter_misc":{"Escrito por":"Nelise Luques","Est. tempo de leitura":"2 minutos"},"schema":{"@context":"https:\/\/schema.org","@graph":[{"@type":"WebPage","@id":"https:\/\/verdadeon.com.br\/portal\/2021\/10\/29\/prefeitura-anuncia-retorno-da-expoagro-em-maio-de-2022\/","url":"https:\/\/verdadeon.com.br\/portal\/2021\/10\/29\/prefeitura-anuncia-retorno-da-expoagro-em-maio-de-2022\/","name":"Prefeitura anuncia retorno da Expoagro para maio de 2022 - VerdadeOn","isPartOf":{"@id":"https:\/\/verdadeon.com.br\/portal\/#website"},"primaryImageOfPage":{"@id":"https:\/\/verdadeon.com.br\/portal\/2021\/10\/29\/prefeitura-anuncia-retorno-da-expoagro-em-maio-de-2022\/#primaryimage"},"image":{"@id":"https:\/\/verdadeon.com.br\/portal\/2021\/10\/29\/prefeitura-anuncia-retorno-da-expoagro-em-maio-de-2022\/#primaryimage"},"thumbnailUrl":"https:\/\/i0.wp.com\/verdadeon.com.br\/portal\/wp-content\/uploads\/2021\/10\/O-prefeito-Alexandre-Ferreira-anunciou-em-suas-redes-sociais-que-a-51a-edicao-da-Expoagro-sera-realizada-em-2022-Foto-Redes-Sociais.jpeg?fit=1000%2C670&ssl=1","datePublished":"2021-10-29T21:37:42+00:00","dateModified":"2021-10-29T21:40:44+00:00","author":{"@id":"https:\/\/verdadeon.com.br\/portal\/#\/schema\/person\/8248726d36015c1916636fabb175d972"},"breadcrumb":{"@id":"https:\/\/verdadeon.com.br\/portal\/2021\/10\/29\/prefeitura-anuncia-retorno-da-expoagro-em-maio-de-2022\/#breadcrumb"},"inLanguage":"pt-BR","potentialAction":[{"@type":"ReadAction","target":["https:\/\/verdadeon.com.br\/portal\/2021\/10\/29\/prefeitura-anuncia-retorno-da-expoagro-em-maio-de-2022\/"]}]},{"@type":"ImageObject","inLanguage":"pt-BR","@id":"https:\/\/verdadeon.com.br\/portal\/2021\/10\/29\/prefeitura-anuncia-retorno-da-expoagro-em-maio-de-2022\/#primaryimage","url":"https:\/\/i0.wp.com\/verdadeon.com.br\/portal\/wp-content\/uploads\/2021\/10\/O-prefeito-Alexandre-Ferreira-anunciou-em-suas-redes-sociais-que-a-51a-edicao-da-Expoagro-sera-realizada-em-2022-Foto-Redes-Sociais.jpeg?fit=1000%2C670&ssl=1","contentUrl":"https:\/\/i0.wp.com\/verdadeon.com.br\/portal\/wp-content\/uploads\/2021\/10\/O-prefeito-Alexandre-Ferreira-anunciou-em-suas-redes-sociais-que-a-51a-edicao-da-Expoagro-sera-realizada-em-2022-Foto-Redes-Sociais.jpeg?fit=1000%2C670&ssl=1","width":1000,"height":670,"caption":"O prefeito Alexandre Ferreira anunciou em suas redes sociais que a 51\u00aa edi\u00e7\u00e3o da Expoagro ser\u00e1 realizada em 2022 | Foto Redes Sociais"},{"@type":"BreadcrumbList","@id":"https:\/\/verdadeon.com.br\/portal\/2021\/10\/29\/prefeitura-anuncia-retorno-da-expoagro-em-maio-de-2022\/#breadcrumb","itemListElement":[{"@type":"ListItem","position":1,"name":"In\u00edcio","item":"https:\/\/verdadeon.com.br\/portal\/"},{"@type":"ListItem","position":2,"name":"Prefeitura anuncia retorno da Expoagro para maio de 2022"}]},{"@type":"WebSite","@id":"https:\/\/verdadeon.com.br\/portal\/#website","url":"https:\/\/verdadeon.com.br\/portal\/","name":"VerdadeOn","description":"Not\u00edcias di\u00e1rias sobre Franca, Regi\u00e3o, Esporte, Cultura, Cotidiano, Colunas. Cobertura nos principais eventos da cidade \u00e9 aqui - Verdadeon Franca","potentialAction":[{"@type":"SearchAction","target":{"@type":"EntryPoint","urlTemplate":"https:\/\/verdadeon.com.br\/portal\/?s={search_term_string}"},"query-input":{"@type":"PropertyValueSpecification","valueRequired":true,"valueName":"search_term_string"}}],"inLanguage":"pt-BR"},{"@type":"Person","@id":"https:\/\/verdadeon.com.br\/portal\/#\/schema\/person\/8248726d36015c1916636fabb175d972","name":"Nelise Luques","image":{"@type":"ImageObject","inLanguage":"pt-BR","@id":"https:\/\/verdadeon.com.br\/portal\/#\/schema\/person\/image\/","url":"https:\/\/secure.gravatar.com\/avatar\/29b2a17f5bcadeb827411b66f48ac13c3e0ecaf5906c0f5745ecc5d41c24eada?s=96&d=mm&r=g","contentUrl":"https:\/\/secure.gravatar.com\/avatar\/29b2a17f5bcadeb827411b66f48ac13c3e0ecaf5906c0f5745ecc5d41c24eada?s=96&d=mm&r=g","caption":"Nelise Luques"},"url":"https:\/\/verdadeon.com.br\/portal\/author\/verdade\/"}]}},"jetpack_publicize_connections":[],"jetpack_featured_media_url":"https:\/\/i0.wp.com\/verdadeon.com.br\/portal\/wp-content\/uploads\/2021\/10\/O-prefeito-Alexandre-Ferreira-anunciou-em-suas-redes-sociais-que-a-51a-edicao-da-Expoagro-sera-realizada-em-2022-Foto-Redes-Sociais.jpeg?fit=1000%2C670&ssl=1","jetpack_sharing_enabled":true,"_links":{"self":[{"href":"https:\/\/verdadeon.com.br\/portal\/wp-json\/wp\/v2\/posts\/20667","targetHints":{"allow":["GET"]}}],"collection":[{"href":"https:\/\/verdadeon.com.br\/portal\/wp-json\/wp\/v2\/posts"}],"about":[{"href":"https:\/\/verdadeon.com.br\/portal\/wp-json\/wp\/v2\/types\/post"}],"author":[{"embeddable":true,"href":"https:\/\/verdadeon.com.br\/portal\/wp-json\/wp\/v2\/users\/12"}],"replies":[{"embeddable":true,"href":"https:\/\/verdadeon.com.br\/portal\/wp-json\/wp\/v2\/comments?post=20667"}],"version-history":[{"count":0,"href":"https:\/\/verdadeon.com.br\/portal\/wp-json\/wp\/v2\/posts\/20667\/revisions"}],"wp:featuredmedia":[{"embeddable":true,"href":"https:\/\/verdadeon.com.br\/portal\/wp-json\/wp\/v2\/media\/20669"}],"wp:attachment":[{"href":"https:\/\/verdadeon.com.br\/portal\/wp-json\/wp\/v2\/media?parent=20667"}],"wp:term":[{"taxonomy":"category","embeddable":true,"href":"https:\/\/verdadeon.com.br\/portal\/wp-json\/wp\/v2\/categories?post=20667"},{"taxonomy":"post_tag","embeddable":true,"href":"https:\/\/verdadeon.com.br\/portal\/wp-json\/wp\/v2\/tags?post=20667"}],"curies":[{"name":"wp","href":"https:\/\/api.w.org\/{rel}","templated":true}]}}