{"id":20637,"date":"2021-10-28T19:04:12","date_gmt":"2021-10-28T22:04:12","guid":{"rendered":"https:\/\/verdadeon.com.br\/portal\/?p=20637"},"modified":"2021-10-28T19:04:12","modified_gmt":"2021-10-28T22:04:12","slug":"preco-medio-do-gas-de-cozinha-em-franca-sobe-novamente-valor-ja-chega-a-r-110","status":"publish","type":"post","link":"https:\/\/verdadeon.com.br\/portal\/2021\/10\/28\/preco-medio-do-gas-de-cozinha-em-franca-sobe-novamente-valor-ja-chega-a-r-110\/","title":{"rendered":"Pre\u00e7o m\u00e9dio do g\u00e1s de cozinha em Franca sobe novamente, valor j\u00e1 chega a R$ 110"},"content":{"rendered":"<h2>Em um curto per\u00edodo de tempo reajuste j\u00e1 beira 5%, donos de restaurantes mudam rotina para n\u00e3o repassar aos clientes<\/h2>\n<p>O Sistema de Levantamento de Pre\u00e7os (SLP), do Governo Federal, mostrou que o pre\u00e7o m\u00e9dio do g\u00e1s em Franca j\u00e1 est\u00e1 em R$ 100,41. No dia 15 de outubro o pre\u00e7o m\u00e9dio era R$ 95,98, o que representa um reajuste de 4% em um per\u00edodo de apenas 13 dias.<\/p>\n<p>O pre\u00e7o mais barato na cidade \u00e9 de R$ 89,90, e \u00e9 encontrado na zona norte de Franca, o mais caro tamb\u00e9m fica na zona norte e sai por R$ 110. No dia 15 o mais caro era encontrado a R$ 105, o que tamb\u00e9m representa reajuste de 4% no per\u00edodo.<\/p>\n<p>O \u00faltimo reajuste anunciado pela Petrobras no GLP, foi no dia 9 de outubro, a estatal manteve por 95 dias os pre\u00e7os est\u00e1veis no g\u00e1s de cozinha, \u201cnos quais a empresa evitou o repasse imediato para os pre\u00e7os internos da volatilidade externa causada por eventos conjunturais, a companhia realizar\u00e1 ajuste no pre\u00e7o do GLP para as distribuidoras\u201d, informou em nota. Desta forma o pre\u00e7o m\u00e9dio e venda do g\u00e1s de cozinha, passou de R$ 3,60 para R$ 3,86 por kg, equivalente a R$ 50,15 por botij\u00e3o de 13kg, refletindo reajuste m\u00e9dio de R$ 0,26 por kg.<\/p>\n<p>Na justificativa, a Petrobras afirma que \u201cesses ajustes s\u00e3o importantes para garantir que o mercado siga sendo suprido em bases econ\u00f4micas e sem riscos de desabastecimento pelos diferentes atores respons\u00e1veis pelo atendimento \u00e0s diversas regi\u00f5es brasileiras: distribuidores, importadores e outros produtores, al\u00e9m da Petrobras. E refletem parte da eleva\u00e7\u00e3o nos patamares internacionais de pre\u00e7os de petr\u00f3leo, impactados pela oferta limitada frente ao crescimento da demanda mundial, e da taxa de c\u00e2mbio, dado o fortalecimento do d\u00f3lar em \u00e2mbito global\u201d.<\/p>\n<p>&nbsp;<\/p>\n<table>\n<tbody>\n<tr>\n<td width=\"283\">GLP 13 quilos<\/td>\n<td width=\"283\">&nbsp;<\/td>\n<\/tr>\n<tr>\n<td width=\"283\">&nbsp;<\/td>\n<td width=\"283\">&nbsp;<\/td>\n<\/tr>\n<tr>\n<td width=\"283\">Menor pre\u00e7o<\/td>\n<td width=\"283\">R$ 89.90<\/td>\n<\/tr>\n<tr>\n<td width=\"283\">Maior pre\u00e7o<\/td>\n<td width=\"283\">R$ 110,00<\/td>\n<\/tr>\n<tr>\n<td width=\"283\">M\u00e9dia<\/td>\n<td width=\"283\">R$ 100,41<\/td>\n<\/tr>\n<\/tbody>\n<\/table>\n<h4>Impacto<\/h4>\n<p>O Jornal Verdade mostrou que o alto pre\u00e7o destes insumos impactam na vida do francano, mudando completamente a rotina no dia a dia. \u201cA nossa empresa serve a modalidade self service e marmitas.\u00a0 Neste ano, o movimento do restaurante caiu, j\u00e1 que o p\u00fablico predominante s\u00e3o os estudantes. O que nos manteve, ainda assim, com pouca margem de lucro, foi o fornecimento de marmitas para as empresas, cerca de 70% da nossa clientela. Os pre\u00e7os aumentaram, tanto dos alimentos quanto do g\u00e1s e combust\u00edvel, por\u00e9m n\u00e3o conseguimos repassar este pre\u00e7o \u00e0s empresas, uma vez que t\u00ednhamos contrato, no qual versa sobre o valor da refei\u00e7\u00e3o\u201d, relatou a propriet\u00e1ria de um restaurante na zona sul de Franca, Ana Paula Machado.<\/p>\n","protected":false},"excerpt":{"rendered":"<p>Em um curto per\u00edodo de tempo reajuste j\u00e1 beira 5%, donos de restaurantes mudam rotina para n\u00e3o repassar aos clientes O Sistema de Levantamento de Pre\u00e7os<span class=\"excerpt-hellip\"> [\u2026]<\/span><\/p>\n","protected":false},"author":7,"featured_media":20349,"comment_status":"open","ping_status":"open","sticky":false,"template":"","format":"standard","meta":{"_jetpack_memberships_contains_paid_content":false,"footnotes":"","jetpack_publicize_message":"","jetpack_publicize_feature_enabled":true,"jetpack_social_post_already_shared":false,"jetpack_social_options":{"image_generator_settings":{"template":"highway","default_image_id":0,"enabled":false},"version":2}},"categories":[28,81],"tags":[],"class_list":["post-20637","post","type-post","status-publish","format-standard","has-post-thumbnail","hentry","category-cotidiano","category-manchete"],"yoast_head":"<!-- This site is optimized with the Yoast SEO plugin v25.6 - https:\/\/yoast.com\/wordpress\/plugins\/seo\/ -->\n<title>Pre\u00e7o m\u00e9dio do g\u00e1s de cozinha em Franca sobe novamente, valor j\u00e1 chega a R$ 110 - VerdadeOn<\/title>\n<meta name=\"robots\" content=\"index, follow, max-snippet:-1, max-image-preview:large, max-video-preview:-1\" \/>\n<link rel=\"canonical\" href=\"https:\/\/verdadeon.com.br\/portal\/2021\/10\/28\/preco-medio-do-gas-de-cozinha-em-franca-sobe-novamente-valor-ja-chega-a-r-110\/\" \/>\n<meta property=\"og:locale\" content=\"pt_BR\" \/>\n<meta property=\"og:type\" content=\"article\" \/>\n<meta property=\"og:title\" content=\"Pre\u00e7o m\u00e9dio do g\u00e1s de cozinha em Franca sobe novamente, valor j\u00e1 chega a R$ 110 - VerdadeOn\" \/>\n<meta property=\"og:description\" content=\"Em um curto per\u00edodo de tempo reajuste j\u00e1 beira 5%, donos de restaurantes mudam rotina para n\u00e3o repassar aos clientes O Sistema de Levantamento de Pre\u00e7os [\u2026]\" \/>\n<meta property=\"og:url\" content=\"https:\/\/verdadeon.com.br\/portal\/2021\/10\/28\/preco-medio-do-gas-de-cozinha-em-franca-sobe-novamente-valor-ja-chega-a-r-110\/\" \/>\n<meta property=\"og:site_name\" content=\"VerdadeOn\" \/>\n<meta property=\"article:published_time\" content=\"2021-10-28T22:04:12+00:00\" \/>\n<meta property=\"og:image\" content=\"https:\/\/verdadeon.com.br\/portal\/wp-content\/uploads\/2021\/10\/GAS-DE-COZINHA-e1634338934172.jpg\" \/>\n\t<meta property=\"og:image:width\" content=\"1000\" \/>\n\t<meta property=\"og:image:height\" content=\"669\" \/>\n\t<meta property=\"og:image:type\" content=\"image\/jpeg\" \/>\n<meta name=\"author\" content=\"Fernando Lima\" \/>\n<meta name=\"twitter:card\" content=\"summary_large_image\" \/>\n<meta name=\"twitter:label1\" content=\"Escrito por\" \/>\n\t<meta name=\"twitter:data1\" content=\"Fernando Lima\" \/>\n\t<meta name=\"twitter:label2\" content=\"Est. tempo de leitura\" \/>\n\t<meta name=\"twitter:data2\" content=\"2 minutos\" \/>\n<script type=\"application\/ld+json\" class=\"yoast-schema-graph\">{\"@context\":\"https:\/\/schema.org\",\"@graph\":[{\"@type\":\"WebPage\",\"@id\":\"https:\/\/verdadeon.com.br\/portal\/2021\/10\/28\/preco-medio-do-gas-de-cozinha-em-franca-sobe-novamente-valor-ja-chega-a-r-110\/\",\"url\":\"https:\/\/verdadeon.com.br\/portal\/2021\/10\/28\/preco-medio-do-gas-de-cozinha-em-franca-sobe-novamente-valor-ja-chega-a-r-110\/\",\"name\":\"Pre\u00e7o m\u00e9dio do g\u00e1s de cozinha em Franca sobe novamente, valor j\u00e1 chega a R$ 110 - VerdadeOn\",\"isPartOf\":{\"@id\":\"https:\/\/verdadeon.com.br\/portal\/#website\"},\"primaryImageOfPage\":{\"@id\":\"https:\/\/verdadeon.com.br\/portal\/2021\/10\/28\/preco-medio-do-gas-de-cozinha-em-franca-sobe-novamente-valor-ja-chega-a-r-110\/#primaryimage\"},\"image\":{\"@id\":\"https:\/\/verdadeon.com.br\/portal\/2021\/10\/28\/preco-medio-do-gas-de-cozinha-em-franca-sobe-novamente-valor-ja-chega-a-r-110\/#primaryimage\"},\"thumbnailUrl\":\"https:\/\/i0.wp.com\/verdadeon.com.br\/portal\/wp-content\/uploads\/2021\/10\/GAS-DE-COZINHA-e1634338934172.jpg?fit=1000%2C669&ssl=1\",\"datePublished\":\"2021-10-28T22:04:12+00:00\",\"author\":{\"@id\":\"https:\/\/verdadeon.com.br\/portal\/#\/schema\/person\/cc32be22b8e8599387c480bc83e1d11a\"},\"breadcrumb\":{\"@id\":\"https:\/\/verdadeon.com.br\/portal\/2021\/10\/28\/preco-medio-do-gas-de-cozinha-em-franca-sobe-novamente-valor-ja-chega-a-r-110\/#breadcrumb\"},\"inLanguage\":\"pt-BR\",\"potentialAction\":[{\"@type\":\"ReadAction\",\"target\":[\"https:\/\/verdadeon.com.br\/portal\/2021\/10\/28\/preco-medio-do-gas-de-cozinha-em-franca-sobe-novamente-valor-ja-chega-a-r-110\/\"]}]},{\"@type\":\"ImageObject\",\"inLanguage\":\"pt-BR\",\"@id\":\"https:\/\/verdadeon.com.br\/portal\/2021\/10\/28\/preco-medio-do-gas-de-cozinha-em-franca-sobe-novamente-valor-ja-chega-a-r-110\/#primaryimage\",\"url\":\"https:\/\/i0.wp.com\/verdadeon.com.br\/portal\/wp-content\/uploads\/2021\/10\/GAS-DE-COZINHA-e1634338934172.jpg?fit=1000%2C669&ssl=1\",\"contentUrl\":\"https:\/\/i0.wp.com\/verdadeon.com.br\/portal\/wp-content\/uploads\/2021\/10\/GAS-DE-COZINHA-e1634338934172.jpg?fit=1000%2C669&ssl=1\",\"width\":1000,\"height\":669,\"caption\":\"O 'Vale G\u00e1s' \u00e9 um programa de transfer\u00eancia de renda para a compra de botij\u00e3o de g\u00e1s de cozinha, \u00e0s fam\u00edlias em situa\u00e7\u00e3o de vulnerabilidade | Foto: Ag\u00eancia Brasil\"},{\"@type\":\"BreadcrumbList\",\"@id\":\"https:\/\/verdadeon.com.br\/portal\/2021\/10\/28\/preco-medio-do-gas-de-cozinha-em-franca-sobe-novamente-valor-ja-chega-a-r-110\/#breadcrumb\",\"itemListElement\":[{\"@type\":\"ListItem\",\"position\":1,\"name\":\"In\u00edcio\",\"item\":\"https:\/\/verdadeon.com.br\/portal\/\"},{\"@type\":\"ListItem\",\"position\":2,\"name\":\"Pre\u00e7o m\u00e9dio do g\u00e1s de cozinha em Franca sobe novamente, valor j\u00e1 chega a R$ 110\"}]},{\"@type\":\"WebSite\",\"@id\":\"https:\/\/verdadeon.com.br\/portal\/#website\",\"url\":\"https:\/\/verdadeon.com.br\/portal\/\",\"name\":\"VerdadeOn\",\"description\":\"Not\u00edcias di\u00e1rias sobre Franca, Regi\u00e3o, Esporte, Cultura, Cotidiano, Colunas. Cobertura nos principais eventos da cidade \u00e9 aqui - Verdadeon Franca\",\"potentialAction\":[{\"@type\":\"SearchAction\",\"target\":{\"@type\":\"EntryPoint\",\"urlTemplate\":\"https:\/\/verdadeon.com.br\/portal\/?s={search_term_string}\"},\"query-input\":{\"@type\":\"PropertyValueSpecification\",\"valueRequired\":true,\"valueName\":\"search_term_string\"}}],\"inLanguage\":\"pt-BR\"},{\"@type\":\"Person\",\"@id\":\"https:\/\/verdadeon.com.br\/portal\/#\/schema\/person\/cc32be22b8e8599387c480bc83e1d11a\",\"name\":\"Fernando Lima\",\"image\":{\"@type\":\"ImageObject\",\"inLanguage\":\"pt-BR\",\"@id\":\"https:\/\/verdadeon.com.br\/portal\/#\/schema\/person\/image\/\",\"url\":\"https:\/\/secure.gravatar.com\/avatar\/df4c8e132080d2b3a4841d5d232045464e0eed11a1d6e43115ca0843d48768d3?s=96&d=mm&r=g\",\"contentUrl\":\"https:\/\/secure.gravatar.com\/avatar\/df4c8e132080d2b3a4841d5d232045464e0eed11a1d6e43115ca0843d48768d3?s=96&d=mm&r=g\",\"caption\":\"Fernando Lima\"},\"sameAs\":[\"http:\/\/verdadeon.com.br\/\"],\"url\":\"https:\/\/verdadeon.com.br\/portal\/author\/fernando-lima\/\"}]}<\/script>\n<!-- \/ Yoast SEO plugin. -->","yoast_head_json":{"title":"Pre\u00e7o m\u00e9dio do g\u00e1s de cozinha em Franca sobe novamente, valor j\u00e1 chega a R$ 110 - VerdadeOn","robots":{"index":"index","follow":"follow","max-snippet":"max-snippet:-1","max-image-preview":"max-image-preview:large","max-video-preview":"max-video-preview:-1"},"canonical":"https:\/\/verdadeon.com.br\/portal\/2021\/10\/28\/preco-medio-do-gas-de-cozinha-em-franca-sobe-novamente-valor-ja-chega-a-r-110\/","og_locale":"pt_BR","og_type":"article","og_title":"Pre\u00e7o m\u00e9dio do g\u00e1s de cozinha em Franca sobe novamente, valor j\u00e1 chega a R$ 110 - VerdadeOn","og_description":"Em um curto per\u00edodo de tempo reajuste j\u00e1 beira 5%, donos de restaurantes mudam rotina para n\u00e3o repassar aos clientes O Sistema de Levantamento de Pre\u00e7os [\u2026]","og_url":"https:\/\/verdadeon.com.br\/portal\/2021\/10\/28\/preco-medio-do-gas-de-cozinha-em-franca-sobe-novamente-valor-ja-chega-a-r-110\/","og_site_name":"VerdadeOn","article_published_time":"2021-10-28T22:04:12+00:00","og_image":[{"width":1000,"height":669,"url":"https:\/\/verdadeon.com.br\/portal\/wp-content\/uploads\/2021\/10\/GAS-DE-COZINHA-e1634338934172.jpg","type":"image\/jpeg"}],"author":"Fernando Lima","twitter_card":"summary_large_image","twitter_misc":{"Escrito por":"Fernando Lima","Est. tempo de leitura":"2 minutos"},"schema":{"@context":"https:\/\/schema.org","@graph":[{"@type":"WebPage","@id":"https:\/\/verdadeon.com.br\/portal\/2021\/10\/28\/preco-medio-do-gas-de-cozinha-em-franca-sobe-novamente-valor-ja-chega-a-r-110\/","url":"https:\/\/verdadeon.com.br\/portal\/2021\/10\/28\/preco-medio-do-gas-de-cozinha-em-franca-sobe-novamente-valor-ja-chega-a-r-110\/","name":"Pre\u00e7o m\u00e9dio do g\u00e1s de cozinha em Franca sobe novamente, valor j\u00e1 chega a R$ 110 - VerdadeOn","isPartOf":{"@id":"https:\/\/verdadeon.com.br\/portal\/#website"},"primaryImageOfPage":{"@id":"https:\/\/verdadeon.com.br\/portal\/2021\/10\/28\/preco-medio-do-gas-de-cozinha-em-franca-sobe-novamente-valor-ja-chega-a-r-110\/#primaryimage"},"image":{"@id":"https:\/\/verdadeon.com.br\/portal\/2021\/10\/28\/preco-medio-do-gas-de-cozinha-em-franca-sobe-novamente-valor-ja-chega-a-r-110\/#primaryimage"},"thumbnailUrl":"https:\/\/i0.wp.com\/verdadeon.com.br\/portal\/wp-content\/uploads\/2021\/10\/GAS-DE-COZINHA-e1634338934172.jpg?fit=1000%2C669&ssl=1","datePublished":"2021-10-28T22:04:12+00:00","author":{"@id":"https:\/\/verdadeon.com.br\/portal\/#\/schema\/person\/cc32be22b8e8599387c480bc83e1d11a"},"breadcrumb":{"@id":"https:\/\/verdadeon.com.br\/portal\/2021\/10\/28\/preco-medio-do-gas-de-cozinha-em-franca-sobe-novamente-valor-ja-chega-a-r-110\/#breadcrumb"},"inLanguage":"pt-BR","potentialAction":[{"@type":"ReadAction","target":["https:\/\/verdadeon.com.br\/portal\/2021\/10\/28\/preco-medio-do-gas-de-cozinha-em-franca-sobe-novamente-valor-ja-chega-a-r-110\/"]}]},{"@type":"ImageObject","inLanguage":"pt-BR","@id":"https:\/\/verdadeon.com.br\/portal\/2021\/10\/28\/preco-medio-do-gas-de-cozinha-em-franca-sobe-novamente-valor-ja-chega-a-r-110\/#primaryimage","url":"https:\/\/i0.wp.com\/verdadeon.com.br\/portal\/wp-content\/uploads\/2021\/10\/GAS-DE-COZINHA-e1634338934172.jpg?fit=1000%2C669&ssl=1","contentUrl":"https:\/\/i0.wp.com\/verdadeon.com.br\/portal\/wp-content\/uploads\/2021\/10\/GAS-DE-COZINHA-e1634338934172.jpg?fit=1000%2C669&ssl=1","width":1000,"height":669,"caption":"O 'Vale G\u00e1s' \u00e9 um programa de transfer\u00eancia de renda para a compra de botij\u00e3o de g\u00e1s de cozinha, \u00e0s fam\u00edlias em situa\u00e7\u00e3o de vulnerabilidade | Foto: Ag\u00eancia Brasil"},{"@type":"BreadcrumbList","@id":"https:\/\/verdadeon.com.br\/portal\/2021\/10\/28\/preco-medio-do-gas-de-cozinha-em-franca-sobe-novamente-valor-ja-chega-a-r-110\/#breadcrumb","itemListElement":[{"@type":"ListItem","position":1,"name":"In\u00edcio","item":"https:\/\/verdadeon.com.br\/portal\/"},{"@type":"ListItem","position":2,"name":"Pre\u00e7o m\u00e9dio do g\u00e1s de cozinha em Franca sobe novamente, valor j\u00e1 chega a R$ 110"}]},{"@type":"WebSite","@id":"https:\/\/verdadeon.com.br\/portal\/#website","url":"https:\/\/verdadeon.com.br\/portal\/","name":"VerdadeOn","description":"Not\u00edcias di\u00e1rias sobre Franca, Regi\u00e3o, Esporte, Cultura, Cotidiano, Colunas. Cobertura nos principais eventos da cidade \u00e9 aqui - Verdadeon Franca","potentialAction":[{"@type":"SearchAction","target":{"@type":"EntryPoint","urlTemplate":"https:\/\/verdadeon.com.br\/portal\/?s={search_term_string}"},"query-input":{"@type":"PropertyValueSpecification","valueRequired":true,"valueName":"search_term_string"}}],"inLanguage":"pt-BR"},{"@type":"Person","@id":"https:\/\/verdadeon.com.br\/portal\/#\/schema\/person\/cc32be22b8e8599387c480bc83e1d11a","name":"Fernando Lima","image":{"@type":"ImageObject","inLanguage":"pt-BR","@id":"https:\/\/verdadeon.com.br\/portal\/#\/schema\/person\/image\/","url":"https:\/\/secure.gravatar.com\/avatar\/df4c8e132080d2b3a4841d5d232045464e0eed11a1d6e43115ca0843d48768d3?s=96&d=mm&r=g","contentUrl":"https:\/\/secure.gravatar.com\/avatar\/df4c8e132080d2b3a4841d5d232045464e0eed11a1d6e43115ca0843d48768d3?s=96&d=mm&r=g","caption":"Fernando Lima"},"sameAs":["http:\/\/verdadeon.com.br\/"],"url":"https:\/\/verdadeon.com.br\/portal\/author\/fernando-lima\/"}]}},"jetpack_publicize_connections":[],"jetpack_featured_media_url":"https:\/\/i0.wp.com\/verdadeon.com.br\/portal\/wp-content\/uploads\/2021\/10\/GAS-DE-COZINHA-e1634338934172.jpg?fit=1000%2C669&ssl=1","jetpack_sharing_enabled":true,"_links":{"self":[{"href":"https:\/\/verdadeon.com.br\/portal\/wp-json\/wp\/v2\/posts\/20637","targetHints":{"allow":["GET"]}}],"collection":[{"href":"https:\/\/verdadeon.com.br\/portal\/wp-json\/wp\/v2\/posts"}],"about":[{"href":"https:\/\/verdadeon.com.br\/portal\/wp-json\/wp\/v2\/types\/post"}],"author":[{"embeddable":true,"href":"https:\/\/verdadeon.com.br\/portal\/wp-json\/wp\/v2\/users\/7"}],"replies":[{"embeddable":true,"href":"https:\/\/verdadeon.com.br\/portal\/wp-json\/wp\/v2\/comments?post=20637"}],"version-history":[{"count":0,"href":"https:\/\/verdadeon.com.br\/portal\/wp-json\/wp\/v2\/posts\/20637\/revisions"}],"wp:featuredmedia":[{"embeddable":true,"href":"https:\/\/verdadeon.com.br\/portal\/wp-json\/wp\/v2\/media\/20349"}],"wp:attachment":[{"href":"https:\/\/verdadeon.com.br\/portal\/wp-json\/wp\/v2\/media?parent=20637"}],"wp:term":[{"taxonomy":"category","embeddable":true,"href":"https:\/\/verdadeon.com.br\/portal\/wp-json\/wp\/v2\/categories?post=20637"},{"taxonomy":"post_tag","embeddable":true,"href":"https:\/\/verdadeon.com.br\/portal\/wp-json\/wp\/v2\/tags?post=20637"}],"curies":[{"name":"wp","href":"https:\/\/api.w.org\/{rel}","templated":true}]}}