{"id":20625,"date":"2021-10-28T16:38:44","date_gmt":"2021-10-28T19:38:44","guid":{"rendered":"https:\/\/verdadeon.com.br\/portal\/?p=20625"},"modified":"2021-10-28T16:38:44","modified_gmt":"2021-10-28T19:38:44","slug":"caminhoneiro-que-tentou-matar-ex-em-mercado-e-condenado-a-15-anos-de-prisao","status":"publish","type":"post","link":"https:\/\/verdadeon.com.br\/portal\/2021\/10\/28\/caminhoneiro-que-tentou-matar-ex-em-mercado-e-condenado-a-15-anos-de-prisao\/","title":{"rendered":"Caminhoneiro que tentou matar ex em mercado \u00e9 condenado a 15 anos de pris\u00e3o"},"content":{"rendered":"<h2><span style=\"font-weight: 400;\">Ele atirou 6 vezes contra a ex-namorada e a atropelou com o carro. Crime ocorreu em 2017 e autor foi a J\u00fari Popular nesta quinta-feira<\/span><\/h2>\n<p><span style=\"font-weight: 400;\">O caminhoneiro Donizete Luiz de P\u00e1dua, 53, foi condenado a 15 anos de pris\u00e3o em regime fechado por atirar contra a ex-namorada Juliana Proen\u00e7a Ferreira e ainda atropel\u00e1-la no estacionamento de um supermercado do Jardim Redentor, na Zona Norte. O crime aconteceu no dia 25 de abril de 2017 e Donizete foi a j\u00fari popular na manh\u00e3 desta quinta-feira, 28, no F\u00f3rum de Franca.<\/span><\/p>\n<p><span style=\"font-weight: 400;\">O caminhoneiro estava preso desde maio de 2017 e agora foi condenado por homic\u00eddio duplamente qualificado por dificultar a defesa da v\u00edtima e crueldade e tamb\u00e9m por tentativa de homic\u00eddio contra outra v\u00edtima, uma empres\u00e1ria, cliente do supermercado, que estava no local do crime e acabou atingida de rasp\u00e3o por um dos disparos. Ela e Juliana sobreviveram.<\/span><\/p>\n<p><span style=\"font-weight: 400;\">No depoimento \u00e0 pol\u00edcia feito \u00e0 \u00e9poca, Juliana disse que esteve no supermercado a pedido de Donizete. A a\u00e7\u00e3o foi flagrada por c\u00e2meras de seguran\u00e7a do estabelecimento e mostram quando ele dispara seis vezes contra a ex-namorada e depois a atropela com o carro. Juliana s\u00f3 n\u00e3o foi atingida pelo ve\u00edculo pela segunda vez porque clientes a socorreram.<\/span><\/p>\n<p><span style=\"font-weight: 400;\">Donizete e Juliana haviam namorado por 20 anos e, segundo testemunhas, ele n\u00e3o aceitava o fim do relacionamento. No depoimento \u00e0 Pol\u00edcia, Donizete alegou leg\u00edtima defesa porque teria sido agredido pela ex-namorada e um rapaz que estava com ela no dia do encontro.<\/span><\/p>\n<p>&nbsp;<\/p>\n","protected":false},"excerpt":{"rendered":"<p>Ele atirou 6 vezes contra a ex-namorada e a atropelou com o carro. Crime ocorreu em 2017 e autor foi a J\u00fari Popular nesta quinta-feira O<span class=\"excerpt-hellip\"> [\u2026]<\/span><\/p>\n","protected":false},"author":12,"featured_media":20627,"comment_status":"open","ping_status":"open","sticky":false,"template":"","format":"standard","meta":{"_jetpack_memberships_contains_paid_content":false,"footnotes":"","jetpack_publicize_message":"","jetpack_publicize_feature_enabled":true,"jetpack_social_post_already_shared":false,"jetpack_social_options":{"image_generator_settings":{"template":"highway","default_image_id":0,"enabled":false},"version":2}},"categories":[28,81],"tags":[],"class_list":["post-20625","post","type-post","status-publish","format-standard","has-post-thumbnail","hentry","category-cotidiano","category-manchete"],"yoast_head":"<!-- This site is optimized with the Yoast SEO plugin v25.6 - https:\/\/yoast.com\/wordpress\/plugins\/seo\/ -->\n<title>Caminhoneiro que tentou matar ex em mercado \u00e9 condenado a 15 anos de pris\u00e3o - VerdadeOn<\/title>\n<meta name=\"robots\" content=\"index, follow, max-snippet:-1, max-image-preview:large, max-video-preview:-1\" \/>\n<link rel=\"canonical\" href=\"https:\/\/verdadeon.com.br\/portal\/2021\/10\/28\/caminhoneiro-que-tentou-matar-ex-em-mercado-e-condenado-a-15-anos-de-prisao\/\" \/>\n<meta property=\"og:locale\" content=\"pt_BR\" \/>\n<meta property=\"og:type\" content=\"article\" \/>\n<meta property=\"og:title\" content=\"Caminhoneiro que tentou matar ex em mercado \u00e9 condenado a 15 anos de pris\u00e3o - VerdadeOn\" \/>\n<meta property=\"og:description\" content=\"Ele atirou 6 vezes contra a ex-namorada e a atropelou com o carro. Crime ocorreu em 2017 e autor foi a J\u00fari Popular nesta quinta-feira O [\u2026]\" \/>\n<meta property=\"og:url\" content=\"https:\/\/verdadeon.com.br\/portal\/2021\/10\/28\/caminhoneiro-que-tentou-matar-ex-em-mercado-e-condenado-a-15-anos-de-prisao\/\" \/>\n<meta property=\"og:site_name\" content=\"VerdadeOn\" \/>\n<meta property=\"article:published_time\" content=\"2021-10-28T19:38:44+00:00\" \/>\n<meta property=\"og:image\" content=\"https:\/\/verdadeon.com.br\/portal\/wp-content\/uploads\/2021\/10\/caminhoneiro-atira-em-ex-no-toni-superatacado-do-jardim-redentor.jpeg\" \/>\n\t<meta property=\"og:image:width\" content=\"1000\" \/>\n\t<meta property=\"og:image:height\" content=\"670\" \/>\n\t<meta property=\"og:image:type\" content=\"image\/jpeg\" \/>\n<meta name=\"author\" content=\"Nelise Luques\" \/>\n<meta name=\"twitter:card\" content=\"summary_large_image\" \/>\n<meta name=\"twitter:label1\" content=\"Escrito por\" \/>\n\t<meta name=\"twitter:data1\" content=\"Nelise Luques\" \/>\n\t<meta name=\"twitter:label2\" content=\"Est. tempo de leitura\" \/>\n\t<meta name=\"twitter:data2\" content=\"2 minutos\" \/>\n<script type=\"application\/ld+json\" class=\"yoast-schema-graph\">{\"@context\":\"https:\/\/schema.org\",\"@graph\":[{\"@type\":\"WebPage\",\"@id\":\"https:\/\/verdadeon.com.br\/portal\/2021\/10\/28\/caminhoneiro-que-tentou-matar-ex-em-mercado-e-condenado-a-15-anos-de-prisao\/\",\"url\":\"https:\/\/verdadeon.com.br\/portal\/2021\/10\/28\/caminhoneiro-que-tentou-matar-ex-em-mercado-e-condenado-a-15-anos-de-prisao\/\",\"name\":\"Caminhoneiro que tentou matar ex em mercado \u00e9 condenado a 15 anos de pris\u00e3o - VerdadeOn\",\"isPartOf\":{\"@id\":\"https:\/\/verdadeon.com.br\/portal\/#website\"},\"primaryImageOfPage\":{\"@id\":\"https:\/\/verdadeon.com.br\/portal\/2021\/10\/28\/caminhoneiro-que-tentou-matar-ex-em-mercado-e-condenado-a-15-anos-de-prisao\/#primaryimage\"},\"image\":{\"@id\":\"https:\/\/verdadeon.com.br\/portal\/2021\/10\/28\/caminhoneiro-que-tentou-matar-ex-em-mercado-e-condenado-a-15-anos-de-prisao\/#primaryimage\"},\"thumbnailUrl\":\"https:\/\/i0.wp.com\/verdadeon.com.br\/portal\/wp-content\/uploads\/2021\/10\/caminhoneiro-atira-em-ex-no-toni-superatacado-do-jardim-redentor.jpeg?fit=1000%2C670&ssl=1\",\"datePublished\":\"2021-10-28T19:38:44+00:00\",\"author\":{\"@id\":\"https:\/\/verdadeon.com.br\/portal\/#\/schema\/person\/8248726d36015c1916636fabb175d972\"},\"breadcrumb\":{\"@id\":\"https:\/\/verdadeon.com.br\/portal\/2021\/10\/28\/caminhoneiro-que-tentou-matar-ex-em-mercado-e-condenado-a-15-anos-de-prisao\/#breadcrumb\"},\"inLanguage\":\"pt-BR\",\"potentialAction\":[{\"@type\":\"ReadAction\",\"target\":[\"https:\/\/verdadeon.com.br\/portal\/2021\/10\/28\/caminhoneiro-que-tentou-matar-ex-em-mercado-e-condenado-a-15-anos-de-prisao\/\"]}]},{\"@type\":\"ImageObject\",\"inLanguage\":\"pt-BR\",\"@id\":\"https:\/\/verdadeon.com.br\/portal\/2021\/10\/28\/caminhoneiro-que-tentou-matar-ex-em-mercado-e-condenado-a-15-anos-de-prisao\/#primaryimage\",\"url\":\"https:\/\/i0.wp.com\/verdadeon.com.br\/portal\/wp-content\/uploads\/2021\/10\/caminhoneiro-atira-em-ex-no-toni-superatacado-do-jardim-redentor.jpeg?fit=1000%2C670&ssl=1\",\"contentUrl\":\"https:\/\/i0.wp.com\/verdadeon.com.br\/portal\/wp-content\/uploads\/2021\/10\/caminhoneiro-atira-em-ex-no-toni-superatacado-do-jardim-redentor.jpeg?fit=1000%2C670&ssl=1\",\"width\":1000,\"height\":670,\"caption\":\"Imagens das c\u00e2meras de seguran\u00e7a do supermercado do Jardim Redentor flagraram momento em que Donizete de P\u00e1dua atira contra a ex-namorada no estacionamento\"},{\"@type\":\"BreadcrumbList\",\"@id\":\"https:\/\/verdadeon.com.br\/portal\/2021\/10\/28\/caminhoneiro-que-tentou-matar-ex-em-mercado-e-condenado-a-15-anos-de-prisao\/#breadcrumb\",\"itemListElement\":[{\"@type\":\"ListItem\",\"position\":1,\"name\":\"In\u00edcio\",\"item\":\"https:\/\/verdadeon.com.br\/portal\/\"},{\"@type\":\"ListItem\",\"position\":2,\"name\":\"Caminhoneiro que tentou matar ex em mercado \u00e9 condenado a 15 anos de pris\u00e3o\"}]},{\"@type\":\"WebSite\",\"@id\":\"https:\/\/verdadeon.com.br\/portal\/#website\",\"url\":\"https:\/\/verdadeon.com.br\/portal\/\",\"name\":\"VerdadeOn\",\"description\":\"Not\u00edcias di\u00e1rias sobre Franca, Regi\u00e3o, Esporte, Cultura, Cotidiano, Colunas. Cobertura nos principais eventos da cidade \u00e9 aqui - Verdadeon Franca\",\"potentialAction\":[{\"@type\":\"SearchAction\",\"target\":{\"@type\":\"EntryPoint\",\"urlTemplate\":\"https:\/\/verdadeon.com.br\/portal\/?s={search_term_string}\"},\"query-input\":{\"@type\":\"PropertyValueSpecification\",\"valueRequired\":true,\"valueName\":\"search_term_string\"}}],\"inLanguage\":\"pt-BR\"},{\"@type\":\"Person\",\"@id\":\"https:\/\/verdadeon.com.br\/portal\/#\/schema\/person\/8248726d36015c1916636fabb175d972\",\"name\":\"Nelise Luques\",\"image\":{\"@type\":\"ImageObject\",\"inLanguage\":\"pt-BR\",\"@id\":\"https:\/\/verdadeon.com.br\/portal\/#\/schema\/person\/image\/\",\"url\":\"https:\/\/secure.gravatar.com\/avatar\/29b2a17f5bcadeb827411b66f48ac13c3e0ecaf5906c0f5745ecc5d41c24eada?s=96&d=mm&r=g\",\"contentUrl\":\"https:\/\/secure.gravatar.com\/avatar\/29b2a17f5bcadeb827411b66f48ac13c3e0ecaf5906c0f5745ecc5d41c24eada?s=96&d=mm&r=g\",\"caption\":\"Nelise Luques\"},\"url\":\"https:\/\/verdadeon.com.br\/portal\/author\/verdade\/\"}]}<\/script>\n<!-- \/ Yoast SEO plugin. -->","yoast_head_json":{"title":"Caminhoneiro que tentou matar ex em mercado \u00e9 condenado a 15 anos de pris\u00e3o - VerdadeOn","robots":{"index":"index","follow":"follow","max-snippet":"max-snippet:-1","max-image-preview":"max-image-preview:large","max-video-preview":"max-video-preview:-1"},"canonical":"https:\/\/verdadeon.com.br\/portal\/2021\/10\/28\/caminhoneiro-que-tentou-matar-ex-em-mercado-e-condenado-a-15-anos-de-prisao\/","og_locale":"pt_BR","og_type":"article","og_title":"Caminhoneiro que tentou matar ex em mercado \u00e9 condenado a 15 anos de pris\u00e3o - VerdadeOn","og_description":"Ele atirou 6 vezes contra a ex-namorada e a atropelou com o carro. Crime ocorreu em 2017 e autor foi a J\u00fari Popular nesta quinta-feira O [\u2026]","og_url":"https:\/\/verdadeon.com.br\/portal\/2021\/10\/28\/caminhoneiro-que-tentou-matar-ex-em-mercado-e-condenado-a-15-anos-de-prisao\/","og_site_name":"VerdadeOn","article_published_time":"2021-10-28T19:38:44+00:00","og_image":[{"width":1000,"height":670,"url":"https:\/\/verdadeon.com.br\/portal\/wp-content\/uploads\/2021\/10\/caminhoneiro-atira-em-ex-no-toni-superatacado-do-jardim-redentor.jpeg","type":"image\/jpeg"}],"author":"Nelise Luques","twitter_card":"summary_large_image","twitter_misc":{"Escrito por":"Nelise Luques","Est. tempo de leitura":"2 minutos"},"schema":{"@context":"https:\/\/schema.org","@graph":[{"@type":"WebPage","@id":"https:\/\/verdadeon.com.br\/portal\/2021\/10\/28\/caminhoneiro-que-tentou-matar-ex-em-mercado-e-condenado-a-15-anos-de-prisao\/","url":"https:\/\/verdadeon.com.br\/portal\/2021\/10\/28\/caminhoneiro-que-tentou-matar-ex-em-mercado-e-condenado-a-15-anos-de-prisao\/","name":"Caminhoneiro que tentou matar ex em mercado \u00e9 condenado a 15 anos de pris\u00e3o - VerdadeOn","isPartOf":{"@id":"https:\/\/verdadeon.com.br\/portal\/#website"},"primaryImageOfPage":{"@id":"https:\/\/verdadeon.com.br\/portal\/2021\/10\/28\/caminhoneiro-que-tentou-matar-ex-em-mercado-e-condenado-a-15-anos-de-prisao\/#primaryimage"},"image":{"@id":"https:\/\/verdadeon.com.br\/portal\/2021\/10\/28\/caminhoneiro-que-tentou-matar-ex-em-mercado-e-condenado-a-15-anos-de-prisao\/#primaryimage"},"thumbnailUrl":"https:\/\/i0.wp.com\/verdadeon.com.br\/portal\/wp-content\/uploads\/2021\/10\/caminhoneiro-atira-em-ex-no-toni-superatacado-do-jardim-redentor.jpeg?fit=1000%2C670&ssl=1","datePublished":"2021-10-28T19:38:44+00:00","author":{"@id":"https:\/\/verdadeon.com.br\/portal\/#\/schema\/person\/8248726d36015c1916636fabb175d972"},"breadcrumb":{"@id":"https:\/\/verdadeon.com.br\/portal\/2021\/10\/28\/caminhoneiro-que-tentou-matar-ex-em-mercado-e-condenado-a-15-anos-de-prisao\/#breadcrumb"},"inLanguage":"pt-BR","potentialAction":[{"@type":"ReadAction","target":["https:\/\/verdadeon.com.br\/portal\/2021\/10\/28\/caminhoneiro-que-tentou-matar-ex-em-mercado-e-condenado-a-15-anos-de-prisao\/"]}]},{"@type":"ImageObject","inLanguage":"pt-BR","@id":"https:\/\/verdadeon.com.br\/portal\/2021\/10\/28\/caminhoneiro-que-tentou-matar-ex-em-mercado-e-condenado-a-15-anos-de-prisao\/#primaryimage","url":"https:\/\/i0.wp.com\/verdadeon.com.br\/portal\/wp-content\/uploads\/2021\/10\/caminhoneiro-atira-em-ex-no-toni-superatacado-do-jardim-redentor.jpeg?fit=1000%2C670&ssl=1","contentUrl":"https:\/\/i0.wp.com\/verdadeon.com.br\/portal\/wp-content\/uploads\/2021\/10\/caminhoneiro-atira-em-ex-no-toni-superatacado-do-jardim-redentor.jpeg?fit=1000%2C670&ssl=1","width":1000,"height":670,"caption":"Imagens das c\u00e2meras de seguran\u00e7a do supermercado do Jardim Redentor flagraram momento em que Donizete de P\u00e1dua atira contra a ex-namorada no estacionamento"},{"@type":"BreadcrumbList","@id":"https:\/\/verdadeon.com.br\/portal\/2021\/10\/28\/caminhoneiro-que-tentou-matar-ex-em-mercado-e-condenado-a-15-anos-de-prisao\/#breadcrumb","itemListElement":[{"@type":"ListItem","position":1,"name":"In\u00edcio","item":"https:\/\/verdadeon.com.br\/portal\/"},{"@type":"ListItem","position":2,"name":"Caminhoneiro que tentou matar ex em mercado \u00e9 condenado a 15 anos de pris\u00e3o"}]},{"@type":"WebSite","@id":"https:\/\/verdadeon.com.br\/portal\/#website","url":"https:\/\/verdadeon.com.br\/portal\/","name":"VerdadeOn","description":"Not\u00edcias di\u00e1rias sobre Franca, Regi\u00e3o, Esporte, Cultura, Cotidiano, Colunas. Cobertura nos principais eventos da cidade \u00e9 aqui - Verdadeon Franca","potentialAction":[{"@type":"SearchAction","target":{"@type":"EntryPoint","urlTemplate":"https:\/\/verdadeon.com.br\/portal\/?s={search_term_string}"},"query-input":{"@type":"PropertyValueSpecification","valueRequired":true,"valueName":"search_term_string"}}],"inLanguage":"pt-BR"},{"@type":"Person","@id":"https:\/\/verdadeon.com.br\/portal\/#\/schema\/person\/8248726d36015c1916636fabb175d972","name":"Nelise Luques","image":{"@type":"ImageObject","inLanguage":"pt-BR","@id":"https:\/\/verdadeon.com.br\/portal\/#\/schema\/person\/image\/","url":"https:\/\/secure.gravatar.com\/avatar\/29b2a17f5bcadeb827411b66f48ac13c3e0ecaf5906c0f5745ecc5d41c24eada?s=96&d=mm&r=g","contentUrl":"https:\/\/secure.gravatar.com\/avatar\/29b2a17f5bcadeb827411b66f48ac13c3e0ecaf5906c0f5745ecc5d41c24eada?s=96&d=mm&r=g","caption":"Nelise Luques"},"url":"https:\/\/verdadeon.com.br\/portal\/author\/verdade\/"}]}},"jetpack_publicize_connections":[],"jetpack_featured_media_url":"https:\/\/i0.wp.com\/verdadeon.com.br\/portal\/wp-content\/uploads\/2021\/10\/caminhoneiro-atira-em-ex-no-toni-superatacado-do-jardim-redentor.jpeg?fit=1000%2C670&ssl=1","jetpack_sharing_enabled":true,"_links":{"self":[{"href":"https:\/\/verdadeon.com.br\/portal\/wp-json\/wp\/v2\/posts\/20625","targetHints":{"allow":["GET"]}}],"collection":[{"href":"https:\/\/verdadeon.com.br\/portal\/wp-json\/wp\/v2\/posts"}],"about":[{"href":"https:\/\/verdadeon.com.br\/portal\/wp-json\/wp\/v2\/types\/post"}],"author":[{"embeddable":true,"href":"https:\/\/verdadeon.com.br\/portal\/wp-json\/wp\/v2\/users\/12"}],"replies":[{"embeddable":true,"href":"https:\/\/verdadeon.com.br\/portal\/wp-json\/wp\/v2\/comments?post=20625"}],"version-history":[{"count":0,"href":"https:\/\/verdadeon.com.br\/portal\/wp-json\/wp\/v2\/posts\/20625\/revisions"}],"wp:featuredmedia":[{"embeddable":true,"href":"https:\/\/verdadeon.com.br\/portal\/wp-json\/wp\/v2\/media\/20627"}],"wp:attachment":[{"href":"https:\/\/verdadeon.com.br\/portal\/wp-json\/wp\/v2\/media?parent=20625"}],"wp:term":[{"taxonomy":"category","embeddable":true,"href":"https:\/\/verdadeon.com.br\/portal\/wp-json\/wp\/v2\/categories?post=20625"},{"taxonomy":"post_tag","embeddable":true,"href":"https:\/\/verdadeon.com.br\/portal\/wp-json\/wp\/v2\/tags?post=20625"}],"curies":[{"name":"wp","href":"https:\/\/api.w.org\/{rel}","templated":true}]}}