{"id":20595,"date":"2021-10-27T14:00:21","date_gmt":"2021-10-27T17:00:21","guid":{"rendered":"https:\/\/verdadeon.com.br\/portal\/?p=20595"},"modified":"2021-10-27T14:00:21","modified_gmt":"2021-10-27T17:00:21","slug":"gestao-de-risco-no-campo-sicredi-registra-crescimento-de-31-nas-contratacoes-de-apolice-no-seguro-agricola-em-2021","status":"publish","type":"post","link":"https:\/\/verdadeon.com.br\/portal\/2021\/10\/27\/gestao-de-risco-no-campo-sicredi-registra-crescimento-de-31-nas-contratacoes-de-apolice-no-seguro-agricola-em-2021\/","title":{"rendered":"Gest\u00e3o de risco no campo: Sicredi registra crescimento de 31% nas contrata\u00e7\u00f5es de ap\u00f3lice no seguro agr\u00edcola em 2021"},"content":{"rendered":"<h2 style=\"text-align: left;\" align=\"center\"><i>Produtores rurais t\u00eam se dedicado ao planejamento e \u00e0 gest\u00e3o de riscos da lavoura. Mecanismos de prote\u00e7\u00e3o evitam preju\u00edzos a produtores rurais\u00a0<\/i><u><\/u><u><\/u><\/h2>\n<p>O Sicredi, primeira institui\u00e7\u00e3o financeira cooperativa do pa\u00eds, registrou a contrata\u00e7\u00e3o de 20.709 ap\u00f3lices de seguro agr\u00edcola at\u00e9 agosto de 2021. O n\u00famero representa um crescimento de 31% em compara\u00e7\u00e3o ao mesmo per\u00edodo de 2020, quando a institui\u00e7\u00e3o registrou 15.838 ap\u00f3lices contratadas. O volume contratado em 2021 representa R$ 3,8 bilh\u00f5es em valor segurado aos associados em mais de 829 mil hectares. Ainda no primeiro semestre deste ano, o Sicredi contabilizou mais de R$ 45 milh\u00f5es em indeniza\u00e7\u00f5es, sendo R$ 12,9 milh\u00f5es para associados nos estados do Paran\u00e1 e S\u00e3o Paulo.\u00a0<u><\/u><u><\/u><\/p>\n<p>Para o gerente de Desenvolvimento de Neg\u00f3cios da Central Sicredi PR\/SP\/RJ, Devanir Brisola, o aumento verificado reflete uma preocupa\u00e7\u00e3o cada vez maior do produtor rural em rela\u00e7\u00e3o ao planejamento e \u00e0 gest\u00e3o de riscos na lavoura. \u201cO campo funciona como uma empresa com produ\u00e7\u00e3o a c\u00e9u aberto e sofre com uma s\u00e9rie de imprevistos. No Paran\u00e1, por exemplo, \u00e9 comum no per\u00edodo de geadas algumas culturas terem seu desenvolvimento prejudicado, como o milho safrinha que neste ano pode apresentar quebra acentuada na produtividade, com perspectivas de perdas de at\u00e9 70%, estimam produtores. Por isso, seguimos direcionando nossas a\u00e7\u00f5es para diminuir os riscos e proteger os investimentos dos produtores rurais associados\u201d, explica.\u00a0<u><\/u><u><\/u><\/p>\n<p>No munic\u00edpio de Atalaia, no Norte do Paran\u00e1, o produtor rural Paulo Vinicius Tamborlim conhece os benef\u00edcios do seguro agr\u00edcola. H\u00e1 dez anos, o associado do Sicredi conta com a modalidade que cobre os cerca de 500 hectares da propriedade com soja e milho. \u201cJ\u00e1 chegamos a ter perdas de at\u00e9 40% e tivemos o respaldo do seguro. Trabalhamos em uma regi\u00e3o que tem um hist\u00f3rico de veranico maior, o que pode prejudicar a lavoura. Amparado pelo seguro, fico mais confort\u00e1vel e confiante para fazer investimentos, como plantar mais variedades e aduba\u00e7\u00e3o\u201d, afirma o produtor.<u><\/u><u><\/u><\/p>\n<p>De acordo com o gerente, o Sicredi tamb\u00e9m teve participa\u00e7\u00e3o no projeto-piloto do Programa de Seguro Rural (PSR) voltado a produtores do Programa Nacional de Fortalecimento da Agricultura Familiar (Pronaf), com 3.329 ap\u00f3lices contratadas para soja e milho e mais de 64 mil hectares segurados no piloto. Desse total, 74% das ap\u00f3lices foram contratadas no estado do Paran\u00e1.\u00a0<u><\/u><u><\/u><\/p>\n<p>\u201cO seguro rural, al\u00e9m de ser uma ferramenta de pol\u00edtica agr\u00edcola, \u00e9 um importante mecanismo de gest\u00e3o de risco e prote\u00e7\u00e3o no campo, traz seguran\u00e7a e tranquilidade para que o produtor possa investir em sua atividade sabendo que sua propriedade e patrim\u00f4nio est\u00e3o protegidos contra eventualidades que possam p\u00f4r em risco a estabilidade de seu neg\u00f3cio.\u201d finaliza Brisola.<\/p>\n","protected":false},"excerpt":{"rendered":"<p>Produtores rurais t\u00eam se dedicado ao planejamento e \u00e0 gest\u00e3o de riscos da lavoura. Mecanismos de prote\u00e7\u00e3o evitam preju\u00edzos a produtores rurais\u00a0 O Sicredi, primeira institui\u00e7\u00e3o<span class=\"excerpt-hellip\"> [\u2026]<\/span><\/p>\n","protected":false},"author":4,"featured_media":20596,"comment_status":"open","ping_status":"open","sticky":false,"template":"","format":"standard","meta":{"_jetpack_memberships_contains_paid_content":false,"footnotes":"","jetpack_publicize_message":"","jetpack_publicize_feature_enabled":true,"jetpack_social_post_already_shared":false,"jetpack_social_options":{"image_generator_settings":{"template":"highway","default_image_id":0,"enabled":false},"version":2}},"categories":[28,44],"tags":[],"class_list":["post-20595","post","type-post","status-publish","format-standard","has-post-thumbnail","hentry","category-cotidiano","category-noticias"],"yoast_head":"<!-- This site is optimized with the Yoast SEO plugin v25.6 - https:\/\/yoast.com\/wordpress\/plugins\/seo\/ -->\n<title>Gest\u00e3o de risco no campo: Sicredi registra crescimento de 31% nas contrata\u00e7\u00f5es de ap\u00f3lice no seguro agr\u00edcola em 2021 - VerdadeOn<\/title>\n<meta name=\"robots\" content=\"index, follow, max-snippet:-1, max-image-preview:large, max-video-preview:-1\" \/>\n<link rel=\"canonical\" href=\"https:\/\/verdadeon.com.br\/portal\/2021\/10\/27\/gestao-de-risco-no-campo-sicredi-registra-crescimento-de-31-nas-contratacoes-de-apolice-no-seguro-agricola-em-2021\/\" \/>\n<meta property=\"og:locale\" content=\"pt_BR\" \/>\n<meta property=\"og:type\" content=\"article\" \/>\n<meta property=\"og:title\" content=\"Gest\u00e3o de risco no campo: Sicredi registra crescimento de 31% nas contrata\u00e7\u00f5es de ap\u00f3lice no seguro agr\u00edcola em 2021 - VerdadeOn\" \/>\n<meta property=\"og:description\" content=\"Produtores rurais t\u00eam se dedicado ao planejamento e \u00e0 gest\u00e3o de riscos da lavoura. Mecanismos de prote\u00e7\u00e3o evitam preju\u00edzos a produtores rurais\u00a0 O Sicredi, primeira institui\u00e7\u00e3o [\u2026]\" \/>\n<meta property=\"og:url\" content=\"https:\/\/verdadeon.com.br\/portal\/2021\/10\/27\/gestao-de-risco-no-campo-sicredi-registra-crescimento-de-31-nas-contratacoes-de-apolice-no-seguro-agricola-em-2021\/\" \/>\n<meta property=\"og:site_name\" content=\"VerdadeOn\" \/>\n<meta property=\"article:published_time\" content=\"2021-10-27T17:00:21+00:00\" \/>\n<meta property=\"og:image\" content=\"https:\/\/verdadeon.com.br\/portal\/wp-content\/uploads\/2021\/10\/Devanir-Brisola-Sicredi.jpg\" \/>\n\t<meta property=\"og:image:width\" content=\"1000\" \/>\n\t<meta property=\"og:image:height\" content=\"670\" \/>\n\t<meta property=\"og:image:type\" content=\"image\/jpeg\" \/>\n<meta name=\"author\" content=\"Fernando Calixto\" \/>\n<meta name=\"twitter:card\" content=\"summary_large_image\" \/>\n<meta name=\"twitter:label1\" content=\"Escrito por\" \/>\n\t<meta name=\"twitter:data1\" content=\"Fernando Calixto\" \/>\n\t<meta name=\"twitter:label2\" content=\"Est. tempo de leitura\" \/>\n\t<meta name=\"twitter:data2\" content=\"2 minutos\" \/>\n<script type=\"application\/ld+json\" class=\"yoast-schema-graph\">{\"@context\":\"https:\/\/schema.org\",\"@graph\":[{\"@type\":\"WebPage\",\"@id\":\"https:\/\/verdadeon.com.br\/portal\/2021\/10\/27\/gestao-de-risco-no-campo-sicredi-registra-crescimento-de-31-nas-contratacoes-de-apolice-no-seguro-agricola-em-2021\/\",\"url\":\"https:\/\/verdadeon.com.br\/portal\/2021\/10\/27\/gestao-de-risco-no-campo-sicredi-registra-crescimento-de-31-nas-contratacoes-de-apolice-no-seguro-agricola-em-2021\/\",\"name\":\"Gest\u00e3o de risco no campo: Sicredi registra crescimento de 31% nas contrata\u00e7\u00f5es de ap\u00f3lice no seguro agr\u00edcola em 2021 - VerdadeOn\",\"isPartOf\":{\"@id\":\"https:\/\/verdadeon.com.br\/portal\/#website\"},\"primaryImageOfPage\":{\"@id\":\"https:\/\/verdadeon.com.br\/portal\/2021\/10\/27\/gestao-de-risco-no-campo-sicredi-registra-crescimento-de-31-nas-contratacoes-de-apolice-no-seguro-agricola-em-2021\/#primaryimage\"},\"image\":{\"@id\":\"https:\/\/verdadeon.com.br\/portal\/2021\/10\/27\/gestao-de-risco-no-campo-sicredi-registra-crescimento-de-31-nas-contratacoes-de-apolice-no-seguro-agricola-em-2021\/#primaryimage\"},\"thumbnailUrl\":\"https:\/\/i0.wp.com\/verdadeon.com.br\/portal\/wp-content\/uploads\/2021\/10\/Devanir-Brisola-Sicredi.jpg?fit=1000%2C670&ssl=1\",\"datePublished\":\"2021-10-27T17:00:21+00:00\",\"author\":{\"@id\":\"https:\/\/verdadeon.com.br\/portal\/#\/schema\/person\/8994718f49ee62ba5610471e29ca1f62\"},\"breadcrumb\":{\"@id\":\"https:\/\/verdadeon.com.br\/portal\/2021\/10\/27\/gestao-de-risco-no-campo-sicredi-registra-crescimento-de-31-nas-contratacoes-de-apolice-no-seguro-agricola-em-2021\/#breadcrumb\"},\"inLanguage\":\"pt-BR\",\"potentialAction\":[{\"@type\":\"ReadAction\",\"target\":[\"https:\/\/verdadeon.com.br\/portal\/2021\/10\/27\/gestao-de-risco-no-campo-sicredi-registra-crescimento-de-31-nas-contratacoes-de-apolice-no-seguro-agricola-em-2021\/\"]}]},{\"@type\":\"ImageObject\",\"inLanguage\":\"pt-BR\",\"@id\":\"https:\/\/verdadeon.com.br\/portal\/2021\/10\/27\/gestao-de-risco-no-campo-sicredi-registra-crescimento-de-31-nas-contratacoes-de-apolice-no-seguro-agricola-em-2021\/#primaryimage\",\"url\":\"https:\/\/i0.wp.com\/verdadeon.com.br\/portal\/wp-content\/uploads\/2021\/10\/Devanir-Brisola-Sicredi.jpg?fit=1000%2C670&ssl=1\",\"contentUrl\":\"https:\/\/i0.wp.com\/verdadeon.com.br\/portal\/wp-content\/uploads\/2021\/10\/Devanir-Brisola-Sicredi.jpg?fit=1000%2C670&ssl=1\",\"width\":1000,\"height\":670,\"caption\":\"O gerente de Desenvolvimento de Neg\u00f3cios da Central Sicredi PR\/SP\/RJ, Devanir Brisola, destaca que a alta reflete a preocupa\u00e7\u00e3o do produtor rural com o planejamento Cr\u00e9ditos: divulga\u00e7\u00e3o\"},{\"@type\":\"BreadcrumbList\",\"@id\":\"https:\/\/verdadeon.com.br\/portal\/2021\/10\/27\/gestao-de-risco-no-campo-sicredi-registra-crescimento-de-31-nas-contratacoes-de-apolice-no-seguro-agricola-em-2021\/#breadcrumb\",\"itemListElement\":[{\"@type\":\"ListItem\",\"position\":1,\"name\":\"In\u00edcio\",\"item\":\"https:\/\/verdadeon.com.br\/portal\/\"},{\"@type\":\"ListItem\",\"position\":2,\"name\":\"Gest\u00e3o de risco no campo: Sicredi registra crescimento de 31% nas contrata\u00e7\u00f5es de ap\u00f3lice no seguro agr\u00edcola em 2021\"}]},{\"@type\":\"WebSite\",\"@id\":\"https:\/\/verdadeon.com.br\/portal\/#website\",\"url\":\"https:\/\/verdadeon.com.br\/portal\/\",\"name\":\"VerdadeOn\",\"description\":\"Not\u00edcias di\u00e1rias sobre Franca, Regi\u00e3o, Esporte, Cultura, Cotidiano, Colunas. Cobertura nos principais eventos da cidade \u00e9 aqui - Verdadeon Franca\",\"potentialAction\":[{\"@type\":\"SearchAction\",\"target\":{\"@type\":\"EntryPoint\",\"urlTemplate\":\"https:\/\/verdadeon.com.br\/portal\/?s={search_term_string}\"},\"query-input\":{\"@type\":\"PropertyValueSpecification\",\"valueRequired\":true,\"valueName\":\"search_term_string\"}}],\"inLanguage\":\"pt-BR\"},{\"@type\":\"Person\",\"@id\":\"https:\/\/verdadeon.com.br\/portal\/#\/schema\/person\/8994718f49ee62ba5610471e29ca1f62\",\"name\":\"Fernando Calixto\",\"image\":{\"@type\":\"ImageObject\",\"inLanguage\":\"pt-BR\",\"@id\":\"https:\/\/verdadeon.com.br\/portal\/#\/schema\/person\/image\/\",\"url\":\"https:\/\/secure.gravatar.com\/avatar\/7578910c24966c0316c340f9dbd601e93ee9f9212e1033968b367af9306bd9fb?s=96&d=mm&r=g\",\"contentUrl\":\"https:\/\/secure.gravatar.com\/avatar\/7578910c24966c0316c340f9dbd601e93ee9f9212e1033968b367af9306bd9fb?s=96&d=mm&r=g\",\"caption\":\"Fernando Calixto\"},\"url\":\"https:\/\/verdadeon.com.br\/portal\/author\/fernando-calixto\/\"}]}<\/script>\n<!-- \/ Yoast SEO plugin. -->","yoast_head_json":{"title":"Gest\u00e3o de risco no campo: Sicredi registra crescimento de 31% nas contrata\u00e7\u00f5es de ap\u00f3lice no seguro agr\u00edcola em 2021 - VerdadeOn","robots":{"index":"index","follow":"follow","max-snippet":"max-snippet:-1","max-image-preview":"max-image-preview:large","max-video-preview":"max-video-preview:-1"},"canonical":"https:\/\/verdadeon.com.br\/portal\/2021\/10\/27\/gestao-de-risco-no-campo-sicredi-registra-crescimento-de-31-nas-contratacoes-de-apolice-no-seguro-agricola-em-2021\/","og_locale":"pt_BR","og_type":"article","og_title":"Gest\u00e3o de risco no campo: Sicredi registra crescimento de 31% nas contrata\u00e7\u00f5es de ap\u00f3lice no seguro agr\u00edcola em 2021 - VerdadeOn","og_description":"Produtores rurais t\u00eam se dedicado ao planejamento e \u00e0 gest\u00e3o de riscos da lavoura. Mecanismos de prote\u00e7\u00e3o evitam preju\u00edzos a produtores rurais\u00a0 O Sicredi, primeira institui\u00e7\u00e3o [\u2026]","og_url":"https:\/\/verdadeon.com.br\/portal\/2021\/10\/27\/gestao-de-risco-no-campo-sicredi-registra-crescimento-de-31-nas-contratacoes-de-apolice-no-seguro-agricola-em-2021\/","og_site_name":"VerdadeOn","article_published_time":"2021-10-27T17:00:21+00:00","og_image":[{"width":1000,"height":670,"url":"https:\/\/verdadeon.com.br\/portal\/wp-content\/uploads\/2021\/10\/Devanir-Brisola-Sicredi.jpg","type":"image\/jpeg"}],"author":"Fernando Calixto","twitter_card":"summary_large_image","twitter_misc":{"Escrito por":"Fernando Calixto","Est. tempo de leitura":"2 minutos"},"schema":{"@context":"https:\/\/schema.org","@graph":[{"@type":"WebPage","@id":"https:\/\/verdadeon.com.br\/portal\/2021\/10\/27\/gestao-de-risco-no-campo-sicredi-registra-crescimento-de-31-nas-contratacoes-de-apolice-no-seguro-agricola-em-2021\/","url":"https:\/\/verdadeon.com.br\/portal\/2021\/10\/27\/gestao-de-risco-no-campo-sicredi-registra-crescimento-de-31-nas-contratacoes-de-apolice-no-seguro-agricola-em-2021\/","name":"Gest\u00e3o de risco no campo: Sicredi registra crescimento de 31% nas contrata\u00e7\u00f5es de ap\u00f3lice no seguro agr\u00edcola em 2021 - VerdadeOn","isPartOf":{"@id":"https:\/\/verdadeon.com.br\/portal\/#website"},"primaryImageOfPage":{"@id":"https:\/\/verdadeon.com.br\/portal\/2021\/10\/27\/gestao-de-risco-no-campo-sicredi-registra-crescimento-de-31-nas-contratacoes-de-apolice-no-seguro-agricola-em-2021\/#primaryimage"},"image":{"@id":"https:\/\/verdadeon.com.br\/portal\/2021\/10\/27\/gestao-de-risco-no-campo-sicredi-registra-crescimento-de-31-nas-contratacoes-de-apolice-no-seguro-agricola-em-2021\/#primaryimage"},"thumbnailUrl":"https:\/\/i0.wp.com\/verdadeon.com.br\/portal\/wp-content\/uploads\/2021\/10\/Devanir-Brisola-Sicredi.jpg?fit=1000%2C670&ssl=1","datePublished":"2021-10-27T17:00:21+00:00","author":{"@id":"https:\/\/verdadeon.com.br\/portal\/#\/schema\/person\/8994718f49ee62ba5610471e29ca1f62"},"breadcrumb":{"@id":"https:\/\/verdadeon.com.br\/portal\/2021\/10\/27\/gestao-de-risco-no-campo-sicredi-registra-crescimento-de-31-nas-contratacoes-de-apolice-no-seguro-agricola-em-2021\/#breadcrumb"},"inLanguage":"pt-BR","potentialAction":[{"@type":"ReadAction","target":["https:\/\/verdadeon.com.br\/portal\/2021\/10\/27\/gestao-de-risco-no-campo-sicredi-registra-crescimento-de-31-nas-contratacoes-de-apolice-no-seguro-agricola-em-2021\/"]}]},{"@type":"ImageObject","inLanguage":"pt-BR","@id":"https:\/\/verdadeon.com.br\/portal\/2021\/10\/27\/gestao-de-risco-no-campo-sicredi-registra-crescimento-de-31-nas-contratacoes-de-apolice-no-seguro-agricola-em-2021\/#primaryimage","url":"https:\/\/i0.wp.com\/verdadeon.com.br\/portal\/wp-content\/uploads\/2021\/10\/Devanir-Brisola-Sicredi.jpg?fit=1000%2C670&ssl=1","contentUrl":"https:\/\/i0.wp.com\/verdadeon.com.br\/portal\/wp-content\/uploads\/2021\/10\/Devanir-Brisola-Sicredi.jpg?fit=1000%2C670&ssl=1","width":1000,"height":670,"caption":"O gerente de Desenvolvimento de Neg\u00f3cios da Central Sicredi PR\/SP\/RJ, Devanir Brisola, destaca que a alta reflete a preocupa\u00e7\u00e3o do produtor rural com o planejamento Cr\u00e9ditos: divulga\u00e7\u00e3o"},{"@type":"BreadcrumbList","@id":"https:\/\/verdadeon.com.br\/portal\/2021\/10\/27\/gestao-de-risco-no-campo-sicredi-registra-crescimento-de-31-nas-contratacoes-de-apolice-no-seguro-agricola-em-2021\/#breadcrumb","itemListElement":[{"@type":"ListItem","position":1,"name":"In\u00edcio","item":"https:\/\/verdadeon.com.br\/portal\/"},{"@type":"ListItem","position":2,"name":"Gest\u00e3o de risco no campo: Sicredi registra crescimento de 31% nas contrata\u00e7\u00f5es de ap\u00f3lice no seguro agr\u00edcola em 2021"}]},{"@type":"WebSite","@id":"https:\/\/verdadeon.com.br\/portal\/#website","url":"https:\/\/verdadeon.com.br\/portal\/","name":"VerdadeOn","description":"Not\u00edcias di\u00e1rias sobre Franca, Regi\u00e3o, Esporte, Cultura, Cotidiano, Colunas. Cobertura nos principais eventos da cidade \u00e9 aqui - Verdadeon Franca","potentialAction":[{"@type":"SearchAction","target":{"@type":"EntryPoint","urlTemplate":"https:\/\/verdadeon.com.br\/portal\/?s={search_term_string}"},"query-input":{"@type":"PropertyValueSpecification","valueRequired":true,"valueName":"search_term_string"}}],"inLanguage":"pt-BR"},{"@type":"Person","@id":"https:\/\/verdadeon.com.br\/portal\/#\/schema\/person\/8994718f49ee62ba5610471e29ca1f62","name":"Fernando Calixto","image":{"@type":"ImageObject","inLanguage":"pt-BR","@id":"https:\/\/verdadeon.com.br\/portal\/#\/schema\/person\/image\/","url":"https:\/\/secure.gravatar.com\/avatar\/7578910c24966c0316c340f9dbd601e93ee9f9212e1033968b367af9306bd9fb?s=96&d=mm&r=g","contentUrl":"https:\/\/secure.gravatar.com\/avatar\/7578910c24966c0316c340f9dbd601e93ee9f9212e1033968b367af9306bd9fb?s=96&d=mm&r=g","caption":"Fernando Calixto"},"url":"https:\/\/verdadeon.com.br\/portal\/author\/fernando-calixto\/"}]}},"jetpack_publicize_connections":[],"jetpack_featured_media_url":"https:\/\/i0.wp.com\/verdadeon.com.br\/portal\/wp-content\/uploads\/2021\/10\/Devanir-Brisola-Sicredi.jpg?fit=1000%2C670&ssl=1","jetpack_sharing_enabled":true,"_links":{"self":[{"href":"https:\/\/verdadeon.com.br\/portal\/wp-json\/wp\/v2\/posts\/20595","targetHints":{"allow":["GET"]}}],"collection":[{"href":"https:\/\/verdadeon.com.br\/portal\/wp-json\/wp\/v2\/posts"}],"about":[{"href":"https:\/\/verdadeon.com.br\/portal\/wp-json\/wp\/v2\/types\/post"}],"author":[{"embeddable":true,"href":"https:\/\/verdadeon.com.br\/portal\/wp-json\/wp\/v2\/users\/4"}],"replies":[{"embeddable":true,"href":"https:\/\/verdadeon.com.br\/portal\/wp-json\/wp\/v2\/comments?post=20595"}],"version-history":[{"count":0,"href":"https:\/\/verdadeon.com.br\/portal\/wp-json\/wp\/v2\/posts\/20595\/revisions"}],"wp:featuredmedia":[{"embeddable":true,"href":"https:\/\/verdadeon.com.br\/portal\/wp-json\/wp\/v2\/media\/20596"}],"wp:attachment":[{"href":"https:\/\/verdadeon.com.br\/portal\/wp-json\/wp\/v2\/media?parent=20595"}],"wp:term":[{"taxonomy":"category","embeddable":true,"href":"https:\/\/verdadeon.com.br\/portal\/wp-json\/wp\/v2\/categories?post=20595"},{"taxonomy":"post_tag","embeddable":true,"href":"https:\/\/verdadeon.com.br\/portal\/wp-json\/wp\/v2\/tags?post=20595"}],"curies":[{"name":"wp","href":"https:\/\/api.w.org\/{rel}","templated":true}]}}