{"id":20586,"date":"2021-10-26T18:07:55","date_gmt":"2021-10-26T21:07:55","guid":{"rendered":"https:\/\/verdadeon.com.br\/portal\/?p=20586"},"modified":"2021-10-26T18:06:14","modified_gmt":"2021-10-26T21:06:14","slug":"9o-passeio-ciclistico-noturno-tera-percurso-de-66-km-nesta-quarta-feira","status":"publish","type":"post","link":"https:\/\/verdadeon.com.br\/portal\/2021\/10\/26\/9o-passeio-ciclistico-noturno-tera-percurso-de-66-km-nesta-quarta-feira\/","title":{"rendered":"9\u00ba Passeio Cicl\u00edstico Noturno ter\u00e1 percurso de 6,6 km nesta quarta-feira"},"content":{"rendered":"<h2><span style=\"font-weight: 400;\">Tour com as bikes pelas principais avenidas de Franca come\u00e7a 19h, com sa\u00edda do Poliesportivo<\/span><\/h2>\n<p><span style=\"font-weight: 400;\">Acontece nesta quarta-feira, 27, a 9\u00aa edi\u00e7\u00e3o do Passeio Cicl\u00edstico Noturno, com concentra\u00e7\u00e3o \u00e0s 19h, no Poliesportivo. Os participantes devem se apresentar no local com m\u00e1scara, bikes e equipamentos de prote\u00e7\u00e3o individual, al\u00e9m de observar as normas de seguran\u00e7a, as \u00e1reas delimitadas pelos organizadores e sempre trafegar pelo lado direito das vias p\u00fablicas.<\/span><\/p>\n<p><span style=\"font-weight: 400;\">Com um percurso menor, de 6,6 quil\u00f4metros, a Feac (Funda\u00e7\u00e3o do Esporte, Arte e Cultura) organiza o trajeto com sa\u00edda da rua dos Pracinhas at\u00e9 a Avenida Paulo VI, Ismael Alonso y Alonso, onde os participantes far\u00e3o o contorno na rotat\u00f3ria da Avenida. Ant\u00f4nio Barbosa Filho e, na al\u00e7a de acesso a rodovia Portinari, subir\u00e3o at\u00e9 a Avenida da Seringueiras, depois Paschoal Pulicano (ao lado do Ceagesp), Avenida Integra\u00e7\u00e3o e seguir\u00e3o at\u00e9 a Avenida Orlando Dompieri, na Vila Imperador.<\/span><\/p>\n<p><span style=\"font-weight: 400;\">Sempre com o apoio da Guarda Civil Municipal e da Pol\u00edcia Militar, auxiliando na orienta\u00e7\u00e3o do tr\u00e2nsito, os participantes descer\u00e3o pela Orlando Dompieri at\u00e9 a Avenida H\u00e9lio Palermo e far\u00e3o o trajeto de retorno, at\u00e9 a Avenida Ant\u00f4nio Barbosa Filho, onde contornar\u00e3o em seu final\u00a0 (altura da Avenida do Shopping) e, atrav\u00e9s da al\u00e7a do lado direito, ganhar\u00e3o a Avenida Francisco de Paula Quintanilha Ribeiro, chegando novamente na rua dos Pracinhas e no Poliesportivo.<\/span><\/p>\n<p>&nbsp;<\/p>\n","protected":false},"excerpt":{"rendered":"<p>Tour com as bikes pelas principais avenidas de Franca come\u00e7a 19h, com sa\u00edda do Poliesportivo Acontece nesta quarta-feira, 27, a 9\u00aa edi\u00e7\u00e3o do Passeio Cicl\u00edstico Noturno,<span class=\"excerpt-hellip\"> [\u2026]<\/span><\/p>\n","protected":false},"author":10,"featured_media":19967,"comment_status":"open","ping_status":"open","sticky":false,"template":"","format":"standard","meta":{"_jetpack_memberships_contains_paid_content":false,"footnotes":"","jetpack_publicize_message":"","jetpack_publicize_feature_enabled":true,"jetpack_social_post_already_shared":false,"jetpack_social_options":{"image_generator_settings":{"template":"highway","default_image_id":0,"enabled":false},"version":2}},"categories":[28,44],"tags":[],"class_list":["post-20586","post","type-post","status-publish","format-standard","has-post-thumbnail","hentry","category-cotidiano","category-noticias"],"yoast_head":"<!-- This site is optimized with the Yoast SEO plugin v25.6 - https:\/\/yoast.com\/wordpress\/plugins\/seo\/ -->\n<title>9\u00ba Passeio Cicl\u00edstico Noturno ter\u00e1 percurso de 6,6 km nesta quarta-feira - VerdadeOn<\/title>\n<meta name=\"robots\" content=\"index, follow, max-snippet:-1, max-image-preview:large, max-video-preview:-1\" \/>\n<link rel=\"canonical\" href=\"https:\/\/verdadeon.com.br\/portal\/2021\/10\/26\/9o-passeio-ciclistico-noturno-tera-percurso-de-66-km-nesta-quarta-feira\/\" \/>\n<meta property=\"og:locale\" content=\"pt_BR\" \/>\n<meta property=\"og:type\" content=\"article\" \/>\n<meta property=\"og:title\" content=\"9\u00ba Passeio Cicl\u00edstico Noturno ter\u00e1 percurso de 6,6 km nesta quarta-feira - VerdadeOn\" \/>\n<meta property=\"og:description\" content=\"Tour com as bikes pelas principais avenidas de Franca come\u00e7a 19h, com sa\u00edda do Poliesportivo Acontece nesta quarta-feira, 27, a 9\u00aa edi\u00e7\u00e3o do Passeio Cicl\u00edstico Noturno, [\u2026]\" \/>\n<meta property=\"og:url\" content=\"https:\/\/verdadeon.com.br\/portal\/2021\/10\/26\/9o-passeio-ciclistico-noturno-tera-percurso-de-66-km-nesta-quarta-feira\/\" \/>\n<meta property=\"og:site_name\" content=\"VerdadeOn\" \/>\n<meta property=\"article:published_time\" content=\"2021-10-26T21:07:55+00:00\" \/>\n<meta property=\"og:image\" content=\"https:\/\/verdadeon.com.br\/portal\/wp-content\/uploads\/2021\/09\/PASSEIO-CICLISTICO-REALIZADO-PELA-PREFEITURA-E-FEAC-FOTO-DIVULGACAO-e1632860099752.jpeg\" \/>\n\t<meta property=\"og:image:width\" content=\"999\" \/>\n\t<meta property=\"og:image:height\" content=\"669\" \/>\n\t<meta property=\"og:image:type\" content=\"image\/jpeg\" \/>\n<meta name=\"author\" content=\"Redacao VerdadeOn\" \/>\n<meta name=\"twitter:card\" content=\"summary_large_image\" \/>\n<meta name=\"twitter:label1\" content=\"Escrito por\" \/>\n\t<meta name=\"twitter:data1\" content=\"Redacao VerdadeOn\" \/>\n\t<meta name=\"twitter:label2\" content=\"Est. tempo de leitura\" \/>\n\t<meta name=\"twitter:data2\" content=\"1 minuto\" \/>\n<script type=\"application\/ld+json\" class=\"yoast-schema-graph\">{\"@context\":\"https:\/\/schema.org\",\"@graph\":[{\"@type\":\"WebPage\",\"@id\":\"https:\/\/verdadeon.com.br\/portal\/2021\/10\/26\/9o-passeio-ciclistico-noturno-tera-percurso-de-66-km-nesta-quarta-feira\/\",\"url\":\"https:\/\/verdadeon.com.br\/portal\/2021\/10\/26\/9o-passeio-ciclistico-noturno-tera-percurso-de-66-km-nesta-quarta-feira\/\",\"name\":\"9\u00ba Passeio Cicl\u00edstico Noturno ter\u00e1 percurso de 6,6 km nesta quarta-feira - VerdadeOn\",\"isPartOf\":{\"@id\":\"https:\/\/verdadeon.com.br\/portal\/#website\"},\"primaryImageOfPage\":{\"@id\":\"https:\/\/verdadeon.com.br\/portal\/2021\/10\/26\/9o-passeio-ciclistico-noturno-tera-percurso-de-66-km-nesta-quarta-feira\/#primaryimage\"},\"image\":{\"@id\":\"https:\/\/verdadeon.com.br\/portal\/2021\/10\/26\/9o-passeio-ciclistico-noturno-tera-percurso-de-66-km-nesta-quarta-feira\/#primaryimage\"},\"thumbnailUrl\":\"https:\/\/i0.wp.com\/verdadeon.com.br\/portal\/wp-content\/uploads\/2021\/09\/PASSEIO-CICLISTICO-REALIZADO-PELA-PREFEITURA-E-FEAC-FOTO-DIVULGACAO-e1632860099752.jpeg?fit=999%2C669&ssl=1\",\"datePublished\":\"2021-10-26T21:07:55+00:00\",\"author\":{\"@id\":\"https:\/\/verdadeon.com.br\/portal\/#\/schema\/person\/a5060ad1e9ea3df545188fc93ce43d2f\"},\"breadcrumb\":{\"@id\":\"https:\/\/verdadeon.com.br\/portal\/2021\/10\/26\/9o-passeio-ciclistico-noturno-tera-percurso-de-66-km-nesta-quarta-feira\/#breadcrumb\"},\"inLanguage\":\"pt-BR\",\"potentialAction\":[{\"@type\":\"ReadAction\",\"target\":[\"https:\/\/verdadeon.com.br\/portal\/2021\/10\/26\/9o-passeio-ciclistico-noturno-tera-percurso-de-66-km-nesta-quarta-feira\/\"]}]},{\"@type\":\"ImageObject\",\"inLanguage\":\"pt-BR\",\"@id\":\"https:\/\/verdadeon.com.br\/portal\/2021\/10\/26\/9o-passeio-ciclistico-noturno-tera-percurso-de-66-km-nesta-quarta-feira\/#primaryimage\",\"url\":\"https:\/\/i0.wp.com\/verdadeon.com.br\/portal\/wp-content\/uploads\/2021\/09\/PASSEIO-CICLISTICO-REALIZADO-PELA-PREFEITURA-E-FEAC-FOTO-DIVULGACAO-e1632860099752.jpeg?fit=999%2C669&ssl=1\",\"contentUrl\":\"https:\/\/i0.wp.com\/verdadeon.com.br\/portal\/wp-content\/uploads\/2021\/09\/PASSEIO-CICLISTICO-REALIZADO-PELA-PREFEITURA-E-FEAC-FOTO-DIVULGACAO-e1632860099752.jpeg?fit=999%2C669&ssl=1\",\"width\":999,\"height\":669,\"caption\":\"Passeio Cicl\u00edstico Noturno volta \u00e0s ruas de Franca nesta quarta-feira, com participa\u00e7\u00e3o livre, inclusive para crian\u00e7as | Foto: Divulga\u00e7\u00e3o\"},{\"@type\":\"BreadcrumbList\",\"@id\":\"https:\/\/verdadeon.com.br\/portal\/2021\/10\/26\/9o-passeio-ciclistico-noturno-tera-percurso-de-66-km-nesta-quarta-feira\/#breadcrumb\",\"itemListElement\":[{\"@type\":\"ListItem\",\"position\":1,\"name\":\"In\u00edcio\",\"item\":\"https:\/\/verdadeon.com.br\/portal\/\"},{\"@type\":\"ListItem\",\"position\":2,\"name\":\"9\u00ba Passeio Cicl\u00edstico Noturno ter\u00e1 percurso de 6,6 km nesta quarta-feira\"}]},{\"@type\":\"WebSite\",\"@id\":\"https:\/\/verdadeon.com.br\/portal\/#website\",\"url\":\"https:\/\/verdadeon.com.br\/portal\/\",\"name\":\"VerdadeOn\",\"description\":\"Not\u00edcias di\u00e1rias sobre Franca, Regi\u00e3o, Esporte, Cultura, Cotidiano, Colunas. Cobertura nos principais eventos da cidade \u00e9 aqui - Verdadeon Franca\",\"potentialAction\":[{\"@type\":\"SearchAction\",\"target\":{\"@type\":\"EntryPoint\",\"urlTemplate\":\"https:\/\/verdadeon.com.br\/portal\/?s={search_term_string}\"},\"query-input\":{\"@type\":\"PropertyValueSpecification\",\"valueRequired\":true,\"valueName\":\"search_term_string\"}}],\"inLanguage\":\"pt-BR\"},{\"@type\":\"Person\",\"@id\":\"https:\/\/verdadeon.com.br\/portal\/#\/schema\/person\/a5060ad1e9ea3df545188fc93ce43d2f\",\"name\":\"Redacao VerdadeOn\",\"image\":{\"@type\":\"ImageObject\",\"inLanguage\":\"pt-BR\",\"@id\":\"https:\/\/verdadeon.com.br\/portal\/#\/schema\/person\/image\/\",\"url\":\"https:\/\/secure.gravatar.com\/avatar\/459a9613caaaf07f582c3d0841eea68bdd66f533e465e6ba8b9cb45619572cf4?s=96&d=mm&r=g\",\"contentUrl\":\"https:\/\/secure.gravatar.com\/avatar\/459a9613caaaf07f582c3d0841eea68bdd66f533e465e6ba8b9cb45619572cf4?s=96&d=mm&r=g\",\"caption\":\"Redacao VerdadeOn\"},\"url\":\"https:\/\/verdadeon.com.br\/portal\/author\/redacao\/\"}]}<\/script>\n<!-- \/ Yoast SEO plugin. -->","yoast_head_json":{"title":"9\u00ba Passeio Cicl\u00edstico Noturno ter\u00e1 percurso de 6,6 km nesta quarta-feira - VerdadeOn","robots":{"index":"index","follow":"follow","max-snippet":"max-snippet:-1","max-image-preview":"max-image-preview:large","max-video-preview":"max-video-preview:-1"},"canonical":"https:\/\/verdadeon.com.br\/portal\/2021\/10\/26\/9o-passeio-ciclistico-noturno-tera-percurso-de-66-km-nesta-quarta-feira\/","og_locale":"pt_BR","og_type":"article","og_title":"9\u00ba Passeio Cicl\u00edstico Noturno ter\u00e1 percurso de 6,6 km nesta quarta-feira - VerdadeOn","og_description":"Tour com as bikes pelas principais avenidas de Franca come\u00e7a 19h, com sa\u00edda do Poliesportivo Acontece nesta quarta-feira, 27, a 9\u00aa edi\u00e7\u00e3o do Passeio Cicl\u00edstico Noturno, [\u2026]","og_url":"https:\/\/verdadeon.com.br\/portal\/2021\/10\/26\/9o-passeio-ciclistico-noturno-tera-percurso-de-66-km-nesta-quarta-feira\/","og_site_name":"VerdadeOn","article_published_time":"2021-10-26T21:07:55+00:00","og_image":[{"width":999,"height":669,"url":"https:\/\/verdadeon.com.br\/portal\/wp-content\/uploads\/2021\/09\/PASSEIO-CICLISTICO-REALIZADO-PELA-PREFEITURA-E-FEAC-FOTO-DIVULGACAO-e1632860099752.jpeg","type":"image\/jpeg"}],"author":"Redacao VerdadeOn","twitter_card":"summary_large_image","twitter_misc":{"Escrito por":"Redacao VerdadeOn","Est. tempo de leitura":"1 minuto"},"schema":{"@context":"https:\/\/schema.org","@graph":[{"@type":"WebPage","@id":"https:\/\/verdadeon.com.br\/portal\/2021\/10\/26\/9o-passeio-ciclistico-noturno-tera-percurso-de-66-km-nesta-quarta-feira\/","url":"https:\/\/verdadeon.com.br\/portal\/2021\/10\/26\/9o-passeio-ciclistico-noturno-tera-percurso-de-66-km-nesta-quarta-feira\/","name":"9\u00ba Passeio Cicl\u00edstico Noturno ter\u00e1 percurso de 6,6 km nesta quarta-feira - VerdadeOn","isPartOf":{"@id":"https:\/\/verdadeon.com.br\/portal\/#website"},"primaryImageOfPage":{"@id":"https:\/\/verdadeon.com.br\/portal\/2021\/10\/26\/9o-passeio-ciclistico-noturno-tera-percurso-de-66-km-nesta-quarta-feira\/#primaryimage"},"image":{"@id":"https:\/\/verdadeon.com.br\/portal\/2021\/10\/26\/9o-passeio-ciclistico-noturno-tera-percurso-de-66-km-nesta-quarta-feira\/#primaryimage"},"thumbnailUrl":"https:\/\/i0.wp.com\/verdadeon.com.br\/portal\/wp-content\/uploads\/2021\/09\/PASSEIO-CICLISTICO-REALIZADO-PELA-PREFEITURA-E-FEAC-FOTO-DIVULGACAO-e1632860099752.jpeg?fit=999%2C669&ssl=1","datePublished":"2021-10-26T21:07:55+00:00","author":{"@id":"https:\/\/verdadeon.com.br\/portal\/#\/schema\/person\/a5060ad1e9ea3df545188fc93ce43d2f"},"breadcrumb":{"@id":"https:\/\/verdadeon.com.br\/portal\/2021\/10\/26\/9o-passeio-ciclistico-noturno-tera-percurso-de-66-km-nesta-quarta-feira\/#breadcrumb"},"inLanguage":"pt-BR","potentialAction":[{"@type":"ReadAction","target":["https:\/\/verdadeon.com.br\/portal\/2021\/10\/26\/9o-passeio-ciclistico-noturno-tera-percurso-de-66-km-nesta-quarta-feira\/"]}]},{"@type":"ImageObject","inLanguage":"pt-BR","@id":"https:\/\/verdadeon.com.br\/portal\/2021\/10\/26\/9o-passeio-ciclistico-noturno-tera-percurso-de-66-km-nesta-quarta-feira\/#primaryimage","url":"https:\/\/i0.wp.com\/verdadeon.com.br\/portal\/wp-content\/uploads\/2021\/09\/PASSEIO-CICLISTICO-REALIZADO-PELA-PREFEITURA-E-FEAC-FOTO-DIVULGACAO-e1632860099752.jpeg?fit=999%2C669&ssl=1","contentUrl":"https:\/\/i0.wp.com\/verdadeon.com.br\/portal\/wp-content\/uploads\/2021\/09\/PASSEIO-CICLISTICO-REALIZADO-PELA-PREFEITURA-E-FEAC-FOTO-DIVULGACAO-e1632860099752.jpeg?fit=999%2C669&ssl=1","width":999,"height":669,"caption":"Passeio Cicl\u00edstico Noturno volta \u00e0s ruas de Franca nesta quarta-feira, com participa\u00e7\u00e3o livre, inclusive para crian\u00e7as | Foto: Divulga\u00e7\u00e3o"},{"@type":"BreadcrumbList","@id":"https:\/\/verdadeon.com.br\/portal\/2021\/10\/26\/9o-passeio-ciclistico-noturno-tera-percurso-de-66-km-nesta-quarta-feira\/#breadcrumb","itemListElement":[{"@type":"ListItem","position":1,"name":"In\u00edcio","item":"https:\/\/verdadeon.com.br\/portal\/"},{"@type":"ListItem","position":2,"name":"9\u00ba Passeio Cicl\u00edstico Noturno ter\u00e1 percurso de 6,6 km nesta quarta-feira"}]},{"@type":"WebSite","@id":"https:\/\/verdadeon.com.br\/portal\/#website","url":"https:\/\/verdadeon.com.br\/portal\/","name":"VerdadeOn","description":"Not\u00edcias di\u00e1rias sobre Franca, Regi\u00e3o, Esporte, Cultura, Cotidiano, Colunas. Cobertura nos principais eventos da cidade \u00e9 aqui - Verdadeon Franca","potentialAction":[{"@type":"SearchAction","target":{"@type":"EntryPoint","urlTemplate":"https:\/\/verdadeon.com.br\/portal\/?s={search_term_string}"},"query-input":{"@type":"PropertyValueSpecification","valueRequired":true,"valueName":"search_term_string"}}],"inLanguage":"pt-BR"},{"@type":"Person","@id":"https:\/\/verdadeon.com.br\/portal\/#\/schema\/person\/a5060ad1e9ea3df545188fc93ce43d2f","name":"Redacao VerdadeOn","image":{"@type":"ImageObject","inLanguage":"pt-BR","@id":"https:\/\/verdadeon.com.br\/portal\/#\/schema\/person\/image\/","url":"https:\/\/secure.gravatar.com\/avatar\/459a9613caaaf07f582c3d0841eea68bdd66f533e465e6ba8b9cb45619572cf4?s=96&d=mm&r=g","contentUrl":"https:\/\/secure.gravatar.com\/avatar\/459a9613caaaf07f582c3d0841eea68bdd66f533e465e6ba8b9cb45619572cf4?s=96&d=mm&r=g","caption":"Redacao VerdadeOn"},"url":"https:\/\/verdadeon.com.br\/portal\/author\/redacao\/"}]}},"jetpack_publicize_connections":[],"jetpack_featured_media_url":"https:\/\/i0.wp.com\/verdadeon.com.br\/portal\/wp-content\/uploads\/2021\/09\/PASSEIO-CICLISTICO-REALIZADO-PELA-PREFEITURA-E-FEAC-FOTO-DIVULGACAO-e1632860099752.jpeg?fit=999%2C669&ssl=1","jetpack_sharing_enabled":true,"_links":{"self":[{"href":"https:\/\/verdadeon.com.br\/portal\/wp-json\/wp\/v2\/posts\/20586","targetHints":{"allow":["GET"]}}],"collection":[{"href":"https:\/\/verdadeon.com.br\/portal\/wp-json\/wp\/v2\/posts"}],"about":[{"href":"https:\/\/verdadeon.com.br\/portal\/wp-json\/wp\/v2\/types\/post"}],"author":[{"embeddable":true,"href":"https:\/\/verdadeon.com.br\/portal\/wp-json\/wp\/v2\/users\/10"}],"replies":[{"embeddable":true,"href":"https:\/\/verdadeon.com.br\/portal\/wp-json\/wp\/v2\/comments?post=20586"}],"version-history":[{"count":0,"href":"https:\/\/verdadeon.com.br\/portal\/wp-json\/wp\/v2\/posts\/20586\/revisions"}],"wp:featuredmedia":[{"embeddable":true,"href":"https:\/\/verdadeon.com.br\/portal\/wp-json\/wp\/v2\/media\/19967"}],"wp:attachment":[{"href":"https:\/\/verdadeon.com.br\/portal\/wp-json\/wp\/v2\/media?parent=20586"}],"wp:term":[{"taxonomy":"category","embeddable":true,"href":"https:\/\/verdadeon.com.br\/portal\/wp-json\/wp\/v2\/categories?post=20586"},{"taxonomy":"post_tag","embeddable":true,"href":"https:\/\/verdadeon.com.br\/portal\/wp-json\/wp\/v2\/tags?post=20586"}],"curies":[{"name":"wp","href":"https:\/\/api.w.org\/{rel}","templated":true}]}}